{"id":75498,"date":"2022-07-25T20:03:07","date_gmt":"2022-07-25T20:03:07","guid":{"rendered":"http:\/\/www.noticiasradioreflejos.com.ar\/2021\/?p=75498"},"modified":"2022-07-25T20:03:07","modified_gmt":"2022-07-25T20:03:07","slug":"aniversario-de-villa-ventana-conseguimos-maquinaria-nueva-seguimos-asistiendo-a-las-instituciones-ahora-vamos-a-dar-respuesta-al-reclamo-constante","status":"publish","type":"post","link":"https:\/\/www.noticiasradioreflejos.com.ar\/2021\/aniversario-de-villa-ventana-conseguimos-maquinaria-nueva-seguimos-asistiendo-a-las-instituciones-ahora-vamos-a-dar-respuesta-al-reclamo-constante\/","title":{"rendered":"Aniversario de Villa Ventana: \u201cConseguimos maquinaria nueva, seguimos asistiendo a las instituciones, ahora vamos a dar respuesta al reclamo constante\u201d"},"content":{"rendered":"<p>La delegada <strong>Florencia Testa<\/strong> resalt\u00f3 la grata vuelta de las acciones caracter\u00edsticas para esta fecha del a\u00f1o. Adem\u00e1s, destac\u00f3 la labor que hacen diariamente los empleados municipales: \u201cgracias a ellos la Villa est\u00e1 como est\u00e1\u201d.<!--more--><\/p>\n<p><a href=\"http:\/\/www.noticiasradioreflejos.com.ar\/2021\/villa-ventana-en-el-analisis-veo-muchas-cosas-positivas-se-ha-avanzado-con-muchos-frentes-a-la-vez\/florencia-testa\/\" rel=\"attachment wp-att-52022\"><img loading=\"lazy\" decoding=\"async\" class=\"aligncenter  wp-image-52022\" src=\"http:\/\/www.noticiasradioreflejos.com.ar\/2021\/wp-content\/uploads\/2021\/02\/Florencia-Testa.jpg\" alt=\"\" width=\"633\" height=\"307\" srcset=\"https:\/\/www.noticiasradioreflejos.com.ar\/2021\/wp-content\/uploads\/2021\/02\/Florencia-Testa.jpg 1280w, https:\/\/www.noticiasradioreflejos.com.ar\/2021\/wp-content\/uploads\/2021\/02\/Florencia-Testa-300x146.jpg 300w, https:\/\/www.noticiasradioreflejos.com.ar\/2021\/wp-content\/uploads\/2021\/02\/Florencia-Testa-1024x497.jpg 1024w, https:\/\/www.noticiasradioreflejos.com.ar\/2021\/wp-content\/uploads\/2021\/02\/Florencia-Testa-768x373.jpg 768w, https:\/\/www.noticiasradioreflejos.com.ar\/2021\/wp-content\/uploads\/2021\/02\/Florencia-Testa-750x364.jpg 750w, https:\/\/www.noticiasradioreflejos.com.ar\/2021\/wp-content\/uploads\/2021\/02\/Florencia-Testa-1140x553.jpg 1140w\" sizes=\"auto, (max-width: 633px) 100vw, 633px\" \/><\/a><\/p>\n<p>Ni el fr\u00edo ni el cielo amenazante pudieron contra el esp\u00edritu y las ganas de celebrar un nuevo aniversario en Villa Ventana. Hermanados en la plaza Salerno, funcionarios y vecinos se hicieron presentes para conmemorar el 75\u00b0 de la perla de la comarca.<\/p>\n<p>Al respecto su delegada, Florencia Testa, cont\u00f3 con orgullo que \u201crecuperamos la tradici\u00f3n de compartir un chocolate el d\u00eda del aniversario. Lo hicimos en plaza Salerno. Estuvimos expectantes de que el clima nos deje, y al final lo pudimos hacer\u201d.<\/p>\n<p>Sobre sus funciones, resumi\u00f3 que \u201cllevo un a\u00f1o y medio\u201d en el cargo, comenzando \u201cen febrero del a\u00f1o pasado\u201d.<\/p>\n<p>Trazando un paralelismo, la licenciada en Ciencias Sociales reconoci\u00f3 que \u201cfue un aniversario totalmente distinto al del a\u00f1o pasado, que est\u00e1bamos todav\u00eda con protocolos de pandemia, con distanciamiento. Este a\u00f1o fue volver a compartir. El a\u00f1o pasado hab\u00eda solo un representante de cada instituci\u00f3n. Estoy contenta de lo que se vivi\u00f3\u201d.<\/p>\n<p>En otro pasaje de la charla, y yendo a su n\u00facleo de contenci\u00f3n, Florencia admiti\u00f3 que \u201cmi pap\u00e1 es mi concejero, mi apoyo, y tengo la seguridad de que si necesito orientaci\u00f3n \u00e9l est\u00e1. Le toc\u00f3 estar al frente de la localidad mucho tiempo. Una persona s\u00faper involucrada. Y si bien tuvo su tiempo fuera del aparato estatal, siempre estuvo involucrado. Tengo esa ventaja de tenerlo en casa\u201d.<\/p>\n<p>De igual forma subray\u00f3: \u201cme saco el sombrero con todos mis compa\u00f1eros del gabinete, con los distintos sectores y secretar\u00edas, que siempre est\u00e1n al pedido, al llamado. Reconozco que soy intensa, pero se ha formado un grupo humano que nos permite interactuar en conjunto y darnos una mano cada vez que est\u00e9 a nuestro alcance\u201d.<\/p>\n<p>Sobre el trato cotidiano con las otras localidades de la regi\u00f3n, Testa confirm\u00f3 que \u201chemos logrado compartir m\u00e1quinas e incluso cosas m\u00e1s simb\u00f3licas, como el apoyo humano. Esto de sentirse acompa\u00f1ado no es una frase. Pasa. Y muchas veces acciones que funcionan en una localidad, se comparte y se pone en pr\u00e1ctica en otra\u201d.<\/p>\n<p>Por \u00faltimo, y sobre las acciones m\u00e1s rutilantes en su gesti\u00f3n, admiti\u00f3 que \u201crearmamos el parque automotor de Villa Ventana. Estaba dejado de lado. Conseguimos maquinaria nueva, seguimos asistiendo a las instituciones, ahora vamos a dar respuesta al reclamo constante y fundamentado de juegos para la plaza de Villa Ventana\u201d.<\/p>\n<p>Y antes de despedirse recalc\u00f3 una vez m\u00e1s el valor agregado que le dan a su tarea los empleados municipales. \u201cSon la estructura fundamental de la delegaci\u00f3n. Son mis manos, mis brazos, mis o\u00eddos\u2026 llevan adelante todas las acciones y gracias a ellos la Villa est\u00e1 como est\u00e1\u201d finaliz\u00f3.<\/p>\n<p>&nbsp;<\/p>\n<p>&nbsp;<\/p>\n<p><iframe loading=\"lazy\" src=\"https:\/\/w.soundcloud.com\/player\/?url=https%3A\/\/api.soundcloud.com\/tracks\/1311438676&amp;color=%23ff5500&amp;auto_play=false&amp;hide_related=false&amp;show_comments=true&amp;show_user=true&amp;show_reposts=false&amp;show_teaser=true\" width=\"100%\" height=\"166\" frameborder=\"no\" scrolling=\"no\"><\/iframe><\/p>\n<div style=\"font-size: 10px; color: #cccccc; line-break: anywhere; word-break: normal; overflow: hidden; white-space: nowrap; text-overflow: ellipsis; font-family: Interstate,Lucida Grande,Lucida Sans Unicode,Lucida Sans,Garuda,Verdana,Tahoma,sans-serif; font-weight: 100;\"><a style=\"color: #cccccc; text-decoration: none;\" title=\"fmreflejos 103.7\" href=\"https:\/\/soundcloud.com\/fmreflejos-103-7\" target=\"_blank\" rel=\"noopener\">fmreflejos 103.7<\/a> \u00b7 <a style=\"color: #cccccc; text-decoration: none;\" title=\"Florencia Testa\" href=\"https:\/\/soundcloud.com\/fmreflejos-103-7\/florencia-testa\" target=\"_blank\" rel=\"noopener\">Florencia Testa<\/a><\/div>\n","protected":false},"excerpt":{"rendered":"<p>La delegada Florencia Testa resalt\u00f3 la grata vuelta de las acciones caracter\u00edsticas para esta fecha del a\u00f1o. Adem\u00e1s, destac\u00f3 la labor que hacen diariamente los empleados municipales: \u201cgracias a ellos la Villa est\u00e1 como est\u00e1\u201d.<\/p>\n","protected":false},"author":3,"featured_media":75502,"comment_status":"closed","ping_status":"closed","sticky":false,"template":"","format":"standard","meta":{"footnotes":""},"categories":[28,24],"tags":[48],"class_list":["post-75498","post","type-post","status-publish","format-standard","has-post-thumbnail","hentry","category-municipales","category-politica","tag-destacada"],"yoast_head":"<!-- This site is optimized with the Yoast SEO plugin v25.9 - https:\/\/yoast.com\/wordpress\/plugins\/seo\/ -->\n<title>Aniversario de Villa Ventana: \u201cConseguimos maquinaria nueva, seguimos asistiendo a las instituciones, ahora vamos a dar respuesta al reclamo constante\u201d - Noticias Radio Reflejos<\/title>\n<meta name=\"robots\" content=\"index, follow, max-snippet:-1, max-image-preview:large, max-video-preview:-1\" \/>\n<link rel=\"canonical\" href=\"https:\/\/www.noticiasradioreflejos.com.ar\/2021\/aniversario-de-villa-ventana-conseguimos-maquinaria-nueva-seguimos-asistiendo-a-las-instituciones-ahora-vamos-a-dar-respuesta-al-reclamo-constante\/\" \/>\n<meta property=\"og:locale\" content=\"es_ES\" \/>\n<meta property=\"og:type\" content=\"article\" \/>\n<meta property=\"og:title\" content=\"Aniversario de Villa Ventana: \u201cConseguimos maquinaria nueva, seguimos asistiendo a las instituciones, ahora vamos a dar respuesta al reclamo constante\u201d - Noticias Radio Reflejos\" \/>\n<meta property=\"og:description\" content=\"La delegada Florencia Testa resalt\u00f3 la grata vuelta de las acciones caracter\u00edsticas para esta fecha del a\u00f1o. Adem\u00e1s, destac\u00f3 la labor que hacen diariamente los empleados municipales: \u201cgracias a ellos la Villa est\u00e1 como est\u00e1\u201d.\" \/>\n<meta property=\"og:url\" content=\"https:\/\/www.noticiasradioreflejos.com.ar\/2021\/aniversario-de-villa-ventana-conseguimos-maquinaria-nueva-seguimos-asistiendo-a-las-instituciones-ahora-vamos-a-dar-respuesta-al-reclamo-constante\/\" \/>\n<meta property=\"og:site_name\" content=\"Noticias Radio Reflejos\" \/>\n<meta property=\"article:published_time\" content=\"2022-07-25T20:03:07+00:00\" \/>\n<meta property=\"og:image\" content=\"https:\/\/www.noticiasradioreflejos.com.ar\/2021\/wp-content\/uploads\/2022\/07\/villa-Ventana.jpg\" \/>\n\t<meta property=\"og:image:width\" content=\"626\" \/>\n\t<meta property=\"og:image:height\" content=\"536\" \/>\n\t<meta property=\"og:image:type\" content=\"image\/jpeg\" \/>\n<meta name=\"author\" content=\"Arnaldo Botto\" \/>\n<meta name=\"twitter:card\" content=\"summary_large_image\" \/>\n<script type=\"application\/ld+json\" class=\"yoast-schema-graph\">{\"@context\":\"https:\/\/schema.org\",\"@graph\":[{\"@type\":\"WebPage\",\"@id\":\"https:\/\/www.noticiasradioreflejos.com.ar\/2021\/aniversario-de-villa-ventana-conseguimos-maquinaria-nueva-seguimos-asistiendo-a-las-instituciones-ahora-vamos-a-dar-respuesta-al-reclamo-constante\/\",\"url\":\"https:\/\/www.noticiasradioreflejos.com.ar\/2021\/aniversario-de-villa-ventana-conseguimos-maquinaria-nueva-seguimos-asistiendo-a-las-instituciones-ahora-vamos-a-dar-respuesta-al-reclamo-constante\/\",\"name\":\"Aniversario de Villa Ventana: \u201cConseguimos maquinaria nueva, seguimos asistiendo a las instituciones, ahora vamos a dar respuesta al reclamo constante\u201d - Noticias Radio Reflejos\",\"isPartOf\":{\"@id\":\"https:\/\/www.noticiasradioreflejos.com.ar\/2021\/#website\"},\"primaryImageOfPage\":{\"@id\":\"https:\/\/www.noticiasradioreflejos.com.ar\/2021\/aniversario-de-villa-ventana-conseguimos-maquinaria-nueva-seguimos-asistiendo-a-las-instituciones-ahora-vamos-a-dar-respuesta-al-reclamo-constante\/#primaryimage\"},\"image\":{\"@id\":\"https:\/\/www.noticiasradioreflejos.com.ar\/2021\/aniversario-de-villa-ventana-conseguimos-maquinaria-nueva-seguimos-asistiendo-a-las-instituciones-ahora-vamos-a-dar-respuesta-al-reclamo-constante\/#primaryimage\"},\"thumbnailUrl\":\"https:\/\/www.noticiasradioreflejos.com.ar\/2021\/wp-content\/uploads\/2022\/07\/villa-Ventana.jpg\",\"datePublished\":\"2022-07-25T20:03:07+00:00\",\"author\":{\"@id\":\"https:\/\/www.noticiasradioreflejos.com.ar\/2021\/#\/schema\/person\/ad82545263dcc5ec0996818884fd5fb1\"},\"breadcrumb\":{\"@id\":\"https:\/\/www.noticiasradioreflejos.com.ar\/2021\/aniversario-de-villa-ventana-conseguimos-maquinaria-nueva-seguimos-asistiendo-a-las-instituciones-ahora-vamos-a-dar-respuesta-al-reclamo-constante\/#breadcrumb\"},\"inLanguage\":\"es\",\"potentialAction\":[{\"@type\":\"ReadAction\",\"target\":[\"https:\/\/www.noticiasradioreflejos.com.ar\/2021\/aniversario-de-villa-ventana-conseguimos-maquinaria-nueva-seguimos-asistiendo-a-las-instituciones-ahora-vamos-a-dar-respuesta-al-reclamo-constante\/\"]}]},{\"@type\":\"ImageObject\",\"inLanguage\":\"es\",\"@id\":\"https:\/\/www.noticiasradioreflejos.com.ar\/2021\/aniversario-de-villa-ventana-conseguimos-maquinaria-nueva-seguimos-asistiendo-a-las-instituciones-ahora-vamos-a-dar-respuesta-al-reclamo-constante\/#primaryimage\",\"url\":\"https:\/\/www.noticiasradioreflejos.com.ar\/2021\/wp-content\/uploads\/2022\/07\/villa-Ventana.jpg\",\"contentUrl\":\"https:\/\/www.noticiasradioreflejos.com.ar\/2021\/wp-content\/uploads\/2022\/07\/villa-Ventana.jpg\",\"width\":626,\"height\":536},{\"@type\":\"BreadcrumbList\",\"@id\":\"https:\/\/www.noticiasradioreflejos.com.ar\/2021\/aniversario-de-villa-ventana-conseguimos-maquinaria-nueva-seguimos-asistiendo-a-las-instituciones-ahora-vamos-a-dar-respuesta-al-reclamo-constante\/#breadcrumb\",\"itemListElement\":[{\"@type\":\"ListItem\",\"position\":1,\"name\":\"Portada\",\"item\":\"https:\/\/www.noticiasradioreflejos.com.ar\/2021\/\"},{\"@type\":\"ListItem\",\"position\":2,\"name\":\"Aniversario de Villa Ventana: \u201cConseguimos maquinaria nueva, seguimos asistiendo a las instituciones, ahora vamos a dar respuesta al reclamo constante\u201d\"}]},{\"@type\":\"WebSite\",\"@id\":\"https:\/\/www.noticiasradioreflejos.com.ar\/2021\/#website\",\"url\":\"https:\/\/www.noticiasradioreflejos.com.ar\/2021\/\",\"name\":\"Noticias Radio Reflejos\",\"description\":\"Las noticias de mi comarca\",\"potentialAction\":[{\"@type\":\"SearchAction\",\"target\":{\"@type\":\"EntryPoint\",\"urlTemplate\":\"https:\/\/www.noticiasradioreflejos.com.ar\/2021\/?s={search_term_string}\"},\"query-input\":{\"@type\":\"PropertyValueSpecification\",\"valueRequired\":true,\"valueName\":\"search_term_string\"}}],\"inLanguage\":\"es\"},{\"@type\":\"Person\",\"@id\":\"https:\/\/www.noticiasradioreflejos.com.ar\/2021\/#\/schema\/person\/ad82545263dcc5ec0996818884fd5fb1\",\"name\":\"Arnaldo Botto\",\"image\":{\"@type\":\"ImageObject\",\"inLanguage\":\"es\",\"@id\":\"https:\/\/www.noticiasradioreflejos.com.ar\/2021\/#\/schema\/person\/image\/\",\"url\":\"https:\/\/secure.gravatar.com\/avatar\/55cb5e37c1efa326397366e6974cb338056df65cb50e7d64d1cf314e87504837?s=96&d=mm&r=g\",\"contentUrl\":\"https:\/\/secure.gravatar.com\/avatar\/55cb5e37c1efa326397366e6974cb338056df65cb50e7d64d1cf314e87504837?s=96&d=mm&r=g\",\"caption\":\"Arnaldo Botto\"},\"url\":\"https:\/\/www.noticiasradioreflejos.com.ar\/2021\/author\/arnaldo\/\"}]}<\/script>\n<!-- \/ Yoast SEO plugin. -->","yoast_head_json":{"title":"Aniversario de Villa Ventana: \u201cConseguimos maquinaria nueva, seguimos asistiendo a las instituciones, ahora vamos a dar respuesta al reclamo constante\u201d - Noticias Radio Reflejos","robots":{"index":"index","follow":"follow","max-snippet":"max-snippet:-1","max-image-preview":"max-image-preview:large","max-video-preview":"max-video-preview:-1"},"canonical":"https:\/\/www.noticiasradioreflejos.com.ar\/2021\/aniversario-de-villa-ventana-conseguimos-maquinaria-nueva-seguimos-asistiendo-a-las-instituciones-ahora-vamos-a-dar-respuesta-al-reclamo-constante\/","og_locale":"es_ES","og_type":"article","og_title":"Aniversario de Villa Ventana: \u201cConseguimos maquinaria nueva, seguimos asistiendo a las instituciones, ahora vamos a dar respuesta al reclamo constante\u201d - Noticias Radio Reflejos","og_description":"La delegada Florencia Testa resalt\u00f3 la grata vuelta de las acciones caracter\u00edsticas para esta fecha del a\u00f1o. Adem\u00e1s, destac\u00f3 la labor que hacen diariamente los empleados municipales: \u201cgracias a ellos la Villa est\u00e1 como est\u00e1\u201d.","og_url":"https:\/\/www.noticiasradioreflejos.com.ar\/2021\/aniversario-de-villa-ventana-conseguimos-maquinaria-nueva-seguimos-asistiendo-a-las-instituciones-ahora-vamos-a-dar-respuesta-al-reclamo-constante\/","og_site_name":"Noticias Radio Reflejos","article_published_time":"2022-07-25T20:03:07+00:00","og_image":[{"width":626,"height":536,"url":"https:\/\/www.noticiasradioreflejos.com.ar\/2021\/wp-content\/uploads\/2022\/07\/villa-Ventana.jpg","type":"image\/jpeg"}],"author":"Arnaldo Botto","twitter_card":"summary_large_image","schema":{"@context":"https:\/\/schema.org","@graph":[{"@type":"WebPage","@id":"https:\/\/www.noticiasradioreflejos.com.ar\/2021\/aniversario-de-villa-ventana-conseguimos-maquinaria-nueva-seguimos-asistiendo-a-las-instituciones-ahora-vamos-a-dar-respuesta-al-reclamo-constante\/","url":"https:\/\/www.noticiasradioreflejos.com.ar\/2021\/aniversario-de-villa-ventana-conseguimos-maquinaria-nueva-seguimos-asistiendo-a-las-instituciones-ahora-vamos-a-dar-respuesta-al-reclamo-constante\/","name":"Aniversario de Villa Ventana: \u201cConseguimos maquinaria nueva, seguimos asistiendo a las instituciones, ahora vamos a dar respuesta al reclamo constante\u201d - Noticias Radio Reflejos","isPartOf":{"@id":"https:\/\/www.noticiasradioreflejos.com.ar\/2021\/#website"},"primaryImageOfPage":{"@id":"https:\/\/www.noticiasradioreflejos.com.ar\/2021\/aniversario-de-villa-ventana-conseguimos-maquinaria-nueva-seguimos-asistiendo-a-las-instituciones-ahora-vamos-a-dar-respuesta-al-reclamo-constante\/#primaryimage"},"image":{"@id":"https:\/\/www.noticiasradioreflejos.com.ar\/2021\/aniversario-de-villa-ventana-conseguimos-maquinaria-nueva-seguimos-asistiendo-a-las-instituciones-ahora-vamos-a-dar-respuesta-al-reclamo-constante\/#primaryimage"},"thumbnailUrl":"https:\/\/www.noticiasradioreflejos.com.ar\/2021\/wp-content\/uploads\/2022\/07\/villa-Ventana.jpg","datePublished":"2022-07-25T20:03:07+00:00","author":{"@id":"https:\/\/www.noticiasradioreflejos.com.ar\/2021\/#\/schema\/person\/ad82545263dcc5ec0996818884fd5fb1"},"breadcrumb":{"@id":"https:\/\/www.noticiasradioreflejos.com.ar\/2021\/aniversario-de-villa-ventana-conseguimos-maquinaria-nueva-seguimos-asistiendo-a-las-instituciones-ahora-vamos-a-dar-respuesta-al-reclamo-constante\/#breadcrumb"},"inLanguage":"es","potentialAction":[{"@type":"ReadAction","target":["https:\/\/www.noticiasradioreflejos.com.ar\/2021\/aniversario-de-villa-ventana-conseguimos-maquinaria-nueva-seguimos-asistiendo-a-las-instituciones-ahora-vamos-a-dar-respuesta-al-reclamo-constante\/"]}]},{"@type":"ImageObject","inLanguage":"es","@id":"https:\/\/www.noticiasradioreflejos.com.ar\/2021\/aniversario-de-villa-ventana-conseguimos-maquinaria-nueva-seguimos-asistiendo-a-las-instituciones-ahora-vamos-a-dar-respuesta-al-reclamo-constante\/#primaryimage","url":"https:\/\/www.noticiasradioreflejos.com.ar\/2021\/wp-content\/uploads\/2022\/07\/villa-Ventana.jpg","contentUrl":"https:\/\/www.noticiasradioreflejos.com.ar\/2021\/wp-content\/uploads\/2022\/07\/villa-Ventana.jpg","width":626,"height":536},{"@type":"BreadcrumbList","@id":"https:\/\/www.noticiasradioreflejos.com.ar\/2021\/aniversario-de-villa-ventana-conseguimos-maquinaria-nueva-seguimos-asistiendo-a-las-instituciones-ahora-vamos-a-dar-respuesta-al-reclamo-constante\/#breadcrumb","itemListElement":[{"@type":"ListItem","position":1,"name":"Portada","item":"https:\/\/www.noticiasradioreflejos.com.ar\/2021\/"},{"@type":"ListItem","position":2,"name":"Aniversario de Villa Ventana: \u201cConseguimos maquinaria nueva, seguimos asistiendo a las instituciones, ahora vamos a dar respuesta al reclamo constante\u201d"}]},{"@type":"WebSite","@id":"https:\/\/www.noticiasradioreflejos.com.ar\/2021\/#website","url":"https:\/\/www.noticiasradioreflejos.com.ar\/2021\/","name":"Noticias Radio Reflejos","description":"Las noticias de mi comarca","potentialAction":[{"@type":"SearchAction","target":{"@type":"EntryPoint","urlTemplate":"https:\/\/www.noticiasradioreflejos.com.ar\/2021\/?s={search_term_string}"},"query-input":{"@type":"PropertyValueSpecification","valueRequired":true,"valueName":"search_term_string"}}],"inLanguage":"es"},{"@type":"Person","@id":"https:\/\/www.noticiasradioreflejos.com.ar\/2021\/#\/schema\/person\/ad82545263dcc5ec0996818884fd5fb1","name":"Arnaldo Botto","image":{"@type":"ImageObject","inLanguage":"es","@id":"https:\/\/www.noticiasradioreflejos.com.ar\/2021\/#\/schema\/person\/image\/","url":"https:\/\/secure.gravatar.com\/avatar\/55cb5e37c1efa326397366e6974cb338056df65cb50e7d64d1cf314e87504837?s=96&d=mm&r=g","contentUrl":"https:\/\/secure.gravatar.com\/avatar\/55cb5e37c1efa326397366e6974cb338056df65cb50e7d64d1cf314e87504837?s=96&d=mm&r=g","caption":"Arnaldo Botto"},"url":"https:\/\/www.noticiasradioreflejos.com.ar\/2021\/author\/arnaldo\/"}]}},"_links":{"self":[{"href":"https:\/\/www.noticiasradioreflejos.com.ar\/2021\/wp-json\/wp\/v2\/posts\/75498","targetHints":{"allow":["GET"]}}],"collection":[{"href":"https:\/\/www.noticiasradioreflejos.com.ar\/2021\/wp-json\/wp\/v2\/posts"}],"about":[{"href":"https:\/\/www.noticiasradioreflejos.com.ar\/2021\/wp-json\/wp\/v2\/types\/post"}],"author":[{"embeddable":true,"href":"https:\/\/www.noticiasradioreflejos.com.ar\/2021\/wp-json\/wp\/v2\/users\/3"}],"replies":[{"embeddable":true,"href":"https:\/\/www.noticiasradioreflejos.com.ar\/2021\/wp-json\/wp\/v2\/comments?post=75498"}],"version-history":[{"count":2,"href":"https:\/\/www.noticiasradioreflejos.com.ar\/2021\/wp-json\/wp\/v2\/posts\/75498\/revisions"}],"predecessor-version":[{"id":75503,"href":"https:\/\/www.noticiasradioreflejos.com.ar\/2021\/wp-json\/wp\/v2\/posts\/75498\/revisions\/75503"}],"wp:featuredmedia":[{"embeddable":true,"href":"https:\/\/www.noticiasradioreflejos.com.ar\/2021\/wp-json\/wp\/v2\/media\/75502"}],"wp:attachment":[{"href":"https:\/\/www.noticiasradioreflejos.com.ar\/2021\/wp-json\/wp\/v2\/media?parent=75498"}],"wp:term":[{"taxonomy":"category","embeddable":true,"href":"https:\/\/www.noticiasradioreflejos.com.ar\/2021\/wp-json\/wp\/v2\/categories?post=75498"},{"taxonomy":"post_tag","embeddable":true,"href":"https:\/\/www.noticiasradioreflejos.com.ar\/2021\/wp-json\/wp\/v2\/tags?post=75498"}],"curies":[{"name":"wp","href":"https:\/\/api.w.org\/{rel}","templated":true}]}}