{"id":75477,"date":"2022-07-25T10:39:46","date_gmt":"2022-07-25T10:39:46","guid":{"rendered":"http:\/\/www.noticiasradioreflejos.com.ar\/2021\/?p=75477"},"modified":"2022-07-25T14:14:35","modified_gmt":"2022-07-25T14:14:35","slug":"bahia-blanca-el-acusado-de-matar-a-tiros-a-una-joven-es-un-policia","status":"publish","type":"post","link":"https:\/\/www.noticiasradioreflejos.com.ar\/2021\/bahia-blanca-el-acusado-de-matar-a-tiros-a-una-joven-es-un-policia\/","title":{"rendered":"Bah\u00eda Blanca: El acusado de matar a tiros a una joven es un polic\u00eda"},"content":{"rendered":"<p>Se encontraba de licencia anual. Fue inmediatamente desafectado de la fuerza. Junto a \u00e9l, tambi\u00e9n arrestaron a su hermano.<!--more--><\/p>\n<div class=\"mvp-author-info-wrap left relative\">\n<div class=\"mvp-author-info-text left relative\">\n<div class=\"mvp-author-info-name left relative\"><\/div>\n<\/div>\n<\/div>\n<div class=\"mvp-post-main-out left relative\">\n<div class=\"mvp-post-main-in\">\n<div id=\"mvp-post-content\" class=\"left relative\">\n<div id=\"mvp-post-feat-img\" class=\"left relative mvp-post-feat-img-wide2\"><picture><source srcset=\"https:\/\/www.labrujula24.com\/wp-content\/webp-express\/webp-images\/uploads\/2021\/09\/policia.jpg.webp 1200w, https:\/\/www.labrujula24.com\/wp-content\/webp-express\/webp-images\/uploads\/2021\/09\/policia-768x461.jpg.webp 768w, https:\/\/www.labrujula24.com\/wp-content\/webp-express\/webp-images\/uploads\/2021\/09\/policia-1000x600.jpg.webp 1000w, https:\/\/www.labrujula24.com\/wp-content\/webp-express\/webp-images\/uploads\/2021\/09\/policia-590x354.jpg.webp 590w, https:\/\/www.labrujula24.com\/wp-content\/webp-express\/webp-images\/uploads\/2021\/09\/policia-400x240.jpg.webp 400w\" type=\"image\/webp\" sizes=\"(max-width: 1200px) 100vw, 1200px\" \/><img loading=\"lazy\" decoding=\"async\" class=\"attachment- size- wp-post-image webpexpress-processed\" src=\"https:\/\/www.labrujula24.com\/wp-content\/uploads\/2021\/09\/policia.jpg\" sizes=\"auto, (max-width: 1200px) 100vw, 1200px\" srcset=\"https:\/\/www.labrujula24.com\/wp-content\/uploads\/2021\/09\/policia.jpg 1200w, https:\/\/www.labrujula24.com\/wp-content\/uploads\/2021\/09\/policia-768x461.jpg 768w, https:\/\/www.labrujula24.com\/wp-content\/uploads\/2021\/09\/policia-1000x600.jpg 1000w, https:\/\/www.labrujula24.com\/wp-content\/uploads\/2021\/09\/policia-590x354.jpg 590w, https:\/\/www.labrujula24.com\/wp-content\/uploads\/2021\/09\/policia-400x240.jpg 400w\" alt=\"\" width=\"1200\" height=\"720\" \/><\/picture><\/div>\n<p><span class=\"mvp-feat-caption\">Imagen de archivo<\/span><\/p>\n<div id=\"mvp-content-wrap\" class=\"left relative\">\n<div class=\"mvp-post-soc-out right relative\">\n<div class=\"mvp-post-soc-in\">\n<div id=\"mvp-content-body\" class=\"left relative\">\n<div id=\"mvp-content-body-top\" class=\"left relative\">\n<div id=\"mvp-content-main\" class=\"left relative\">\n<div id=\"textbody\">\n<div class=\"at-above-post addthis_tool\" data-url=\"https:\/\/www.labrujula24.com\/notas\/2022\/07\/24\/el-acusado-de-matar-a-tiros-a-una-joven-es-un-policia-n230105\/\"><\/div>\n<p>Dos personas fueron detenidas en las \u00faltimas horas, entre ellas un polic\u00eda, quien presuntamente ser\u00eda\u00a0<a href=\"https:\/\/www.labrujula24.com\/notas\/2022\/07\/24\/matan-de-dos-disparos-a-una-joven-en-una-fiesta-n230068\/\" data-type=\"URL\" data-id=\"https:\/\/www.labrujula24.com\/notas\/2022\/07\/24\/matan-de-dos-disparos-a-una-joven-en-una-fiesta-n230068\/\">el autor de los disparos que causaron la muerte de una joven a la salida de una fiesta.<\/a><\/p>\n<p>Para el arresto trabajaron personal del Comando de Patrulla y efectivos de todas las seccionales de la ciudad. De inmediato, el sospechoso fue desafectado de la fuerza.<\/p>\n<p>Se trata de Rodrigo Jorge Delgado, quien es efectivo de la Polic\u00eda Local. Actualmente se encontraba de licencia por vacaciones y hab\u00eda sido invitado a la fiesta que se estaba desarrollando en una vivienda de calle Darregueira al 2500.<\/p>\n<p>Junto a \u00e9l tambi\u00e9n fue detenido su hermano, Mauro Daniel Delgado, por encubrimiento. Seg\u00fan los propios testigos, \u00e9l estaba dentro del auto desde el cual se produjeron los disparos. Los trascendidos indican que esta persona es militar, pero ese dato a\u00fan no ha sido confirmado por ninguna fuente oficial.<\/p>\n<div class=\"code-block code-block-1\"><\/div>\n<p>El representante del Ministerio de Seguridad, Federico Montero, fue el encargado de avisarles personalmente a los padres de la joven asesinada que quien hab\u00eda disparado es un efectivo policial y que r\u00e1pidamente se procedi\u00f3 con su detenci\u00f3n.<\/p>\n<p>Rodrigo Delgado ya fue puesto a disposici\u00f3n de la Fiscal\u00eda N\u00b05, a cargo del Dr. Jorge Viego, y por estas horas se est\u00e1n llevando a cabo varios operativos, para poder continuar con la investigaci\u00f3n del caso.<\/p>\n<p>Agustina Galarza es el nombre de la joven de 20 a\u00f1os que perdi\u00f3 la vida en este violento hecho, a causa de la balacera producida en el frente del domicilio.<\/p>\n<\/div>\n<\/div>\n<\/div>\n<\/div>\n<\/div>\n<\/div>\n<\/div>\n<\/div>\n<\/div>\n<\/div>\n<p>&nbsp;<\/p>\n<h4><strong>Fuente: La\u00a0<\/strong><b>Br\u00fajula<\/b><\/h4>\n","protected":false},"excerpt":{"rendered":"<p>Se encontraba de licencia anual. Fue inmediatamente desafectado de la fuerza. Junto a \u00e9l, tambi\u00e9n arrestaron a su hermano.<\/p>\n","protected":false},"author":3,"featured_media":75494,"comment_status":"closed","ping_status":"closed","sticky":false,"template":"","format":"standard","meta":{"footnotes":""},"categories":[57,29],"tags":[],"class_list":["post-75477","post","type-post","status-publish","format-standard","has-post-thumbnail","hentry","category-judiciales","category-policiales"],"yoast_head":"<!-- This site is optimized with the Yoast SEO plugin v25.9 - https:\/\/yoast.com\/wordpress\/plugins\/seo\/ -->\n<title>Bah\u00eda Blanca: El acusado de matar a tiros a una joven es un polic\u00eda - Noticias Radio Reflejos<\/title>\n<meta name=\"robots\" content=\"index, follow, max-snippet:-1, max-image-preview:large, max-video-preview:-1\" \/>\n<link rel=\"canonical\" href=\"https:\/\/www.noticiasradioreflejos.com.ar\/2021\/bahia-blanca-el-acusado-de-matar-a-tiros-a-una-joven-es-un-policia\/\" \/>\n<meta property=\"og:locale\" content=\"es_ES\" \/>\n<meta property=\"og:type\" content=\"article\" \/>\n<meta property=\"og:title\" content=\"Bah\u00eda Blanca: El acusado de matar a tiros a una joven es un polic\u00eda - Noticias Radio Reflejos\" \/>\n<meta property=\"og:description\" content=\"Se encontraba de licencia anual. Fue inmediatamente desafectado de la fuerza. Junto a \u00e9l, tambi\u00e9n arrestaron a su hermano.\" \/>\n<meta property=\"og:url\" content=\"https:\/\/www.noticiasradioreflejos.com.ar\/2021\/bahia-blanca-el-acusado-de-matar-a-tiros-a-una-joven-es-un-policia\/\" \/>\n<meta property=\"og:site_name\" content=\"Noticias Radio Reflejos\" \/>\n<meta property=\"article:published_time\" content=\"2022-07-25T10:39:46+00:00\" \/>\n<meta property=\"article:modified_time\" content=\"2022-07-25T14:14:35+00:00\" \/>\n<meta property=\"og:image\" content=\"https:\/\/www.noticiasradioreflejos.com.ar\/2021\/wp-content\/uploads\/2022\/07\/policia.jpg.webp\" \/>\n\t<meta property=\"og:image:width\" content=\"1200\" \/>\n\t<meta property=\"og:image:height\" content=\"720\" \/>\n\t<meta property=\"og:image:type\" content=\"image\/webp\" \/>\n<meta name=\"author\" content=\"Arnaldo Botto\" \/>\n<meta name=\"twitter:card\" content=\"summary_large_image\" \/>\n<script type=\"application\/ld+json\" class=\"yoast-schema-graph\">{\"@context\":\"https:\/\/schema.org\",\"@graph\":[{\"@type\":\"WebPage\",\"@id\":\"https:\/\/www.noticiasradioreflejos.com.ar\/2021\/bahia-blanca-el-acusado-de-matar-a-tiros-a-una-joven-es-un-policia\/\",\"url\":\"https:\/\/www.noticiasradioreflejos.com.ar\/2021\/bahia-blanca-el-acusado-de-matar-a-tiros-a-una-joven-es-un-policia\/\",\"name\":\"Bah\u00eda Blanca: El acusado de matar a tiros a una joven es un polic\u00eda - Noticias Radio Reflejos\",\"isPartOf\":{\"@id\":\"https:\/\/www.noticiasradioreflejos.com.ar\/2021\/#website\"},\"primaryImageOfPage\":{\"@id\":\"https:\/\/www.noticiasradioreflejos.com.ar\/2021\/bahia-blanca-el-acusado-de-matar-a-tiros-a-una-joven-es-un-policia\/#primaryimage\"},\"image\":{\"@id\":\"https:\/\/www.noticiasradioreflejos.com.ar\/2021\/bahia-blanca-el-acusado-de-matar-a-tiros-a-una-joven-es-un-policia\/#primaryimage\"},\"thumbnailUrl\":\"https:\/\/www.noticiasradioreflejos.com.ar\/2021\/wp-content\/uploads\/2022\/07\/policia.jpg.webp\",\"datePublished\":\"2022-07-25T10:39:46+00:00\",\"dateModified\":\"2022-07-25T14:14:35+00:00\",\"author\":{\"@id\":\"https:\/\/www.noticiasradioreflejos.com.ar\/2021\/#\/schema\/person\/ad82545263dcc5ec0996818884fd5fb1\"},\"breadcrumb\":{\"@id\":\"https:\/\/www.noticiasradioreflejos.com.ar\/2021\/bahia-blanca-el-acusado-de-matar-a-tiros-a-una-joven-es-un-policia\/#breadcrumb\"},\"inLanguage\":\"es\",\"potentialAction\":[{\"@type\":\"ReadAction\",\"target\":[\"https:\/\/www.noticiasradioreflejos.com.ar\/2021\/bahia-blanca-el-acusado-de-matar-a-tiros-a-una-joven-es-un-policia\/\"]}]},{\"@type\":\"ImageObject\",\"inLanguage\":\"es\",\"@id\":\"https:\/\/www.noticiasradioreflejos.com.ar\/2021\/bahia-blanca-el-acusado-de-matar-a-tiros-a-una-joven-es-un-policia\/#primaryimage\",\"url\":\"https:\/\/www.noticiasradioreflejos.com.ar\/2021\/wp-content\/uploads\/2022\/07\/policia.jpg.webp\",\"contentUrl\":\"https:\/\/www.noticiasradioreflejos.com.ar\/2021\/wp-content\/uploads\/2022\/07\/policia.jpg.webp\",\"width\":1200,\"height\":720},{\"@type\":\"BreadcrumbList\",\"@id\":\"https:\/\/www.noticiasradioreflejos.com.ar\/2021\/bahia-blanca-el-acusado-de-matar-a-tiros-a-una-joven-es-un-policia\/#breadcrumb\",\"itemListElement\":[{\"@type\":\"ListItem\",\"position\":1,\"name\":\"Portada\",\"item\":\"https:\/\/www.noticiasradioreflejos.com.ar\/2021\/\"},{\"@type\":\"ListItem\",\"position\":2,\"name\":\"Bah\u00eda Blanca: El acusado de matar a tiros a una joven es un polic\u00eda\"}]},{\"@type\":\"WebSite\",\"@id\":\"https:\/\/www.noticiasradioreflejos.com.ar\/2021\/#website\",\"url\":\"https:\/\/www.noticiasradioreflejos.com.ar\/2021\/\",\"name\":\"Noticias Radio Reflejos\",\"description\":\"Las noticias de mi comarca\",\"potentialAction\":[{\"@type\":\"SearchAction\",\"target\":{\"@type\":\"EntryPoint\",\"urlTemplate\":\"https:\/\/www.noticiasradioreflejos.com.ar\/2021\/?s={search_term_string}\"},\"query-input\":{\"@type\":\"PropertyValueSpecification\",\"valueRequired\":true,\"valueName\":\"search_term_string\"}}],\"inLanguage\":\"es\"},{\"@type\":\"Person\",\"@id\":\"https:\/\/www.noticiasradioreflejos.com.ar\/2021\/#\/schema\/person\/ad82545263dcc5ec0996818884fd5fb1\",\"name\":\"Arnaldo Botto\",\"image\":{\"@type\":\"ImageObject\",\"inLanguage\":\"es\",\"@id\":\"https:\/\/www.noticiasradioreflejos.com.ar\/2021\/#\/schema\/person\/image\/\",\"url\":\"https:\/\/secure.gravatar.com\/avatar\/55cb5e37c1efa326397366e6974cb338056df65cb50e7d64d1cf314e87504837?s=96&d=mm&r=g\",\"contentUrl\":\"https:\/\/secure.gravatar.com\/avatar\/55cb5e37c1efa326397366e6974cb338056df65cb50e7d64d1cf314e87504837?s=96&d=mm&r=g\",\"caption\":\"Arnaldo Botto\"},\"url\":\"https:\/\/www.noticiasradioreflejos.com.ar\/2021\/author\/arnaldo\/\"}]}<\/script>\n<!-- \/ Yoast SEO plugin. -->","yoast_head_json":{"title":"Bah\u00eda Blanca: El acusado de matar a tiros a una joven es un polic\u00eda - Noticias Radio Reflejos","robots":{"index":"index","follow":"follow","max-snippet":"max-snippet:-1","max-image-preview":"max-image-preview:large","max-video-preview":"max-video-preview:-1"},"canonical":"https:\/\/www.noticiasradioreflejos.com.ar\/2021\/bahia-blanca-el-acusado-de-matar-a-tiros-a-una-joven-es-un-policia\/","og_locale":"es_ES","og_type":"article","og_title":"Bah\u00eda Blanca: El acusado de matar a tiros a una joven es un polic\u00eda - Noticias Radio Reflejos","og_description":"Se encontraba de licencia anual. Fue inmediatamente desafectado de la fuerza. Junto a \u00e9l, tambi\u00e9n arrestaron a su hermano.","og_url":"https:\/\/www.noticiasradioreflejos.com.ar\/2021\/bahia-blanca-el-acusado-de-matar-a-tiros-a-una-joven-es-un-policia\/","og_site_name":"Noticias Radio Reflejos","article_published_time":"2022-07-25T10:39:46+00:00","article_modified_time":"2022-07-25T14:14:35+00:00","og_image":[{"width":1200,"height":720,"url":"https:\/\/www.noticiasradioreflejos.com.ar\/2021\/wp-content\/uploads\/2022\/07\/policia.jpg.webp","type":"image\/webp"}],"author":"Arnaldo Botto","twitter_card":"summary_large_image","schema":{"@context":"https:\/\/schema.org","@graph":[{"@type":"WebPage","@id":"https:\/\/www.noticiasradioreflejos.com.ar\/2021\/bahia-blanca-el-acusado-de-matar-a-tiros-a-una-joven-es-un-policia\/","url":"https:\/\/www.noticiasradioreflejos.com.ar\/2021\/bahia-blanca-el-acusado-de-matar-a-tiros-a-una-joven-es-un-policia\/","name":"Bah\u00eda Blanca: El acusado de matar a tiros a una joven es un polic\u00eda - Noticias Radio Reflejos","isPartOf":{"@id":"https:\/\/www.noticiasradioreflejos.com.ar\/2021\/#website"},"primaryImageOfPage":{"@id":"https:\/\/www.noticiasradioreflejos.com.ar\/2021\/bahia-blanca-el-acusado-de-matar-a-tiros-a-una-joven-es-un-policia\/#primaryimage"},"image":{"@id":"https:\/\/www.noticiasradioreflejos.com.ar\/2021\/bahia-blanca-el-acusado-de-matar-a-tiros-a-una-joven-es-un-policia\/#primaryimage"},"thumbnailUrl":"https:\/\/www.noticiasradioreflejos.com.ar\/2021\/wp-content\/uploads\/2022\/07\/policia.jpg.webp","datePublished":"2022-07-25T10:39:46+00:00","dateModified":"2022-07-25T14:14:35+00:00","author":{"@id":"https:\/\/www.noticiasradioreflejos.com.ar\/2021\/#\/schema\/person\/ad82545263dcc5ec0996818884fd5fb1"},"breadcrumb":{"@id":"https:\/\/www.noticiasradioreflejos.com.ar\/2021\/bahia-blanca-el-acusado-de-matar-a-tiros-a-una-joven-es-un-policia\/#breadcrumb"},"inLanguage":"es","potentialAction":[{"@type":"ReadAction","target":["https:\/\/www.noticiasradioreflejos.com.ar\/2021\/bahia-blanca-el-acusado-de-matar-a-tiros-a-una-joven-es-un-policia\/"]}]},{"@type":"ImageObject","inLanguage":"es","@id":"https:\/\/www.noticiasradioreflejos.com.ar\/2021\/bahia-blanca-el-acusado-de-matar-a-tiros-a-una-joven-es-un-policia\/#primaryimage","url":"https:\/\/www.noticiasradioreflejos.com.ar\/2021\/wp-content\/uploads\/2022\/07\/policia.jpg.webp","contentUrl":"https:\/\/www.noticiasradioreflejos.com.ar\/2021\/wp-content\/uploads\/2022\/07\/policia.jpg.webp","width":1200,"height":720},{"@type":"BreadcrumbList","@id":"https:\/\/www.noticiasradioreflejos.com.ar\/2021\/bahia-blanca-el-acusado-de-matar-a-tiros-a-una-joven-es-un-policia\/#breadcrumb","itemListElement":[{"@type":"ListItem","position":1,"name":"Portada","item":"https:\/\/www.noticiasradioreflejos.com.ar\/2021\/"},{"@type":"ListItem","position":2,"name":"Bah\u00eda Blanca: El acusado de matar a tiros a una joven es un polic\u00eda"}]},{"@type":"WebSite","@id":"https:\/\/www.noticiasradioreflejos.com.ar\/2021\/#website","url":"https:\/\/www.noticiasradioreflejos.com.ar\/2021\/","name":"Noticias Radio Reflejos","description":"Las noticias de mi comarca","potentialAction":[{"@type":"SearchAction","target":{"@type":"EntryPoint","urlTemplate":"https:\/\/www.noticiasradioreflejos.com.ar\/2021\/?s={search_term_string}"},"query-input":{"@type":"PropertyValueSpecification","valueRequired":true,"valueName":"search_term_string"}}],"inLanguage":"es"},{"@type":"Person","@id":"https:\/\/www.noticiasradioreflejos.com.ar\/2021\/#\/schema\/person\/ad82545263dcc5ec0996818884fd5fb1","name":"Arnaldo Botto","image":{"@type":"ImageObject","inLanguage":"es","@id":"https:\/\/www.noticiasradioreflejos.com.ar\/2021\/#\/schema\/person\/image\/","url":"https:\/\/secure.gravatar.com\/avatar\/55cb5e37c1efa326397366e6974cb338056df65cb50e7d64d1cf314e87504837?s=96&d=mm&r=g","contentUrl":"https:\/\/secure.gravatar.com\/avatar\/55cb5e37c1efa326397366e6974cb338056df65cb50e7d64d1cf314e87504837?s=96&d=mm&r=g","caption":"Arnaldo Botto"},"url":"https:\/\/www.noticiasradioreflejos.com.ar\/2021\/author\/arnaldo\/"}]}},"_links":{"self":[{"href":"https:\/\/www.noticiasradioreflejos.com.ar\/2021\/wp-json\/wp\/v2\/posts\/75477","targetHints":{"allow":["GET"]}}],"collection":[{"href":"https:\/\/www.noticiasradioreflejos.com.ar\/2021\/wp-json\/wp\/v2\/posts"}],"about":[{"href":"https:\/\/www.noticiasradioreflejos.com.ar\/2021\/wp-json\/wp\/v2\/types\/post"}],"author":[{"embeddable":true,"href":"https:\/\/www.noticiasradioreflejos.com.ar\/2021\/wp-json\/wp\/v2\/users\/3"}],"replies":[{"embeddable":true,"href":"https:\/\/www.noticiasradioreflejos.com.ar\/2021\/wp-json\/wp\/v2\/comments?post=75477"}],"version-history":[{"count":2,"href":"https:\/\/www.noticiasradioreflejos.com.ar\/2021\/wp-json\/wp\/v2\/posts\/75477\/revisions"}],"predecessor-version":[{"id":75479,"href":"https:\/\/www.noticiasradioreflejos.com.ar\/2021\/wp-json\/wp\/v2\/posts\/75477\/revisions\/75479"}],"wp:featuredmedia":[{"embeddable":true,"href":"https:\/\/www.noticiasradioreflejos.com.ar\/2021\/wp-json\/wp\/v2\/media\/75494"}],"wp:attachment":[{"href":"https:\/\/www.noticiasradioreflejos.com.ar\/2021\/wp-json\/wp\/v2\/media?parent=75477"}],"wp:term":[{"taxonomy":"category","embeddable":true,"href":"https:\/\/www.noticiasradioreflejos.com.ar\/2021\/wp-json\/wp\/v2\/categories?post=75477"},{"taxonomy":"post_tag","embeddable":true,"href":"https:\/\/www.noticiasradioreflejos.com.ar\/2021\/wp-json\/wp\/v2\/tags?post=75477"}],"curies":[{"name":"wp","href":"https:\/\/api.w.org\/{rel}","templated":true}]}}