{"id":75474,"date":"2022-07-25T10:34:22","date_gmt":"2022-07-25T10:34:22","guid":{"rendered":"http:\/\/www.noticiasradioreflejos.com.ar\/2021\/?p=75474"},"modified":"2022-07-25T10:34:22","modified_gmt":"2022-07-25T10:34:22","slug":"muerte-en-comisaria-de-laprida-arrestan-a-cinco-policias-bonaerenses","status":"publish","type":"post","link":"https:\/\/www.noticiasradioreflejos.com.ar\/2021\/muerte-en-comisaria-de-laprida-arrestan-a-cinco-policias-bonaerenses\/","title":{"rendered":"Muerte en comisar\u00eda de Laprida: arrestan a cinco polic\u00edas bonaerenses"},"content":{"rendered":"<header id=\"mvp-post-head\" class=\"left relative\">Lo confirm\u00f3 el abogado de la familia y agreg\u00f3 que los agentes ser\u00e1n indagados el martes.<\/p>\n<\/header>\n<p><!--more--><\/p>\n<div class=\"mvp-post-main-out left relative\">\n<div class=\"mvp-post-main-in\">\n<div id=\"mvp-post-content\" class=\"left relative\">\n<div id=\"mvp-post-feat-img\" class=\"left relative mvp-post-feat-img-wide2\"><picture><source srcset=\"https:\/\/www.labrujula24.com\/wp-content\/webp-express\/webp-images\/uploads\/2022\/07\/Untitled-1-59.jpg.webp 1200w, https:\/\/www.labrujula24.com\/wp-content\/webp-express\/webp-images\/uploads\/2022\/07\/Untitled-1-59-768x461.jpg.webp 768w, https:\/\/www.labrujula24.com\/wp-content\/webp-express\/webp-images\/uploads\/2022\/07\/Untitled-1-59-1000x600.jpg.webp 1000w, https:\/\/www.labrujula24.com\/wp-content\/webp-express\/webp-images\/uploads\/2022\/07\/Untitled-1-59-590x354.jpg.webp 590w, https:\/\/www.labrujula24.com\/wp-content\/webp-express\/webp-images\/uploads\/2022\/07\/Untitled-1-59-400x240.jpg.webp 400w\" type=\"image\/webp\" sizes=\"(max-width: 1200px) 100vw, 1200px\" \/><img loading=\"lazy\" decoding=\"async\" class=\"attachment- size- wp-post-image webpexpress-processed\" src=\"https:\/\/www.labrujula24.com\/wp-content\/uploads\/2022\/07\/Untitled-1-59.jpg\" sizes=\"auto, (max-width: 1200px) 100vw, 1200px\" srcset=\"https:\/\/www.labrujula24.com\/wp-content\/uploads\/2022\/07\/Untitled-1-59.jpg 1200w, https:\/\/www.labrujula24.com\/wp-content\/uploads\/2022\/07\/Untitled-1-59-768x461.jpg 768w, https:\/\/www.labrujula24.com\/wp-content\/uploads\/2022\/07\/Untitled-1-59-1000x600.jpg 1000w, https:\/\/www.labrujula24.com\/wp-content\/uploads\/2022\/07\/Untitled-1-59-590x354.jpg 590w, https:\/\/www.labrujula24.com\/wp-content\/uploads\/2022\/07\/Untitled-1-59-400x240.jpg 400w\" alt=\"\" width=\"1200\" height=\"720\" \/><\/picture><\/div>\n<div id=\"mvp-content-wrap\" class=\"left relative\">\n<div class=\"mvp-post-soc-out right relative\">\n<div class=\"mvp-post-soc-in\">\n<div id=\"mvp-content-body\" class=\"left relative\">\n<div id=\"mvp-content-body-top\" class=\"left relative\">\n<div id=\"mvp-content-main\" class=\"left relative\">\n<div id=\"textbody\">\n<div class=\"at-above-post addthis_tool\" data-url=\"https:\/\/www.labrujula24.com\/notas\/2022\/07\/25\/caso-daiana-abregu-detuvieron-a-cinco-policias-bonaerenses-n230206\/\"><\/div>\n<p>Por orden del fiscal que lleva adelante la causa, Jos\u00e9 Ignacio Calonje, fueron\u00a0detenidos este domingo cinco de los polic\u00edas bonaerenses\u00a0que estaban de guardia el 5 de junio pasado en una comisar\u00eda de\u00a0Laprida, en la\u00a0provincia de Buenos Aires, cuando\u00a0<a href=\"https:\/\/www.labrujula24.com\/notas\/2022\/07\/20\/muerte-de-una-joven-en-la-comisaria-de-laprida-mi-hija-no-tenia-motivo-para-suicidarse-n229266\/\"><strong>Daiana \u201cSole\u201d Abreg\u00fa fue hallada muerta en una de las celdas.<\/strong><\/a><\/p>\n<p>\u201cHemos logrado la detenci\u00f3n, tras el pedido que ingresamos el lunes. Y\u00a0en el d\u00eda del hoy, alrededor de las cuatro y media de la tarde,\u00a0nos concedieron la detenci\u00f3n. En principio hay cinco funcionarios policiales detenidos, que\u00a0ser\u00e1n indagados el martes\u201d, confirm\u00f3 el abogado de la familia de la v\u00edctima, Sergio Rold\u00e1n, seg\u00fan reprodujeron medios locales.<\/p>\n<div id=\"sm-it-main-container-1658744844893\" class=\"sm-it-main-container\" data-it=\"88868243-bf49-4dfa-95e6-44ae351effec\" data-device=\"desktop\" data-index=\"0\">\n<div id=\"sm-alternative-1658744844893\" class=\"sm-alternative\" data-it=\"88868243-bf49-4dfa-95e6-44ae351effec\" data-index=\"0\" data-device=\"desktop\">Adem\u00e1s, agreg\u00f3 que la car\u00e1tula de la causa pasar\u00e1 a ser \u201chomicidio agravado por la funci\u00f3n p\u00fablico, con el agravante de sa\u00f1a y alevos\u00eda\u201d.<\/div>\n<\/div>\n<p>El pedido de detenci\u00f3n de los efectivos Vanesa Soledad Nu\u00f1ez, Juliana Zelaya, Adrian Osvaldo Nu\u00f1ez, Pamela Di Bin y Leandro Fhur fue avalado por el Juzgado de Garant\u00edas 1 de Olavarr\u00eda. \u201cMe animo a decirte que\u00a0van a llegar cuatro de ellos detenidos a juicio y con una expectativa de pena muy alta\u201d, advirti\u00f3 Rold\u00e1n.<\/p>\n<p>A su lado estaba Mar\u00eda Laura Abreg\u00fa, la mam\u00e1 de la v\u00edctima. \u201cNo s\u00e9 si esto me alegra tanto porque s\u00e9 que van a ir presos y qu\u00e9 se yo. Pero no me devuelve a mi hija, de ac\u00e1 en m\u00e1s no la voy a tener, aunque agradezco a la gente que nos acompa\u00f1\u00f3\u201d, afirm\u00f3.<\/p>\n<p>La\u00a0versi\u00f3n policial dec\u00eda que se \u201chab\u00eda ahorcado con una campera\u201d\u00a0en la comisar\u00eda local, a las pocas horas de ingresar. Pero la familia, que reci\u00e9n pudo reconocer su cuerpo 24 horas despu\u00e9s, en la sala velatoria, nunca la crey\u00f3.<\/p>\n<p>La\u00a0segunda autopsia\u00a0del cuerpo de la mujer\u00a0confirm\u00f3 que no se suicid\u00f3, tal como sosten\u00eda la versi\u00f3n policial. \u201cExaminado el cuello, no se observ\u00f3 surco de ahorcadura\u201d y \u201cno se constataron lesiones en m\u00fasculos del cuello\u201d ni \u201cse constataron alteraciones en laringe\u201d. Por el contrario, la muerte fue provocada por un \u201cs\u00edndrome general asf\u00edctico\u201d.<\/p>\n<p>Frente a esos resultados, la Comisi\u00f3n Provincial por la Memoria (CPM), que\u00a0interviene como Particular Damnificado Institucional en su car\u00e1cter de Mecanismo Local de Prevenci\u00f3n de la Tortura, apunt\u00f3: \u201cLa escena en que fue hallado su cuerpo\u00a0fue armada por los funcionarios policiales para ocultar lo ocurrido, confirmando varios indicios obrantes en la causa\u201d.<\/p>\n<p>\u201cEs necesario profundizar la hip\u00f3tesis del homicidio y la responsabilidad de los funcionarios policiales que fraguaron la escena de la muerte\u201d, se agreg\u00f3 en un comunicado.<\/p>\n<p>La primera autopsia se hab\u00eda hecho el lunes 6 de junio. La familia Abreg\u00fa hab\u00eda sido citada para reconocer el cuerpo y presenciar el estudio. Les prometieron que no comenzar\u00eda hasta que llegaran al lugar. Sin embargo, a mitad de camino les avisaron que deb\u00edan volverse (se hizo en Azul) porque el procedimiento estaba por terminar.<\/p>\n<p>Los resultados de esa autopsia sentenciaron que Daiana falleci\u00f3 \u201cpor un paro card\u00edaco por asfixia mec\u00e1nica\u201d y que no presentaba lesiones externas.\u00a0A la familia la versi\u00f3n no les cerraba. Reci\u00e9n pudieron ver el cuerpo en la sala de velatorios. All\u00ed notaron marcas: moretones en las mu\u00f1ecas, rasgu\u00f1os en el cuello, golpes en la frente. Sostienen, adem\u00e1s, que \u201cten\u00eda la nariz torcida\u201d.<\/p>\n<p><strong>La muerte de Daiana \u201cSole\u201d Abreg\u00fa<\/strong><\/p>\n<p>Daiana Soledad Abreg\u00fa ten\u00eda 26 a\u00f1os, era madre de un var\u00f3n de nueve y jugaba al f\u00fatbol en la Primera del Club Atl\u00e9tico Lil\u00e1n, el equipo de su pueblo.<\/p>\n<p>El domingo 5 de junio fue demorada por una contravenci\u00f3n, cerca de las siete de la ma\u00f1ana. Fue llevada a la Estaci\u00f3n de Polic\u00eda Comunal de Laprida, una localidad bonaerense de 11 mil habitantes, ubicada a 500 kil\u00f3metros de Capital Federal. Horas m\u00e1s tarde, fue encontrada muerta en una de las celdas.<\/p>\n<p>El parte de la Polic\u00eda aseguraba que Daiana \u201cse quit\u00f3 la vida, concurriendo ambulancia con m\u00e9dico de guardia del hospital local, continuando con maniobras de RCP, sin lograr su reanimaci\u00f3n\u201d.<\/p>\n<p>Seg\u00fan los agentes, \u201cla encontraron fallecida\u201d a eso de las 15.30 del domingo. La causa fue caratulada como \u201caveriguaci\u00f3n de causales de muerte\u201d.<\/p>\n<p>Hab\u00eda llegado a la comisar\u00eda por \u201cuna adulteraci\u00f3n del orden p\u00fablico\u201d y por provocar da\u00f1os en un veh\u00edculo estacionado. Al parecer hab\u00eda pasado la noche en el boliche \u201cEl Castillo\u201d, de Laprida. Y a la salida habr\u00eda discutido con otra mujer, con la que se cree que tambi\u00e9n se habr\u00eda tomado a golpes de pu\u00f1o.<\/p>\n<p>Los familiares de la joven realizaron distintas marchas y manifestaciones exigiendo el esclarecimiento del caso. Los acompa\u00f1aron otros vecinos que les aseguraron haber sido golpeados y torturados en la misma comisar\u00eda en la que Daiana muri\u00f3.<\/p>\n<p>D\u00edas antes a su muerte hab\u00eda vendido sus muebles y sus cosas. Su plan era mudarse a La Plata, junto a su hijo. Ten\u00edan pasajes para el lunes 6, el d\u00eda en el que finalmente le terminar\u00edan realizando su primera autopsia. En La Plata la esperaban su abuela y una de sus hermanas. Daiana se iba a probar suerte. En Laprida no encontraba trabajo.<\/p>\n<p>Fuente: Clar\u00edn<\/p>\n<\/div>\n<\/div>\n<\/div>\n<\/div>\n<\/div>\n<\/div>\n<\/div>\n<\/div>\n<\/div>\n<\/div>\n","protected":false},"excerpt":{"rendered":"<p>Lo confirm\u00f3 el abogado de la familia y agreg\u00f3 que los agentes ser\u00e1n indagados el martes.<\/p>\n","protected":false},"author":3,"featured_media":0,"comment_status":"closed","ping_status":"closed","sticky":false,"template":"","format":"standard","meta":{"footnotes":""},"categories":[57,29],"tags":[],"class_list":["post-75474","post","type-post","status-publish","format-standard","hentry","category-judiciales","category-policiales"],"yoast_head":"<!-- This site is optimized with the Yoast SEO plugin v25.9 - https:\/\/yoast.com\/wordpress\/plugins\/seo\/ -->\n<title>Muerte en comisar\u00eda de Laprida: arrestan a cinco polic\u00edas bonaerenses - Noticias Radio Reflejos<\/title>\n<meta name=\"robots\" content=\"index, follow, max-snippet:-1, max-image-preview:large, max-video-preview:-1\" \/>\n<link rel=\"canonical\" href=\"https:\/\/www.noticiasradioreflejos.com.ar\/2021\/muerte-en-comisaria-de-laprida-arrestan-a-cinco-policias-bonaerenses\/\" \/>\n<meta property=\"og:locale\" content=\"es_ES\" \/>\n<meta property=\"og:type\" content=\"article\" \/>\n<meta property=\"og:title\" content=\"Muerte en comisar\u00eda de Laprida: arrestan a cinco polic\u00edas bonaerenses - Noticias Radio Reflejos\" \/>\n<meta property=\"og:description\" content=\"Lo confirm\u00f3 el abogado de la familia y agreg\u00f3 que los agentes ser\u00e1n indagados el martes.\" \/>\n<meta property=\"og:url\" content=\"https:\/\/www.noticiasradioreflejos.com.ar\/2021\/muerte-en-comisaria-de-laprida-arrestan-a-cinco-policias-bonaerenses\/\" \/>\n<meta property=\"og:site_name\" content=\"Noticias Radio Reflejos\" \/>\n<meta property=\"article:published_time\" content=\"2022-07-25T10:34:22+00:00\" \/>\n<meta property=\"og:image\" content=\"https:\/\/www.labrujula24.com\/wp-content\/uploads\/2022\/07\/Untitled-1-59.jpg\" \/>\n<meta name=\"author\" content=\"Arnaldo Botto\" \/>\n<meta name=\"twitter:card\" content=\"summary_large_image\" \/>\n<script type=\"application\/ld+json\" class=\"yoast-schema-graph\">{\"@context\":\"https:\/\/schema.org\",\"@graph\":[{\"@type\":\"WebPage\",\"@id\":\"https:\/\/www.noticiasradioreflejos.com.ar\/2021\/muerte-en-comisaria-de-laprida-arrestan-a-cinco-policias-bonaerenses\/\",\"url\":\"https:\/\/www.noticiasradioreflejos.com.ar\/2021\/muerte-en-comisaria-de-laprida-arrestan-a-cinco-policias-bonaerenses\/\",\"name\":\"Muerte en comisar\u00eda de Laprida: arrestan a cinco polic\u00edas bonaerenses - Noticias Radio Reflejos\",\"isPartOf\":{\"@id\":\"https:\/\/www.noticiasradioreflejos.com.ar\/2021\/#website\"},\"primaryImageOfPage\":{\"@id\":\"https:\/\/www.noticiasradioreflejos.com.ar\/2021\/muerte-en-comisaria-de-laprida-arrestan-a-cinco-policias-bonaerenses\/#primaryimage\"},\"image\":{\"@id\":\"https:\/\/www.noticiasradioreflejos.com.ar\/2021\/muerte-en-comisaria-de-laprida-arrestan-a-cinco-policias-bonaerenses\/#primaryimage\"},\"thumbnailUrl\":\"https:\/\/www.labrujula24.com\/wp-content\/uploads\/2022\/07\/Untitled-1-59.jpg\",\"datePublished\":\"2022-07-25T10:34:22+00:00\",\"author\":{\"@id\":\"https:\/\/www.noticiasradioreflejos.com.ar\/2021\/#\/schema\/person\/ad82545263dcc5ec0996818884fd5fb1\"},\"breadcrumb\":{\"@id\":\"https:\/\/www.noticiasradioreflejos.com.ar\/2021\/muerte-en-comisaria-de-laprida-arrestan-a-cinco-policias-bonaerenses\/#breadcrumb\"},\"inLanguage\":\"es\",\"potentialAction\":[{\"@type\":\"ReadAction\",\"target\":[\"https:\/\/www.noticiasradioreflejos.com.ar\/2021\/muerte-en-comisaria-de-laprida-arrestan-a-cinco-policias-bonaerenses\/\"]}]},{\"@type\":\"ImageObject\",\"inLanguage\":\"es\",\"@id\":\"https:\/\/www.noticiasradioreflejos.com.ar\/2021\/muerte-en-comisaria-de-laprida-arrestan-a-cinco-policias-bonaerenses\/#primaryimage\",\"url\":\"https:\/\/www.labrujula24.com\/wp-content\/uploads\/2022\/07\/Untitled-1-59.jpg\",\"contentUrl\":\"https:\/\/www.labrujula24.com\/wp-content\/uploads\/2022\/07\/Untitled-1-59.jpg\"},{\"@type\":\"BreadcrumbList\",\"@id\":\"https:\/\/www.noticiasradioreflejos.com.ar\/2021\/muerte-en-comisaria-de-laprida-arrestan-a-cinco-policias-bonaerenses\/#breadcrumb\",\"itemListElement\":[{\"@type\":\"ListItem\",\"position\":1,\"name\":\"Portada\",\"item\":\"https:\/\/www.noticiasradioreflejos.com.ar\/2021\/\"},{\"@type\":\"ListItem\",\"position\":2,\"name\":\"Muerte en comisar\u00eda de Laprida: arrestan a cinco polic\u00edas bonaerenses\"}]},{\"@type\":\"WebSite\",\"@id\":\"https:\/\/www.noticiasradioreflejos.com.ar\/2021\/#website\",\"url\":\"https:\/\/www.noticiasradioreflejos.com.ar\/2021\/\",\"name\":\"Noticias Radio Reflejos\",\"description\":\"Las noticias de mi comarca\",\"potentialAction\":[{\"@type\":\"SearchAction\",\"target\":{\"@type\":\"EntryPoint\",\"urlTemplate\":\"https:\/\/www.noticiasradioreflejos.com.ar\/2021\/?s={search_term_string}\"},\"query-input\":{\"@type\":\"PropertyValueSpecification\",\"valueRequired\":true,\"valueName\":\"search_term_string\"}}],\"inLanguage\":\"es\"},{\"@type\":\"Person\",\"@id\":\"https:\/\/www.noticiasradioreflejos.com.ar\/2021\/#\/schema\/person\/ad82545263dcc5ec0996818884fd5fb1\",\"name\":\"Arnaldo Botto\",\"image\":{\"@type\":\"ImageObject\",\"inLanguage\":\"es\",\"@id\":\"https:\/\/www.noticiasradioreflejos.com.ar\/2021\/#\/schema\/person\/image\/\",\"url\":\"https:\/\/secure.gravatar.com\/avatar\/55cb5e37c1efa326397366e6974cb338056df65cb50e7d64d1cf314e87504837?s=96&d=mm&r=g\",\"contentUrl\":\"https:\/\/secure.gravatar.com\/avatar\/55cb5e37c1efa326397366e6974cb338056df65cb50e7d64d1cf314e87504837?s=96&d=mm&r=g\",\"caption\":\"Arnaldo Botto\"},\"url\":\"https:\/\/www.noticiasradioreflejos.com.ar\/2021\/author\/arnaldo\/\"}]}<\/script>\n<!-- \/ Yoast SEO plugin. -->","yoast_head_json":{"title":"Muerte en comisar\u00eda de Laprida: arrestan a cinco polic\u00edas bonaerenses - Noticias Radio Reflejos","robots":{"index":"index","follow":"follow","max-snippet":"max-snippet:-1","max-image-preview":"max-image-preview:large","max-video-preview":"max-video-preview:-1"},"canonical":"https:\/\/www.noticiasradioreflejos.com.ar\/2021\/muerte-en-comisaria-de-laprida-arrestan-a-cinco-policias-bonaerenses\/","og_locale":"es_ES","og_type":"article","og_title":"Muerte en comisar\u00eda de Laprida: arrestan a cinco polic\u00edas bonaerenses - Noticias Radio Reflejos","og_description":"Lo confirm\u00f3 el abogado de la familia y agreg\u00f3 que los agentes ser\u00e1n indagados el martes.","og_url":"https:\/\/www.noticiasradioreflejos.com.ar\/2021\/muerte-en-comisaria-de-laprida-arrestan-a-cinco-policias-bonaerenses\/","og_site_name":"Noticias Radio Reflejos","article_published_time":"2022-07-25T10:34:22+00:00","og_image":[{"url":"https:\/\/www.labrujula24.com\/wp-content\/uploads\/2022\/07\/Untitled-1-59.jpg","type":"","width":"","height":""}],"author":"Arnaldo Botto","twitter_card":"summary_large_image","schema":{"@context":"https:\/\/schema.org","@graph":[{"@type":"WebPage","@id":"https:\/\/www.noticiasradioreflejos.com.ar\/2021\/muerte-en-comisaria-de-laprida-arrestan-a-cinco-policias-bonaerenses\/","url":"https:\/\/www.noticiasradioreflejos.com.ar\/2021\/muerte-en-comisaria-de-laprida-arrestan-a-cinco-policias-bonaerenses\/","name":"Muerte en comisar\u00eda de Laprida: arrestan a cinco polic\u00edas bonaerenses - Noticias Radio Reflejos","isPartOf":{"@id":"https:\/\/www.noticiasradioreflejos.com.ar\/2021\/#website"},"primaryImageOfPage":{"@id":"https:\/\/www.noticiasradioreflejos.com.ar\/2021\/muerte-en-comisaria-de-laprida-arrestan-a-cinco-policias-bonaerenses\/#primaryimage"},"image":{"@id":"https:\/\/www.noticiasradioreflejos.com.ar\/2021\/muerte-en-comisaria-de-laprida-arrestan-a-cinco-policias-bonaerenses\/#primaryimage"},"thumbnailUrl":"https:\/\/www.labrujula24.com\/wp-content\/uploads\/2022\/07\/Untitled-1-59.jpg","datePublished":"2022-07-25T10:34:22+00:00","author":{"@id":"https:\/\/www.noticiasradioreflejos.com.ar\/2021\/#\/schema\/person\/ad82545263dcc5ec0996818884fd5fb1"},"breadcrumb":{"@id":"https:\/\/www.noticiasradioreflejos.com.ar\/2021\/muerte-en-comisaria-de-laprida-arrestan-a-cinco-policias-bonaerenses\/#breadcrumb"},"inLanguage":"es","potentialAction":[{"@type":"ReadAction","target":["https:\/\/www.noticiasradioreflejos.com.ar\/2021\/muerte-en-comisaria-de-laprida-arrestan-a-cinco-policias-bonaerenses\/"]}]},{"@type":"ImageObject","inLanguage":"es","@id":"https:\/\/www.noticiasradioreflejos.com.ar\/2021\/muerte-en-comisaria-de-laprida-arrestan-a-cinco-policias-bonaerenses\/#primaryimage","url":"https:\/\/www.labrujula24.com\/wp-content\/uploads\/2022\/07\/Untitled-1-59.jpg","contentUrl":"https:\/\/www.labrujula24.com\/wp-content\/uploads\/2022\/07\/Untitled-1-59.jpg"},{"@type":"BreadcrumbList","@id":"https:\/\/www.noticiasradioreflejos.com.ar\/2021\/muerte-en-comisaria-de-laprida-arrestan-a-cinco-policias-bonaerenses\/#breadcrumb","itemListElement":[{"@type":"ListItem","position":1,"name":"Portada","item":"https:\/\/www.noticiasradioreflejos.com.ar\/2021\/"},{"@type":"ListItem","position":2,"name":"Muerte en comisar\u00eda de Laprida: arrestan a cinco polic\u00edas bonaerenses"}]},{"@type":"WebSite","@id":"https:\/\/www.noticiasradioreflejos.com.ar\/2021\/#website","url":"https:\/\/www.noticiasradioreflejos.com.ar\/2021\/","name":"Noticias Radio Reflejos","description":"Las noticias de mi comarca","potentialAction":[{"@type":"SearchAction","target":{"@type":"EntryPoint","urlTemplate":"https:\/\/www.noticiasradioreflejos.com.ar\/2021\/?s={search_term_string}"},"query-input":{"@type":"PropertyValueSpecification","valueRequired":true,"valueName":"search_term_string"}}],"inLanguage":"es"},{"@type":"Person","@id":"https:\/\/www.noticiasradioreflejos.com.ar\/2021\/#\/schema\/person\/ad82545263dcc5ec0996818884fd5fb1","name":"Arnaldo Botto","image":{"@type":"ImageObject","inLanguage":"es","@id":"https:\/\/www.noticiasradioreflejos.com.ar\/2021\/#\/schema\/person\/image\/","url":"https:\/\/secure.gravatar.com\/avatar\/55cb5e37c1efa326397366e6974cb338056df65cb50e7d64d1cf314e87504837?s=96&d=mm&r=g","contentUrl":"https:\/\/secure.gravatar.com\/avatar\/55cb5e37c1efa326397366e6974cb338056df65cb50e7d64d1cf314e87504837?s=96&d=mm&r=g","caption":"Arnaldo Botto"},"url":"https:\/\/www.noticiasradioreflejos.com.ar\/2021\/author\/arnaldo\/"}]}},"_links":{"self":[{"href":"https:\/\/www.noticiasradioreflejos.com.ar\/2021\/wp-json\/wp\/v2\/posts\/75474","targetHints":{"allow":["GET"]}}],"collection":[{"href":"https:\/\/www.noticiasradioreflejos.com.ar\/2021\/wp-json\/wp\/v2\/posts"}],"about":[{"href":"https:\/\/www.noticiasradioreflejos.com.ar\/2021\/wp-json\/wp\/v2\/types\/post"}],"author":[{"embeddable":true,"href":"https:\/\/www.noticiasradioreflejos.com.ar\/2021\/wp-json\/wp\/v2\/users\/3"}],"replies":[{"embeddable":true,"href":"https:\/\/www.noticiasradioreflejos.com.ar\/2021\/wp-json\/wp\/v2\/comments?post=75474"}],"version-history":[{"count":1,"href":"https:\/\/www.noticiasradioreflejos.com.ar\/2021\/wp-json\/wp\/v2\/posts\/75474\/revisions"}],"predecessor-version":[{"id":75476,"href":"https:\/\/www.noticiasradioreflejos.com.ar\/2021\/wp-json\/wp\/v2\/posts\/75474\/revisions\/75476"}],"wp:attachment":[{"href":"https:\/\/www.noticiasradioreflejos.com.ar\/2021\/wp-json\/wp\/v2\/media?parent=75474"}],"wp:term":[{"taxonomy":"category","embeddable":true,"href":"https:\/\/www.noticiasradioreflejos.com.ar\/2021\/wp-json\/wp\/v2\/categories?post=75474"},{"taxonomy":"post_tag","embeddable":true,"href":"https:\/\/www.noticiasradioreflejos.com.ar\/2021\/wp-json\/wp\/v2\/tags?post=75474"}],"curies":[{"name":"wp","href":"https:\/\/api.w.org\/{rel}","templated":true}]}}