{"id":75471,"date":"2022-07-25T10:28:36","date_gmt":"2022-07-25T10:28:36","guid":{"rendered":"http:\/\/www.noticiasradioreflejos.com.ar\/2021\/?p=75471"},"modified":"2022-07-25T11:10:30","modified_gmt":"2022-07-25T11:10:30","slug":"proponen-que-no-prescriban-los-delitos-sexuales-contra-menores","status":"publish","type":"post","link":"https:\/\/www.noticiasradioreflejos.com.ar\/2021\/proponen-que-no-prescriban-los-delitos-sexuales-contra-menores\/","title":{"rendered":"Proponen que no prescriban los delitos sexuales contra menores"},"content":{"rendered":"<p>La iniciativa presentada el pasado viernes en la C\u00e1mara baja propone tambi\u00e9n modificar la denominaci\u00f3n \u201cabuso sexual\u201d por la de \u201cviolencia sexual contra la infancia y\/o violencia sexual\u201d para adecuarse de esta manera a \u201clos tipos de violencias previstas en la Ley 26.485.<!--more--><\/p>\n<figure class=\"mb-3\"><img decoding=\"async\" src=\"https:\/\/www.telam.com.ar\/thumbs\/bluesteel\/advf\/imagenes\/2020\/04\/5e983acf17b2a_900.jpg\" alt=\"La iniciativa fue presentada el pasado viernes en la Cmara de Diputados\" width=\"100%\" height=\"100%\" \/><\/p>\n<div class=\"media-icons\"><\/div><figcaption>La iniciativa fue presentada el pasado viernes en la C\u00e1mara de Diputados.<\/figcaption><\/figure>\n<p>El\u00a0<strong>Movimiento Derecho al Tiempo Argentina<\/strong>\u00a0(DATA) -conformado por sobrevivientes de abuso sexual, profesionales que trabajan en la tem\u00e1tica y activistas por los derechos de las v\u00edctimas- present\u00f3 un proyecto de ley para que se \u201cdeclararen imprescriptibles los cr\u00edmenes de violencia sexual del que hayan sido, sean o fueren v\u00edctimas ni\u00f1os, ni\u00f1as y adolescentes\u201d.<\/p>\n<p>\u201cHasta el momento\u00a0<strong>los tiempos de las v\u00edctimas no coinciden con los plazos judiciales\u00a0<\/strong>y esto es muy grave porque la falta de justicia no ayuda a la recuperaci\u00f3n y el dolor no prescribe\u201d, dijo a T\u00e9lam\u00a0<strong>Sonia Almada<\/strong>, presidenta de la organizaci\u00f3n Aralma contra las violencias en la infancia, una de las que integran el Movimiento.<\/p>\n<p>Adem\u00e1s, la iniciativa presentada el pasado viernes en la C\u00e1mara de Diputados propone tambi\u00e9n modificar la denominaci\u00f3n \u201cabuso sexual\u201d por la de\u00a0<strong>\u201cviolencia sexual contra la infancia y\/o violencia sexual\u201d\u00a0<\/strong>para adecuarse de esta manera a \u201clos tipos de violencias previstas en la Ley 26.485, por tratarse de una relaci\u00f3n desigual de poder\u201d.<\/p>\n<p>Por otro lado, el proyecto plantea en su art\u00edculo 4 que \u201cel Estado tiene la obligaci\u00f3n de garantizar a las v\u00edctimas de los delitos declarados imprescriptibles en esta ley, e independientemente de la edad que tengan al denunciar o solicitar asistencia, el abordaje integral adecuado al caso antes, durante y posterior al proceso judicial\u201d.<\/p>\n<p>En cuanto a la prescripci\u00f3n, el proyecto propone modificar el p\u00e1rrafo cuarto del\u00a0<strong>Art\u00edculo 67 del C\u00f3digo Penal<\/strong>\u00a0reformado por \u00faltima vez en 2015, que hoy sostiene que para los delitos contra la integridad sexual\u00a0<strong>\u201cse suspende la prescripci\u00f3n mientras la v\u00edctima sea menor de edad y hasta que habiendo cumplido la mayor\u00eda de edad formule por s\u00ed la denuncia o ratifique la formulada por sus representantes legales durante su minor\u00eda de edad\u201d<\/strong>, con lo cual los delitos siguieron siendo prescriptibles, aunque a partir del momento de la denuncia.<\/p>\n<p>\u201cAl ser la ley irretroactiva, es decir, no puede aplicarse hacia atr\u00e1s, no contempla\u00a0<strong>\u2018el derecho al tiempo\u2019<\/strong>\u00a0de las y los sobrevivientes anteriores a la ley 27.206 de 2015, por lo cual lo que se plantea es la necesidad de suspender la retroactividad a todas las v\u00edctimas con un plazo anterior aquel a\u00f1o, consider\u00e1ndose las Leyes convencionales y constitucionales incorporados desde 1994\u201d, apunt\u00f3 Norma Fern\u00e1ndez, otra especialista integrante de DATA.<\/p>\n<p>Almada explic\u00f3 a T\u00e9lam que es necesario que el Congreso trate y convierta en ley este proyecto porque \u201clas y los sobrevivientes de agresiones sexuales padecidas en la infancia y adolescencia logran identificarse como v\u00edctimas de un crimen largos a\u00f1os despu\u00e9s de sucedido el o los hechos denigrantes\u201d.<\/p>\n<p>\u201c<strong>El abuso sexual no se puede homologar a ning\u00fan otro crimen porque se trata de un crimen en continuo<\/strong>, es decir, no sucede solo en el o los momentos en que se perpetra la violencia en la infancia sino que las secuelas acompa\u00f1an a los sobrevivientes a lo largo de todo la vida\u201d, sostuvo Almada.<\/p>\n<p>Y agreg\u00f3: \u201cEste es un crimen especial que afecta a una v\u00edctima especial -un beb\u00e9, ni\u00f1o, ni\u00f1o u adolescente-, que por su propia vulnerabilidad e indefensi\u00f3n la mayor\u00eda de las veces no comprende que le est\u00e1 sucediendo y necesita mucho tiempo: tiempo para comprender lo sucedido, tiempo para metabolizarlo, tiempo para cont\u00e1rselo a un adulto que pueda creerle y en quien confiar, y mucho tiempo para pensar en denunciar\u201d.<\/p>\n<p>La licenciada en psicolog\u00eda agreg\u00f3 que llevar el caso a la justicia \u201ces especialmente dif\u00edcil porque \u00e9l pederasta es, en la enorme mayor\u00eda de los casos, una persona del n\u00facleo cercano de la v\u00edctima: familiar, amigo, o figura de autoridad que enreda al ni\u00f1o o la ni\u00f1a en una compleja trama afectiva que lo paraliza\u201d, cuando no lo extorsiona y amenaza \u201cpara que calle\u201d.<\/p>\n<p>El mi\u00e9rcoles a las 20, DATA realizar\u00e1 un vivo de Instagram para dar detalles del proyecto y contestar preguntas en @derechoaltiempo.<\/p>\n","protected":false},"excerpt":{"rendered":"<p>La iniciativa presentada el pasado viernes en la C\u00e1mara baja propone tambi\u00e9n modificar la denominaci\u00f3n \u201cabuso sexual\u201d por la de \u201cviolencia sexual contra la infancia y\/o violencia sexual\u201d para adecuarse de esta manera a \u201clos tipos de violencias previstas en la Ley 26.485.<\/p>\n","protected":false},"author":3,"featured_media":75473,"comment_status":"closed","ping_status":"closed","sticky":false,"template":"","format":"standard","meta":{"footnotes":""},"categories":[57,24,26],"tags":[],"class_list":["post-75471","post","type-post","status-publish","format-standard","has-post-thumbnail","hentry","category-judiciales","category-politica","category-sociedad"],"yoast_head":"<!-- This site is optimized with the Yoast SEO plugin v25.9 - https:\/\/yoast.com\/wordpress\/plugins\/seo\/ -->\n<title>Proponen que no prescriban los delitos sexuales contra menores - Noticias Radio Reflejos<\/title>\n<meta name=\"robots\" content=\"index, follow, max-snippet:-1, max-image-preview:large, max-video-preview:-1\" \/>\n<link rel=\"canonical\" href=\"https:\/\/www.noticiasradioreflejos.com.ar\/2021\/proponen-que-no-prescriban-los-delitos-sexuales-contra-menores\/\" \/>\n<meta property=\"og:locale\" content=\"es_ES\" \/>\n<meta property=\"og:type\" content=\"article\" \/>\n<meta property=\"og:title\" content=\"Proponen que no prescriban los delitos sexuales contra menores - Noticias Radio Reflejos\" \/>\n<meta property=\"og:description\" content=\"La iniciativa presentada el pasado viernes en la C\u00e1mara baja propone tambi\u00e9n modificar la denominaci\u00f3n \u201cabuso sexual\u201d por la de \u201cviolencia sexual contra la infancia y\/o violencia sexual\u201d para adecuarse de esta manera a \u201clos tipos de violencias previstas en la Ley 26.485.\" \/>\n<meta property=\"og:url\" content=\"https:\/\/www.noticiasradioreflejos.com.ar\/2021\/proponen-que-no-prescriban-los-delitos-sexuales-contra-menores\/\" \/>\n<meta property=\"og:site_name\" content=\"Noticias Radio Reflejos\" \/>\n<meta property=\"article:published_time\" content=\"2022-07-25T10:28:36+00:00\" \/>\n<meta property=\"article:modified_time\" content=\"2022-07-25T11:10:30+00:00\" \/>\n<meta property=\"og:image\" content=\"https:\/\/www.noticiasradioreflejos.com.ar\/2021\/wp-content\/uploads\/2022\/07\/Abuso-de-menores.jpg\" \/>\n\t<meta property=\"og:image:width\" content=\"900\" \/>\n\t<meta property=\"og:image:height\" content=\"507\" \/>\n\t<meta property=\"og:image:type\" content=\"image\/jpeg\" \/>\n<meta name=\"author\" content=\"Arnaldo Botto\" \/>\n<meta name=\"twitter:card\" content=\"summary_large_image\" \/>\n<script type=\"application\/ld+json\" class=\"yoast-schema-graph\">{\"@context\":\"https:\/\/schema.org\",\"@graph\":[{\"@type\":\"WebPage\",\"@id\":\"https:\/\/www.noticiasradioreflejos.com.ar\/2021\/proponen-que-no-prescriban-los-delitos-sexuales-contra-menores\/\",\"url\":\"https:\/\/www.noticiasradioreflejos.com.ar\/2021\/proponen-que-no-prescriban-los-delitos-sexuales-contra-menores\/\",\"name\":\"Proponen que no prescriban los delitos sexuales contra menores - Noticias Radio Reflejos\",\"isPartOf\":{\"@id\":\"https:\/\/www.noticiasradioreflejos.com.ar\/2021\/#website\"},\"primaryImageOfPage\":{\"@id\":\"https:\/\/www.noticiasradioreflejos.com.ar\/2021\/proponen-que-no-prescriban-los-delitos-sexuales-contra-menores\/#primaryimage\"},\"image\":{\"@id\":\"https:\/\/www.noticiasradioreflejos.com.ar\/2021\/proponen-que-no-prescriban-los-delitos-sexuales-contra-menores\/#primaryimage\"},\"thumbnailUrl\":\"https:\/\/www.noticiasradioreflejos.com.ar\/2021\/wp-content\/uploads\/2022\/07\/Abuso-de-menores.jpg\",\"datePublished\":\"2022-07-25T10:28:36+00:00\",\"dateModified\":\"2022-07-25T11:10:30+00:00\",\"author\":{\"@id\":\"https:\/\/www.noticiasradioreflejos.com.ar\/2021\/#\/schema\/person\/ad82545263dcc5ec0996818884fd5fb1\"},\"breadcrumb\":{\"@id\":\"https:\/\/www.noticiasradioreflejos.com.ar\/2021\/proponen-que-no-prescriban-los-delitos-sexuales-contra-menores\/#breadcrumb\"},\"inLanguage\":\"es\",\"potentialAction\":[{\"@type\":\"ReadAction\",\"target\":[\"https:\/\/www.noticiasradioreflejos.com.ar\/2021\/proponen-que-no-prescriban-los-delitos-sexuales-contra-menores\/\"]}]},{\"@type\":\"ImageObject\",\"inLanguage\":\"es\",\"@id\":\"https:\/\/www.noticiasradioreflejos.com.ar\/2021\/proponen-que-no-prescriban-los-delitos-sexuales-contra-menores\/#primaryimage\",\"url\":\"https:\/\/www.noticiasradioreflejos.com.ar\/2021\/wp-content\/uploads\/2022\/07\/Abuso-de-menores.jpg\",\"contentUrl\":\"https:\/\/www.noticiasradioreflejos.com.ar\/2021\/wp-content\/uploads\/2022\/07\/Abuso-de-menores.jpg\",\"width\":900,\"height\":507},{\"@type\":\"BreadcrumbList\",\"@id\":\"https:\/\/www.noticiasradioreflejos.com.ar\/2021\/proponen-que-no-prescriban-los-delitos-sexuales-contra-menores\/#breadcrumb\",\"itemListElement\":[{\"@type\":\"ListItem\",\"position\":1,\"name\":\"Portada\",\"item\":\"https:\/\/www.noticiasradioreflejos.com.ar\/2021\/\"},{\"@type\":\"ListItem\",\"position\":2,\"name\":\"Proponen que no prescriban los delitos sexuales contra menores\"}]},{\"@type\":\"WebSite\",\"@id\":\"https:\/\/www.noticiasradioreflejos.com.ar\/2021\/#website\",\"url\":\"https:\/\/www.noticiasradioreflejos.com.ar\/2021\/\",\"name\":\"Noticias Radio Reflejos\",\"description\":\"Las noticias de mi comarca\",\"potentialAction\":[{\"@type\":\"SearchAction\",\"target\":{\"@type\":\"EntryPoint\",\"urlTemplate\":\"https:\/\/www.noticiasradioreflejos.com.ar\/2021\/?s={search_term_string}\"},\"query-input\":{\"@type\":\"PropertyValueSpecification\",\"valueRequired\":true,\"valueName\":\"search_term_string\"}}],\"inLanguage\":\"es\"},{\"@type\":\"Person\",\"@id\":\"https:\/\/www.noticiasradioreflejos.com.ar\/2021\/#\/schema\/person\/ad82545263dcc5ec0996818884fd5fb1\",\"name\":\"Arnaldo Botto\",\"image\":{\"@type\":\"ImageObject\",\"inLanguage\":\"es\",\"@id\":\"https:\/\/www.noticiasradioreflejos.com.ar\/2021\/#\/schema\/person\/image\/\",\"url\":\"https:\/\/secure.gravatar.com\/avatar\/55cb5e37c1efa326397366e6974cb338056df65cb50e7d64d1cf314e87504837?s=96&d=mm&r=g\",\"contentUrl\":\"https:\/\/secure.gravatar.com\/avatar\/55cb5e37c1efa326397366e6974cb338056df65cb50e7d64d1cf314e87504837?s=96&d=mm&r=g\",\"caption\":\"Arnaldo Botto\"},\"url\":\"https:\/\/www.noticiasradioreflejos.com.ar\/2021\/author\/arnaldo\/\"}]}<\/script>\n<!-- \/ Yoast SEO plugin. -->","yoast_head_json":{"title":"Proponen que no prescriban los delitos sexuales contra menores - Noticias Radio Reflejos","robots":{"index":"index","follow":"follow","max-snippet":"max-snippet:-1","max-image-preview":"max-image-preview:large","max-video-preview":"max-video-preview:-1"},"canonical":"https:\/\/www.noticiasradioreflejos.com.ar\/2021\/proponen-que-no-prescriban-los-delitos-sexuales-contra-menores\/","og_locale":"es_ES","og_type":"article","og_title":"Proponen que no prescriban los delitos sexuales contra menores - Noticias Radio Reflejos","og_description":"La iniciativa presentada el pasado viernes en la C\u00e1mara baja propone tambi\u00e9n modificar la denominaci\u00f3n \u201cabuso sexual\u201d por la de \u201cviolencia sexual contra la infancia y\/o violencia sexual\u201d para adecuarse de esta manera a \u201clos tipos de violencias previstas en la Ley 26.485.","og_url":"https:\/\/www.noticiasradioreflejos.com.ar\/2021\/proponen-que-no-prescriban-los-delitos-sexuales-contra-menores\/","og_site_name":"Noticias Radio Reflejos","article_published_time":"2022-07-25T10:28:36+00:00","article_modified_time":"2022-07-25T11:10:30+00:00","og_image":[{"width":900,"height":507,"url":"https:\/\/www.noticiasradioreflejos.com.ar\/2021\/wp-content\/uploads\/2022\/07\/Abuso-de-menores.jpg","type":"image\/jpeg"}],"author":"Arnaldo Botto","twitter_card":"summary_large_image","schema":{"@context":"https:\/\/schema.org","@graph":[{"@type":"WebPage","@id":"https:\/\/www.noticiasradioreflejos.com.ar\/2021\/proponen-que-no-prescriban-los-delitos-sexuales-contra-menores\/","url":"https:\/\/www.noticiasradioreflejos.com.ar\/2021\/proponen-que-no-prescriban-los-delitos-sexuales-contra-menores\/","name":"Proponen que no prescriban los delitos sexuales contra menores - Noticias Radio Reflejos","isPartOf":{"@id":"https:\/\/www.noticiasradioreflejos.com.ar\/2021\/#website"},"primaryImageOfPage":{"@id":"https:\/\/www.noticiasradioreflejos.com.ar\/2021\/proponen-que-no-prescriban-los-delitos-sexuales-contra-menores\/#primaryimage"},"image":{"@id":"https:\/\/www.noticiasradioreflejos.com.ar\/2021\/proponen-que-no-prescriban-los-delitos-sexuales-contra-menores\/#primaryimage"},"thumbnailUrl":"https:\/\/www.noticiasradioreflejos.com.ar\/2021\/wp-content\/uploads\/2022\/07\/Abuso-de-menores.jpg","datePublished":"2022-07-25T10:28:36+00:00","dateModified":"2022-07-25T11:10:30+00:00","author":{"@id":"https:\/\/www.noticiasradioreflejos.com.ar\/2021\/#\/schema\/person\/ad82545263dcc5ec0996818884fd5fb1"},"breadcrumb":{"@id":"https:\/\/www.noticiasradioreflejos.com.ar\/2021\/proponen-que-no-prescriban-los-delitos-sexuales-contra-menores\/#breadcrumb"},"inLanguage":"es","potentialAction":[{"@type":"ReadAction","target":["https:\/\/www.noticiasradioreflejos.com.ar\/2021\/proponen-que-no-prescriban-los-delitos-sexuales-contra-menores\/"]}]},{"@type":"ImageObject","inLanguage":"es","@id":"https:\/\/www.noticiasradioreflejos.com.ar\/2021\/proponen-que-no-prescriban-los-delitos-sexuales-contra-menores\/#primaryimage","url":"https:\/\/www.noticiasradioreflejos.com.ar\/2021\/wp-content\/uploads\/2022\/07\/Abuso-de-menores.jpg","contentUrl":"https:\/\/www.noticiasradioreflejos.com.ar\/2021\/wp-content\/uploads\/2022\/07\/Abuso-de-menores.jpg","width":900,"height":507},{"@type":"BreadcrumbList","@id":"https:\/\/www.noticiasradioreflejos.com.ar\/2021\/proponen-que-no-prescriban-los-delitos-sexuales-contra-menores\/#breadcrumb","itemListElement":[{"@type":"ListItem","position":1,"name":"Portada","item":"https:\/\/www.noticiasradioreflejos.com.ar\/2021\/"},{"@type":"ListItem","position":2,"name":"Proponen que no prescriban los delitos sexuales contra menores"}]},{"@type":"WebSite","@id":"https:\/\/www.noticiasradioreflejos.com.ar\/2021\/#website","url":"https:\/\/www.noticiasradioreflejos.com.ar\/2021\/","name":"Noticias Radio Reflejos","description":"Las noticias de mi comarca","potentialAction":[{"@type":"SearchAction","target":{"@type":"EntryPoint","urlTemplate":"https:\/\/www.noticiasradioreflejos.com.ar\/2021\/?s={search_term_string}"},"query-input":{"@type":"PropertyValueSpecification","valueRequired":true,"valueName":"search_term_string"}}],"inLanguage":"es"},{"@type":"Person","@id":"https:\/\/www.noticiasradioreflejos.com.ar\/2021\/#\/schema\/person\/ad82545263dcc5ec0996818884fd5fb1","name":"Arnaldo Botto","image":{"@type":"ImageObject","inLanguage":"es","@id":"https:\/\/www.noticiasradioreflejos.com.ar\/2021\/#\/schema\/person\/image\/","url":"https:\/\/secure.gravatar.com\/avatar\/55cb5e37c1efa326397366e6974cb338056df65cb50e7d64d1cf314e87504837?s=96&d=mm&r=g","contentUrl":"https:\/\/secure.gravatar.com\/avatar\/55cb5e37c1efa326397366e6974cb338056df65cb50e7d64d1cf314e87504837?s=96&d=mm&r=g","caption":"Arnaldo Botto"},"url":"https:\/\/www.noticiasradioreflejos.com.ar\/2021\/author\/arnaldo\/"}]}},"_links":{"self":[{"href":"https:\/\/www.noticiasradioreflejos.com.ar\/2021\/wp-json\/wp\/v2\/posts\/75471","targetHints":{"allow":["GET"]}}],"collection":[{"href":"https:\/\/www.noticiasradioreflejos.com.ar\/2021\/wp-json\/wp\/v2\/posts"}],"about":[{"href":"https:\/\/www.noticiasradioreflejos.com.ar\/2021\/wp-json\/wp\/v2\/types\/post"}],"author":[{"embeddable":true,"href":"https:\/\/www.noticiasradioreflejos.com.ar\/2021\/wp-json\/wp\/v2\/users\/3"}],"replies":[{"embeddable":true,"href":"https:\/\/www.noticiasradioreflejos.com.ar\/2021\/wp-json\/wp\/v2\/comments?post=75471"}],"version-history":[{"count":1,"href":"https:\/\/www.noticiasradioreflejos.com.ar\/2021\/wp-json\/wp\/v2\/posts\/75471\/revisions"}],"predecessor-version":[{"id":75472,"href":"https:\/\/www.noticiasradioreflejos.com.ar\/2021\/wp-json\/wp\/v2\/posts\/75471\/revisions\/75472"}],"wp:featuredmedia":[{"embeddable":true,"href":"https:\/\/www.noticiasradioreflejos.com.ar\/2021\/wp-json\/wp\/v2\/media\/75473"}],"wp:attachment":[{"href":"https:\/\/www.noticiasradioreflejos.com.ar\/2021\/wp-json\/wp\/v2\/media?parent=75471"}],"wp:term":[{"taxonomy":"category","embeddable":true,"href":"https:\/\/www.noticiasradioreflejos.com.ar\/2021\/wp-json\/wp\/v2\/categories?post=75471"},{"taxonomy":"post_tag","embeddable":true,"href":"https:\/\/www.noticiasradioreflejos.com.ar\/2021\/wp-json\/wp\/v2\/tags?post=75471"}],"curies":[{"name":"wp","href":"https:\/\/api.w.org\/{rel}","templated":true}]}}