{"id":75451,"date":"2022-07-23T15:27:53","date_gmt":"2022-07-23T15:27:53","guid":{"rendered":"http:\/\/www.noticiasradioreflejos.com.ar\/2021\/?p=75451"},"modified":"2022-07-23T15:29:50","modified_gmt":"2022-07-23T15:29:50","slug":"por-una-amenaza-de-bomba-en-un-avion-derivaron-el-vuelo-a-comodoro-rivadavia","status":"publish","type":"post","link":"https:\/\/www.noticiasradioreflejos.com.ar\/2021\/por-una-amenaza-de-bomba-en-un-avion-derivaron-el-vuelo-a-comodoro-rivadavia\/","title":{"rendered":"Por una amenaza de bomba en un avi\u00f3n, derivaron el vuelo a Comodoro Rivadavia"},"content":{"rendered":"<p>Se trata del vuelo AR1882 que se dirig\u00eda a Ushuaia con 172 pasajeros y seis tripulantes a bordo, el cual recibi\u00f3 la noticia de la amenaza cuando se encontraba a la altura del Golfo de San Jorge, por lo que se procedi\u00f3 a que aterrizara en el aeropuerto m\u00e1s cercano.<!--more--><\/p>\n<figure class=\"mb-3\"><img decoding=\"async\" src=\"https:\/\/www.telam.com.ar\/thumbs\/bluesteel\/advf\/imagenes\/2022\/07\/62dbf399f1c18_900.jpg\" alt=\"Foto Captura\" width=\"100%\" height=\"100%\" \/><\/p>\n<div class=\"media-icons\"><\/div><figcaption>Foto: Captura.<\/figcaption><\/figure>\n<p>Un avi\u00f3n de Aerol\u00edneas Argentinas que<strong>\u00a0se dirig\u00eda rumbo a Ushuaia\u00a0<\/strong>debi\u00f3 ser desviado al aeropuerto de Comodoro Rivadavia, en Chubut, ante un<strong>\u00a0llamado an\u00f3nimo al 911\u00a0<\/strong>que advirti\u00f3 por la presencia de una\u00a0<strong>bomba en el equipaje<\/strong>, informaron a T\u00e9lam fuentes de la compa\u00f1\u00eda.<\/p>\n<p>La Polic\u00eda de Seguridad Aeroportuaria (PSA), por su parte, indic\u00f3 que a las 7.40 debi\u00f3 aterrizar de emergencia en Comodoro Rivadavia el vuelo AR1882 de Aerol\u00edneas Argentinas que hab\u00eda despegado a las 4.46 desde Aeroparque con destino a Ushuaia, debido a que se recibi\u00f3 una amenaza de bomba telef\u00f3nica, a trav\u00e9s del 911 de la Ciudad de Buenos Aires, mientras el avi\u00f3n estaba en vuelo.<\/p>\n<p><strong>En momentos de recibir la alerta, al avi\u00f3n, un Boeing 737 Max con matr\u00edcula LVHKV, se encontraba a la altura del Golfo de San Jorge, por lo que el aeropuerto m\u00e1s cercano<\/strong>, de acuerdo al protocolo aeron\u00e1utico, era el de la ciudad chubutense, a donde se dirigi\u00f3 el comandante de la nave.<\/p>\n<p><strong>Se trata del vuelo AR1882 que ten\u00eda 172 pasajeros y seis tripulantes a bordo.<\/strong><\/p>\n<blockquote class=\"twitter-tweet\" data-width=\"500\" data-dnt=\"true\">\n<p lang=\"es\" dir=\"ltr\">Un avi\u00f3n de Aerol\u00edneas que se dirig\u00eda a Ushuaia debi\u00f3 ser desviado al aeropuerto de Comodoro Rivadavia, en Chubut, ante un llamado an\u00f3nimo al 911 que advirti\u00f3 por la presencia de una bomba en el equipaje<\/p>\n<p>\u26a0\ufe0f Los vuelos que deb\u00edan aterrizar en Comodoro fueron desviados a Trelew <a href=\"https:\/\/t.co\/hSSfoEO313\">pic.twitter.com\/hSSfoEO313<\/a><\/p>\n<p>&mdash; Agencia T\u00e9lam (@AgenciaTelam) <a href=\"https:\/\/twitter.com\/AgenciaTelam\/status\/1550829754005307392?ref_src=twsrc%5Etfw\">July 23, 2022<\/a><\/p><\/blockquote>\n<p><script async src=\"https:\/\/platform.twitter.com\/widgets.js\" charset=\"utf-8\"><\/script><\/p>\n<p>La Unidad Operacional de la PSA de Comodoro Rivadavia recibi\u00f3 la alerta a trav\u00e9s de una comunicaci\u00f3n de la Torre de control anticipando el arribo del vuelo de Aerol\u00edneas, y r\u00e1pidamente se conform\u00f3 el Comit\u00e9 Operativo de Emergencia, del que participan todos los organismos aeroportuarios.<\/p>\n<p>En primer lugar, seg\u00fan indic\u00f3 PSA,<strong>\u00a0se decidi\u00f3 dirigir la aeronave a un sector remoto de la aeroestaci\u00f3n\u00a0<\/strong>donde se encontraban el Servicio de Salvamento y Extinci\u00f3n de Incendios (SSEI) dependiente de la Administraci\u00f3n Nacional de Aviaci\u00f3n Civil (ANAC), oficiales de la PSA y personal de la brigada de explosivos de la Polic\u00eda de Chubut, como parte del Plan de Contingencias Aeroportuarias.<\/p>\n<p><strong>Con las precauciones del caso, se desembarc\u00f3 a toda la tripulaci\u00f3n y pasajeros y se los gui\u00f3 hacia el hall de arribos<\/strong>\u00a0del aeropuerto, mientras personal de la brigada de explosivos se dirigi\u00f3 al avi\u00f3n y comenz\u00f3 a examinar el equipaje, cabina y bodega de la aeronave, en un exhaustivo rastrillaje para detectar un posible artefacto explosivo, que hasta el momento no arroj\u00f3 novedades.<\/p>\n<p>Toda la operatoria se realiz\u00f3 con la permanente comunicaci\u00f3n con el juzgado Nacional en lo Criminal y Correccional N\u00b02 a cargo del juez Sebasti\u00e1n Ramos, quien interviene en la causa.<\/p>\n<p><a title=\"View Vuelo Aerol\u00edneas Argentinas: el comunicado de la PSA on Scribd\" href=\"https:\/\/www.scribd.com\/document\/583798603\/Vuelo-Aerolineas-Argentinas-el-comunicado-de-la-PSA#from_embed\">Vuelo Aerol\u00edneas Argentinas: el comunicado de la PSA<\/a>\u00a0by\u00a0<a title=\"View T\u00e9lam Web's profile on Scribd\" href=\"https:\/\/es.scribd.com\/user\/497640512\/Telam-Web#from_embed\">T\u00e9lam Web<\/a>\u00a0on Scribd<\/p>\n<p><iframe loading=\"lazy\" id=\"doc_65715\" class=\"scribd_iframe_embed\" title=\"Vuelo Aerol\u00edneas Argentinas: el comunicado de la PSA\" src=\"https:\/\/es.scribd.com\/embeds\/583798603\/content?start_page=1&amp;view_mode=scroll&amp;access_key=key-Qfk9zQokeSqhDQ0sy2Jk\" width=\"100%\" height=\"600\" frameborder=\"0\" scrolling=\"no\" data-auto-height=\"true\" data-aspect-ratio=\"0.7068965517241379\" data-mce-fragment=\"1\"><\/iframe><\/p>\n<div class=\"tags mt-4\">\n<p>ETIQUETAS:<\/p>\n<ul>\n<li class=\"blank\"><a href=\"https:\/\/www.telam.com.ar\/tags\/766-Aerol%C3%ADneas%20Argentinas\/noticias\">AEROL\u00cdNEAS ARGENTINAS<\/a><\/li>\n<\/ul>\n<\/div>\n","protected":false},"excerpt":{"rendered":"<p>Se trata del vuelo AR1882 que se dirig\u00eda a Ushuaia con 172 pasajeros y seis tripulantes a bordo, el cual recibi\u00f3 la noticia de la amenaza cuando se encontraba a la altura del Golfo de San Jorge, por lo que se procedi\u00f3 a que aterrizara en el aeropuerto m\u00e1s cercano.<\/p>\n","protected":false},"author":3,"featured_media":0,"comment_status":"closed","ping_status":"closed","sticky":false,"template":"","format":"standard","meta":{"footnotes":""},"categories":[29],"tags":[],"class_list":["post-75451","post","type-post","status-publish","format-standard","hentry","category-policiales"],"yoast_head":"<!-- This site is optimized with the Yoast SEO plugin v25.9 - https:\/\/yoast.com\/wordpress\/plugins\/seo\/ -->\n<title>Por una amenaza de bomba en un avi\u00f3n, derivaron el vuelo a Comodoro Rivadavia - Noticias Radio Reflejos<\/title>\n<meta name=\"robots\" content=\"index, follow, max-snippet:-1, max-image-preview:large, max-video-preview:-1\" \/>\n<link rel=\"canonical\" href=\"https:\/\/www.noticiasradioreflejos.com.ar\/2021\/por-una-amenaza-de-bomba-en-un-avion-derivaron-el-vuelo-a-comodoro-rivadavia\/\" \/>\n<meta property=\"og:locale\" content=\"es_ES\" \/>\n<meta property=\"og:type\" content=\"article\" \/>\n<meta property=\"og:title\" content=\"Por una amenaza de bomba en un avi\u00f3n, derivaron el vuelo a Comodoro Rivadavia - Noticias Radio Reflejos\" \/>\n<meta property=\"og:description\" content=\"Se trata del vuelo AR1882 que se dirig\u00eda a Ushuaia con 172 pasajeros y seis tripulantes a bordo, el cual recibi\u00f3 la noticia de la amenaza cuando se encontraba a la altura del Golfo de San Jorge, por lo que se procedi\u00f3 a que aterrizara en el aeropuerto m\u00e1s cercano.\" \/>\n<meta property=\"og:url\" content=\"https:\/\/www.noticiasradioreflejos.com.ar\/2021\/por-una-amenaza-de-bomba-en-un-avion-derivaron-el-vuelo-a-comodoro-rivadavia\/\" \/>\n<meta property=\"og:site_name\" content=\"Noticias Radio Reflejos\" \/>\n<meta property=\"article:published_time\" content=\"2022-07-23T15:27:53+00:00\" \/>\n<meta property=\"article:modified_time\" content=\"2022-07-23T15:29:50+00:00\" \/>\n<meta property=\"og:image\" content=\"https:\/\/www.telam.com.ar\/thumbs\/bluesteel\/advf\/imagenes\/2022\/07\/62dbf399f1c18_900.jpg\" \/>\n<meta name=\"author\" content=\"Arnaldo Botto\" \/>\n<meta name=\"twitter:card\" content=\"summary_large_image\" \/>\n<script type=\"application\/ld+json\" class=\"yoast-schema-graph\">{\"@context\":\"https:\/\/schema.org\",\"@graph\":[{\"@type\":\"WebPage\",\"@id\":\"https:\/\/www.noticiasradioreflejos.com.ar\/2021\/por-una-amenaza-de-bomba-en-un-avion-derivaron-el-vuelo-a-comodoro-rivadavia\/\",\"url\":\"https:\/\/www.noticiasradioreflejos.com.ar\/2021\/por-una-amenaza-de-bomba-en-un-avion-derivaron-el-vuelo-a-comodoro-rivadavia\/\",\"name\":\"Por una amenaza de bomba en un avi\u00f3n, derivaron el vuelo a Comodoro Rivadavia - Noticias Radio Reflejos\",\"isPartOf\":{\"@id\":\"https:\/\/www.noticiasradioreflejos.com.ar\/2021\/#website\"},\"primaryImageOfPage\":{\"@id\":\"https:\/\/www.noticiasradioreflejos.com.ar\/2021\/por-una-amenaza-de-bomba-en-un-avion-derivaron-el-vuelo-a-comodoro-rivadavia\/#primaryimage\"},\"image\":{\"@id\":\"https:\/\/www.noticiasradioreflejos.com.ar\/2021\/por-una-amenaza-de-bomba-en-un-avion-derivaron-el-vuelo-a-comodoro-rivadavia\/#primaryimage\"},\"thumbnailUrl\":\"https:\/\/www.telam.com.ar\/thumbs\/bluesteel\/advf\/imagenes\/2022\/07\/62dbf399f1c18_900.jpg\",\"datePublished\":\"2022-07-23T15:27:53+00:00\",\"dateModified\":\"2022-07-23T15:29:50+00:00\",\"author\":{\"@id\":\"https:\/\/www.noticiasradioreflejos.com.ar\/2021\/#\/schema\/person\/ad82545263dcc5ec0996818884fd5fb1\"},\"breadcrumb\":{\"@id\":\"https:\/\/www.noticiasradioreflejos.com.ar\/2021\/por-una-amenaza-de-bomba-en-un-avion-derivaron-el-vuelo-a-comodoro-rivadavia\/#breadcrumb\"},\"inLanguage\":\"es\",\"potentialAction\":[{\"@type\":\"ReadAction\",\"target\":[\"https:\/\/www.noticiasradioreflejos.com.ar\/2021\/por-una-amenaza-de-bomba-en-un-avion-derivaron-el-vuelo-a-comodoro-rivadavia\/\"]}]},{\"@type\":\"ImageObject\",\"inLanguage\":\"es\",\"@id\":\"https:\/\/www.noticiasradioreflejos.com.ar\/2021\/por-una-amenaza-de-bomba-en-un-avion-derivaron-el-vuelo-a-comodoro-rivadavia\/#primaryimage\",\"url\":\"https:\/\/www.telam.com.ar\/thumbs\/bluesteel\/advf\/imagenes\/2022\/07\/62dbf399f1c18_900.jpg\",\"contentUrl\":\"https:\/\/www.telam.com.ar\/thumbs\/bluesteel\/advf\/imagenes\/2022\/07\/62dbf399f1c18_900.jpg\"},{\"@type\":\"BreadcrumbList\",\"@id\":\"https:\/\/www.noticiasradioreflejos.com.ar\/2021\/por-una-amenaza-de-bomba-en-un-avion-derivaron-el-vuelo-a-comodoro-rivadavia\/#breadcrumb\",\"itemListElement\":[{\"@type\":\"ListItem\",\"position\":1,\"name\":\"Portada\",\"item\":\"https:\/\/www.noticiasradioreflejos.com.ar\/2021\/\"},{\"@type\":\"ListItem\",\"position\":2,\"name\":\"Por una amenaza de bomba en un avi\u00f3n, derivaron el vuelo a Comodoro Rivadavia\"}]},{\"@type\":\"WebSite\",\"@id\":\"https:\/\/www.noticiasradioreflejos.com.ar\/2021\/#website\",\"url\":\"https:\/\/www.noticiasradioreflejos.com.ar\/2021\/\",\"name\":\"Noticias Radio Reflejos\",\"description\":\"Las noticias de mi comarca\",\"potentialAction\":[{\"@type\":\"SearchAction\",\"target\":{\"@type\":\"EntryPoint\",\"urlTemplate\":\"https:\/\/www.noticiasradioreflejos.com.ar\/2021\/?s={search_term_string}\"},\"query-input\":{\"@type\":\"PropertyValueSpecification\",\"valueRequired\":true,\"valueName\":\"search_term_string\"}}],\"inLanguage\":\"es\"},{\"@type\":\"Person\",\"@id\":\"https:\/\/www.noticiasradioreflejos.com.ar\/2021\/#\/schema\/person\/ad82545263dcc5ec0996818884fd5fb1\",\"name\":\"Arnaldo Botto\",\"image\":{\"@type\":\"ImageObject\",\"inLanguage\":\"es\",\"@id\":\"https:\/\/www.noticiasradioreflejos.com.ar\/2021\/#\/schema\/person\/image\/\",\"url\":\"https:\/\/secure.gravatar.com\/avatar\/55cb5e37c1efa326397366e6974cb338056df65cb50e7d64d1cf314e87504837?s=96&d=mm&r=g\",\"contentUrl\":\"https:\/\/secure.gravatar.com\/avatar\/55cb5e37c1efa326397366e6974cb338056df65cb50e7d64d1cf314e87504837?s=96&d=mm&r=g\",\"caption\":\"Arnaldo Botto\"},\"url\":\"https:\/\/www.noticiasradioreflejos.com.ar\/2021\/author\/arnaldo\/\"}]}<\/script>\n<!-- \/ Yoast SEO plugin. -->","yoast_head_json":{"title":"Por una amenaza de bomba en un avi\u00f3n, derivaron el vuelo a Comodoro Rivadavia - Noticias Radio Reflejos","robots":{"index":"index","follow":"follow","max-snippet":"max-snippet:-1","max-image-preview":"max-image-preview:large","max-video-preview":"max-video-preview:-1"},"canonical":"https:\/\/www.noticiasradioreflejos.com.ar\/2021\/por-una-amenaza-de-bomba-en-un-avion-derivaron-el-vuelo-a-comodoro-rivadavia\/","og_locale":"es_ES","og_type":"article","og_title":"Por una amenaza de bomba en un avi\u00f3n, derivaron el vuelo a Comodoro Rivadavia - Noticias Radio Reflejos","og_description":"Se trata del vuelo AR1882 que se dirig\u00eda a Ushuaia con 172 pasajeros y seis tripulantes a bordo, el cual recibi\u00f3 la noticia de la amenaza cuando se encontraba a la altura del Golfo de San Jorge, por lo que se procedi\u00f3 a que aterrizara en el aeropuerto m\u00e1s cercano.","og_url":"https:\/\/www.noticiasradioreflejos.com.ar\/2021\/por-una-amenaza-de-bomba-en-un-avion-derivaron-el-vuelo-a-comodoro-rivadavia\/","og_site_name":"Noticias Radio Reflejos","article_published_time":"2022-07-23T15:27:53+00:00","article_modified_time":"2022-07-23T15:29:50+00:00","og_image":[{"url":"https:\/\/www.telam.com.ar\/thumbs\/bluesteel\/advf\/imagenes\/2022\/07\/62dbf399f1c18_900.jpg","type":"","width":"","height":""}],"author":"Arnaldo Botto","twitter_card":"summary_large_image","schema":{"@context":"https:\/\/schema.org","@graph":[{"@type":"WebPage","@id":"https:\/\/www.noticiasradioreflejos.com.ar\/2021\/por-una-amenaza-de-bomba-en-un-avion-derivaron-el-vuelo-a-comodoro-rivadavia\/","url":"https:\/\/www.noticiasradioreflejos.com.ar\/2021\/por-una-amenaza-de-bomba-en-un-avion-derivaron-el-vuelo-a-comodoro-rivadavia\/","name":"Por una amenaza de bomba en un avi\u00f3n, derivaron el vuelo a Comodoro Rivadavia - Noticias Radio Reflejos","isPartOf":{"@id":"https:\/\/www.noticiasradioreflejos.com.ar\/2021\/#website"},"primaryImageOfPage":{"@id":"https:\/\/www.noticiasradioreflejos.com.ar\/2021\/por-una-amenaza-de-bomba-en-un-avion-derivaron-el-vuelo-a-comodoro-rivadavia\/#primaryimage"},"image":{"@id":"https:\/\/www.noticiasradioreflejos.com.ar\/2021\/por-una-amenaza-de-bomba-en-un-avion-derivaron-el-vuelo-a-comodoro-rivadavia\/#primaryimage"},"thumbnailUrl":"https:\/\/www.telam.com.ar\/thumbs\/bluesteel\/advf\/imagenes\/2022\/07\/62dbf399f1c18_900.jpg","datePublished":"2022-07-23T15:27:53+00:00","dateModified":"2022-07-23T15:29:50+00:00","author":{"@id":"https:\/\/www.noticiasradioreflejos.com.ar\/2021\/#\/schema\/person\/ad82545263dcc5ec0996818884fd5fb1"},"breadcrumb":{"@id":"https:\/\/www.noticiasradioreflejos.com.ar\/2021\/por-una-amenaza-de-bomba-en-un-avion-derivaron-el-vuelo-a-comodoro-rivadavia\/#breadcrumb"},"inLanguage":"es","potentialAction":[{"@type":"ReadAction","target":["https:\/\/www.noticiasradioreflejos.com.ar\/2021\/por-una-amenaza-de-bomba-en-un-avion-derivaron-el-vuelo-a-comodoro-rivadavia\/"]}]},{"@type":"ImageObject","inLanguage":"es","@id":"https:\/\/www.noticiasradioreflejos.com.ar\/2021\/por-una-amenaza-de-bomba-en-un-avion-derivaron-el-vuelo-a-comodoro-rivadavia\/#primaryimage","url":"https:\/\/www.telam.com.ar\/thumbs\/bluesteel\/advf\/imagenes\/2022\/07\/62dbf399f1c18_900.jpg","contentUrl":"https:\/\/www.telam.com.ar\/thumbs\/bluesteel\/advf\/imagenes\/2022\/07\/62dbf399f1c18_900.jpg"},{"@type":"BreadcrumbList","@id":"https:\/\/www.noticiasradioreflejos.com.ar\/2021\/por-una-amenaza-de-bomba-en-un-avion-derivaron-el-vuelo-a-comodoro-rivadavia\/#breadcrumb","itemListElement":[{"@type":"ListItem","position":1,"name":"Portada","item":"https:\/\/www.noticiasradioreflejos.com.ar\/2021\/"},{"@type":"ListItem","position":2,"name":"Por una amenaza de bomba en un avi\u00f3n, derivaron el vuelo a Comodoro Rivadavia"}]},{"@type":"WebSite","@id":"https:\/\/www.noticiasradioreflejos.com.ar\/2021\/#website","url":"https:\/\/www.noticiasradioreflejos.com.ar\/2021\/","name":"Noticias Radio Reflejos","description":"Las noticias de mi comarca","potentialAction":[{"@type":"SearchAction","target":{"@type":"EntryPoint","urlTemplate":"https:\/\/www.noticiasradioreflejos.com.ar\/2021\/?s={search_term_string}"},"query-input":{"@type":"PropertyValueSpecification","valueRequired":true,"valueName":"search_term_string"}}],"inLanguage":"es"},{"@type":"Person","@id":"https:\/\/www.noticiasradioreflejos.com.ar\/2021\/#\/schema\/person\/ad82545263dcc5ec0996818884fd5fb1","name":"Arnaldo Botto","image":{"@type":"ImageObject","inLanguage":"es","@id":"https:\/\/www.noticiasradioreflejos.com.ar\/2021\/#\/schema\/person\/image\/","url":"https:\/\/secure.gravatar.com\/avatar\/55cb5e37c1efa326397366e6974cb338056df65cb50e7d64d1cf314e87504837?s=96&d=mm&r=g","contentUrl":"https:\/\/secure.gravatar.com\/avatar\/55cb5e37c1efa326397366e6974cb338056df65cb50e7d64d1cf314e87504837?s=96&d=mm&r=g","caption":"Arnaldo Botto"},"url":"https:\/\/www.noticiasradioreflejos.com.ar\/2021\/author\/arnaldo\/"}]}},"_links":{"self":[{"href":"https:\/\/www.noticiasradioreflejos.com.ar\/2021\/wp-json\/wp\/v2\/posts\/75451","targetHints":{"allow":["GET"]}}],"collection":[{"href":"https:\/\/www.noticiasradioreflejos.com.ar\/2021\/wp-json\/wp\/v2\/posts"}],"about":[{"href":"https:\/\/www.noticiasradioreflejos.com.ar\/2021\/wp-json\/wp\/v2\/types\/post"}],"author":[{"embeddable":true,"href":"https:\/\/www.noticiasradioreflejos.com.ar\/2021\/wp-json\/wp\/v2\/users\/3"}],"replies":[{"embeddable":true,"href":"https:\/\/www.noticiasradioreflejos.com.ar\/2021\/wp-json\/wp\/v2\/comments?post=75451"}],"version-history":[{"count":1,"href":"https:\/\/www.noticiasradioreflejos.com.ar\/2021\/wp-json\/wp\/v2\/posts\/75451\/revisions"}],"predecessor-version":[{"id":75453,"href":"https:\/\/www.noticiasradioreflejos.com.ar\/2021\/wp-json\/wp\/v2\/posts\/75451\/revisions\/75453"}],"wp:attachment":[{"href":"https:\/\/www.noticiasradioreflejos.com.ar\/2021\/wp-json\/wp\/v2\/media?parent=75451"}],"wp:term":[{"taxonomy":"category","embeddable":true,"href":"https:\/\/www.noticiasradioreflejos.com.ar\/2021\/wp-json\/wp\/v2\/categories?post=75451"},{"taxonomy":"post_tag","embeddable":true,"href":"https:\/\/www.noticiasradioreflejos.com.ar\/2021\/wp-json\/wp\/v2\/tags?post=75451"}],"curies":[{"name":"wp","href":"https:\/\/api.w.org\/{rel}","templated":true}]}}