{"id":75406,"date":"2022-07-22T17:45:41","date_gmt":"2022-07-22T17:45:41","guid":{"rendered":"http:\/\/www.noticiasradioreflejos.com.ar\/2021\/?p=75406"},"modified":"2022-07-23T11:58:51","modified_gmt":"2022-07-23T11:58:51","slug":"esta-tarde-se-presenta-el-tren-de-homero-en-sierra-de-la-ventana","status":"publish","type":"post","link":"https:\/\/www.noticiasradioreflejos.com.ar\/2021\/esta-tarde-se-presenta-el-tren-de-homero-en-sierra-de-la-ventana\/","title":{"rendered":"Esta tarde se presenta \u00abEl Tren de Homero\u00bb en Sierra de la Ventana"},"content":{"rendered":"<p>Adelantando todo lo que se vivir\u00e1 desde las 16hs en el Centro Cultural, Homero Bimbo brind\u00f3 detalles de la obra y de otros proyectos para grandes que tambi\u00e9n lleva adelante.<!--more--><\/p>\n<p><a title=\"El Tren de Homero (2)\" href=\"https:\/\/www.flickr.com\/photos\/182279889@N02\/52233986503\/in\/dateposted-public\/\" data-flickr-embed=\"true\"><img loading=\"lazy\" decoding=\"async\" src=\"https:\/\/live.staticflickr.com\/65535\/52233986503_2cd0b3502b_c.jpg\" alt=\"El Tren de Homero (2)\" width=\"800\" height=\"533\" \/><\/a><script async src=\"\/\/embedr.flickr.com\/assets\/client-code.js\" charset=\"utf-8\"><\/script><\/p>\n<p>Esta tarde, desde las 16hs El Tren de Homero llegar\u00e1 al Centro Cultural de Sierra de la Ventana, con un espect\u00e1culo consagrado y que nunca defrauda a los m\u00e1s chicos. Al respecto, su creador y actor principal, Homero Bimbo coment\u00f3 algunos detalles.<\/p>\n<p>Yendo directo al mensaje que vuelca la obra, asegur\u00f3 que \u201chabla sobre la diversidad, la comunicaci\u00f3n familiar, el valor de la amistad. Es un musical 100% escrito por nosotros. En otras localidades se han ido felices los chicos, as\u00ed que los invitamos a todos a que se acerquen\u201d.<\/p>\n<p>De igual forma reconoci\u00f3 que \u201cla sociedad ha cambiado para bien. Los chicos y chicas nos han demostrado que todo es mucho m\u00e1s simple. Estrenamos la obra en 2018 y parec\u00eda de otra \u00e9poca. Hoy calza perfecto. Estamos orgullosos por lo que genera\u201d.<\/p>\n<p>&nbsp;<\/p>\n<p><a title=\"El Tren de Homero (3)\" href=\"https:\/\/www.flickr.com\/photos\/182279889@N02\/52232987812\/in\/dateposted-public\/\" data-flickr-embed=\"true\"><img loading=\"lazy\" decoding=\"async\" src=\"https:\/\/live.staticflickr.com\/65535\/52232987812_599a04687c_c.jpg\" alt=\"El Tren de Homero (3)\" width=\"800\" height=\"480\" \/><\/a><\/p>\n<p>&nbsp;<\/p>\n<p>En otro pasaje de la charla admiti\u00f3 que \u201cla gente suele pensar que los trabajadores del arte lo hacen por hobbie, pero en realidad lleva mucho esfuerzo, mucho trabajo, estudio\u2026 se juntan muchas cosas. Con El Tren de Homero llevamos 10 a\u00f1os de esfuerzo. Reci\u00e9n ahora estamos generando una movida muy fuerte y lo podemos llevar a otros lugares\u201d.<\/p>\n<p>Al mismo tiempo confirm\u00f3 que \u201cadem\u00e1s de El Tren de Homero, tambi\u00e9n estamos trabajando en una obra para grandes, que se llama La Descamisada, que se ubica en un encuentro en el despacho de Eva Per\u00f3n en sus jornadas de trabajo. Es un unipersonal que est\u00e1 hermoso. Se ha presentado en Capital Federal y ahora la Provincia lo est\u00e1 llevando a distintos lugares\u201d.<\/p>\n<p>Por \u00faltimo no quiso perder la oportunidad de subrayar que \u201cpara m\u00ed es un honor poder contarles lo que hacemos. Me cri\u00f3 mi mam\u00e1, que qued\u00f3 viuda cuando yo estaba en su panza. Eso me marc\u00f3 mucho. Verla tan laburadora y haci\u00e9ndose cargo de una familia que se hab\u00eda quedado sin su pap\u00e1\u201d.<\/p>\n<p>&nbsp;<\/p>\n<p>&nbsp;<\/p>\n<p><iframe loading=\"lazy\" src=\"https:\/\/w.soundcloud.com\/player\/?url=https%3A\/\/api.soundcloud.com\/tracks\/1309919671&amp;color=%23ff5500&amp;auto_play=false&amp;hide_related=false&amp;show_comments=true&amp;show_user=true&amp;show_reposts=false&amp;show_teaser=true\" width=\"100%\" height=\"166\" frameborder=\"no\" scrolling=\"no\"><\/iframe><\/p>\n<div style=\"font-size: 10px; color: #cccccc; line-break: anywhere; word-break: normal; overflow: hidden; white-space: nowrap; text-overflow: ellipsis; font-family: Interstate,Lucida Grande,Lucida Sans Unicode,Lucida Sans,Garuda,Verdana,Tahoma,sans-serif; font-weight: 100;\"><a style=\"color: #cccccc; text-decoration: none;\" title=\"fmreflejos 103.7\" href=\"https:\/\/soundcloud.com\/fmreflejos-103-7\" target=\"_blank\" rel=\"noopener\">fmreflejos 103.7<\/a> \u00b7 <a style=\"color: #cccccc; text-decoration: none;\" title=\"NOTA HOMERO BAMBI\" href=\"https:\/\/soundcloud.com\/fmreflejos-103-7\/nota-homero\" target=\"_blank\" rel=\"noopener\">NOTA HOMERO BAMBI<\/a><\/div>\n<p><a title=\"El Tren de Homero (1)\" href=\"https:\/\/www.flickr.com\/photos\/182279889@N02\/52233986358\/in\/dateposted-public\/\" data-flickr-embed=\"true\"><img loading=\"lazy\" decoding=\"async\" src=\"https:\/\/live.staticflickr.com\/65535\/52233986358_4618a7332f_c.jpg\" alt=\"El Tren de Homero (1)\" width=\"800\" height=\"534\" \/><\/a><script async src=\"\/\/embedr.flickr.com\/assets\/client-code.js\" charset=\"utf-8\"><\/script><\/p>\n<p><a title=\"El Tren de Homero (2)\" href=\"https:\/\/www.flickr.com\/photos\/182279889@N02\/52233986448\/in\/dateposted-public\/\" data-flickr-embed=\"true\"><img loading=\"lazy\" decoding=\"async\" src=\"https:\/\/live.staticflickr.com\/65535\/52233986448_07b813b4d1_c.jpg\" alt=\"El Tren de Homero (2)\" width=\"800\" height=\"534\" \/><\/a><script async src=\"\/\/embedr.flickr.com\/assets\/client-code.js\" charset=\"utf-8\"><\/script><\/p>\n","protected":false},"excerpt":{"rendered":"<p>Adelantando todo lo que se vivir\u00e1 desde las 16hs en el Centro Cultural, Homero Bimbo brind\u00f3 detalles de la obra y de otros proyectos para grandes que tambi\u00e9n lleva adelante.<\/p>\n","protected":false},"author":3,"featured_media":0,"comment_status":"closed","ping_status":"closed","sticky":false,"template":"","format":"standard","meta":{"footnotes":""},"categories":[35,26,33],"tags":[],"class_list":["post-75406","post","type-post","status-publish","format-standard","hentry","category-cultura","category-sociedad","category-turismo"],"yoast_head":"<!-- This site is optimized with the Yoast SEO plugin v25.9 - https:\/\/yoast.com\/wordpress\/plugins\/seo\/ -->\n<title>Esta tarde se presenta &quot;El Tren de Homero&quot; en Sierra de la Ventana - Noticias Radio Reflejos<\/title>\n<meta name=\"robots\" content=\"index, follow, max-snippet:-1, max-image-preview:large, max-video-preview:-1\" \/>\n<link rel=\"canonical\" href=\"https:\/\/www.noticiasradioreflejos.com.ar\/2021\/esta-tarde-se-presenta-el-tren-de-homero-en-sierra-de-la-ventana\/\" \/>\n<meta property=\"og:locale\" content=\"es_ES\" \/>\n<meta property=\"og:type\" content=\"article\" \/>\n<meta property=\"og:title\" content=\"Esta tarde se presenta &quot;El Tren de Homero&quot; en Sierra de la Ventana - Noticias Radio Reflejos\" \/>\n<meta property=\"og:description\" content=\"Adelantando todo lo que se vivir\u00e1 desde las 16hs en el Centro Cultural, Homero Bimbo brind\u00f3 detalles de la obra y de otros proyectos para grandes que tambi\u00e9n lleva adelante.\" \/>\n<meta property=\"og:url\" content=\"https:\/\/www.noticiasradioreflejos.com.ar\/2021\/esta-tarde-se-presenta-el-tren-de-homero-en-sierra-de-la-ventana\/\" \/>\n<meta property=\"og:site_name\" content=\"Noticias Radio Reflejos\" \/>\n<meta property=\"article:published_time\" content=\"2022-07-22T17:45:41+00:00\" \/>\n<meta property=\"article:modified_time\" content=\"2022-07-23T11:58:51+00:00\" \/>\n<meta property=\"og:image\" content=\"https:\/\/live.staticflickr.com\/65535\/52233986503_2cd0b3502b_c.jpg\" \/>\n<meta name=\"author\" content=\"Arnaldo Botto\" \/>\n<meta name=\"twitter:card\" content=\"summary_large_image\" \/>\n<script type=\"application\/ld+json\" class=\"yoast-schema-graph\">{\"@context\":\"https:\/\/schema.org\",\"@graph\":[{\"@type\":\"WebPage\",\"@id\":\"https:\/\/www.noticiasradioreflejos.com.ar\/2021\/esta-tarde-se-presenta-el-tren-de-homero-en-sierra-de-la-ventana\/\",\"url\":\"https:\/\/www.noticiasradioreflejos.com.ar\/2021\/esta-tarde-se-presenta-el-tren-de-homero-en-sierra-de-la-ventana\/\",\"name\":\"Esta tarde se presenta \\\"El Tren de Homero\\\" en Sierra de la Ventana - Noticias Radio Reflejos\",\"isPartOf\":{\"@id\":\"https:\/\/www.noticiasradioreflejos.com.ar\/2021\/#website\"},\"primaryImageOfPage\":{\"@id\":\"https:\/\/www.noticiasradioreflejos.com.ar\/2021\/esta-tarde-se-presenta-el-tren-de-homero-en-sierra-de-la-ventana\/#primaryimage\"},\"image\":{\"@id\":\"https:\/\/www.noticiasradioreflejos.com.ar\/2021\/esta-tarde-se-presenta-el-tren-de-homero-en-sierra-de-la-ventana\/#primaryimage\"},\"thumbnailUrl\":\"https:\/\/live.staticflickr.com\/65535\/52233986503_2cd0b3502b_c.jpg\",\"datePublished\":\"2022-07-22T17:45:41+00:00\",\"dateModified\":\"2022-07-23T11:58:51+00:00\",\"author\":{\"@id\":\"https:\/\/www.noticiasradioreflejos.com.ar\/2021\/#\/schema\/person\/ad82545263dcc5ec0996818884fd5fb1\"},\"breadcrumb\":{\"@id\":\"https:\/\/www.noticiasradioreflejos.com.ar\/2021\/esta-tarde-se-presenta-el-tren-de-homero-en-sierra-de-la-ventana\/#breadcrumb\"},\"inLanguage\":\"es\",\"potentialAction\":[{\"@type\":\"ReadAction\",\"target\":[\"https:\/\/www.noticiasradioreflejos.com.ar\/2021\/esta-tarde-se-presenta-el-tren-de-homero-en-sierra-de-la-ventana\/\"]}]},{\"@type\":\"ImageObject\",\"inLanguage\":\"es\",\"@id\":\"https:\/\/www.noticiasradioreflejos.com.ar\/2021\/esta-tarde-se-presenta-el-tren-de-homero-en-sierra-de-la-ventana\/#primaryimage\",\"url\":\"https:\/\/live.staticflickr.com\/65535\/52233986503_2cd0b3502b_c.jpg\",\"contentUrl\":\"https:\/\/live.staticflickr.com\/65535\/52233986503_2cd0b3502b_c.jpg\"},{\"@type\":\"BreadcrumbList\",\"@id\":\"https:\/\/www.noticiasradioreflejos.com.ar\/2021\/esta-tarde-se-presenta-el-tren-de-homero-en-sierra-de-la-ventana\/#breadcrumb\",\"itemListElement\":[{\"@type\":\"ListItem\",\"position\":1,\"name\":\"Portada\",\"item\":\"https:\/\/www.noticiasradioreflejos.com.ar\/2021\/\"},{\"@type\":\"ListItem\",\"position\":2,\"name\":\"Esta tarde se presenta \u00abEl Tren de Homero\u00bb en Sierra de la Ventana\"}]},{\"@type\":\"WebSite\",\"@id\":\"https:\/\/www.noticiasradioreflejos.com.ar\/2021\/#website\",\"url\":\"https:\/\/www.noticiasradioreflejos.com.ar\/2021\/\",\"name\":\"Noticias Radio Reflejos\",\"description\":\"Las noticias de mi comarca\",\"potentialAction\":[{\"@type\":\"SearchAction\",\"target\":{\"@type\":\"EntryPoint\",\"urlTemplate\":\"https:\/\/www.noticiasradioreflejos.com.ar\/2021\/?s={search_term_string}\"},\"query-input\":{\"@type\":\"PropertyValueSpecification\",\"valueRequired\":true,\"valueName\":\"search_term_string\"}}],\"inLanguage\":\"es\"},{\"@type\":\"Person\",\"@id\":\"https:\/\/www.noticiasradioreflejos.com.ar\/2021\/#\/schema\/person\/ad82545263dcc5ec0996818884fd5fb1\",\"name\":\"Arnaldo Botto\",\"image\":{\"@type\":\"ImageObject\",\"inLanguage\":\"es\",\"@id\":\"https:\/\/www.noticiasradioreflejos.com.ar\/2021\/#\/schema\/person\/image\/\",\"url\":\"https:\/\/secure.gravatar.com\/avatar\/55cb5e37c1efa326397366e6974cb338056df65cb50e7d64d1cf314e87504837?s=96&d=mm&r=g\",\"contentUrl\":\"https:\/\/secure.gravatar.com\/avatar\/55cb5e37c1efa326397366e6974cb338056df65cb50e7d64d1cf314e87504837?s=96&d=mm&r=g\",\"caption\":\"Arnaldo Botto\"},\"url\":\"https:\/\/www.noticiasradioreflejos.com.ar\/2021\/author\/arnaldo\/\"}]}<\/script>\n<!-- \/ Yoast SEO plugin. -->","yoast_head_json":{"title":"Esta tarde se presenta \"El Tren de Homero\" en Sierra de la Ventana - Noticias Radio Reflejos","robots":{"index":"index","follow":"follow","max-snippet":"max-snippet:-1","max-image-preview":"max-image-preview:large","max-video-preview":"max-video-preview:-1"},"canonical":"https:\/\/www.noticiasradioreflejos.com.ar\/2021\/esta-tarde-se-presenta-el-tren-de-homero-en-sierra-de-la-ventana\/","og_locale":"es_ES","og_type":"article","og_title":"Esta tarde se presenta \"El Tren de Homero\" en Sierra de la Ventana - Noticias Radio Reflejos","og_description":"Adelantando todo lo que se vivir\u00e1 desde las 16hs en el Centro Cultural, Homero Bimbo brind\u00f3 detalles de la obra y de otros proyectos para grandes que tambi\u00e9n lleva adelante.","og_url":"https:\/\/www.noticiasradioreflejos.com.ar\/2021\/esta-tarde-se-presenta-el-tren-de-homero-en-sierra-de-la-ventana\/","og_site_name":"Noticias Radio Reflejos","article_published_time":"2022-07-22T17:45:41+00:00","article_modified_time":"2022-07-23T11:58:51+00:00","og_image":[{"url":"https:\/\/live.staticflickr.com\/65535\/52233986503_2cd0b3502b_c.jpg","type":"","width":"","height":""}],"author":"Arnaldo Botto","twitter_card":"summary_large_image","schema":{"@context":"https:\/\/schema.org","@graph":[{"@type":"WebPage","@id":"https:\/\/www.noticiasradioreflejos.com.ar\/2021\/esta-tarde-se-presenta-el-tren-de-homero-en-sierra-de-la-ventana\/","url":"https:\/\/www.noticiasradioreflejos.com.ar\/2021\/esta-tarde-se-presenta-el-tren-de-homero-en-sierra-de-la-ventana\/","name":"Esta tarde se presenta \"El Tren de Homero\" en Sierra de la Ventana - Noticias Radio Reflejos","isPartOf":{"@id":"https:\/\/www.noticiasradioreflejos.com.ar\/2021\/#website"},"primaryImageOfPage":{"@id":"https:\/\/www.noticiasradioreflejos.com.ar\/2021\/esta-tarde-se-presenta-el-tren-de-homero-en-sierra-de-la-ventana\/#primaryimage"},"image":{"@id":"https:\/\/www.noticiasradioreflejos.com.ar\/2021\/esta-tarde-se-presenta-el-tren-de-homero-en-sierra-de-la-ventana\/#primaryimage"},"thumbnailUrl":"https:\/\/live.staticflickr.com\/65535\/52233986503_2cd0b3502b_c.jpg","datePublished":"2022-07-22T17:45:41+00:00","dateModified":"2022-07-23T11:58:51+00:00","author":{"@id":"https:\/\/www.noticiasradioreflejos.com.ar\/2021\/#\/schema\/person\/ad82545263dcc5ec0996818884fd5fb1"},"breadcrumb":{"@id":"https:\/\/www.noticiasradioreflejos.com.ar\/2021\/esta-tarde-se-presenta-el-tren-de-homero-en-sierra-de-la-ventana\/#breadcrumb"},"inLanguage":"es","potentialAction":[{"@type":"ReadAction","target":["https:\/\/www.noticiasradioreflejos.com.ar\/2021\/esta-tarde-se-presenta-el-tren-de-homero-en-sierra-de-la-ventana\/"]}]},{"@type":"ImageObject","inLanguage":"es","@id":"https:\/\/www.noticiasradioreflejos.com.ar\/2021\/esta-tarde-se-presenta-el-tren-de-homero-en-sierra-de-la-ventana\/#primaryimage","url":"https:\/\/live.staticflickr.com\/65535\/52233986503_2cd0b3502b_c.jpg","contentUrl":"https:\/\/live.staticflickr.com\/65535\/52233986503_2cd0b3502b_c.jpg"},{"@type":"BreadcrumbList","@id":"https:\/\/www.noticiasradioreflejos.com.ar\/2021\/esta-tarde-se-presenta-el-tren-de-homero-en-sierra-de-la-ventana\/#breadcrumb","itemListElement":[{"@type":"ListItem","position":1,"name":"Portada","item":"https:\/\/www.noticiasradioreflejos.com.ar\/2021\/"},{"@type":"ListItem","position":2,"name":"Esta tarde se presenta \u00abEl Tren de Homero\u00bb en Sierra de la Ventana"}]},{"@type":"WebSite","@id":"https:\/\/www.noticiasradioreflejos.com.ar\/2021\/#website","url":"https:\/\/www.noticiasradioreflejos.com.ar\/2021\/","name":"Noticias Radio Reflejos","description":"Las noticias de mi comarca","potentialAction":[{"@type":"SearchAction","target":{"@type":"EntryPoint","urlTemplate":"https:\/\/www.noticiasradioreflejos.com.ar\/2021\/?s={search_term_string}"},"query-input":{"@type":"PropertyValueSpecification","valueRequired":true,"valueName":"search_term_string"}}],"inLanguage":"es"},{"@type":"Person","@id":"https:\/\/www.noticiasradioreflejos.com.ar\/2021\/#\/schema\/person\/ad82545263dcc5ec0996818884fd5fb1","name":"Arnaldo Botto","image":{"@type":"ImageObject","inLanguage":"es","@id":"https:\/\/www.noticiasradioreflejos.com.ar\/2021\/#\/schema\/person\/image\/","url":"https:\/\/secure.gravatar.com\/avatar\/55cb5e37c1efa326397366e6974cb338056df65cb50e7d64d1cf314e87504837?s=96&d=mm&r=g","contentUrl":"https:\/\/secure.gravatar.com\/avatar\/55cb5e37c1efa326397366e6974cb338056df65cb50e7d64d1cf314e87504837?s=96&d=mm&r=g","caption":"Arnaldo Botto"},"url":"https:\/\/www.noticiasradioreflejos.com.ar\/2021\/author\/arnaldo\/"}]}},"_links":{"self":[{"href":"https:\/\/www.noticiasradioreflejos.com.ar\/2021\/wp-json\/wp\/v2\/posts\/75406","targetHints":{"allow":["GET"]}}],"collection":[{"href":"https:\/\/www.noticiasradioreflejos.com.ar\/2021\/wp-json\/wp\/v2\/posts"}],"about":[{"href":"https:\/\/www.noticiasradioreflejos.com.ar\/2021\/wp-json\/wp\/v2\/types\/post"}],"author":[{"embeddable":true,"href":"https:\/\/www.noticiasradioreflejos.com.ar\/2021\/wp-json\/wp\/v2\/users\/3"}],"replies":[{"embeddable":true,"href":"https:\/\/www.noticiasradioreflejos.com.ar\/2021\/wp-json\/wp\/v2\/comments?post=75406"}],"version-history":[{"count":3,"href":"https:\/\/www.noticiasradioreflejos.com.ar\/2021\/wp-json\/wp\/v2\/posts\/75406\/revisions"}],"predecessor-version":[{"id":75416,"href":"https:\/\/www.noticiasradioreflejos.com.ar\/2021\/wp-json\/wp\/v2\/posts\/75406\/revisions\/75416"}],"wp:attachment":[{"href":"https:\/\/www.noticiasradioreflejos.com.ar\/2021\/wp-json\/wp\/v2\/media?parent=75406"}],"wp:term":[{"taxonomy":"category","embeddable":true,"href":"https:\/\/www.noticiasradioreflejos.com.ar\/2021\/wp-json\/wp\/v2\/categories?post=75406"},{"taxonomy":"post_tag","embeddable":true,"href":"https:\/\/www.noticiasradioreflejos.com.ar\/2021\/wp-json\/wp\/v2\/tags?post=75406"}],"curies":[{"name":"wp","href":"https:\/\/api.w.org\/{rel}","templated":true}]}}