{"id":75307,"date":"2022-07-19T18:12:44","date_gmt":"2022-07-19T18:12:44","guid":{"rendered":"http:\/\/www.noticiasradioreflejos.com.ar\/2021\/?p=75307"},"modified":"2022-07-19T18:12:44","modified_gmt":"2022-07-19T18:12:44","slug":"raverta-vamos-a-seguir-trabajando-para-que-en-nuestro-pais-no-haya-ninguna-persona-mayor-sin-un-ingreso","status":"publish","type":"post","link":"https:\/\/www.noticiasradioreflejos.com.ar\/2021\/raverta-vamos-a-seguir-trabajando-para-que-en-nuestro-pais-no-haya-ninguna-persona-mayor-sin-un-ingreso\/","title":{"rendered":"Raverta: \u00abVamos a seguir trabajando para que en nuestro pa\u00eds no haya ninguna persona mayor sin un ingreso\u00bb"},"content":{"rendered":"<p>En el marco de declaraciones radiales realizadas esta ma\u00f1ana, la directora ejecutiva de ANSES, Fernanda Raverta, se\u00f1al\u00f3 que la extensi\u00f3n del plazo de la moratoria vigente ser\u00e1 \u201chasta la sanci\u00f3n en el Congreso de una nueva ley de pago de deuda previsional\u201d.<!--more--><\/p>\n<p>De este modo, resalt\u00f3 que \u201ccon esta pr\u00f3rroga garantizamos que las mujeres de entre 60 y 64 a\u00f1os inclusive puedan continuar jubil\u00e1ndose con las condiciones vigentes\u201d.<\/p>\n<p>Asimismo, la titular de ANSES indic\u00f3: \u201cQueremos que haya una nueva ley que permita regularizar aportes porque son muchas las argentinas y argentinos que necesitan que el Estado les d\u00e9 la posibilidad de pagar esa deuda previsional para jubilarse\u201d.<\/p>\n<p>Finalmente, Raverta afirm\u00f3 que \u201cvamos a seguir trabajando para que en nuestro pa\u00eds no haya ninguna persona mayor sin un ingreso\u201d.<\/p>\n","protected":false},"excerpt":{"rendered":"<p>En el marco de declaraciones radiales realizadas esta ma\u00f1ana, la directora ejecutiva de ANSES, Fernanda Raverta, se\u00f1al\u00f3 que la extensi\u00f3n del plazo de la moratoria vigente ser\u00e1 \u201chasta la sanci\u00f3n en el Congreso de una nueva ley de pago de deuda previsional\u201d.<\/p>\n","protected":false},"author":3,"featured_media":0,"comment_status":"closed","ping_status":"closed","sticky":false,"template":"","format":"standard","meta":{"footnotes":""},"categories":[25],"tags":[],"class_list":["post-75307","post","type-post","status-publish","format-standard","hentry","category-uncategorized"],"yoast_head":"<!-- This site is optimized with the Yoast SEO plugin v25.9 - https:\/\/yoast.com\/wordpress\/plugins\/seo\/ -->\n<title>Raverta: &quot;Vamos a seguir trabajando para que en nuestro pa\u00eds no haya ninguna persona mayor sin un ingreso&quot; - Noticias Radio Reflejos<\/title>\n<meta name=\"robots\" content=\"index, follow, max-snippet:-1, max-image-preview:large, max-video-preview:-1\" \/>\n<link rel=\"canonical\" href=\"https:\/\/www.noticiasradioreflejos.com.ar\/2021\/raverta-vamos-a-seguir-trabajando-para-que-en-nuestro-pais-no-haya-ninguna-persona-mayor-sin-un-ingreso\/\" \/>\n<meta property=\"og:locale\" content=\"es_ES\" \/>\n<meta property=\"og:type\" content=\"article\" \/>\n<meta property=\"og:title\" content=\"Raverta: &quot;Vamos a seguir trabajando para que en nuestro pa\u00eds no haya ninguna persona mayor sin un ingreso&quot; - Noticias Radio Reflejos\" \/>\n<meta property=\"og:description\" content=\"En el marco de declaraciones radiales realizadas esta ma\u00f1ana, la directora ejecutiva de ANSES, Fernanda Raverta, se\u00f1al\u00f3 que la extensi\u00f3n del plazo de la moratoria vigente ser\u00e1 \u201chasta la sanci\u00f3n en el Congreso de una nueva ley de pago de deuda previsional\u201d.\" \/>\n<meta property=\"og:url\" content=\"https:\/\/www.noticiasradioreflejos.com.ar\/2021\/raverta-vamos-a-seguir-trabajando-para-que-en-nuestro-pais-no-haya-ninguna-persona-mayor-sin-un-ingreso\/\" \/>\n<meta property=\"og:site_name\" content=\"Noticias Radio Reflejos\" \/>\n<meta property=\"article:published_time\" content=\"2022-07-19T18:12:44+00:00\" \/>\n<meta property=\"og:image\" content=\"https:\/\/www.noticiasradioreflejos.com.ar\/2021\/wp-content\/uploads\/2021\/07\/logosol300x200.png\" \/>\n\t<meta property=\"og:image:width\" content=\"300\" \/>\n\t<meta property=\"og:image:height\" content=\"200\" \/>\n\t<meta property=\"og:image:type\" content=\"image\/png\" \/>\n<meta name=\"author\" content=\"Arnaldo Botto\" \/>\n<meta name=\"twitter:card\" content=\"summary_large_image\" \/>\n<script type=\"application\/ld+json\" class=\"yoast-schema-graph\">{\"@context\":\"https:\/\/schema.org\",\"@graph\":[{\"@type\":\"WebPage\",\"@id\":\"https:\/\/www.noticiasradioreflejos.com.ar\/2021\/raverta-vamos-a-seguir-trabajando-para-que-en-nuestro-pais-no-haya-ninguna-persona-mayor-sin-un-ingreso\/\",\"url\":\"https:\/\/www.noticiasradioreflejos.com.ar\/2021\/raverta-vamos-a-seguir-trabajando-para-que-en-nuestro-pais-no-haya-ninguna-persona-mayor-sin-un-ingreso\/\",\"name\":\"Raverta: \\\"Vamos a seguir trabajando para que en nuestro pa\u00eds no haya ninguna persona mayor sin un ingreso\\\" - Noticias Radio Reflejos\",\"isPartOf\":{\"@id\":\"https:\/\/www.noticiasradioreflejos.com.ar\/2021\/#website\"},\"datePublished\":\"2022-07-19T18:12:44+00:00\",\"author\":{\"@id\":\"https:\/\/www.noticiasradioreflejos.com.ar\/2021\/#\/schema\/person\/ad82545263dcc5ec0996818884fd5fb1\"},\"breadcrumb\":{\"@id\":\"https:\/\/www.noticiasradioreflejos.com.ar\/2021\/raverta-vamos-a-seguir-trabajando-para-que-en-nuestro-pais-no-haya-ninguna-persona-mayor-sin-un-ingreso\/#breadcrumb\"},\"inLanguage\":\"es\",\"potentialAction\":[{\"@type\":\"ReadAction\",\"target\":[\"https:\/\/www.noticiasradioreflejos.com.ar\/2021\/raverta-vamos-a-seguir-trabajando-para-que-en-nuestro-pais-no-haya-ninguna-persona-mayor-sin-un-ingreso\/\"]}]},{\"@type\":\"BreadcrumbList\",\"@id\":\"https:\/\/www.noticiasradioreflejos.com.ar\/2021\/raverta-vamos-a-seguir-trabajando-para-que-en-nuestro-pais-no-haya-ninguna-persona-mayor-sin-un-ingreso\/#breadcrumb\",\"itemListElement\":[{\"@type\":\"ListItem\",\"position\":1,\"name\":\"Portada\",\"item\":\"https:\/\/www.noticiasradioreflejos.com.ar\/2021\/\"},{\"@type\":\"ListItem\",\"position\":2,\"name\":\"Raverta: \u00abVamos a seguir trabajando para que en nuestro pa\u00eds no haya ninguna persona mayor sin un ingreso\u00bb\"}]},{\"@type\":\"WebSite\",\"@id\":\"https:\/\/www.noticiasradioreflejos.com.ar\/2021\/#website\",\"url\":\"https:\/\/www.noticiasradioreflejos.com.ar\/2021\/\",\"name\":\"Noticias Radio Reflejos\",\"description\":\"Las noticias de mi comarca\",\"potentialAction\":[{\"@type\":\"SearchAction\",\"target\":{\"@type\":\"EntryPoint\",\"urlTemplate\":\"https:\/\/www.noticiasradioreflejos.com.ar\/2021\/?s={search_term_string}\"},\"query-input\":{\"@type\":\"PropertyValueSpecification\",\"valueRequired\":true,\"valueName\":\"search_term_string\"}}],\"inLanguage\":\"es\"},{\"@type\":\"Person\",\"@id\":\"https:\/\/www.noticiasradioreflejos.com.ar\/2021\/#\/schema\/person\/ad82545263dcc5ec0996818884fd5fb1\",\"name\":\"Arnaldo Botto\",\"image\":{\"@type\":\"ImageObject\",\"inLanguage\":\"es\",\"@id\":\"https:\/\/www.noticiasradioreflejos.com.ar\/2021\/#\/schema\/person\/image\/\",\"url\":\"https:\/\/secure.gravatar.com\/avatar\/55cb5e37c1efa326397366e6974cb338056df65cb50e7d64d1cf314e87504837?s=96&d=mm&r=g\",\"contentUrl\":\"https:\/\/secure.gravatar.com\/avatar\/55cb5e37c1efa326397366e6974cb338056df65cb50e7d64d1cf314e87504837?s=96&d=mm&r=g\",\"caption\":\"Arnaldo Botto\"},\"url\":\"https:\/\/www.noticiasradioreflejos.com.ar\/2021\/author\/arnaldo\/\"}]}<\/script>\n<!-- \/ Yoast SEO plugin. -->","yoast_head_json":{"title":"Raverta: \"Vamos a seguir trabajando para que en nuestro pa\u00eds no haya ninguna persona mayor sin un ingreso\" - Noticias Radio Reflejos","robots":{"index":"index","follow":"follow","max-snippet":"max-snippet:-1","max-image-preview":"max-image-preview:large","max-video-preview":"max-video-preview:-1"},"canonical":"https:\/\/www.noticiasradioreflejos.com.ar\/2021\/raverta-vamos-a-seguir-trabajando-para-que-en-nuestro-pais-no-haya-ninguna-persona-mayor-sin-un-ingreso\/","og_locale":"es_ES","og_type":"article","og_title":"Raverta: \"Vamos a seguir trabajando para que en nuestro pa\u00eds no haya ninguna persona mayor sin un ingreso\" - Noticias Radio Reflejos","og_description":"En el marco de declaraciones radiales realizadas esta ma\u00f1ana, la directora ejecutiva de ANSES, Fernanda Raverta, se\u00f1al\u00f3 que la extensi\u00f3n del plazo de la moratoria vigente ser\u00e1 \u201chasta la sanci\u00f3n en el Congreso de una nueva ley de pago de deuda previsional\u201d.","og_url":"https:\/\/www.noticiasradioreflejos.com.ar\/2021\/raverta-vamos-a-seguir-trabajando-para-que-en-nuestro-pais-no-haya-ninguna-persona-mayor-sin-un-ingreso\/","og_site_name":"Noticias Radio Reflejos","article_published_time":"2022-07-19T18:12:44+00:00","og_image":[{"width":300,"height":200,"url":"https:\/\/www.noticiasradioreflejos.com.ar\/2021\/wp-content\/uploads\/2021\/07\/logosol300x200.png","type":"image\/png"}],"author":"Arnaldo Botto","twitter_card":"summary_large_image","schema":{"@context":"https:\/\/schema.org","@graph":[{"@type":"WebPage","@id":"https:\/\/www.noticiasradioreflejos.com.ar\/2021\/raverta-vamos-a-seguir-trabajando-para-que-en-nuestro-pais-no-haya-ninguna-persona-mayor-sin-un-ingreso\/","url":"https:\/\/www.noticiasradioreflejos.com.ar\/2021\/raverta-vamos-a-seguir-trabajando-para-que-en-nuestro-pais-no-haya-ninguna-persona-mayor-sin-un-ingreso\/","name":"Raverta: \"Vamos a seguir trabajando para que en nuestro pa\u00eds no haya ninguna persona mayor sin un ingreso\" - Noticias Radio Reflejos","isPartOf":{"@id":"https:\/\/www.noticiasradioreflejos.com.ar\/2021\/#website"},"datePublished":"2022-07-19T18:12:44+00:00","author":{"@id":"https:\/\/www.noticiasradioreflejos.com.ar\/2021\/#\/schema\/person\/ad82545263dcc5ec0996818884fd5fb1"},"breadcrumb":{"@id":"https:\/\/www.noticiasradioreflejos.com.ar\/2021\/raverta-vamos-a-seguir-trabajando-para-que-en-nuestro-pais-no-haya-ninguna-persona-mayor-sin-un-ingreso\/#breadcrumb"},"inLanguage":"es","potentialAction":[{"@type":"ReadAction","target":["https:\/\/www.noticiasradioreflejos.com.ar\/2021\/raverta-vamos-a-seguir-trabajando-para-que-en-nuestro-pais-no-haya-ninguna-persona-mayor-sin-un-ingreso\/"]}]},{"@type":"BreadcrumbList","@id":"https:\/\/www.noticiasradioreflejos.com.ar\/2021\/raverta-vamos-a-seguir-trabajando-para-que-en-nuestro-pais-no-haya-ninguna-persona-mayor-sin-un-ingreso\/#breadcrumb","itemListElement":[{"@type":"ListItem","position":1,"name":"Portada","item":"https:\/\/www.noticiasradioreflejos.com.ar\/2021\/"},{"@type":"ListItem","position":2,"name":"Raverta: \u00abVamos a seguir trabajando para que en nuestro pa\u00eds no haya ninguna persona mayor sin un ingreso\u00bb"}]},{"@type":"WebSite","@id":"https:\/\/www.noticiasradioreflejos.com.ar\/2021\/#website","url":"https:\/\/www.noticiasradioreflejos.com.ar\/2021\/","name":"Noticias Radio Reflejos","description":"Las noticias de mi comarca","potentialAction":[{"@type":"SearchAction","target":{"@type":"EntryPoint","urlTemplate":"https:\/\/www.noticiasradioreflejos.com.ar\/2021\/?s={search_term_string}"},"query-input":{"@type":"PropertyValueSpecification","valueRequired":true,"valueName":"search_term_string"}}],"inLanguage":"es"},{"@type":"Person","@id":"https:\/\/www.noticiasradioreflejos.com.ar\/2021\/#\/schema\/person\/ad82545263dcc5ec0996818884fd5fb1","name":"Arnaldo Botto","image":{"@type":"ImageObject","inLanguage":"es","@id":"https:\/\/www.noticiasradioreflejos.com.ar\/2021\/#\/schema\/person\/image\/","url":"https:\/\/secure.gravatar.com\/avatar\/55cb5e37c1efa326397366e6974cb338056df65cb50e7d64d1cf314e87504837?s=96&d=mm&r=g","contentUrl":"https:\/\/secure.gravatar.com\/avatar\/55cb5e37c1efa326397366e6974cb338056df65cb50e7d64d1cf314e87504837?s=96&d=mm&r=g","caption":"Arnaldo Botto"},"url":"https:\/\/www.noticiasradioreflejos.com.ar\/2021\/author\/arnaldo\/"}]}},"_links":{"self":[{"href":"https:\/\/www.noticiasradioreflejos.com.ar\/2021\/wp-json\/wp\/v2\/posts\/75307","targetHints":{"allow":["GET"]}}],"collection":[{"href":"https:\/\/www.noticiasradioreflejos.com.ar\/2021\/wp-json\/wp\/v2\/posts"}],"about":[{"href":"https:\/\/www.noticiasradioreflejos.com.ar\/2021\/wp-json\/wp\/v2\/types\/post"}],"author":[{"embeddable":true,"href":"https:\/\/www.noticiasradioreflejos.com.ar\/2021\/wp-json\/wp\/v2\/users\/3"}],"replies":[{"embeddable":true,"href":"https:\/\/www.noticiasradioreflejos.com.ar\/2021\/wp-json\/wp\/v2\/comments?post=75307"}],"version-history":[{"count":1,"href":"https:\/\/www.noticiasradioreflejos.com.ar\/2021\/wp-json\/wp\/v2\/posts\/75307\/revisions"}],"predecessor-version":[{"id":75309,"href":"https:\/\/www.noticiasradioreflejos.com.ar\/2021\/wp-json\/wp\/v2\/posts\/75307\/revisions\/75309"}],"wp:attachment":[{"href":"https:\/\/www.noticiasradioreflejos.com.ar\/2021\/wp-json\/wp\/v2\/media?parent=75307"}],"wp:term":[{"taxonomy":"category","embeddable":true,"href":"https:\/\/www.noticiasradioreflejos.com.ar\/2021\/wp-json\/wp\/v2\/categories?post=75307"},{"taxonomy":"post_tag","embeddable":true,"href":"https:\/\/www.noticiasradioreflejos.com.ar\/2021\/wp-json\/wp\/v2\/tags?post=75307"}],"curies":[{"name":"wp","href":"https:\/\/api.w.org\/{rel}","templated":true}]}}