{"id":75295,"date":"2022-07-19T11:34:15","date_gmt":"2022-07-19T11:34:15","guid":{"rendered":"http:\/\/www.noticiasradioreflejos.com.ar\/2021\/?p=75295"},"modified":"2022-07-19T11:34:15","modified_gmt":"2022-07-19T11:34:15","slug":"jubilaciones-el-gobierno-decidio-extender-la-moratoria-previsional","status":"publish","type":"post","link":"https:\/\/www.noticiasradioreflejos.com.ar\/2021\/jubilaciones-el-gobierno-decidio-extender-la-moratoria-previsional\/","title":{"rendered":"Jubilaciones: el Gobierno decidi\u00f3 extender la moratoria previsional"},"content":{"rendered":"<div class=\"section-2-col article-header\">\n<div class=\"col 2-col\">\n<p>La extensi\u00f3n ser\u00e1 hasta que se firme una nueva ley en el Congreso nacional. Si no se prorrogaba, nueve de cada 10 mujeres de entre 55 y 59 a\u00f1os y siete de cada 10 varones de entre 60 y 64 a\u00f1os iban a quedar a la deriva.<\/p>\n<\/div>\n<\/div>\n<p><!--more--><\/p>\n<div class=\"section-2-col article-main-image\">\n<div class=\"col 2-col\">\n<div class=\"article-main-media-image__container\">\n<div class=\"image-wrapper\">\n<figure>\n<figure class=\"object-fit-block--contain intrinsic-container intrinsic-container-3x2\"><img decoding=\"async\" class=\" \" src=\"https:\/\/images.pagina12.com.ar\/styles\/focal_3_2_960x640\/public\/2022-07\/589341-whatsapp-20image-202022-07-18-20at-208-14-28-20pm.jpeg?itok=lQLHsQ5b\" alt=\"\" \/><\/figure>\n<\/figure>\n<\/div>\n<\/div>\n<\/div>\n<\/div>\n<div class=\"section-2-col article-main-content\">\n<div class=\"col 1-col\"><\/div>\n<div class=\"col 2-col\">\n<div class=\"article-main-content article-text \">\n<p><b>El Gobierno Nacional extender\u00e1 a trav\u00e9s de un decreto<\/b>\u00a0la moratoria previsional sancionada en 2014,\u00a0<b>cuyo vencimiento estaba previsto para el pr\u00f3ximo 23 de julio<\/b>. As\u00ed lo decidi\u00f3 el presidente\u00a0<b>Alberto Fern\u00e1ndez<\/b>\u00a0este lunes por la tarde, tras reunirse en Casa Rosada con la directora de la Administraci\u00f3n Nacional de la Seguridad Social (ANSES),\u00a0<b>Fernanda Raverta<\/b>. En este contexto, el mandatario determin\u00f3 extender el plazo\u00a0<b>hasta que el Congreso sancione una nueva Ley.<\/b><\/p>\n<p>\u00abLa moratoria previsional fue\u00a0<b>una pol\u00edtica indispensable<\/b>\u00a0en la Argentina para garantizar que millones de mujeres mayores puedan acceder a su jubilaci\u00f3n. De este modo, el Gobierno nacional reforz\u00f3 el compromiso de garantizar que todas las personas mayores, despu\u00e9s de toda una vida de trabajo, puedan acceder a su jubilaci\u00f3n\u00bb, remarcaron desde Casa Rosada.<\/p>\n<div id=\"talkFireEvent\"><\/div>\n<p>La legislaci\u00f3n vigente, la\u00a0<b>Ley 26.970<\/b>, sancionada el 27 de agosto de 2014, beneficia a quienes est\u00e1n en edad de jubilarse, pero no cumplen con los 30 a\u00f1os de aportes, permitiendo regularizar los aportes por el per\u00edodo que va desde 1993 al 2003 con un plan de pagos de 60 cuotas, que se descuentan del haber previsional.<\/p>\n<p>De no prorrogarse,\u00a0<b>nueve de cada 10 mujeres de entre 55 y 59 a\u00f1os y siete de cada 10 varones de entre 60 y 64 a\u00f1os iban a quedar a la deriva<\/b>, sin acceder a la jubilaci\u00f3n por no reunir los a\u00f1os de aportes requeridos.<\/p>\n<p>A comienzos de junio, la diputada del Frente de Todos por la Ciudad de Buenos Aires,\u00a0<b>Gisela Marziotta<\/b>, present\u00f3\u00a0<b>un proyecto de ley para extender la moratoria<\/b>. Adem\u00e1s, propuso que la posibilidad de acceder a la misma se encuentre en vigencia hasta que se apruebe un nuevo r\u00e9gimen permanente de regularizaci\u00f3n de aportes previsionales.<\/p>\n<p>\u00abCelebramos esta decisi\u00f3n del Gobierno, era lo que esper\u00e1bamos\u00a0<b>en funci\u00f3n de lo que somos y de d\u00f3nde venimos<\/b>. (La moratoria)\u00a0<b>es un derecho que se instaur\u00f3 con N\u00e9stor Kirchner y que prosigui\u00f3 durante el mandato de Cristina Fern\u00e1ndez de Kirchner<\/b>\u00ab, apunt\u00f3 Marziotta este lunes, en di\u00e1logo con<b>\u00a0P\u00e1gina12.<\/b><\/p>\n<p>Y remarc\u00f3: \u00abPara nosotros, para el Frente de Todos, que somos peronistas y justicialistas, esta extensi\u00f3n es\u00a0<b>una pol\u00edtica de Estado<\/b>\u00ab.<\/p>\n<p>En esta l\u00ednea, Marziotta explic\u00f3 que el nuevo proyecto de moratoria aprobado en el Senado el 30 de junio pasado\u00a0<b>\u00abest\u00e1 en condiciones de ser debatido<\/b>\u00ab.<\/p>\n<p>\u00abEl proyecto, que\u00a0<b>ya tiene media sanci\u00f3n<\/b>, est\u00e1 en condiciones para ser debatido. La semana pasada tuvimos reuniones informativas, y esperamos que los integrantes de la oposici\u00f3n\u00a0<b>acompa\u00f1en esta necesidad<\/b>\u00ab, manifest\u00f3 sobre el plan de pagos impulsado por senadores del kirchnerismo.<\/p>\n<p>Y agreg\u00f3: \u00abM\u00e1s all\u00e1 de esta celebraci\u00f3n, lo que hay que trabajar es mejorar las condiciones para que los trabajadores y trabajadoras<b>\u00a0no necesiten una moratoria<\/b>. Hay que garantizar que todos los trabajadores<b>\u00a0lleguen a los 30 a\u00f1os de aportes<\/b>\u00ab.<\/p>\n<p>Por su lado, la diputada<b>\u00a0Paula Penacca<\/b>, quien d\u00edas atr\u00e1s acompa\u00f1\u00f3 a Marziotta en una recorrida por la Ciudad para dialogar con los vecinos sobre la necesidad de extender la moratoria, escribi\u00f3 en Twitter: \u00abCelebramos la decisi\u00f3n de extender la moratoria previsional que est\u00e1 pr\u00f3xima a vencerse. Vamos a seguir trabajando para mejorar las condiciones y garantizar el acceso al derecho a la jubilaci\u00f3n de todos y todas\u00bb.<\/p>\n<p>A fines de junio, la\u00a0<b>C\u00e1mara de Senadores<\/b>\u00a0aprob\u00f3 el proyecto de ley presentado por el interbloque del Frente de Todos que crea el\u00a0<b>\u00abPlan de Pago de Deuda Previsional\u00bb<\/b>, para regularizar el ingreso de aportes previsionales de personas en edad de jubilarse y que tengan faltantes en los pagos para el acceso a las prestaciones.<\/p>\n<p>La iniciativa recibi\u00f3<b>\u00a038 votos a favor<\/b>\u00a0(del oficialismo, sus aliados, y de la senadora de C\u00f3rdoba Federal, Alejandra Vigo), seis en contra y 18 abstenciones aportadas por el interbloque de Juntos por el Cambio.<\/p>\n<p>La misma contempla un<b>\u00a0plan de pagos mensual<\/b>\u00a0equivalente al 29 por ciento de la remuneraci\u00f3n m\u00ednima imponible y que ser\u00e1 descontado de manera directa del haber jubilatorio que se obtenga a trav\u00e9s del programa. Esto es para el caso de las personas que est\u00e9n en edad de jubilarse y\u00a0<b>no tengan los 30 a\u00f1os de aportes<\/b>, pero tambi\u00e9n plantea otra opci\u00f3n para aquellos que les falte todav\u00eda para jubilarse y que quieran ir cancelando con anticipaci\u00f3n su deuda previsional.<\/p>\n<\/div>\n<\/div>\n<\/div>\n","protected":false},"excerpt":{"rendered":"<p>La extensi\u00f3n ser\u00e1 hasta que se firme una nueva ley en el Congreso nacional. Si no se prorrogaba, nueve de cada 10 mujeres de entre 55 y 59 a\u00f1os y siete de cada 10 varones de entre 60 y 64 a\u00f1os iban a quedar a la deriva.<\/p>\n","protected":false},"author":3,"featured_media":0,"comment_status":"closed","ping_status":"closed","sticky":false,"template":"","format":"standard","meta":{"footnotes":""},"categories":[58,24,26],"tags":[],"class_list":["post-75295","post","type-post","status-publish","format-standard","hentry","category-gobierno","category-politica","category-sociedad"],"yoast_head":"<!-- This site is optimized with the Yoast SEO plugin v25.9 - https:\/\/yoast.com\/wordpress\/plugins\/seo\/ -->\n<title>Jubilaciones: el Gobierno decidi\u00f3 extender la moratoria previsional - Noticias Radio Reflejos<\/title>\n<meta name=\"robots\" content=\"index, follow, max-snippet:-1, max-image-preview:large, max-video-preview:-1\" \/>\n<link rel=\"canonical\" href=\"https:\/\/www.noticiasradioreflejos.com.ar\/2021\/jubilaciones-el-gobierno-decidio-extender-la-moratoria-previsional\/\" \/>\n<meta property=\"og:locale\" content=\"es_ES\" \/>\n<meta property=\"og:type\" content=\"article\" \/>\n<meta property=\"og:title\" content=\"Jubilaciones: el Gobierno decidi\u00f3 extender la moratoria previsional - Noticias Radio Reflejos\" \/>\n<meta property=\"og:description\" content=\"La extensi\u00f3n ser\u00e1 hasta que se firme una nueva ley en el Congreso nacional. Si no se prorrogaba, nueve de cada 10 mujeres de entre 55 y 59 a\u00f1os y siete de cada 10 varones de entre 60 y 64 a\u00f1os iban a quedar a la deriva.\" \/>\n<meta property=\"og:url\" content=\"https:\/\/www.noticiasradioreflejos.com.ar\/2021\/jubilaciones-el-gobierno-decidio-extender-la-moratoria-previsional\/\" \/>\n<meta property=\"og:site_name\" content=\"Noticias Radio Reflejos\" \/>\n<meta property=\"article:published_time\" content=\"2022-07-19T11:34:15+00:00\" \/>\n<meta property=\"og:image\" content=\"https:\/\/images.pagina12.com.ar\/styles\/focal_3_2_960x640\/public\/2022-07\/589341-whatsapp-20image-202022-07-18-20at-208-14-28-20pm.jpeg?itok=lQLHsQ5b\" \/>\n<meta name=\"author\" content=\"Arnaldo Botto\" \/>\n<meta name=\"twitter:card\" content=\"summary_large_image\" \/>\n<script type=\"application\/ld+json\" class=\"yoast-schema-graph\">{\"@context\":\"https:\/\/schema.org\",\"@graph\":[{\"@type\":\"WebPage\",\"@id\":\"https:\/\/www.noticiasradioreflejos.com.ar\/2021\/jubilaciones-el-gobierno-decidio-extender-la-moratoria-previsional\/\",\"url\":\"https:\/\/www.noticiasradioreflejos.com.ar\/2021\/jubilaciones-el-gobierno-decidio-extender-la-moratoria-previsional\/\",\"name\":\"Jubilaciones: el Gobierno decidi\u00f3 extender la moratoria previsional - Noticias Radio Reflejos\",\"isPartOf\":{\"@id\":\"https:\/\/www.noticiasradioreflejos.com.ar\/2021\/#website\"},\"primaryImageOfPage\":{\"@id\":\"https:\/\/www.noticiasradioreflejos.com.ar\/2021\/jubilaciones-el-gobierno-decidio-extender-la-moratoria-previsional\/#primaryimage\"},\"image\":{\"@id\":\"https:\/\/www.noticiasradioreflejos.com.ar\/2021\/jubilaciones-el-gobierno-decidio-extender-la-moratoria-previsional\/#primaryimage\"},\"thumbnailUrl\":\"https:\/\/images.pagina12.com.ar\/styles\/focal_3_2_960x640\/public\/2022-07\/589341-whatsapp-20image-202022-07-18-20at-208-14-28-20pm.jpeg?itok=lQLHsQ5b\",\"datePublished\":\"2022-07-19T11:34:15+00:00\",\"author\":{\"@id\":\"https:\/\/www.noticiasradioreflejos.com.ar\/2021\/#\/schema\/person\/ad82545263dcc5ec0996818884fd5fb1\"},\"breadcrumb\":{\"@id\":\"https:\/\/www.noticiasradioreflejos.com.ar\/2021\/jubilaciones-el-gobierno-decidio-extender-la-moratoria-previsional\/#breadcrumb\"},\"inLanguage\":\"es\",\"potentialAction\":[{\"@type\":\"ReadAction\",\"target\":[\"https:\/\/www.noticiasradioreflejos.com.ar\/2021\/jubilaciones-el-gobierno-decidio-extender-la-moratoria-previsional\/\"]}]},{\"@type\":\"ImageObject\",\"inLanguage\":\"es\",\"@id\":\"https:\/\/www.noticiasradioreflejos.com.ar\/2021\/jubilaciones-el-gobierno-decidio-extender-la-moratoria-previsional\/#primaryimage\",\"url\":\"https:\/\/images.pagina12.com.ar\/styles\/focal_3_2_960x640\/public\/2022-07\/589341-whatsapp-20image-202022-07-18-20at-208-14-28-20pm.jpeg?itok=lQLHsQ5b\",\"contentUrl\":\"https:\/\/images.pagina12.com.ar\/styles\/focal_3_2_960x640\/public\/2022-07\/589341-whatsapp-20image-202022-07-18-20at-208-14-28-20pm.jpeg?itok=lQLHsQ5b\"},{\"@type\":\"BreadcrumbList\",\"@id\":\"https:\/\/www.noticiasradioreflejos.com.ar\/2021\/jubilaciones-el-gobierno-decidio-extender-la-moratoria-previsional\/#breadcrumb\",\"itemListElement\":[{\"@type\":\"ListItem\",\"position\":1,\"name\":\"Portada\",\"item\":\"https:\/\/www.noticiasradioreflejos.com.ar\/2021\/\"},{\"@type\":\"ListItem\",\"position\":2,\"name\":\"Jubilaciones: el Gobierno decidi\u00f3 extender la moratoria previsional\"}]},{\"@type\":\"WebSite\",\"@id\":\"https:\/\/www.noticiasradioreflejos.com.ar\/2021\/#website\",\"url\":\"https:\/\/www.noticiasradioreflejos.com.ar\/2021\/\",\"name\":\"Noticias Radio Reflejos\",\"description\":\"Las noticias de mi comarca\",\"potentialAction\":[{\"@type\":\"SearchAction\",\"target\":{\"@type\":\"EntryPoint\",\"urlTemplate\":\"https:\/\/www.noticiasradioreflejos.com.ar\/2021\/?s={search_term_string}\"},\"query-input\":{\"@type\":\"PropertyValueSpecification\",\"valueRequired\":true,\"valueName\":\"search_term_string\"}}],\"inLanguage\":\"es\"},{\"@type\":\"Person\",\"@id\":\"https:\/\/www.noticiasradioreflejos.com.ar\/2021\/#\/schema\/person\/ad82545263dcc5ec0996818884fd5fb1\",\"name\":\"Arnaldo Botto\",\"image\":{\"@type\":\"ImageObject\",\"inLanguage\":\"es\",\"@id\":\"https:\/\/www.noticiasradioreflejos.com.ar\/2021\/#\/schema\/person\/image\/\",\"url\":\"https:\/\/secure.gravatar.com\/avatar\/55cb5e37c1efa326397366e6974cb338056df65cb50e7d64d1cf314e87504837?s=96&d=mm&r=g\",\"contentUrl\":\"https:\/\/secure.gravatar.com\/avatar\/55cb5e37c1efa326397366e6974cb338056df65cb50e7d64d1cf314e87504837?s=96&d=mm&r=g\",\"caption\":\"Arnaldo Botto\"},\"url\":\"https:\/\/www.noticiasradioreflejos.com.ar\/2021\/author\/arnaldo\/\"}]}<\/script>\n<!-- \/ Yoast SEO plugin. -->","yoast_head_json":{"title":"Jubilaciones: el Gobierno decidi\u00f3 extender la moratoria previsional - Noticias Radio Reflejos","robots":{"index":"index","follow":"follow","max-snippet":"max-snippet:-1","max-image-preview":"max-image-preview:large","max-video-preview":"max-video-preview:-1"},"canonical":"https:\/\/www.noticiasradioreflejos.com.ar\/2021\/jubilaciones-el-gobierno-decidio-extender-la-moratoria-previsional\/","og_locale":"es_ES","og_type":"article","og_title":"Jubilaciones: el Gobierno decidi\u00f3 extender la moratoria previsional - Noticias Radio Reflejos","og_description":"La extensi\u00f3n ser\u00e1 hasta que se firme una nueva ley en el Congreso nacional. Si no se prorrogaba, nueve de cada 10 mujeres de entre 55 y 59 a\u00f1os y siete de cada 10 varones de entre 60 y 64 a\u00f1os iban a quedar a la deriva.","og_url":"https:\/\/www.noticiasradioreflejos.com.ar\/2021\/jubilaciones-el-gobierno-decidio-extender-la-moratoria-previsional\/","og_site_name":"Noticias Radio Reflejos","article_published_time":"2022-07-19T11:34:15+00:00","og_image":[{"url":"https:\/\/images.pagina12.com.ar\/styles\/focal_3_2_960x640\/public\/2022-07\/589341-whatsapp-20image-202022-07-18-20at-208-14-28-20pm.jpeg?itok=lQLHsQ5b","type":"","width":"","height":""}],"author":"Arnaldo Botto","twitter_card":"summary_large_image","schema":{"@context":"https:\/\/schema.org","@graph":[{"@type":"WebPage","@id":"https:\/\/www.noticiasradioreflejos.com.ar\/2021\/jubilaciones-el-gobierno-decidio-extender-la-moratoria-previsional\/","url":"https:\/\/www.noticiasradioreflejos.com.ar\/2021\/jubilaciones-el-gobierno-decidio-extender-la-moratoria-previsional\/","name":"Jubilaciones: el Gobierno decidi\u00f3 extender la moratoria previsional - Noticias Radio Reflejos","isPartOf":{"@id":"https:\/\/www.noticiasradioreflejos.com.ar\/2021\/#website"},"primaryImageOfPage":{"@id":"https:\/\/www.noticiasradioreflejos.com.ar\/2021\/jubilaciones-el-gobierno-decidio-extender-la-moratoria-previsional\/#primaryimage"},"image":{"@id":"https:\/\/www.noticiasradioreflejos.com.ar\/2021\/jubilaciones-el-gobierno-decidio-extender-la-moratoria-previsional\/#primaryimage"},"thumbnailUrl":"https:\/\/images.pagina12.com.ar\/styles\/focal_3_2_960x640\/public\/2022-07\/589341-whatsapp-20image-202022-07-18-20at-208-14-28-20pm.jpeg?itok=lQLHsQ5b","datePublished":"2022-07-19T11:34:15+00:00","author":{"@id":"https:\/\/www.noticiasradioreflejos.com.ar\/2021\/#\/schema\/person\/ad82545263dcc5ec0996818884fd5fb1"},"breadcrumb":{"@id":"https:\/\/www.noticiasradioreflejos.com.ar\/2021\/jubilaciones-el-gobierno-decidio-extender-la-moratoria-previsional\/#breadcrumb"},"inLanguage":"es","potentialAction":[{"@type":"ReadAction","target":["https:\/\/www.noticiasradioreflejos.com.ar\/2021\/jubilaciones-el-gobierno-decidio-extender-la-moratoria-previsional\/"]}]},{"@type":"ImageObject","inLanguage":"es","@id":"https:\/\/www.noticiasradioreflejos.com.ar\/2021\/jubilaciones-el-gobierno-decidio-extender-la-moratoria-previsional\/#primaryimage","url":"https:\/\/images.pagina12.com.ar\/styles\/focal_3_2_960x640\/public\/2022-07\/589341-whatsapp-20image-202022-07-18-20at-208-14-28-20pm.jpeg?itok=lQLHsQ5b","contentUrl":"https:\/\/images.pagina12.com.ar\/styles\/focal_3_2_960x640\/public\/2022-07\/589341-whatsapp-20image-202022-07-18-20at-208-14-28-20pm.jpeg?itok=lQLHsQ5b"},{"@type":"BreadcrumbList","@id":"https:\/\/www.noticiasradioreflejos.com.ar\/2021\/jubilaciones-el-gobierno-decidio-extender-la-moratoria-previsional\/#breadcrumb","itemListElement":[{"@type":"ListItem","position":1,"name":"Portada","item":"https:\/\/www.noticiasradioreflejos.com.ar\/2021\/"},{"@type":"ListItem","position":2,"name":"Jubilaciones: el Gobierno decidi\u00f3 extender la moratoria previsional"}]},{"@type":"WebSite","@id":"https:\/\/www.noticiasradioreflejos.com.ar\/2021\/#website","url":"https:\/\/www.noticiasradioreflejos.com.ar\/2021\/","name":"Noticias Radio Reflejos","description":"Las noticias de mi comarca","potentialAction":[{"@type":"SearchAction","target":{"@type":"EntryPoint","urlTemplate":"https:\/\/www.noticiasradioreflejos.com.ar\/2021\/?s={search_term_string}"},"query-input":{"@type":"PropertyValueSpecification","valueRequired":true,"valueName":"search_term_string"}}],"inLanguage":"es"},{"@type":"Person","@id":"https:\/\/www.noticiasradioreflejos.com.ar\/2021\/#\/schema\/person\/ad82545263dcc5ec0996818884fd5fb1","name":"Arnaldo Botto","image":{"@type":"ImageObject","inLanguage":"es","@id":"https:\/\/www.noticiasradioreflejos.com.ar\/2021\/#\/schema\/person\/image\/","url":"https:\/\/secure.gravatar.com\/avatar\/55cb5e37c1efa326397366e6974cb338056df65cb50e7d64d1cf314e87504837?s=96&d=mm&r=g","contentUrl":"https:\/\/secure.gravatar.com\/avatar\/55cb5e37c1efa326397366e6974cb338056df65cb50e7d64d1cf314e87504837?s=96&d=mm&r=g","caption":"Arnaldo Botto"},"url":"https:\/\/www.noticiasradioreflejos.com.ar\/2021\/author\/arnaldo\/"}]}},"_links":{"self":[{"href":"https:\/\/www.noticiasradioreflejos.com.ar\/2021\/wp-json\/wp\/v2\/posts\/75295","targetHints":{"allow":["GET"]}}],"collection":[{"href":"https:\/\/www.noticiasradioreflejos.com.ar\/2021\/wp-json\/wp\/v2\/posts"}],"about":[{"href":"https:\/\/www.noticiasradioreflejos.com.ar\/2021\/wp-json\/wp\/v2\/types\/post"}],"author":[{"embeddable":true,"href":"https:\/\/www.noticiasradioreflejos.com.ar\/2021\/wp-json\/wp\/v2\/users\/3"}],"replies":[{"embeddable":true,"href":"https:\/\/www.noticiasradioreflejos.com.ar\/2021\/wp-json\/wp\/v2\/comments?post=75295"}],"version-history":[{"count":1,"href":"https:\/\/www.noticiasradioreflejos.com.ar\/2021\/wp-json\/wp\/v2\/posts\/75295\/revisions"}],"predecessor-version":[{"id":75296,"href":"https:\/\/www.noticiasradioreflejos.com.ar\/2021\/wp-json\/wp\/v2\/posts\/75295\/revisions\/75296"}],"wp:attachment":[{"href":"https:\/\/www.noticiasradioreflejos.com.ar\/2021\/wp-json\/wp\/v2\/media?parent=75295"}],"wp:term":[{"taxonomy":"category","embeddable":true,"href":"https:\/\/www.noticiasradioreflejos.com.ar\/2021\/wp-json\/wp\/v2\/categories?post=75295"},{"taxonomy":"post_tag","embeddable":true,"href":"https:\/\/www.noticiasradioreflejos.com.ar\/2021\/wp-json\/wp\/v2\/tags?post=75295"}],"curies":[{"name":"wp","href":"https:\/\/api.w.org\/{rel}","templated":true}]}}