{"id":75292,"date":"2022-07-19T11:07:04","date_gmt":"2022-07-19T11:07:04","guid":{"rendered":"http:\/\/www.noticiasradioreflejos.com.ar\/2021\/?p=75292"},"modified":"2022-07-19T11:07:04","modified_gmt":"2022-07-19T11:07:04","slug":"con-temperaturas-record-y-mas-muertes-en-europa-advierten-sobre-un-apocalipsis-de-calor","status":"publish","type":"post","link":"https:\/\/www.noticiasradioreflejos.com.ar\/2021\/con-temperaturas-record-y-mas-muertes-en-europa-advierten-sobre-un-apocalipsis-de-calor\/","title":{"rendered":"Con temperaturas r\u00e9cord y m\u00e1s muertes, en Europa advierten sobre un \u00abapocalipsis de calor\u00bb"},"content":{"rendered":"<p>La ola de calor es la segunda registrada en menos de un mes en Europa, en plena campa\u00f1a tur\u00edstica estival. Los term\u00f3metros registraron marcas hist\u00f3ricas y Espa\u00f1a suma 510 muertos.<!--more--><\/p>\n<p>Los term\u00f3metros continuaban este lunes al alza en Europa occidental, donde<strong>\u00a0se registraron nuevos r\u00e9cords de temperatura en Francia,<\/strong>\u00a0que vivi\u00f3 la \u00abjornada m\u00e1s calurosa\u00bb, y el Reino Unido, mientras que<strong>\u00a0en Espa\u00f1a suman al menos 510 los muertos a causa de la ola de calor,<\/strong>\u00a0seg\u00fan el \u00faltimo reporte del Instituto de Salud Carlos III (ISCIII), dependiente del Ministerio de Sanidad.<\/p>\n<p>El servicio de meteorolog\u00eda M\u00e9t\u00e9o-France inform\u00f3 que en Brest (extremo oeste) la temperatura lleg\u00f3 a los 39,3 grados, cuatro grados m\u00e1s que el r\u00e9cord local anterior de 35,1 de agosto de 2003; 39,5 grados en Saint-Brieuc; 42 en Nantes y 42,6 en Biscarrosse (suroeste), seg\u00fan los valores provisionales.<\/p>\n<p>El\u00a0<strong>oeste de Francia\u00a0<\/strong>se encuentra en \u00abalerta roja\u00bb y al respecto Fran\u00e7ois Gourand, meteor\u00f3logo de M\u00e9t\u00e9o France, anunci\u00f3 m\u00e1s temprano que \u00abse espera un calor especialmente intenso, no una t\u00edpica ola de calor de verano\u00bb.<\/p>\n<p>Seg\u00fan este servicio meteorol\u00f3gico, \u00abalgunas zonas del suroeste\u00bb podr\u00edan vivir \u00abun apocalipsis de calor\u00bb con hasta 44 grados, inform\u00f3 la agencia AFP.<\/p>\n<p><strong>La ola de calor es la segunda registrada en menos de un mes en Europa, en plena campa\u00f1a tur\u00edstica estival.<\/strong><\/p>\n<figure class=\"mb-3\"><img decoding=\"async\" src=\"https:\/\/www.telam.com.ar\/thumbs\/bluesteel\/advf\/imagenes\/2022\/07\/62cc9402948ae_900.jpg\" alt=\"Los termmetros seguan este lunes al alza en Europa occidental Foto AFP\" width=\"100%\" height=\"100%\" \/><\/figure>\n<div class=\"media-icons\"><\/div>\n<p>Los term\u00f3metros segu\u00edan este lunes al alza en Europa occidental (Foto: AFP).<\/p>\n<p>En tanto, las autoridades brit\u00e1nicas decretaron el m\u00e1ximo nivel de alerta, el 4 o roja, por el riesgo que corren incluso las personas j\u00f3venes y con buena salud, al tiempo que aconsejaron hidratarse, evitar exponerse al sol y vigilar a las personas vulnerables.<\/p>\n<p>El pa\u00eds super\u00f3 esta tarde los 38 grados y seg\u00fan la Oficina Meteorol\u00f3gica, el lugar m\u00e1s caluroso era en Santon Downham, Suffolk, sur de Inglaterra, donde el term\u00f3metro alcanz\u00f3 los 38,1 grados.<\/p>\n<p>Las escuelas de varias zonas cerraron y varias compa\u00f1\u00edas de trenes llamaron a no viajar ni hoy ni ma\u00f1ana.<\/p>\n<p>En\u00a0<strong>Gales<\/strong>, la temperatura lleg\u00f3 a 37.1 grados, la m\u00e1s alta jam\u00e1s registrada en esa regi\u00f3n, inform\u00f3 el organismo, que reiter\u00f3 una vez m\u00e1s que ma\u00f1ana alcanzar\u00e1n m\u00e1ximos hist\u00f3ricos.<\/p>\n<figure class=\"mb-3\"><img decoding=\"async\" src=\"https:\/\/www.telam.com.ar\/thumbs\/bluesteel\/advf\/imagenes\/2022\/06\/62acf51d2011d_900.jpg\" alt=\"Foto AFP\" width=\"100%\" height=\"100%\" \/><\/p>\n<div class=\"media-icons\"><\/div><figcaption>(Foto: AFP).<\/figcaption><\/figure>\n<p>Las temperaturas en el Reino Unido rara vez superan los 35 grados y el r\u00e9cord m\u00e1s cercano fue de 38.7 en Cambridge en 2019, siendo el promedio durante el verano de 23 y 24 grados.<\/p>\n<p><strong>Espa\u00f1a<\/strong>\u00a0tambi\u00e9n se encuentra en alerta roja por temperaturas que podr\u00edan alcanzar hoy los 42 grados, mientras que la ola de calor dej\u00f3 al menos 510 muertos en el pa\u00eds hasta el pasado 16 de julio, seg\u00fan estim\u00f3 el Instituto de Salud Carlos III.<\/p>\n<p>En la regi\u00f3n de Madrid, un operario de limpieza de 60 a\u00f1os muri\u00f3 v\u00edctima de un golpe de calor ligado a las temperaturas extremas en su lugar de trabajo, seg\u00fan informaron el lunes los servicios de emergencia.<\/p>\n<p>El domingo, un hombre de 50 a\u00f1os muri\u00f3 por un golpe de calor en Torrej\u00f3n de Ardoz, a las afueras de Madrid.<\/p>\n<p>En el interior de Guip\u00fazcoa, los term\u00f3metros subir\u00e1n hoy a 41 grados, mientras que en la vertiente cant\u00e1brica de Navarra y el interior de Vizcaya alcanzar\u00e1n los 42.<\/p>\n<p>Como consecuencia de la ola de calor, en Francia se produjeron alrededor de 8.500 evacuaciones en La Teste-de-Buch, cerca de Burdeos, y 3.500 en Landiras, Budos y Balizac.<\/p>\n<p>En Espa\u00f1a, seg\u00fan el presidente del gobierno Pedro S\u00e1nchez, el fuego devast\u00f3 70.000 hect\u00e1reas desde inicios de a\u00f1o, \u00abcasi el doble de la media de la \u00faltima d\u00e9cada\u00bb.<\/p>\n<p>En\u00a0<strong>Portugal\u00a0<\/strong>se produjo un lunes m\u00e1s fresco, poniendo fin a una ola de calor de m\u00e1s de una semana, tras batir el jueves su r\u00e9cord de temperatura para un mes de julio, con 47 grados registrados en el norte, donde unos 800 bomberos segu\u00edan luchando contra cuatro incendios activos.<\/p>\n<figure class=\"mb-3\"><img decoding=\"async\" src=\"https:\/\/www.telam.com.ar\/thumbs\/bluesteel\/advf\/imagenes\/2022\/06\/62acf51d3f095_900.jpg\" alt=\"Se esperan temperaturas de ms de 40 grados FotoAFP\" width=\"100%\" height=\"100%\" \/><\/p>\n<div class=\"media-icons\"><\/div><figcaption>Se esperan temperaturas de m\u00e1s de 40 grados (Foto:AFP).<\/figcaption><\/figure>\n<p>En\u00a0<strong>B\u00e9lgica<\/strong>, los meteor\u00f3logos anunciaron este lunes la alerta naranja en todo el territorio del pa\u00eds debido a la esperada ola de calor y un clima seco.<\/p>\n<p>Mientras se esperan temperaturas por encima de los 40, la Compa\u00f1\u00eda Nacional de Ferrocarriles de B\u00e9lgica SNCB inform\u00f3 de sus planes de cancelar alrededor de treinta trenes durante los d\u00edas de m\u00e1s calor.<\/p>\n<p><strong>Holanda<\/strong>, que registr\u00f3 este lunes su d\u00eda m\u00e1s caluroso en 2022, y B\u00e9lgica decretaron la \u00abalerta naranja\u00bb el martes, al esperarse temperaturas pr\u00f3ximas a los 40 grados, pero sin batir r\u00e9cords de calor.<\/p>\n<p>Para los cient\u00edficos estos fen\u00f3menos extremos son consecuencia directa del cambio clim\u00e1tico, dado que las emisiones de gases de efecto invernadero aumentar\u00edan su intensidad, su duraci\u00f3n y su frecuencia.<\/p>\n<p>Seg\u00fan Gourand, de M\u00e9t\u00e9o France,\u00a0<strong>la cuesti\u00f3n del cambio clim\u00e1tico \u00abavanza en la sociedad\u00bb por la intensificaci\u00f3n de estos fen\u00f3menos y agreg\u00f3 que \u00abla gente es cada vez m\u00e1s consciente\u00bb.<\/strong><\/p>\n<p>Las olas de calor, las lluvias y las inundaciones atribuidas al calentamiento global han causado da\u00f1os estimados en m\u00e1s de 80.000 millones de euros (unos 81.000 millones de d\u00f3lares) en Alemania en los \u00faltimos a\u00f1os, seg\u00fan un estudio publicado hoy.<\/p>\n<p>De acuerdo a la investigaci\u00f3n de los Ministerios del Medioambiente y de Clima, las olas de calor y las sequ\u00edas excepcionales de los veranos del 2018 y 2019 provocaron da\u00f1os en el pa\u00eds valuados en 35.000 millones de euros y las inundaciones mortales de julio de 2021 costaron m\u00e1s de 40.000 millones.<\/p>\n<p>A esto se a\u00f1aden unos 5.000 millones por da\u00f1os causados por fuertes tormentas, seg\u00fan un comunicado citado por la AFP.<\/p>\n<p>\u00abLa crisis clim\u00e1tica nos est\u00e1 causando enormes da\u00f1os y costos en Alemania, como demuestran los aterradores datos\u00bb, dijo la ministra de Medioambiente Steffi Lemke y remarc\u00f3: \u00abDebemos invertir m\u00e1s, y lo haremos, para proteger mejor a la poblaci\u00f3n\u00bb.<\/p>\n<p>En este contexto<a href=\"https:\/\/www.telam.com.ar\/notas\/202207\/598887-europa-riesgo-sequia-union-europea.html\" target=\"_blank\" rel=\"noopener\">, l<\/a><strong><a href=\"https:\/\/www.telam.com.ar\/notas\/202207\/598887-europa-riesgo-sequia-union-europea.html\" target=\"_blank\" rel=\"noopener\">a Comisi\u00f3n Europea inform\u00f3 este lunes que cerca del 46% del territorio de la Uni\u00f3n Europea (UE) est\u00e1 \u00aben riesgo\u00bb de sufrir sequ\u00eda<\/a>\u00a0tras una falta de precipitaciones prolongada.<\/strong><\/p>\n<p>Un 11% est\u00e1 en nivel de alerta, con la vegetaci\u00f3n y los cultivos debilitados por la falta de agua, agreg\u00f3 el informe de ese servicio de la Uni\u00f3n Europea.<\/p>\n<figure class=\"mb-3\"><img decoding=\"async\" src=\"https:\/\/www.telam.com.ar\/thumbs\/bluesteel\/advf\/imagenes\/2022\/07\/62cfff4356c80_900.jpg\" alt=\"Advierten sobre un posible apocalipsis de calor FotoAFP\" width=\"100%\" height=\"100%\" \/><\/p>\n<div class=\"media-icons\"><\/div><figcaption>Advierten sobre un posible \u00abapocalipsis de calor\u00bb (Foto:AFP).<\/figcaption><\/figure>\n<p><strong>\u00abFrancia, Rumania, Espa\u00f1a, Portugal e Italia probablemente tendr\u00e1n que hacer frente a una ca\u00edda de la productividad de los cultivos\u00bb<\/strong>, sobre todo de los cereales, generada por el \u00abestr\u00e9s h\u00eddrico y t\u00e9rmico\u00bb, subray\u00f3 el Ejecutivo comunitario.<\/p>\n<p>Por su parte, Alemania, Polonia, Hungr\u00eda, Eslovenia y Croacia tambi\u00e9n se vieron afectadas, mientras que la cuenca del Po, en Italia, \u00abse enfrenta al nivel m\u00e1s alto de sequ\u00eda severa\u00bb en la UE, debido a una \u00absequ\u00eda intensa\u00bb declarada en cinco regiones italianas, asegur\u00f3 la Comisi\u00f3n Europea.<\/p>\n<p>La situaci\u00f3n tambi\u00e9n es dif\u00edcil en la pen\u00ednsula ib\u00e9rica, donde se dan las \u00abcondiciones propicias para los incendios forestales\u00bb, a\u00f1adieron los expertos del Centro Com\u00fan de Investigaci\u00f3n.<\/p>\n<p>\u00abEn Espa\u00f1a, los vol\u00famenes de agua almacenados en los embalses est\u00e1n en la actualidad en un 31%, por debajo de la media de la \u00faltima d\u00e9cada\u00bb, puntualizaron.<\/p>\n","protected":false},"excerpt":{"rendered":"<p>La ola de calor es la segunda registrada en menos de un mes en Europa, en plena campa\u00f1a tur\u00edstica estival. Los term\u00f3metros registraron marcas hist\u00f3ricas y Espa\u00f1a suma 510 muertos.<\/p>\n","protected":false},"author":3,"featured_media":0,"comment_status":"closed","ping_status":"closed","sticky":false,"template":"","format":"standard","meta":{"footnotes":""},"categories":[46],"tags":[],"class_list":["post-75292","post","type-post","status-publish","format-standard","hentry","category-ciencia-y-tecnologia"],"yoast_head":"<!-- This site is optimized with the Yoast SEO plugin v25.9 - https:\/\/yoast.com\/wordpress\/plugins\/seo\/ -->\n<title>Con temperaturas r\u00e9cord y m\u00e1s muertes, en Europa advierten sobre un &quot;apocalipsis de calor&quot; - Noticias Radio Reflejos<\/title>\n<meta name=\"robots\" content=\"index, follow, max-snippet:-1, max-image-preview:large, max-video-preview:-1\" \/>\n<link rel=\"canonical\" href=\"https:\/\/www.noticiasradioreflejos.com.ar\/2021\/con-temperaturas-record-y-mas-muertes-en-europa-advierten-sobre-un-apocalipsis-de-calor\/\" \/>\n<meta property=\"og:locale\" content=\"es_ES\" \/>\n<meta property=\"og:type\" content=\"article\" \/>\n<meta property=\"og:title\" content=\"Con temperaturas r\u00e9cord y m\u00e1s muertes, en Europa advierten sobre un &quot;apocalipsis de calor&quot; - Noticias Radio Reflejos\" \/>\n<meta property=\"og:description\" content=\"La ola de calor es la segunda registrada en menos de un mes en Europa, en plena campa\u00f1a tur\u00edstica estival. Los term\u00f3metros registraron marcas hist\u00f3ricas y Espa\u00f1a suma 510 muertos.\" \/>\n<meta property=\"og:url\" content=\"https:\/\/www.noticiasradioreflejos.com.ar\/2021\/con-temperaturas-record-y-mas-muertes-en-europa-advierten-sobre-un-apocalipsis-de-calor\/\" \/>\n<meta property=\"og:site_name\" content=\"Noticias Radio Reflejos\" \/>\n<meta property=\"article:published_time\" content=\"2022-07-19T11:07:04+00:00\" \/>\n<meta property=\"og:image\" content=\"https:\/\/www.telam.com.ar\/thumbs\/bluesteel\/advf\/imagenes\/2022\/07\/62cc9402948ae_900.jpg\" \/>\n<meta name=\"author\" content=\"Arnaldo Botto\" \/>\n<meta name=\"twitter:card\" content=\"summary_large_image\" \/>\n<script type=\"application\/ld+json\" class=\"yoast-schema-graph\">{\"@context\":\"https:\/\/schema.org\",\"@graph\":[{\"@type\":\"WebPage\",\"@id\":\"https:\/\/www.noticiasradioreflejos.com.ar\/2021\/con-temperaturas-record-y-mas-muertes-en-europa-advierten-sobre-un-apocalipsis-de-calor\/\",\"url\":\"https:\/\/www.noticiasradioreflejos.com.ar\/2021\/con-temperaturas-record-y-mas-muertes-en-europa-advierten-sobre-un-apocalipsis-de-calor\/\",\"name\":\"Con temperaturas r\u00e9cord y m\u00e1s muertes, en Europa advierten sobre un \\\"apocalipsis de calor\\\" - Noticias Radio Reflejos\",\"isPartOf\":{\"@id\":\"https:\/\/www.noticiasradioreflejos.com.ar\/2021\/#website\"},\"primaryImageOfPage\":{\"@id\":\"https:\/\/www.noticiasradioreflejos.com.ar\/2021\/con-temperaturas-record-y-mas-muertes-en-europa-advierten-sobre-un-apocalipsis-de-calor\/#primaryimage\"},\"image\":{\"@id\":\"https:\/\/www.noticiasradioreflejos.com.ar\/2021\/con-temperaturas-record-y-mas-muertes-en-europa-advierten-sobre-un-apocalipsis-de-calor\/#primaryimage\"},\"thumbnailUrl\":\"https:\/\/www.telam.com.ar\/thumbs\/bluesteel\/advf\/imagenes\/2022\/07\/62cc9402948ae_900.jpg\",\"datePublished\":\"2022-07-19T11:07:04+00:00\",\"author\":{\"@id\":\"https:\/\/www.noticiasradioreflejos.com.ar\/2021\/#\/schema\/person\/ad82545263dcc5ec0996818884fd5fb1\"},\"breadcrumb\":{\"@id\":\"https:\/\/www.noticiasradioreflejos.com.ar\/2021\/con-temperaturas-record-y-mas-muertes-en-europa-advierten-sobre-un-apocalipsis-de-calor\/#breadcrumb\"},\"inLanguage\":\"es\",\"potentialAction\":[{\"@type\":\"ReadAction\",\"target\":[\"https:\/\/www.noticiasradioreflejos.com.ar\/2021\/con-temperaturas-record-y-mas-muertes-en-europa-advierten-sobre-un-apocalipsis-de-calor\/\"]}]},{\"@type\":\"ImageObject\",\"inLanguage\":\"es\",\"@id\":\"https:\/\/www.noticiasradioreflejos.com.ar\/2021\/con-temperaturas-record-y-mas-muertes-en-europa-advierten-sobre-un-apocalipsis-de-calor\/#primaryimage\",\"url\":\"https:\/\/www.telam.com.ar\/thumbs\/bluesteel\/advf\/imagenes\/2022\/07\/62cc9402948ae_900.jpg\",\"contentUrl\":\"https:\/\/www.telam.com.ar\/thumbs\/bluesteel\/advf\/imagenes\/2022\/07\/62cc9402948ae_900.jpg\"},{\"@type\":\"BreadcrumbList\",\"@id\":\"https:\/\/www.noticiasradioreflejos.com.ar\/2021\/con-temperaturas-record-y-mas-muertes-en-europa-advierten-sobre-un-apocalipsis-de-calor\/#breadcrumb\",\"itemListElement\":[{\"@type\":\"ListItem\",\"position\":1,\"name\":\"Portada\",\"item\":\"https:\/\/www.noticiasradioreflejos.com.ar\/2021\/\"},{\"@type\":\"ListItem\",\"position\":2,\"name\":\"Con temperaturas r\u00e9cord y m\u00e1s muertes, en Europa advierten sobre un \u00abapocalipsis de calor\u00bb\"}]},{\"@type\":\"WebSite\",\"@id\":\"https:\/\/www.noticiasradioreflejos.com.ar\/2021\/#website\",\"url\":\"https:\/\/www.noticiasradioreflejos.com.ar\/2021\/\",\"name\":\"Noticias Radio Reflejos\",\"description\":\"Las noticias de mi comarca\",\"potentialAction\":[{\"@type\":\"SearchAction\",\"target\":{\"@type\":\"EntryPoint\",\"urlTemplate\":\"https:\/\/www.noticiasradioreflejos.com.ar\/2021\/?s={search_term_string}\"},\"query-input\":{\"@type\":\"PropertyValueSpecification\",\"valueRequired\":true,\"valueName\":\"search_term_string\"}}],\"inLanguage\":\"es\"},{\"@type\":\"Person\",\"@id\":\"https:\/\/www.noticiasradioreflejos.com.ar\/2021\/#\/schema\/person\/ad82545263dcc5ec0996818884fd5fb1\",\"name\":\"Arnaldo Botto\",\"image\":{\"@type\":\"ImageObject\",\"inLanguage\":\"es\",\"@id\":\"https:\/\/www.noticiasradioreflejos.com.ar\/2021\/#\/schema\/person\/image\/\",\"url\":\"https:\/\/secure.gravatar.com\/avatar\/55cb5e37c1efa326397366e6974cb338056df65cb50e7d64d1cf314e87504837?s=96&d=mm&r=g\",\"contentUrl\":\"https:\/\/secure.gravatar.com\/avatar\/55cb5e37c1efa326397366e6974cb338056df65cb50e7d64d1cf314e87504837?s=96&d=mm&r=g\",\"caption\":\"Arnaldo Botto\"},\"url\":\"https:\/\/www.noticiasradioreflejos.com.ar\/2021\/author\/arnaldo\/\"}]}<\/script>\n<!-- \/ Yoast SEO plugin. -->","yoast_head_json":{"title":"Con temperaturas r\u00e9cord y m\u00e1s muertes, en Europa advierten sobre un \"apocalipsis de calor\" - Noticias Radio Reflejos","robots":{"index":"index","follow":"follow","max-snippet":"max-snippet:-1","max-image-preview":"max-image-preview:large","max-video-preview":"max-video-preview:-1"},"canonical":"https:\/\/www.noticiasradioreflejos.com.ar\/2021\/con-temperaturas-record-y-mas-muertes-en-europa-advierten-sobre-un-apocalipsis-de-calor\/","og_locale":"es_ES","og_type":"article","og_title":"Con temperaturas r\u00e9cord y m\u00e1s muertes, en Europa advierten sobre un \"apocalipsis de calor\" - Noticias Radio Reflejos","og_description":"La ola de calor es la segunda registrada en menos de un mes en Europa, en plena campa\u00f1a tur\u00edstica estival. Los term\u00f3metros registraron marcas hist\u00f3ricas y Espa\u00f1a suma 510 muertos.","og_url":"https:\/\/www.noticiasradioreflejos.com.ar\/2021\/con-temperaturas-record-y-mas-muertes-en-europa-advierten-sobre-un-apocalipsis-de-calor\/","og_site_name":"Noticias Radio Reflejos","article_published_time":"2022-07-19T11:07:04+00:00","og_image":[{"url":"https:\/\/www.telam.com.ar\/thumbs\/bluesteel\/advf\/imagenes\/2022\/07\/62cc9402948ae_900.jpg","type":"","width":"","height":""}],"author":"Arnaldo Botto","twitter_card":"summary_large_image","schema":{"@context":"https:\/\/schema.org","@graph":[{"@type":"WebPage","@id":"https:\/\/www.noticiasradioreflejos.com.ar\/2021\/con-temperaturas-record-y-mas-muertes-en-europa-advierten-sobre-un-apocalipsis-de-calor\/","url":"https:\/\/www.noticiasradioreflejos.com.ar\/2021\/con-temperaturas-record-y-mas-muertes-en-europa-advierten-sobre-un-apocalipsis-de-calor\/","name":"Con temperaturas r\u00e9cord y m\u00e1s muertes, en Europa advierten sobre un \"apocalipsis de calor\" - Noticias Radio Reflejos","isPartOf":{"@id":"https:\/\/www.noticiasradioreflejos.com.ar\/2021\/#website"},"primaryImageOfPage":{"@id":"https:\/\/www.noticiasradioreflejos.com.ar\/2021\/con-temperaturas-record-y-mas-muertes-en-europa-advierten-sobre-un-apocalipsis-de-calor\/#primaryimage"},"image":{"@id":"https:\/\/www.noticiasradioreflejos.com.ar\/2021\/con-temperaturas-record-y-mas-muertes-en-europa-advierten-sobre-un-apocalipsis-de-calor\/#primaryimage"},"thumbnailUrl":"https:\/\/www.telam.com.ar\/thumbs\/bluesteel\/advf\/imagenes\/2022\/07\/62cc9402948ae_900.jpg","datePublished":"2022-07-19T11:07:04+00:00","author":{"@id":"https:\/\/www.noticiasradioreflejos.com.ar\/2021\/#\/schema\/person\/ad82545263dcc5ec0996818884fd5fb1"},"breadcrumb":{"@id":"https:\/\/www.noticiasradioreflejos.com.ar\/2021\/con-temperaturas-record-y-mas-muertes-en-europa-advierten-sobre-un-apocalipsis-de-calor\/#breadcrumb"},"inLanguage":"es","potentialAction":[{"@type":"ReadAction","target":["https:\/\/www.noticiasradioreflejos.com.ar\/2021\/con-temperaturas-record-y-mas-muertes-en-europa-advierten-sobre-un-apocalipsis-de-calor\/"]}]},{"@type":"ImageObject","inLanguage":"es","@id":"https:\/\/www.noticiasradioreflejos.com.ar\/2021\/con-temperaturas-record-y-mas-muertes-en-europa-advierten-sobre-un-apocalipsis-de-calor\/#primaryimage","url":"https:\/\/www.telam.com.ar\/thumbs\/bluesteel\/advf\/imagenes\/2022\/07\/62cc9402948ae_900.jpg","contentUrl":"https:\/\/www.telam.com.ar\/thumbs\/bluesteel\/advf\/imagenes\/2022\/07\/62cc9402948ae_900.jpg"},{"@type":"BreadcrumbList","@id":"https:\/\/www.noticiasradioreflejos.com.ar\/2021\/con-temperaturas-record-y-mas-muertes-en-europa-advierten-sobre-un-apocalipsis-de-calor\/#breadcrumb","itemListElement":[{"@type":"ListItem","position":1,"name":"Portada","item":"https:\/\/www.noticiasradioreflejos.com.ar\/2021\/"},{"@type":"ListItem","position":2,"name":"Con temperaturas r\u00e9cord y m\u00e1s muertes, en Europa advierten sobre un \u00abapocalipsis de calor\u00bb"}]},{"@type":"WebSite","@id":"https:\/\/www.noticiasradioreflejos.com.ar\/2021\/#website","url":"https:\/\/www.noticiasradioreflejos.com.ar\/2021\/","name":"Noticias Radio Reflejos","description":"Las noticias de mi comarca","potentialAction":[{"@type":"SearchAction","target":{"@type":"EntryPoint","urlTemplate":"https:\/\/www.noticiasradioreflejos.com.ar\/2021\/?s={search_term_string}"},"query-input":{"@type":"PropertyValueSpecification","valueRequired":true,"valueName":"search_term_string"}}],"inLanguage":"es"},{"@type":"Person","@id":"https:\/\/www.noticiasradioreflejos.com.ar\/2021\/#\/schema\/person\/ad82545263dcc5ec0996818884fd5fb1","name":"Arnaldo Botto","image":{"@type":"ImageObject","inLanguage":"es","@id":"https:\/\/www.noticiasradioreflejos.com.ar\/2021\/#\/schema\/person\/image\/","url":"https:\/\/secure.gravatar.com\/avatar\/55cb5e37c1efa326397366e6974cb338056df65cb50e7d64d1cf314e87504837?s=96&d=mm&r=g","contentUrl":"https:\/\/secure.gravatar.com\/avatar\/55cb5e37c1efa326397366e6974cb338056df65cb50e7d64d1cf314e87504837?s=96&d=mm&r=g","caption":"Arnaldo Botto"},"url":"https:\/\/www.noticiasradioreflejos.com.ar\/2021\/author\/arnaldo\/"}]}},"_links":{"self":[{"href":"https:\/\/www.noticiasradioreflejos.com.ar\/2021\/wp-json\/wp\/v2\/posts\/75292","targetHints":{"allow":["GET"]}}],"collection":[{"href":"https:\/\/www.noticiasradioreflejos.com.ar\/2021\/wp-json\/wp\/v2\/posts"}],"about":[{"href":"https:\/\/www.noticiasradioreflejos.com.ar\/2021\/wp-json\/wp\/v2\/types\/post"}],"author":[{"embeddable":true,"href":"https:\/\/www.noticiasradioreflejos.com.ar\/2021\/wp-json\/wp\/v2\/users\/3"}],"replies":[{"embeddable":true,"href":"https:\/\/www.noticiasradioreflejos.com.ar\/2021\/wp-json\/wp\/v2\/comments?post=75292"}],"version-history":[{"count":1,"href":"https:\/\/www.noticiasradioreflejos.com.ar\/2021\/wp-json\/wp\/v2\/posts\/75292\/revisions"}],"predecessor-version":[{"id":75294,"href":"https:\/\/www.noticiasradioreflejos.com.ar\/2021\/wp-json\/wp\/v2\/posts\/75292\/revisions\/75294"}],"wp:attachment":[{"href":"https:\/\/www.noticiasradioreflejos.com.ar\/2021\/wp-json\/wp\/v2\/media?parent=75292"}],"wp:term":[{"taxonomy":"category","embeddable":true,"href":"https:\/\/www.noticiasradioreflejos.com.ar\/2021\/wp-json\/wp\/v2\/categories?post=75292"},{"taxonomy":"post_tag","embeddable":true,"href":"https:\/\/www.noticiasradioreflejos.com.ar\/2021\/wp-json\/wp\/v2\/tags?post=75292"}],"curies":[{"name":"wp","href":"https:\/\/api.w.org\/{rel}","templated":true}]}}