{"id":75267,"date":"2022-07-18T20:19:26","date_gmt":"2022-07-18T20:19:26","guid":{"rendered":"http:\/\/www.noticiasradioreflejos.com.ar\/2021\/?p=75267"},"modified":"2022-07-18T20:19:26","modified_gmt":"2022-07-18T20:19:26","slug":"casi-la-mitad-de-europa-esta-en-riesgo-de-sequia","status":"publish","type":"post","link":"https:\/\/www.noticiasradioreflejos.com.ar\/2021\/casi-la-mitad-de-europa-esta-en-riesgo-de-sequia\/","title":{"rendered":"Casi la mitad de Europa est\u00e1 \u00aben riesgo\u00bb de sequ\u00eda"},"content":{"rendered":"<div class=\"wrapper-header\">\n<div class=\"container-xl\">\n<div class=\"row\">\n<div class=\"col-12\">\n<div class=\"head-content mb-4\">\n<p class=\"my-3 speak\"><span style=\"color: #333333; font-size: 15px;\">Por la falta de precipitaciones prolongada, cerca del 46% del territorio se encuentra en riesgo de sufrir sequ\u00eda. \u00abEn Espa\u00f1a, los vol\u00famenes de agua almacenados en los embalses est\u00e1n en la actualidad en un 31%, por debajo de la media de la \u00faltima d\u00e9cada\u00bb.<\/span><\/p>\n<\/div>\n<\/div>\n<\/div>\n<\/div>\n<\/div>\n<p><!--more--><\/p>\n<div class=\"wrapper-editable-content\">\n<div>\n<div class=\"wrapper-editable-content\">\n<div>\n<div class=\"container-md\">\n<div class=\"row\">\n<div class=\"col-md-12 speak\">\n<div class=\"paragraph\">\n<figure class=\"mb-3\"><img decoding=\"async\" src=\"https:\/\/www.telam.com.ar\/thumbs\/bluesteel\/advf\/imagenes\/2022\/07\/62d55740ed90a_900.jpg\" alt=\"Foto AFP\" width=\"100%\" height=\"100%\" \/><\/p>\n<div class=\"media-icons\"><\/div><figcaption>Foto: AFP.<\/figcaption><\/figure>\n<p>Cerca del\u00a0<strong>46% del territorio de la Uni\u00f3n Europea (UE) est\u00e1 \u00aben riesgo\u00bb de sufrir sequ\u00eda<\/strong>\u00a0tras una falta de precipitaciones prolongada, inform\u00f3 este lunes la Comisi\u00f3n Europea, mientras el continente est\u00e1 azotado por una ola de calor extremo.<\/p>\n<p>Casi la mitad de la UE est\u00e1 expuesta a niveles de sequ\u00eda considerados de riesgo, lo que significa un d\u00e9ficit importante de humedad del suelo, indic\u00f3 el Centro Com\u00fan de Investigaci\u00f3n (JRC por sus siglas en ingl\u00e9s) en su informe de julio, seg\u00fan cit\u00f3 la agencia de noticias AFP.<\/p>\n<p>En tanto,\u00a0<strong>un 11% est\u00e1 en nivel de alerta, con la vegetaci\u00f3n y los cultivos debilitados por la falta de agua<\/strong>, agreg\u00f3 el informe de ese servicio de la Uni\u00f3n Europea.<\/p>\n<p>\u00abFrancia, Rumania, Espa\u00f1a, Portugal e Italia probablemente tendr\u00e1n que hacer frente a una ca\u00edda de la productividad de los cultivos\u00bb, sobre todo de los cereales, generada por el \u00abestr\u00e9s h\u00eddrico y t\u00e9rmico\u00bb, subray\u00f3 el Ejecutivo comunitario.<\/p>\n<p>Por su parte, Alemania, Polonia, Hungr\u00eda, Eslovenia y Croacia tambi\u00e9n se han visto afectadas, mientras que la cuenca del Po, en Italia, \u00abse enfrenta al nivel m\u00e1s alto de sequ\u00eda severa\u00bb en la UE, debido a una \u00absequ\u00eda intensa\u00bb declarada en cinco regiones italianas, asegur\u00f3 la Comisi\u00f3n Europea.<\/p>\n<p>La situaci\u00f3n tambi\u00e9n es dif\u00edcil en la pen\u00ednsula ib\u00e9rica, donde se dan las \u00abcondiciones propicias para los incendios forestales\u00bb, a\u00f1adieron los expertos del Centro Com\u00fan de Investigaci\u00f3n.<\/p>\n<p>\u00abEn Espa\u00f1a, los vol\u00famenes de agua almacenados en<strong>\u00a0los embalses est\u00e1n en la actualidad en un 31%<\/strong>, por debajo de la media de la \u00faltima d\u00e9cada\u00bb, puntualizaron.<\/div>\n<div class=\"tags mt-4\"><\/div>\n<\/div>\n<\/div>\n<\/div>\n<\/div>\n<\/div>\n<\/div>\n<\/div>\n","protected":false},"excerpt":{"rendered":"<p>Por la falta de precipitaciones prolongada, cerca del 46% del territorio se encuentra en riesgo de sufrir sequ\u00eda. \u00abEn Espa\u00f1a, los vol\u00famenes de agua almacenados en los embalses est\u00e1n en la actualidad en un 31%, por debajo de la media de la \u00faltima d\u00e9cada\u00bb.<\/p>\n","protected":false},"author":3,"featured_media":0,"comment_status":"closed","ping_status":"closed","sticky":false,"template":"","format":"standard","meta":{"footnotes":""},"categories":[46,26],"tags":[],"class_list":["post-75267","post","type-post","status-publish","format-standard","hentry","category-ciencia-y-tecnologia","category-sociedad"],"yoast_head":"<!-- This site is optimized with the Yoast SEO plugin v25.9 - https:\/\/yoast.com\/wordpress\/plugins\/seo\/ -->\n<title>Casi la mitad de Europa est\u00e1 &quot;en riesgo&quot; de sequ\u00eda - Noticias Radio Reflejos<\/title>\n<meta name=\"robots\" content=\"index, follow, max-snippet:-1, max-image-preview:large, max-video-preview:-1\" \/>\n<link rel=\"canonical\" href=\"https:\/\/www.noticiasradioreflejos.com.ar\/2021\/casi-la-mitad-de-europa-esta-en-riesgo-de-sequia\/\" \/>\n<meta property=\"og:locale\" content=\"es_ES\" \/>\n<meta property=\"og:type\" content=\"article\" \/>\n<meta property=\"og:title\" content=\"Casi la mitad de Europa est\u00e1 &quot;en riesgo&quot; de sequ\u00eda - Noticias Radio Reflejos\" \/>\n<meta property=\"og:description\" content=\"Por la falta de precipitaciones prolongada, cerca del 46% del territorio se encuentra en riesgo de sufrir sequ\u00eda. \u00abEn Espa\u00f1a, los vol\u00famenes de agua almacenados en los embalses est\u00e1n en la actualidad en un 31%, por debajo de la media de la \u00faltima d\u00e9cada\u00bb.\" \/>\n<meta property=\"og:url\" content=\"https:\/\/www.noticiasradioreflejos.com.ar\/2021\/casi-la-mitad-de-europa-esta-en-riesgo-de-sequia\/\" \/>\n<meta property=\"og:site_name\" content=\"Noticias Radio Reflejos\" \/>\n<meta property=\"article:published_time\" content=\"2022-07-18T20:19:26+00:00\" \/>\n<meta property=\"og:image\" content=\"https:\/\/www.telam.com.ar\/thumbs\/bluesteel\/advf\/imagenes\/2022\/07\/62d55740ed90a_900.jpg\" \/>\n<meta name=\"author\" content=\"Arnaldo Botto\" \/>\n<meta name=\"twitter:card\" content=\"summary_large_image\" \/>\n<script type=\"application\/ld+json\" class=\"yoast-schema-graph\">{\"@context\":\"https:\/\/schema.org\",\"@graph\":[{\"@type\":\"WebPage\",\"@id\":\"https:\/\/www.noticiasradioreflejos.com.ar\/2021\/casi-la-mitad-de-europa-esta-en-riesgo-de-sequia\/\",\"url\":\"https:\/\/www.noticiasradioreflejos.com.ar\/2021\/casi-la-mitad-de-europa-esta-en-riesgo-de-sequia\/\",\"name\":\"Casi la mitad de Europa est\u00e1 \\\"en riesgo\\\" de sequ\u00eda - Noticias Radio Reflejos\",\"isPartOf\":{\"@id\":\"https:\/\/www.noticiasradioreflejos.com.ar\/2021\/#website\"},\"primaryImageOfPage\":{\"@id\":\"https:\/\/www.noticiasradioreflejos.com.ar\/2021\/casi-la-mitad-de-europa-esta-en-riesgo-de-sequia\/#primaryimage\"},\"image\":{\"@id\":\"https:\/\/www.noticiasradioreflejos.com.ar\/2021\/casi-la-mitad-de-europa-esta-en-riesgo-de-sequia\/#primaryimage\"},\"thumbnailUrl\":\"https:\/\/www.telam.com.ar\/thumbs\/bluesteel\/advf\/imagenes\/2022\/07\/62d55740ed90a_900.jpg\",\"datePublished\":\"2022-07-18T20:19:26+00:00\",\"author\":{\"@id\":\"https:\/\/www.noticiasradioreflejos.com.ar\/2021\/#\/schema\/person\/ad82545263dcc5ec0996818884fd5fb1\"},\"breadcrumb\":{\"@id\":\"https:\/\/www.noticiasradioreflejos.com.ar\/2021\/casi-la-mitad-de-europa-esta-en-riesgo-de-sequia\/#breadcrumb\"},\"inLanguage\":\"es\",\"potentialAction\":[{\"@type\":\"ReadAction\",\"target\":[\"https:\/\/www.noticiasradioreflejos.com.ar\/2021\/casi-la-mitad-de-europa-esta-en-riesgo-de-sequia\/\"]}]},{\"@type\":\"ImageObject\",\"inLanguage\":\"es\",\"@id\":\"https:\/\/www.noticiasradioreflejos.com.ar\/2021\/casi-la-mitad-de-europa-esta-en-riesgo-de-sequia\/#primaryimage\",\"url\":\"https:\/\/www.telam.com.ar\/thumbs\/bluesteel\/advf\/imagenes\/2022\/07\/62d55740ed90a_900.jpg\",\"contentUrl\":\"https:\/\/www.telam.com.ar\/thumbs\/bluesteel\/advf\/imagenes\/2022\/07\/62d55740ed90a_900.jpg\"},{\"@type\":\"BreadcrumbList\",\"@id\":\"https:\/\/www.noticiasradioreflejos.com.ar\/2021\/casi-la-mitad-de-europa-esta-en-riesgo-de-sequia\/#breadcrumb\",\"itemListElement\":[{\"@type\":\"ListItem\",\"position\":1,\"name\":\"Portada\",\"item\":\"https:\/\/www.noticiasradioreflejos.com.ar\/2021\/\"},{\"@type\":\"ListItem\",\"position\":2,\"name\":\"Casi la mitad de Europa est\u00e1 \u00aben riesgo\u00bb de sequ\u00eda\"}]},{\"@type\":\"WebSite\",\"@id\":\"https:\/\/www.noticiasradioreflejos.com.ar\/2021\/#website\",\"url\":\"https:\/\/www.noticiasradioreflejos.com.ar\/2021\/\",\"name\":\"Noticias Radio Reflejos\",\"description\":\"Las noticias de mi comarca\",\"potentialAction\":[{\"@type\":\"SearchAction\",\"target\":{\"@type\":\"EntryPoint\",\"urlTemplate\":\"https:\/\/www.noticiasradioreflejos.com.ar\/2021\/?s={search_term_string}\"},\"query-input\":{\"@type\":\"PropertyValueSpecification\",\"valueRequired\":true,\"valueName\":\"search_term_string\"}}],\"inLanguage\":\"es\"},{\"@type\":\"Person\",\"@id\":\"https:\/\/www.noticiasradioreflejos.com.ar\/2021\/#\/schema\/person\/ad82545263dcc5ec0996818884fd5fb1\",\"name\":\"Arnaldo Botto\",\"image\":{\"@type\":\"ImageObject\",\"inLanguage\":\"es\",\"@id\":\"https:\/\/www.noticiasradioreflejos.com.ar\/2021\/#\/schema\/person\/image\/\",\"url\":\"https:\/\/secure.gravatar.com\/avatar\/55cb5e37c1efa326397366e6974cb338056df65cb50e7d64d1cf314e87504837?s=96&d=mm&r=g\",\"contentUrl\":\"https:\/\/secure.gravatar.com\/avatar\/55cb5e37c1efa326397366e6974cb338056df65cb50e7d64d1cf314e87504837?s=96&d=mm&r=g\",\"caption\":\"Arnaldo Botto\"},\"url\":\"https:\/\/www.noticiasradioreflejos.com.ar\/2021\/author\/arnaldo\/\"}]}<\/script>\n<!-- \/ Yoast SEO plugin. -->","yoast_head_json":{"title":"Casi la mitad de Europa est\u00e1 \"en riesgo\" de sequ\u00eda - Noticias Radio Reflejos","robots":{"index":"index","follow":"follow","max-snippet":"max-snippet:-1","max-image-preview":"max-image-preview:large","max-video-preview":"max-video-preview:-1"},"canonical":"https:\/\/www.noticiasradioreflejos.com.ar\/2021\/casi-la-mitad-de-europa-esta-en-riesgo-de-sequia\/","og_locale":"es_ES","og_type":"article","og_title":"Casi la mitad de Europa est\u00e1 \"en riesgo\" de sequ\u00eda - Noticias Radio Reflejos","og_description":"Por la falta de precipitaciones prolongada, cerca del 46% del territorio se encuentra en riesgo de sufrir sequ\u00eda. \u00abEn Espa\u00f1a, los vol\u00famenes de agua almacenados en los embalses est\u00e1n en la actualidad en un 31%, por debajo de la media de la \u00faltima d\u00e9cada\u00bb.","og_url":"https:\/\/www.noticiasradioreflejos.com.ar\/2021\/casi-la-mitad-de-europa-esta-en-riesgo-de-sequia\/","og_site_name":"Noticias Radio Reflejos","article_published_time":"2022-07-18T20:19:26+00:00","og_image":[{"url":"https:\/\/www.telam.com.ar\/thumbs\/bluesteel\/advf\/imagenes\/2022\/07\/62d55740ed90a_900.jpg","type":"","width":"","height":""}],"author":"Arnaldo Botto","twitter_card":"summary_large_image","schema":{"@context":"https:\/\/schema.org","@graph":[{"@type":"WebPage","@id":"https:\/\/www.noticiasradioreflejos.com.ar\/2021\/casi-la-mitad-de-europa-esta-en-riesgo-de-sequia\/","url":"https:\/\/www.noticiasradioreflejos.com.ar\/2021\/casi-la-mitad-de-europa-esta-en-riesgo-de-sequia\/","name":"Casi la mitad de Europa est\u00e1 \"en riesgo\" de sequ\u00eda - Noticias Radio Reflejos","isPartOf":{"@id":"https:\/\/www.noticiasradioreflejos.com.ar\/2021\/#website"},"primaryImageOfPage":{"@id":"https:\/\/www.noticiasradioreflejos.com.ar\/2021\/casi-la-mitad-de-europa-esta-en-riesgo-de-sequia\/#primaryimage"},"image":{"@id":"https:\/\/www.noticiasradioreflejos.com.ar\/2021\/casi-la-mitad-de-europa-esta-en-riesgo-de-sequia\/#primaryimage"},"thumbnailUrl":"https:\/\/www.telam.com.ar\/thumbs\/bluesteel\/advf\/imagenes\/2022\/07\/62d55740ed90a_900.jpg","datePublished":"2022-07-18T20:19:26+00:00","author":{"@id":"https:\/\/www.noticiasradioreflejos.com.ar\/2021\/#\/schema\/person\/ad82545263dcc5ec0996818884fd5fb1"},"breadcrumb":{"@id":"https:\/\/www.noticiasradioreflejos.com.ar\/2021\/casi-la-mitad-de-europa-esta-en-riesgo-de-sequia\/#breadcrumb"},"inLanguage":"es","potentialAction":[{"@type":"ReadAction","target":["https:\/\/www.noticiasradioreflejos.com.ar\/2021\/casi-la-mitad-de-europa-esta-en-riesgo-de-sequia\/"]}]},{"@type":"ImageObject","inLanguage":"es","@id":"https:\/\/www.noticiasradioreflejos.com.ar\/2021\/casi-la-mitad-de-europa-esta-en-riesgo-de-sequia\/#primaryimage","url":"https:\/\/www.telam.com.ar\/thumbs\/bluesteel\/advf\/imagenes\/2022\/07\/62d55740ed90a_900.jpg","contentUrl":"https:\/\/www.telam.com.ar\/thumbs\/bluesteel\/advf\/imagenes\/2022\/07\/62d55740ed90a_900.jpg"},{"@type":"BreadcrumbList","@id":"https:\/\/www.noticiasradioreflejos.com.ar\/2021\/casi-la-mitad-de-europa-esta-en-riesgo-de-sequia\/#breadcrumb","itemListElement":[{"@type":"ListItem","position":1,"name":"Portada","item":"https:\/\/www.noticiasradioreflejos.com.ar\/2021\/"},{"@type":"ListItem","position":2,"name":"Casi la mitad de Europa est\u00e1 \u00aben riesgo\u00bb de sequ\u00eda"}]},{"@type":"WebSite","@id":"https:\/\/www.noticiasradioreflejos.com.ar\/2021\/#website","url":"https:\/\/www.noticiasradioreflejos.com.ar\/2021\/","name":"Noticias Radio Reflejos","description":"Las noticias de mi comarca","potentialAction":[{"@type":"SearchAction","target":{"@type":"EntryPoint","urlTemplate":"https:\/\/www.noticiasradioreflejos.com.ar\/2021\/?s={search_term_string}"},"query-input":{"@type":"PropertyValueSpecification","valueRequired":true,"valueName":"search_term_string"}}],"inLanguage":"es"},{"@type":"Person","@id":"https:\/\/www.noticiasradioreflejos.com.ar\/2021\/#\/schema\/person\/ad82545263dcc5ec0996818884fd5fb1","name":"Arnaldo Botto","image":{"@type":"ImageObject","inLanguage":"es","@id":"https:\/\/www.noticiasradioreflejos.com.ar\/2021\/#\/schema\/person\/image\/","url":"https:\/\/secure.gravatar.com\/avatar\/55cb5e37c1efa326397366e6974cb338056df65cb50e7d64d1cf314e87504837?s=96&d=mm&r=g","contentUrl":"https:\/\/secure.gravatar.com\/avatar\/55cb5e37c1efa326397366e6974cb338056df65cb50e7d64d1cf314e87504837?s=96&d=mm&r=g","caption":"Arnaldo Botto"},"url":"https:\/\/www.noticiasradioreflejos.com.ar\/2021\/author\/arnaldo\/"}]}},"_links":{"self":[{"href":"https:\/\/www.noticiasradioreflejos.com.ar\/2021\/wp-json\/wp\/v2\/posts\/75267","targetHints":{"allow":["GET"]}}],"collection":[{"href":"https:\/\/www.noticiasradioreflejos.com.ar\/2021\/wp-json\/wp\/v2\/posts"}],"about":[{"href":"https:\/\/www.noticiasradioreflejos.com.ar\/2021\/wp-json\/wp\/v2\/types\/post"}],"author":[{"embeddable":true,"href":"https:\/\/www.noticiasradioreflejos.com.ar\/2021\/wp-json\/wp\/v2\/users\/3"}],"replies":[{"embeddable":true,"href":"https:\/\/www.noticiasradioreflejos.com.ar\/2021\/wp-json\/wp\/v2\/comments?post=75267"}],"version-history":[{"count":1,"href":"https:\/\/www.noticiasradioreflejos.com.ar\/2021\/wp-json\/wp\/v2\/posts\/75267\/revisions"}],"predecessor-version":[{"id":75269,"href":"https:\/\/www.noticiasradioreflejos.com.ar\/2021\/wp-json\/wp\/v2\/posts\/75267\/revisions\/75269"}],"wp:attachment":[{"href":"https:\/\/www.noticiasradioreflejos.com.ar\/2021\/wp-json\/wp\/v2\/media?parent=75267"}],"wp:term":[{"taxonomy":"category","embeddable":true,"href":"https:\/\/www.noticiasradioreflejos.com.ar\/2021\/wp-json\/wp\/v2\/categories?post=75267"},{"taxonomy":"post_tag","embeddable":true,"href":"https:\/\/www.noticiasradioreflejos.com.ar\/2021\/wp-json\/wp\/v2\/tags?post=75267"}],"curies":[{"name":"wp","href":"https:\/\/api.w.org\/{rel}","templated":true}]}}