{"id":75265,"date":"2022-07-18T20:12:40","date_gmt":"2022-07-18T20:12:40","guid":{"rendered":"http:\/\/www.noticiasradioreflejos.com.ar\/2021\/?p=75265"},"modified":"2022-07-18T20:12:40","modified_gmt":"2022-07-18T20:12:40","slug":"tagliapietra-anticipo-que-pediran-juicio-politico-de-los-jueces-que-sobreseyeron-a-macri","status":"publish","type":"post","link":"https:\/\/www.noticiasradioreflejos.com.ar\/2021\/tagliapietra-anticipo-que-pediran-juicio-politico-de-los-jueces-que-sobreseyeron-a-macri\/","title":{"rendered":"Tagliapietra anticip\u00f3 que pedir\u00e1n juicio pol\u00edtico de los jueces que sobreseyeron a Macri"},"content":{"rendered":"<p>El abogado y padre de una de las v\u00edctimas del hundimiento del ARA San Juan sostuvo que ya se encuentran trabajando en el recurso de Casaci\u00f3n contra el tribunal que consider\u00f3 que las tareas de inteligencia a los familiares de los tripulantes del submarino no fueron ilegales.<!--more--><\/p>\n<div class=\"wrapper-editable-content\">\n<div class=\"wrapper-info-note\">\n<div class=\"col-md-12\"><\/div>\n<\/div>\n<\/div>\n<figure class=\"mb-3\"><img decoding=\"async\" src=\"https:\/\/www.telam.com.ar\/thumbs\/bluesteel\/advf\/imagenes\/2021\/10\/61571c1b9e254_900.jpg\" alt=\"Tagliapietra trabaja en el recurso ante Casacin contra el tribunal que sobresey al expresidente \" width=\"100%\" height=\"100%\" \/><\/p>\n<div class=\"media-icons\"><\/div><figcaption>Tagliapietra trabaja en el recurso ante Casaci\u00f3n contra el tribunal que sobresey\u00f3 al expresidente.<\/figcaption><\/figure>\n<p>Luis Tagliapietra, abogado querellante de familiares de v\u00edctimas del hundimiento del ARA San Juan y padre de Alejandro, uno de los tripulantes del submarino, ratific\u00f3 este lunes\u00a0<strong>que ir\u00e1 \u00abhasta las \u00faltimas consecuencias\u00bb en la lucha por la \u00abverdad y la justicia\u00bb<\/strong>\u00a0y anticip\u00f3 que\u00a0<strong>se pedir\u00e1 el juicio pol\u00edtico de los jueces que sobreseyeron al expresidente Mauricio Macri,<\/strong>\u00a0entre otros recursos judiciales.<\/p>\n<p><strong>\u00abVamos a denunciar penalmente a estos jueces y tambi\u00e9n vamos a pedir su juicio pol\u00edtico.<\/strong>\u00a0Estamos trabajando fuertemente en estas cuestiones, que obviamente algunas requieren que se planteen despu\u00e9s de la feria judicial; no nos olvidemos que este fallo nos fue notificado el d\u00eda viernes a las 14 horas ya en feria\u00bb, afirm\u00f3 el letrado en declaraciones a T\u00e9lam Radio.<\/p>\n<p>As\u00ed se expres\u00f3\u00a0<strong>Tagliapietra tras conocer el fallo de la C\u00e1mara Federal porte\u00f1a,<\/strong>\u00a0que lleva las firmas de los jueces Mariano Llorens, Leopoldo Bruglia y Pablo Bertuzzi, y que sobresey\u00f3 al expresidente y a los exjefes de la Agencia Federal de Inteligencia (AFI) de ese Gobierno, Gustavo Arribas y Silvia Majdalani, tras considerar que las tareas de inteligencia a los familiares de los tripulantes del submarino ARA San Juan, que se hundi\u00f3 en noviembre de 2017, no habr\u00edan sido ilegales, sino que que se trat\u00f3 de maniobras para proteger la seguridad presidencial.<\/p>\n<p>En ese sentido, el abogado sostuvo que ya se encuentran trabajando en el recurso de Casaci\u00f3n que consider\u00f3 como\u00a0<strong>\u00ablo que inmediatamente corresponde por ley\u00bb.<\/strong><\/p>\n<p>\u00abEsto es porque obviamente la sentencia es de car\u00e1cter definitivo porque tiende a dar por terminada la investigaci\u00f3n y por, obviamente, una err\u00f3nea interpretaci\u00f3n de la ley y de la prueba. Pr\u00e1cticamente este fallo permite todas las posibilidades que exige el recurso de Casaci\u00f3n\u00bb, puntualiz\u00f3.<\/p>\n<p>Por otro lado,\u00a0<strong>Tagliapietra anticip\u00f3 que tambi\u00e9n van \u00aba hacer una denuncia ante la Comisi\u00f3n Interamericana de Derechos Humanos (CIDH) porque es un fallo claramente violatorio al Pacto de San Jos\u00e9 de Costa Rica\u00bb<\/strong>, ya que sostuvo que intenta \u00ablegalizar actividades de espionaje interno contra ciudadanos bajo, claramente, una argumentaci\u00f3n absolutamente insostenible\u00bb.<\/p>\n<p>\u00abAs\u00ed que para nosotros, como s\u00ed somos muy respetuosos de la ley, nos remitiremos a lo que la misma exige\u00bb, subray\u00f3.<\/p>\n<p>Y agreg\u00f3 que \u00abpor supuesto seguiremos luchando nosotros por la verdad y la justicia, porque algo que tiene que saber el expresidente es que la verdad en un proceso penal se ventila en un juicio oral y p\u00fablico, no a trav\u00e9s de chicanas jur\u00eddicas y apelaciones insustentadas\u00bb.<\/p>\n<p><strong>\u00abAs\u00ed que confiamos, seguimos confiando en la Justicia, e iremos hasta las \u00faltimas consecuencias\u00bb<\/strong>, complet\u00f3 Tagliapietra.<\/p>\n","protected":false},"excerpt":{"rendered":"<p>El abogado y padre de una de las v\u00edctimas del hundimiento del ARA San Juan sostuvo que ya se encuentran trabajando en el recurso de Casaci\u00f3n contra el tribunal que consider\u00f3 que las tareas de inteligencia a los familiares de los tripulantes del submarino no fueron ilegales.<\/p>\n","protected":false},"author":3,"featured_media":0,"comment_status":"closed","ping_status":"closed","sticky":false,"template":"","format":"standard","meta":{"footnotes":""},"categories":[57],"tags":[],"class_list":["post-75265","post","type-post","status-publish","format-standard","hentry","category-judiciales"],"yoast_head":"<!-- This site is optimized with the Yoast SEO plugin v25.9 - https:\/\/yoast.com\/wordpress\/plugins\/seo\/ -->\n<title>Tagliapietra anticip\u00f3 que pedir\u00e1n juicio pol\u00edtico de los jueces que sobreseyeron a Macri - Noticias Radio Reflejos<\/title>\n<meta name=\"robots\" content=\"index, follow, max-snippet:-1, max-image-preview:large, max-video-preview:-1\" \/>\n<link rel=\"canonical\" href=\"https:\/\/www.noticiasradioreflejos.com.ar\/2021\/tagliapietra-anticipo-que-pediran-juicio-politico-de-los-jueces-que-sobreseyeron-a-macri\/\" \/>\n<meta property=\"og:locale\" content=\"es_ES\" \/>\n<meta property=\"og:type\" content=\"article\" \/>\n<meta property=\"og:title\" content=\"Tagliapietra anticip\u00f3 que pedir\u00e1n juicio pol\u00edtico de los jueces que sobreseyeron a Macri - Noticias Radio Reflejos\" \/>\n<meta property=\"og:description\" content=\"El abogado y padre de una de las v\u00edctimas del hundimiento del ARA San Juan sostuvo que ya se encuentran trabajando en el recurso de Casaci\u00f3n contra el tribunal que consider\u00f3 que las tareas de inteligencia a los familiares de los tripulantes del submarino no fueron ilegales.\" \/>\n<meta property=\"og:url\" content=\"https:\/\/www.noticiasradioreflejos.com.ar\/2021\/tagliapietra-anticipo-que-pediran-juicio-politico-de-los-jueces-que-sobreseyeron-a-macri\/\" \/>\n<meta property=\"og:site_name\" content=\"Noticias Radio Reflejos\" \/>\n<meta property=\"article:published_time\" content=\"2022-07-18T20:12:40+00:00\" \/>\n<meta property=\"og:image\" content=\"https:\/\/www.telam.com.ar\/thumbs\/bluesteel\/advf\/imagenes\/2021\/10\/61571c1b9e254_900.jpg\" \/>\n<meta name=\"author\" content=\"Arnaldo Botto\" \/>\n<meta name=\"twitter:card\" content=\"summary_large_image\" \/>\n<script type=\"application\/ld+json\" class=\"yoast-schema-graph\">{\"@context\":\"https:\/\/schema.org\",\"@graph\":[{\"@type\":\"WebPage\",\"@id\":\"https:\/\/www.noticiasradioreflejos.com.ar\/2021\/tagliapietra-anticipo-que-pediran-juicio-politico-de-los-jueces-que-sobreseyeron-a-macri\/\",\"url\":\"https:\/\/www.noticiasradioreflejos.com.ar\/2021\/tagliapietra-anticipo-que-pediran-juicio-politico-de-los-jueces-que-sobreseyeron-a-macri\/\",\"name\":\"Tagliapietra anticip\u00f3 que pedir\u00e1n juicio pol\u00edtico de los jueces que sobreseyeron a Macri - Noticias Radio Reflejos\",\"isPartOf\":{\"@id\":\"https:\/\/www.noticiasradioreflejos.com.ar\/2021\/#website\"},\"primaryImageOfPage\":{\"@id\":\"https:\/\/www.noticiasradioreflejos.com.ar\/2021\/tagliapietra-anticipo-que-pediran-juicio-politico-de-los-jueces-que-sobreseyeron-a-macri\/#primaryimage\"},\"image\":{\"@id\":\"https:\/\/www.noticiasradioreflejos.com.ar\/2021\/tagliapietra-anticipo-que-pediran-juicio-politico-de-los-jueces-que-sobreseyeron-a-macri\/#primaryimage\"},\"thumbnailUrl\":\"https:\/\/www.telam.com.ar\/thumbs\/bluesteel\/advf\/imagenes\/2021\/10\/61571c1b9e254_900.jpg\",\"datePublished\":\"2022-07-18T20:12:40+00:00\",\"author\":{\"@id\":\"https:\/\/www.noticiasradioreflejos.com.ar\/2021\/#\/schema\/person\/ad82545263dcc5ec0996818884fd5fb1\"},\"breadcrumb\":{\"@id\":\"https:\/\/www.noticiasradioreflejos.com.ar\/2021\/tagliapietra-anticipo-que-pediran-juicio-politico-de-los-jueces-que-sobreseyeron-a-macri\/#breadcrumb\"},\"inLanguage\":\"es\",\"potentialAction\":[{\"@type\":\"ReadAction\",\"target\":[\"https:\/\/www.noticiasradioreflejos.com.ar\/2021\/tagliapietra-anticipo-que-pediran-juicio-politico-de-los-jueces-que-sobreseyeron-a-macri\/\"]}]},{\"@type\":\"ImageObject\",\"inLanguage\":\"es\",\"@id\":\"https:\/\/www.noticiasradioreflejos.com.ar\/2021\/tagliapietra-anticipo-que-pediran-juicio-politico-de-los-jueces-que-sobreseyeron-a-macri\/#primaryimage\",\"url\":\"https:\/\/www.telam.com.ar\/thumbs\/bluesteel\/advf\/imagenes\/2021\/10\/61571c1b9e254_900.jpg\",\"contentUrl\":\"https:\/\/www.telam.com.ar\/thumbs\/bluesteel\/advf\/imagenes\/2021\/10\/61571c1b9e254_900.jpg\"},{\"@type\":\"BreadcrumbList\",\"@id\":\"https:\/\/www.noticiasradioreflejos.com.ar\/2021\/tagliapietra-anticipo-que-pediran-juicio-politico-de-los-jueces-que-sobreseyeron-a-macri\/#breadcrumb\",\"itemListElement\":[{\"@type\":\"ListItem\",\"position\":1,\"name\":\"Portada\",\"item\":\"https:\/\/www.noticiasradioreflejos.com.ar\/2021\/\"},{\"@type\":\"ListItem\",\"position\":2,\"name\":\"Tagliapietra anticip\u00f3 que pedir\u00e1n juicio pol\u00edtico de los jueces que sobreseyeron a Macri\"}]},{\"@type\":\"WebSite\",\"@id\":\"https:\/\/www.noticiasradioreflejos.com.ar\/2021\/#website\",\"url\":\"https:\/\/www.noticiasradioreflejos.com.ar\/2021\/\",\"name\":\"Noticias Radio Reflejos\",\"description\":\"Las noticias de mi comarca\",\"potentialAction\":[{\"@type\":\"SearchAction\",\"target\":{\"@type\":\"EntryPoint\",\"urlTemplate\":\"https:\/\/www.noticiasradioreflejos.com.ar\/2021\/?s={search_term_string}\"},\"query-input\":{\"@type\":\"PropertyValueSpecification\",\"valueRequired\":true,\"valueName\":\"search_term_string\"}}],\"inLanguage\":\"es\"},{\"@type\":\"Person\",\"@id\":\"https:\/\/www.noticiasradioreflejos.com.ar\/2021\/#\/schema\/person\/ad82545263dcc5ec0996818884fd5fb1\",\"name\":\"Arnaldo Botto\",\"image\":{\"@type\":\"ImageObject\",\"inLanguage\":\"es\",\"@id\":\"https:\/\/www.noticiasradioreflejos.com.ar\/2021\/#\/schema\/person\/image\/\",\"url\":\"https:\/\/secure.gravatar.com\/avatar\/55cb5e37c1efa326397366e6974cb338056df65cb50e7d64d1cf314e87504837?s=96&d=mm&r=g\",\"contentUrl\":\"https:\/\/secure.gravatar.com\/avatar\/55cb5e37c1efa326397366e6974cb338056df65cb50e7d64d1cf314e87504837?s=96&d=mm&r=g\",\"caption\":\"Arnaldo Botto\"},\"url\":\"https:\/\/www.noticiasradioreflejos.com.ar\/2021\/author\/arnaldo\/\"}]}<\/script>\n<!-- \/ Yoast SEO plugin. -->","yoast_head_json":{"title":"Tagliapietra anticip\u00f3 que pedir\u00e1n juicio pol\u00edtico de los jueces que sobreseyeron a Macri - Noticias Radio Reflejos","robots":{"index":"index","follow":"follow","max-snippet":"max-snippet:-1","max-image-preview":"max-image-preview:large","max-video-preview":"max-video-preview:-1"},"canonical":"https:\/\/www.noticiasradioreflejos.com.ar\/2021\/tagliapietra-anticipo-que-pediran-juicio-politico-de-los-jueces-que-sobreseyeron-a-macri\/","og_locale":"es_ES","og_type":"article","og_title":"Tagliapietra anticip\u00f3 que pedir\u00e1n juicio pol\u00edtico de los jueces que sobreseyeron a Macri - Noticias Radio Reflejos","og_description":"El abogado y padre de una de las v\u00edctimas del hundimiento del ARA San Juan sostuvo que ya se encuentran trabajando en el recurso de Casaci\u00f3n contra el tribunal que consider\u00f3 que las tareas de inteligencia a los familiares de los tripulantes del submarino no fueron ilegales.","og_url":"https:\/\/www.noticiasradioreflejos.com.ar\/2021\/tagliapietra-anticipo-que-pediran-juicio-politico-de-los-jueces-que-sobreseyeron-a-macri\/","og_site_name":"Noticias Radio Reflejos","article_published_time":"2022-07-18T20:12:40+00:00","og_image":[{"url":"https:\/\/www.telam.com.ar\/thumbs\/bluesteel\/advf\/imagenes\/2021\/10\/61571c1b9e254_900.jpg","type":"","width":"","height":""}],"author":"Arnaldo Botto","twitter_card":"summary_large_image","schema":{"@context":"https:\/\/schema.org","@graph":[{"@type":"WebPage","@id":"https:\/\/www.noticiasradioreflejos.com.ar\/2021\/tagliapietra-anticipo-que-pediran-juicio-politico-de-los-jueces-que-sobreseyeron-a-macri\/","url":"https:\/\/www.noticiasradioreflejos.com.ar\/2021\/tagliapietra-anticipo-que-pediran-juicio-politico-de-los-jueces-que-sobreseyeron-a-macri\/","name":"Tagliapietra anticip\u00f3 que pedir\u00e1n juicio pol\u00edtico de los jueces que sobreseyeron a Macri - Noticias Radio Reflejos","isPartOf":{"@id":"https:\/\/www.noticiasradioreflejos.com.ar\/2021\/#website"},"primaryImageOfPage":{"@id":"https:\/\/www.noticiasradioreflejos.com.ar\/2021\/tagliapietra-anticipo-que-pediran-juicio-politico-de-los-jueces-que-sobreseyeron-a-macri\/#primaryimage"},"image":{"@id":"https:\/\/www.noticiasradioreflejos.com.ar\/2021\/tagliapietra-anticipo-que-pediran-juicio-politico-de-los-jueces-que-sobreseyeron-a-macri\/#primaryimage"},"thumbnailUrl":"https:\/\/www.telam.com.ar\/thumbs\/bluesteel\/advf\/imagenes\/2021\/10\/61571c1b9e254_900.jpg","datePublished":"2022-07-18T20:12:40+00:00","author":{"@id":"https:\/\/www.noticiasradioreflejos.com.ar\/2021\/#\/schema\/person\/ad82545263dcc5ec0996818884fd5fb1"},"breadcrumb":{"@id":"https:\/\/www.noticiasradioreflejos.com.ar\/2021\/tagliapietra-anticipo-que-pediran-juicio-politico-de-los-jueces-que-sobreseyeron-a-macri\/#breadcrumb"},"inLanguage":"es","potentialAction":[{"@type":"ReadAction","target":["https:\/\/www.noticiasradioreflejos.com.ar\/2021\/tagliapietra-anticipo-que-pediran-juicio-politico-de-los-jueces-que-sobreseyeron-a-macri\/"]}]},{"@type":"ImageObject","inLanguage":"es","@id":"https:\/\/www.noticiasradioreflejos.com.ar\/2021\/tagliapietra-anticipo-que-pediran-juicio-politico-de-los-jueces-que-sobreseyeron-a-macri\/#primaryimage","url":"https:\/\/www.telam.com.ar\/thumbs\/bluesteel\/advf\/imagenes\/2021\/10\/61571c1b9e254_900.jpg","contentUrl":"https:\/\/www.telam.com.ar\/thumbs\/bluesteel\/advf\/imagenes\/2021\/10\/61571c1b9e254_900.jpg"},{"@type":"BreadcrumbList","@id":"https:\/\/www.noticiasradioreflejos.com.ar\/2021\/tagliapietra-anticipo-que-pediran-juicio-politico-de-los-jueces-que-sobreseyeron-a-macri\/#breadcrumb","itemListElement":[{"@type":"ListItem","position":1,"name":"Portada","item":"https:\/\/www.noticiasradioreflejos.com.ar\/2021\/"},{"@type":"ListItem","position":2,"name":"Tagliapietra anticip\u00f3 que pedir\u00e1n juicio pol\u00edtico de los jueces que sobreseyeron a Macri"}]},{"@type":"WebSite","@id":"https:\/\/www.noticiasradioreflejos.com.ar\/2021\/#website","url":"https:\/\/www.noticiasradioreflejos.com.ar\/2021\/","name":"Noticias Radio Reflejos","description":"Las noticias de mi comarca","potentialAction":[{"@type":"SearchAction","target":{"@type":"EntryPoint","urlTemplate":"https:\/\/www.noticiasradioreflejos.com.ar\/2021\/?s={search_term_string}"},"query-input":{"@type":"PropertyValueSpecification","valueRequired":true,"valueName":"search_term_string"}}],"inLanguage":"es"},{"@type":"Person","@id":"https:\/\/www.noticiasradioreflejos.com.ar\/2021\/#\/schema\/person\/ad82545263dcc5ec0996818884fd5fb1","name":"Arnaldo Botto","image":{"@type":"ImageObject","inLanguage":"es","@id":"https:\/\/www.noticiasradioreflejos.com.ar\/2021\/#\/schema\/person\/image\/","url":"https:\/\/secure.gravatar.com\/avatar\/55cb5e37c1efa326397366e6974cb338056df65cb50e7d64d1cf314e87504837?s=96&d=mm&r=g","contentUrl":"https:\/\/secure.gravatar.com\/avatar\/55cb5e37c1efa326397366e6974cb338056df65cb50e7d64d1cf314e87504837?s=96&d=mm&r=g","caption":"Arnaldo Botto"},"url":"https:\/\/www.noticiasradioreflejos.com.ar\/2021\/author\/arnaldo\/"}]}},"_links":{"self":[{"href":"https:\/\/www.noticiasradioreflejos.com.ar\/2021\/wp-json\/wp\/v2\/posts\/75265","targetHints":{"allow":["GET"]}}],"collection":[{"href":"https:\/\/www.noticiasradioreflejos.com.ar\/2021\/wp-json\/wp\/v2\/posts"}],"about":[{"href":"https:\/\/www.noticiasradioreflejos.com.ar\/2021\/wp-json\/wp\/v2\/types\/post"}],"author":[{"embeddable":true,"href":"https:\/\/www.noticiasradioreflejos.com.ar\/2021\/wp-json\/wp\/v2\/users\/3"}],"replies":[{"embeddable":true,"href":"https:\/\/www.noticiasradioreflejos.com.ar\/2021\/wp-json\/wp\/v2\/comments?post=75265"}],"version-history":[{"count":1,"href":"https:\/\/www.noticiasradioreflejos.com.ar\/2021\/wp-json\/wp\/v2\/posts\/75265\/revisions"}],"predecessor-version":[{"id":75266,"href":"https:\/\/www.noticiasradioreflejos.com.ar\/2021\/wp-json\/wp\/v2\/posts\/75265\/revisions\/75266"}],"wp:attachment":[{"href":"https:\/\/www.noticiasradioreflejos.com.ar\/2021\/wp-json\/wp\/v2\/media?parent=75265"}],"wp:term":[{"taxonomy":"category","embeddable":true,"href":"https:\/\/www.noticiasradioreflejos.com.ar\/2021\/wp-json\/wp\/v2\/categories?post=75265"},{"taxonomy":"post_tag","embeddable":true,"href":"https:\/\/www.noticiasradioreflejos.com.ar\/2021\/wp-json\/wp\/v2\/tags?post=75265"}],"curies":[{"name":"wp","href":"https:\/\/api.w.org\/{rel}","templated":true}]}}