{"id":75252,"date":"2022-07-18T17:50:54","date_gmt":"2022-07-18T17:50:54","guid":{"rendered":"http:\/\/www.noticiasradioreflejos.com.ar\/2021\/?p=75252"},"modified":"2022-07-18T17:50:54","modified_gmt":"2022-07-18T17:50:54","slug":"una-constelacion-de-divas-estaran-presentes-esta-noche-en-el-puesto","status":"publish","type":"post","link":"https:\/\/www.noticiasradioreflejos.com.ar\/2021\/una-constelacion-de-divas-estaran-presentes-esta-noche-en-el-puesto\/","title":{"rendered":"Una constelaci\u00f3n de Divas estar\u00e1n presentes esta noche en El Puesto"},"content":{"rendered":"<p>La genial Sulu desplegar\u00e1 toda su magia este lunes y martes. Susana, Moria y Mirtha har\u00e1n un show inolvidable en el local por excelencia de la comarca. Reserv\u00e1 tu lugar. No te lo podes perder.<!--more--><a title=\"WhatsApp Image 2022-07-17 at 9.33.27 PM\" href=\"https:\/\/www.flickr.com\/photos\/182279889@N02\/52225512640\/in\/dateposted-public\/\" data-flickr-embed=\"true\"><img loading=\"lazy\" decoding=\"async\" src=\"https:\/\/live.staticflickr.com\/65535\/52225512640_e4b7b78f08_c.jpg\" alt=\"WhatsApp Image 2022-07-17 at 9.33.27 PM\" width=\"800\" height=\"800\" \/><\/a><\/p>\n<p>Pese a que la viene remando hace muchos a\u00f1os, se podr\u00eda decir que Sulu es una de las gratas revelaciones que ha dado la televisi\u00f3n argentina. Carism\u00e1tica como pocas, apasionada por lo que hace, es fija en los especiales de Bendita.<\/p>\n<p>Esta noche, al igual que el martes, se estar\u00e1 presentando con Divas Show en El Puesto (av. San Martin 1000), en una cena show que necesariamente se debe reservar con antelaci\u00f3n. El espect\u00e1culo iniciar\u00e1 a las 21.<\/p>\n<p>Esta ma\u00f1ana, en exclusiva con FM Reflejos, la mism\u00edsima Susana \u201cSulu\u201d Gim\u00e9nez\u00a0 dej\u00f3 declaraciones explosivas:<\/p>\n<p>\u201cVoy a hacer el musical con Los Susanos, que son de Sierra. Hicimos un casting fabuloso. Van a estar demostrando sus dotes. Junte 15 susanos\u2026 un musical nunca antes visto en Sierra de la Ventanas\u201d asegur\u00f3.<\/p>\n<p>Al mismo tiempo confirm\u00f3 que \u201cviene Moria, viene Mirtha\u2026. va a haber una cumbre de diosas\u201d agregando adem\u00e1s que \u201cMirtha es la reina del tenedor libre. Le va fabuloso con eso. Ahora est\u00e1 viendo d\u00f3nde va a poner su tenedor libre\u201d.<\/p>\n<p>Dejando un poco de lado el personaje, Sulu cont\u00f3 que \u201cestoy trabajando en Bendita. Estamos grabando en el especial de Bendita desde marzo. Me toca interpretar a Susana. Tambi\u00e9n estuve en las Puertas de Laurita. Eso lo levant\u00f3 Lusich y me ayud\u00f3 un mont\u00f3n\u201d.<\/p>\n<p>Sobre su formaci\u00f3n, confirm\u00f3 que \u201cimito a Susana desde el 2006. Soy de Azul. Estudi\u00e9 teatro, hice temporada en Carlos Paz en Mar del Plata. Creo que este verano haremos temporada con los chicos de Bendita\u201d.<\/p>\n<p>La invitaci\u00f3n est\u00e1 hecha: un show de Capital Federal en el coraz\u00f3n de la comarca serrana. \u00bfTe lo vas a perder?.<\/p>\n<p>&nbsp;<\/p>\n<p>&nbsp;<\/p>\n<p><iframe loading=\"lazy\" src=\"https:\/\/w.soundcloud.com\/player\/?url=https%3A\/\/api.soundcloud.com\/tracks\/1307354344&amp;color=%23ff5500&amp;auto_play=false&amp;hide_related=false&amp;show_comments=true&amp;show_user=true&amp;show_reposts=false&amp;show_teaser=true\" width=\"100%\" height=\"166\" frameborder=\"no\" scrolling=\"no\"><\/iframe><\/p>\n<div style=\"font-size: 10px; color: #cccccc; line-break: anywhere; word-break: normal; overflow: hidden; white-space: nowrap; text-overflow: ellipsis; font-family: Interstate,Lucida Grande,Lucida Sans Unicode,Lucida Sans,Garuda,Verdana,Tahoma,sans-serif; font-weight: 100;\"><a style=\"color: #cccccc; text-decoration: none;\" title=\"fmreflejos 103.7\" href=\"https:\/\/soundcloud.com\/fmreflejos-103-7\" target=\"_blank\" rel=\"noopener\">fmreflejos 103.7<\/a> \u00b7 <a style=\"color: #cccccc; text-decoration: none;\" title=\"Sulu EL PUESTO\" href=\"https:\/\/soundcloud.com\/fmreflejos-103-7\/sulu-el-puesto\" target=\"_blank\" rel=\"noopener\">Sulu EL PUESTO<\/a><\/div>\n","protected":false},"excerpt":{"rendered":"<p>La genial Sulu desplegar\u00e1 toda su magia este lunes y martes. Susana, Moria y Mirtha har\u00e1n un show inolvidable en el local por excelencia de la comarca. Reserv\u00e1 tu lugar. No te lo podes perder.<\/p>\n","protected":false},"author":3,"featured_media":0,"comment_status":"closed","ping_status":"closed","sticky":false,"template":"","format":"standard","meta":{"footnotes":""},"categories":[35,26,33],"tags":[48],"class_list":["post-75252","post","type-post","status-publish","format-standard","hentry","category-cultura","category-sociedad","category-turismo","tag-destacada"],"yoast_head":"<!-- This site is optimized with the Yoast SEO plugin v25.9 - https:\/\/yoast.com\/wordpress\/plugins\/seo\/ -->\n<title>Una constelaci\u00f3n de Divas estar\u00e1n presentes esta noche en El Puesto - Noticias Radio Reflejos<\/title>\n<meta name=\"robots\" content=\"index, follow, max-snippet:-1, max-image-preview:large, max-video-preview:-1\" \/>\n<link rel=\"canonical\" href=\"https:\/\/www.noticiasradioreflejos.com.ar\/2021\/una-constelacion-de-divas-estaran-presentes-esta-noche-en-el-puesto\/\" \/>\n<meta property=\"og:locale\" content=\"es_ES\" \/>\n<meta property=\"og:type\" content=\"article\" \/>\n<meta property=\"og:title\" content=\"Una constelaci\u00f3n de Divas estar\u00e1n presentes esta noche en El Puesto - Noticias Radio Reflejos\" \/>\n<meta property=\"og:description\" content=\"La genial Sulu desplegar\u00e1 toda su magia este lunes y martes. Susana, Moria y Mirtha har\u00e1n un show inolvidable en el local por excelencia de la comarca. Reserv\u00e1 tu lugar. No te lo podes perder.\" \/>\n<meta property=\"og:url\" content=\"https:\/\/www.noticiasradioreflejos.com.ar\/2021\/una-constelacion-de-divas-estaran-presentes-esta-noche-en-el-puesto\/\" \/>\n<meta property=\"og:site_name\" content=\"Noticias Radio Reflejos\" \/>\n<meta property=\"article:published_time\" content=\"2022-07-18T17:50:54+00:00\" \/>\n<meta property=\"og:image\" content=\"https:\/\/live.staticflickr.com\/65535\/52225512640_e4b7b78f08_c.jpg\" \/>\n<meta name=\"author\" content=\"Arnaldo Botto\" \/>\n<meta name=\"twitter:card\" content=\"summary_large_image\" \/>\n<script type=\"application\/ld+json\" class=\"yoast-schema-graph\">{\"@context\":\"https:\/\/schema.org\",\"@graph\":[{\"@type\":\"WebPage\",\"@id\":\"https:\/\/www.noticiasradioreflejos.com.ar\/2021\/una-constelacion-de-divas-estaran-presentes-esta-noche-en-el-puesto\/\",\"url\":\"https:\/\/www.noticiasradioreflejos.com.ar\/2021\/una-constelacion-de-divas-estaran-presentes-esta-noche-en-el-puesto\/\",\"name\":\"Una constelaci\u00f3n de Divas estar\u00e1n presentes esta noche en El Puesto - Noticias Radio Reflejos\",\"isPartOf\":{\"@id\":\"https:\/\/www.noticiasradioreflejos.com.ar\/2021\/#website\"},\"primaryImageOfPage\":{\"@id\":\"https:\/\/www.noticiasradioreflejos.com.ar\/2021\/una-constelacion-de-divas-estaran-presentes-esta-noche-en-el-puesto\/#primaryimage\"},\"image\":{\"@id\":\"https:\/\/www.noticiasradioreflejos.com.ar\/2021\/una-constelacion-de-divas-estaran-presentes-esta-noche-en-el-puesto\/#primaryimage\"},\"thumbnailUrl\":\"https:\/\/live.staticflickr.com\/65535\/52225512640_e4b7b78f08_c.jpg\",\"datePublished\":\"2022-07-18T17:50:54+00:00\",\"author\":{\"@id\":\"https:\/\/www.noticiasradioreflejos.com.ar\/2021\/#\/schema\/person\/ad82545263dcc5ec0996818884fd5fb1\"},\"breadcrumb\":{\"@id\":\"https:\/\/www.noticiasradioreflejos.com.ar\/2021\/una-constelacion-de-divas-estaran-presentes-esta-noche-en-el-puesto\/#breadcrumb\"},\"inLanguage\":\"es\",\"potentialAction\":[{\"@type\":\"ReadAction\",\"target\":[\"https:\/\/www.noticiasradioreflejos.com.ar\/2021\/una-constelacion-de-divas-estaran-presentes-esta-noche-en-el-puesto\/\"]}]},{\"@type\":\"ImageObject\",\"inLanguage\":\"es\",\"@id\":\"https:\/\/www.noticiasradioreflejos.com.ar\/2021\/una-constelacion-de-divas-estaran-presentes-esta-noche-en-el-puesto\/#primaryimage\",\"url\":\"https:\/\/live.staticflickr.com\/65535\/52225512640_e4b7b78f08_c.jpg\",\"contentUrl\":\"https:\/\/live.staticflickr.com\/65535\/52225512640_e4b7b78f08_c.jpg\"},{\"@type\":\"BreadcrumbList\",\"@id\":\"https:\/\/www.noticiasradioreflejos.com.ar\/2021\/una-constelacion-de-divas-estaran-presentes-esta-noche-en-el-puesto\/#breadcrumb\",\"itemListElement\":[{\"@type\":\"ListItem\",\"position\":1,\"name\":\"Portada\",\"item\":\"https:\/\/www.noticiasradioreflejos.com.ar\/2021\/\"},{\"@type\":\"ListItem\",\"position\":2,\"name\":\"Una constelaci\u00f3n de Divas estar\u00e1n presentes esta noche en El Puesto\"}]},{\"@type\":\"WebSite\",\"@id\":\"https:\/\/www.noticiasradioreflejos.com.ar\/2021\/#website\",\"url\":\"https:\/\/www.noticiasradioreflejos.com.ar\/2021\/\",\"name\":\"Noticias Radio Reflejos\",\"description\":\"Las noticias de mi comarca\",\"potentialAction\":[{\"@type\":\"SearchAction\",\"target\":{\"@type\":\"EntryPoint\",\"urlTemplate\":\"https:\/\/www.noticiasradioreflejos.com.ar\/2021\/?s={search_term_string}\"},\"query-input\":{\"@type\":\"PropertyValueSpecification\",\"valueRequired\":true,\"valueName\":\"search_term_string\"}}],\"inLanguage\":\"es\"},{\"@type\":\"Person\",\"@id\":\"https:\/\/www.noticiasradioreflejos.com.ar\/2021\/#\/schema\/person\/ad82545263dcc5ec0996818884fd5fb1\",\"name\":\"Arnaldo Botto\",\"image\":{\"@type\":\"ImageObject\",\"inLanguage\":\"es\",\"@id\":\"https:\/\/www.noticiasradioreflejos.com.ar\/2021\/#\/schema\/person\/image\/\",\"url\":\"https:\/\/secure.gravatar.com\/avatar\/55cb5e37c1efa326397366e6974cb338056df65cb50e7d64d1cf314e87504837?s=96&d=mm&r=g\",\"contentUrl\":\"https:\/\/secure.gravatar.com\/avatar\/55cb5e37c1efa326397366e6974cb338056df65cb50e7d64d1cf314e87504837?s=96&d=mm&r=g\",\"caption\":\"Arnaldo Botto\"},\"url\":\"https:\/\/www.noticiasradioreflejos.com.ar\/2021\/author\/arnaldo\/\"}]}<\/script>\n<!-- \/ Yoast SEO plugin. -->","yoast_head_json":{"title":"Una constelaci\u00f3n de Divas estar\u00e1n presentes esta noche en El Puesto - Noticias Radio Reflejos","robots":{"index":"index","follow":"follow","max-snippet":"max-snippet:-1","max-image-preview":"max-image-preview:large","max-video-preview":"max-video-preview:-1"},"canonical":"https:\/\/www.noticiasradioreflejos.com.ar\/2021\/una-constelacion-de-divas-estaran-presentes-esta-noche-en-el-puesto\/","og_locale":"es_ES","og_type":"article","og_title":"Una constelaci\u00f3n de Divas estar\u00e1n presentes esta noche en El Puesto - Noticias Radio Reflejos","og_description":"La genial Sulu desplegar\u00e1 toda su magia este lunes y martes. Susana, Moria y Mirtha har\u00e1n un show inolvidable en el local por excelencia de la comarca. Reserv\u00e1 tu lugar. No te lo podes perder.","og_url":"https:\/\/www.noticiasradioreflejos.com.ar\/2021\/una-constelacion-de-divas-estaran-presentes-esta-noche-en-el-puesto\/","og_site_name":"Noticias Radio Reflejos","article_published_time":"2022-07-18T17:50:54+00:00","og_image":[{"url":"https:\/\/live.staticflickr.com\/65535\/52225512640_e4b7b78f08_c.jpg","type":"","width":"","height":""}],"author":"Arnaldo Botto","twitter_card":"summary_large_image","schema":{"@context":"https:\/\/schema.org","@graph":[{"@type":"WebPage","@id":"https:\/\/www.noticiasradioreflejos.com.ar\/2021\/una-constelacion-de-divas-estaran-presentes-esta-noche-en-el-puesto\/","url":"https:\/\/www.noticiasradioreflejos.com.ar\/2021\/una-constelacion-de-divas-estaran-presentes-esta-noche-en-el-puesto\/","name":"Una constelaci\u00f3n de Divas estar\u00e1n presentes esta noche en El Puesto - Noticias Radio Reflejos","isPartOf":{"@id":"https:\/\/www.noticiasradioreflejos.com.ar\/2021\/#website"},"primaryImageOfPage":{"@id":"https:\/\/www.noticiasradioreflejos.com.ar\/2021\/una-constelacion-de-divas-estaran-presentes-esta-noche-en-el-puesto\/#primaryimage"},"image":{"@id":"https:\/\/www.noticiasradioreflejos.com.ar\/2021\/una-constelacion-de-divas-estaran-presentes-esta-noche-en-el-puesto\/#primaryimage"},"thumbnailUrl":"https:\/\/live.staticflickr.com\/65535\/52225512640_e4b7b78f08_c.jpg","datePublished":"2022-07-18T17:50:54+00:00","author":{"@id":"https:\/\/www.noticiasradioreflejos.com.ar\/2021\/#\/schema\/person\/ad82545263dcc5ec0996818884fd5fb1"},"breadcrumb":{"@id":"https:\/\/www.noticiasradioreflejos.com.ar\/2021\/una-constelacion-de-divas-estaran-presentes-esta-noche-en-el-puesto\/#breadcrumb"},"inLanguage":"es","potentialAction":[{"@type":"ReadAction","target":["https:\/\/www.noticiasradioreflejos.com.ar\/2021\/una-constelacion-de-divas-estaran-presentes-esta-noche-en-el-puesto\/"]}]},{"@type":"ImageObject","inLanguage":"es","@id":"https:\/\/www.noticiasradioreflejos.com.ar\/2021\/una-constelacion-de-divas-estaran-presentes-esta-noche-en-el-puesto\/#primaryimage","url":"https:\/\/live.staticflickr.com\/65535\/52225512640_e4b7b78f08_c.jpg","contentUrl":"https:\/\/live.staticflickr.com\/65535\/52225512640_e4b7b78f08_c.jpg"},{"@type":"BreadcrumbList","@id":"https:\/\/www.noticiasradioreflejos.com.ar\/2021\/una-constelacion-de-divas-estaran-presentes-esta-noche-en-el-puesto\/#breadcrumb","itemListElement":[{"@type":"ListItem","position":1,"name":"Portada","item":"https:\/\/www.noticiasradioreflejos.com.ar\/2021\/"},{"@type":"ListItem","position":2,"name":"Una constelaci\u00f3n de Divas estar\u00e1n presentes esta noche en El Puesto"}]},{"@type":"WebSite","@id":"https:\/\/www.noticiasradioreflejos.com.ar\/2021\/#website","url":"https:\/\/www.noticiasradioreflejos.com.ar\/2021\/","name":"Noticias Radio Reflejos","description":"Las noticias de mi comarca","potentialAction":[{"@type":"SearchAction","target":{"@type":"EntryPoint","urlTemplate":"https:\/\/www.noticiasradioreflejos.com.ar\/2021\/?s={search_term_string}"},"query-input":{"@type":"PropertyValueSpecification","valueRequired":true,"valueName":"search_term_string"}}],"inLanguage":"es"},{"@type":"Person","@id":"https:\/\/www.noticiasradioreflejos.com.ar\/2021\/#\/schema\/person\/ad82545263dcc5ec0996818884fd5fb1","name":"Arnaldo Botto","image":{"@type":"ImageObject","inLanguage":"es","@id":"https:\/\/www.noticiasradioreflejos.com.ar\/2021\/#\/schema\/person\/image\/","url":"https:\/\/secure.gravatar.com\/avatar\/55cb5e37c1efa326397366e6974cb338056df65cb50e7d64d1cf314e87504837?s=96&d=mm&r=g","contentUrl":"https:\/\/secure.gravatar.com\/avatar\/55cb5e37c1efa326397366e6974cb338056df65cb50e7d64d1cf314e87504837?s=96&d=mm&r=g","caption":"Arnaldo Botto"},"url":"https:\/\/www.noticiasradioreflejos.com.ar\/2021\/author\/arnaldo\/"}]}},"_links":{"self":[{"href":"https:\/\/www.noticiasradioreflejos.com.ar\/2021\/wp-json\/wp\/v2\/posts\/75252","targetHints":{"allow":["GET"]}}],"collection":[{"href":"https:\/\/www.noticiasradioreflejos.com.ar\/2021\/wp-json\/wp\/v2\/posts"}],"about":[{"href":"https:\/\/www.noticiasradioreflejos.com.ar\/2021\/wp-json\/wp\/v2\/types\/post"}],"author":[{"embeddable":true,"href":"https:\/\/www.noticiasradioreflejos.com.ar\/2021\/wp-json\/wp\/v2\/users\/3"}],"replies":[{"embeddable":true,"href":"https:\/\/www.noticiasradioreflejos.com.ar\/2021\/wp-json\/wp\/v2\/comments?post=75252"}],"version-history":[{"count":2,"href":"https:\/\/www.noticiasradioreflejos.com.ar\/2021\/wp-json\/wp\/v2\/posts\/75252\/revisions"}],"predecessor-version":[{"id":75258,"href":"https:\/\/www.noticiasradioreflejos.com.ar\/2021\/wp-json\/wp\/v2\/posts\/75252\/revisions\/75258"}],"wp:attachment":[{"href":"https:\/\/www.noticiasradioreflejos.com.ar\/2021\/wp-json\/wp\/v2\/media?parent=75252"}],"wp:term":[{"taxonomy":"category","embeddable":true,"href":"https:\/\/www.noticiasradioreflejos.com.ar\/2021\/wp-json\/wp\/v2\/categories?post=75252"},{"taxonomy":"post_tag","embeddable":true,"href":"https:\/\/www.noticiasradioreflejos.com.ar\/2021\/wp-json\/wp\/v2\/tags?post=75252"}],"curies":[{"name":"wp","href":"https:\/\/api.w.org\/{rel}","templated":true}]}}