{"id":75250,"date":"2022-07-18T17:58:49","date_gmt":"2022-07-18T17:58:49","guid":{"rendered":"http:\/\/www.noticiasradioreflejos.com.ar\/2021\/?p=75250"},"modified":"2022-07-18T17:58:49","modified_gmt":"2022-07-18T17:58:49","slug":"vacaciones-de-invierno-la-ocupacion-es-menor-a-la-del-ano-pasado","status":"publish","type":"post","link":"https:\/\/www.noticiasradioreflejos.com.ar\/2021\/vacaciones-de-invierno-la-ocupacion-es-menor-a-la-del-ano-pasado\/","title":{"rendered":"Vacaciones de invierno: \u201cla ocupaci\u00f3n es menor a la del a\u00f1o pasado\u201d"},"content":{"rendered":"<p>El Secretario de Turismo de Tornquist, Gustavo Sandobal, coment\u00f3 c\u00f3mo arrancaron las vacaciones de invierno en la comarca. \u201cEstamos en un 75% de ocupaci\u00f3n para las semanas de vacaciones de invierno\u201d asegur\u00f3.<\/p>\n<p>Pese a las primeras estimaciones el optimismo se mantiene. Nadie quiere pensar de otra manera pese a que el fin de semana largo por el d\u00eda del padre dej\u00f3 un precedente un tanto preocupante.<\/p>\n<p>Al respecto, el Secretario de Turismo de Tornquist, Gustavo Sandobal, afirm\u00f3 que \u201cestamos en un 75% de ocupaci\u00f3n para las semanas de vacaciones de invierno. La semana pasada, cuando nos visit\u00f3 mucha gente de La Pampa, R\u00edo Negro y Entre R\u00edos, tuvimos un 40% de ocupaci\u00f3n. Las consultas siguen, as\u00ed que el n\u00famero podr\u00eda aumentar en unos d\u00edas\u201d.<\/p>\n<p>De igual forma asegur\u00f3 que \u201cestamos m\u00e1s abajo que el a\u00f1o pasado. Estamos haciendo sondeos con los prestadores y las c\u00e1maras para ver c\u00f3mo se desarrolla el consumo. Para el d\u00eda del padre tuvimos un 96% de ocupaci\u00f3n, pero no se reflej\u00f3 en el resto de los rubros: no hubo recambio de cubiertos en gastronom\u00eda, no hubo muchas consultas sobre servicios\u2026 y eso que fueron cuatro d\u00edas. La realidad del pa\u00eds no es ajena al sector y se siente un poco\u201d.<\/p>\n<p>Consultado por sondeos que marcan ocupaciones casi plenas en destinos como Tandil, y si la distancia con Capital Federal hoy podr\u00eda ser un factor negativo, Sandobal desliz\u00f3 que \u201choy en d\u00eda trasladarse en distancias largas es un presupuesto bastante importante. No tiene que ver con los precios. No est\u00e1 caro Sierra de la Ventana en relaci\u00f3n a otros destinos. Este fin de semana sali\u00f3 en Clar\u00edn una nota sobre 20 destinos tur\u00edsticos econ\u00f3micos, y est\u00e1bamos incluidos\u201d.<\/p>\n<p>Sobre c\u00f3mo este tipo de fechas ayudan al impulso de la comarca en cuanto a puestos de trabajo, el funcionario afirm\u00f3 que \u201cestamos triangulando la informaci\u00f3n con la Direcci\u00f3n de Empleo del municipio; permanentemente los prestados nos preguntan por personal disponible, y es recurrente el pedido de gente para trabajar. Lo que estamos viendo ahora es un retroceso en el consumo\u201d.<\/p>\n<p>Por \u00faltimo, y sobre las elecciones habitacionales de los visitantes temporarios, el Secretario confirm\u00f3 que \u201cla caba\u00f1a es la primera que se ocupa. Es una tendencia que fuimos notando post pandemia. La gente tiene una idea de salir a disfrutar, busca estar m\u00e1s reservado. En nuestro partido prevalece m\u00e1s esa elecci\u00f3n por encima de otras opciones\u201d.<br \/>\n<iframe loading=\"lazy\" width=\"100%\" height=\"166\" scrolling=\"no\" frameborder=\"no\" allow=\"autoplay\" src=\"https:\/\/w.soundcloud.com\/player\/?url=https%3A\/\/api.soundcloud.com\/tracks\/1307355376&#038;color=%23ff5500&#038;auto_play=false&#038;hide_related=false&#038;show_comments=true&#038;show_user=true&#038;show_reposts=false&#038;show_teaser=true\"><\/iframe><\/p>\n<div style=\"font-size: 10px; color: #cccccc;line-break: anywhere;word-break: normal;overflow: hidden;white-space: nowrap;text-overflow: ellipsis; font-family: Interstate,Lucida Grande,Lucida Sans Unicode,Lucida Sans,Garuda,Verdana,Tahoma,sans-serif;font-weight: 100;\"><a href=\"https:\/\/soundcloud.com\/fmreflejos-103-7\" title=\"fmreflejos 103.7\" target=\"_blank\" style=\"color: #cccccc; text-decoration: none;\" rel=\"noopener\">fmreflejos 103.7<\/a> \u00b7 <a href=\"https:\/\/soundcloud.com\/fmreflejos-103-7\/gustavo-sandobal-5\" title=\"Gustavo Sandobal\" target=\"_blank\" style=\"color: #cccccc; text-decoration: none;\" rel=\"noopener\">Gustavo Sandobal<\/a><\/div>\n","protected":false},"excerpt":{"rendered":"<p>El Secretario de Turismo de Tornquist, Gustavo Sandobal, coment\u00f3 c\u00f3mo arrancaron las vacaciones de invierno en la comarca. \u201cEstamos en un 75% de ocupaci\u00f3n para las semanas de vacaciones de invierno\u201d asegur\u00f3. Pese a las primeras estimaciones el optimismo se mantiene. Nadie quiere pensar de otra manera pese a que el fin de semana largo [&hellip;]<\/p>\n","protected":false},"author":3,"featured_media":60391,"comment_status":"closed","ping_status":"closed","sticky":false,"template":"","format":"standard","meta":{"footnotes":""},"categories":[33],"tags":[48],"class_list":["post-75250","post","type-post","status-publish","format-standard","has-post-thumbnail","hentry","category-turismo","tag-destacada"],"yoast_head":"<!-- This site is optimized with the Yoast SEO plugin v25.9 - https:\/\/yoast.com\/wordpress\/plugins\/seo\/ -->\n<title>Vacaciones de invierno: \u201cla ocupaci\u00f3n es menor a la del a\u00f1o pasado\u201d - Noticias Radio Reflejos<\/title>\n<meta name=\"robots\" content=\"index, follow, max-snippet:-1, max-image-preview:large, max-video-preview:-1\" \/>\n<link rel=\"canonical\" href=\"https:\/\/www.noticiasradioreflejos.com.ar\/2021\/vacaciones-de-invierno-la-ocupacion-es-menor-a-la-del-ano-pasado\/\" \/>\n<meta property=\"og:locale\" content=\"es_ES\" \/>\n<meta property=\"og:type\" content=\"article\" \/>\n<meta property=\"og:title\" content=\"Vacaciones de invierno: \u201cla ocupaci\u00f3n es menor a la del a\u00f1o pasado\u201d - Noticias Radio Reflejos\" \/>\n<meta property=\"og:description\" content=\"El Secretario de Turismo de Tornquist, Gustavo Sandobal, coment\u00f3 c\u00f3mo arrancaron las vacaciones de invierno en la comarca. \u201cEstamos en un 75% de ocupaci\u00f3n para las semanas de vacaciones de invierno\u201d asegur\u00f3. Pese a las primeras estimaciones el optimismo se mantiene. Nadie quiere pensar de otra manera pese a que el fin de semana largo [&hellip;]\" \/>\n<meta property=\"og:url\" content=\"https:\/\/www.noticiasradioreflejos.com.ar\/2021\/vacaciones-de-invierno-la-ocupacion-es-menor-a-la-del-ano-pasado\/\" \/>\n<meta property=\"og:site_name\" content=\"Noticias Radio Reflejos\" \/>\n<meta property=\"article:published_time\" content=\"2022-07-18T17:58:49+00:00\" \/>\n<meta property=\"og:image\" content=\"https:\/\/www.noticiasradioreflejos.com.ar\/2021\/wp-content\/uploads\/2021\/07\/Turismo-Domingo-18-14.jpg\" \/>\n\t<meta property=\"og:image:width\" content=\"2304\" \/>\n\t<meta property=\"og:image:height\" content=\"1296\" \/>\n\t<meta property=\"og:image:type\" content=\"image\/jpeg\" \/>\n<meta name=\"author\" content=\"Arnaldo Botto\" \/>\n<meta name=\"twitter:card\" content=\"summary_large_image\" \/>\n<script type=\"application\/ld+json\" class=\"yoast-schema-graph\">{\"@context\":\"https:\/\/schema.org\",\"@graph\":[{\"@type\":\"WebPage\",\"@id\":\"https:\/\/www.noticiasradioreflejos.com.ar\/2021\/vacaciones-de-invierno-la-ocupacion-es-menor-a-la-del-ano-pasado\/\",\"url\":\"https:\/\/www.noticiasradioreflejos.com.ar\/2021\/vacaciones-de-invierno-la-ocupacion-es-menor-a-la-del-ano-pasado\/\",\"name\":\"Vacaciones de invierno: \u201cla ocupaci\u00f3n es menor a la del a\u00f1o pasado\u201d - Noticias Radio Reflejos\",\"isPartOf\":{\"@id\":\"https:\/\/www.noticiasradioreflejos.com.ar\/2021\/#website\"},\"primaryImageOfPage\":{\"@id\":\"https:\/\/www.noticiasradioreflejos.com.ar\/2021\/vacaciones-de-invierno-la-ocupacion-es-menor-a-la-del-ano-pasado\/#primaryimage\"},\"image\":{\"@id\":\"https:\/\/www.noticiasradioreflejos.com.ar\/2021\/vacaciones-de-invierno-la-ocupacion-es-menor-a-la-del-ano-pasado\/#primaryimage\"},\"thumbnailUrl\":\"https:\/\/www.noticiasradioreflejos.com.ar\/2021\/wp-content\/uploads\/2021\/07\/Turismo-Domingo-18-14.jpg\",\"datePublished\":\"2022-07-18T17:58:49+00:00\",\"author\":{\"@id\":\"https:\/\/www.noticiasradioreflejos.com.ar\/2021\/#\/schema\/person\/ad82545263dcc5ec0996818884fd5fb1\"},\"breadcrumb\":{\"@id\":\"https:\/\/www.noticiasradioreflejos.com.ar\/2021\/vacaciones-de-invierno-la-ocupacion-es-menor-a-la-del-ano-pasado\/#breadcrumb\"},\"inLanguage\":\"es\",\"potentialAction\":[{\"@type\":\"ReadAction\",\"target\":[\"https:\/\/www.noticiasradioreflejos.com.ar\/2021\/vacaciones-de-invierno-la-ocupacion-es-menor-a-la-del-ano-pasado\/\"]}]},{\"@type\":\"ImageObject\",\"inLanguage\":\"es\",\"@id\":\"https:\/\/www.noticiasradioreflejos.com.ar\/2021\/vacaciones-de-invierno-la-ocupacion-es-menor-a-la-del-ano-pasado\/#primaryimage\",\"url\":\"https:\/\/www.noticiasradioreflejos.com.ar\/2021\/wp-content\/uploads\/2021\/07\/Turismo-Domingo-18-14.jpg\",\"contentUrl\":\"https:\/\/www.noticiasradioreflejos.com.ar\/2021\/wp-content\/uploads\/2021\/07\/Turismo-Domingo-18-14.jpg\",\"width\":2304,\"height\":1296},{\"@type\":\"BreadcrumbList\",\"@id\":\"https:\/\/www.noticiasradioreflejos.com.ar\/2021\/vacaciones-de-invierno-la-ocupacion-es-menor-a-la-del-ano-pasado\/#breadcrumb\",\"itemListElement\":[{\"@type\":\"ListItem\",\"position\":1,\"name\":\"Portada\",\"item\":\"https:\/\/www.noticiasradioreflejos.com.ar\/2021\/\"},{\"@type\":\"ListItem\",\"position\":2,\"name\":\"Vacaciones de invierno: \u201cla ocupaci\u00f3n es menor a la del a\u00f1o pasado\u201d\"}]},{\"@type\":\"WebSite\",\"@id\":\"https:\/\/www.noticiasradioreflejos.com.ar\/2021\/#website\",\"url\":\"https:\/\/www.noticiasradioreflejos.com.ar\/2021\/\",\"name\":\"Noticias Radio Reflejos\",\"description\":\"Las noticias de mi comarca\",\"potentialAction\":[{\"@type\":\"SearchAction\",\"target\":{\"@type\":\"EntryPoint\",\"urlTemplate\":\"https:\/\/www.noticiasradioreflejos.com.ar\/2021\/?s={search_term_string}\"},\"query-input\":{\"@type\":\"PropertyValueSpecification\",\"valueRequired\":true,\"valueName\":\"search_term_string\"}}],\"inLanguage\":\"es\"},{\"@type\":\"Person\",\"@id\":\"https:\/\/www.noticiasradioreflejos.com.ar\/2021\/#\/schema\/person\/ad82545263dcc5ec0996818884fd5fb1\",\"name\":\"Arnaldo Botto\",\"image\":{\"@type\":\"ImageObject\",\"inLanguage\":\"es\",\"@id\":\"https:\/\/www.noticiasradioreflejos.com.ar\/2021\/#\/schema\/person\/image\/\",\"url\":\"https:\/\/secure.gravatar.com\/avatar\/55cb5e37c1efa326397366e6974cb338056df65cb50e7d64d1cf314e87504837?s=96&d=mm&r=g\",\"contentUrl\":\"https:\/\/secure.gravatar.com\/avatar\/55cb5e37c1efa326397366e6974cb338056df65cb50e7d64d1cf314e87504837?s=96&d=mm&r=g\",\"caption\":\"Arnaldo Botto\"},\"url\":\"https:\/\/www.noticiasradioreflejos.com.ar\/2021\/author\/arnaldo\/\"}]}<\/script>\n<!-- \/ Yoast SEO plugin. -->","yoast_head_json":{"title":"Vacaciones de invierno: \u201cla ocupaci\u00f3n es menor a la del a\u00f1o pasado\u201d - Noticias Radio Reflejos","robots":{"index":"index","follow":"follow","max-snippet":"max-snippet:-1","max-image-preview":"max-image-preview:large","max-video-preview":"max-video-preview:-1"},"canonical":"https:\/\/www.noticiasradioreflejos.com.ar\/2021\/vacaciones-de-invierno-la-ocupacion-es-menor-a-la-del-ano-pasado\/","og_locale":"es_ES","og_type":"article","og_title":"Vacaciones de invierno: \u201cla ocupaci\u00f3n es menor a la del a\u00f1o pasado\u201d - Noticias Radio Reflejos","og_description":"El Secretario de Turismo de Tornquist, Gustavo Sandobal, coment\u00f3 c\u00f3mo arrancaron las vacaciones de invierno en la comarca. \u201cEstamos en un 75% de ocupaci\u00f3n para las semanas de vacaciones de invierno\u201d asegur\u00f3. Pese a las primeras estimaciones el optimismo se mantiene. Nadie quiere pensar de otra manera pese a que el fin de semana largo [&hellip;]","og_url":"https:\/\/www.noticiasradioreflejos.com.ar\/2021\/vacaciones-de-invierno-la-ocupacion-es-menor-a-la-del-ano-pasado\/","og_site_name":"Noticias Radio Reflejos","article_published_time":"2022-07-18T17:58:49+00:00","og_image":[{"width":2304,"height":1296,"url":"https:\/\/www.noticiasradioreflejos.com.ar\/2021\/wp-content\/uploads\/2021\/07\/Turismo-Domingo-18-14.jpg","type":"image\/jpeg"}],"author":"Arnaldo Botto","twitter_card":"summary_large_image","schema":{"@context":"https:\/\/schema.org","@graph":[{"@type":"WebPage","@id":"https:\/\/www.noticiasradioreflejos.com.ar\/2021\/vacaciones-de-invierno-la-ocupacion-es-menor-a-la-del-ano-pasado\/","url":"https:\/\/www.noticiasradioreflejos.com.ar\/2021\/vacaciones-de-invierno-la-ocupacion-es-menor-a-la-del-ano-pasado\/","name":"Vacaciones de invierno: \u201cla ocupaci\u00f3n es menor a la del a\u00f1o pasado\u201d - Noticias Radio Reflejos","isPartOf":{"@id":"https:\/\/www.noticiasradioreflejos.com.ar\/2021\/#website"},"primaryImageOfPage":{"@id":"https:\/\/www.noticiasradioreflejos.com.ar\/2021\/vacaciones-de-invierno-la-ocupacion-es-menor-a-la-del-ano-pasado\/#primaryimage"},"image":{"@id":"https:\/\/www.noticiasradioreflejos.com.ar\/2021\/vacaciones-de-invierno-la-ocupacion-es-menor-a-la-del-ano-pasado\/#primaryimage"},"thumbnailUrl":"https:\/\/www.noticiasradioreflejos.com.ar\/2021\/wp-content\/uploads\/2021\/07\/Turismo-Domingo-18-14.jpg","datePublished":"2022-07-18T17:58:49+00:00","author":{"@id":"https:\/\/www.noticiasradioreflejos.com.ar\/2021\/#\/schema\/person\/ad82545263dcc5ec0996818884fd5fb1"},"breadcrumb":{"@id":"https:\/\/www.noticiasradioreflejos.com.ar\/2021\/vacaciones-de-invierno-la-ocupacion-es-menor-a-la-del-ano-pasado\/#breadcrumb"},"inLanguage":"es","potentialAction":[{"@type":"ReadAction","target":["https:\/\/www.noticiasradioreflejos.com.ar\/2021\/vacaciones-de-invierno-la-ocupacion-es-menor-a-la-del-ano-pasado\/"]}]},{"@type":"ImageObject","inLanguage":"es","@id":"https:\/\/www.noticiasradioreflejos.com.ar\/2021\/vacaciones-de-invierno-la-ocupacion-es-menor-a-la-del-ano-pasado\/#primaryimage","url":"https:\/\/www.noticiasradioreflejos.com.ar\/2021\/wp-content\/uploads\/2021\/07\/Turismo-Domingo-18-14.jpg","contentUrl":"https:\/\/www.noticiasradioreflejos.com.ar\/2021\/wp-content\/uploads\/2021\/07\/Turismo-Domingo-18-14.jpg","width":2304,"height":1296},{"@type":"BreadcrumbList","@id":"https:\/\/www.noticiasradioreflejos.com.ar\/2021\/vacaciones-de-invierno-la-ocupacion-es-menor-a-la-del-ano-pasado\/#breadcrumb","itemListElement":[{"@type":"ListItem","position":1,"name":"Portada","item":"https:\/\/www.noticiasradioreflejos.com.ar\/2021\/"},{"@type":"ListItem","position":2,"name":"Vacaciones de invierno: \u201cla ocupaci\u00f3n es menor a la del a\u00f1o pasado\u201d"}]},{"@type":"WebSite","@id":"https:\/\/www.noticiasradioreflejos.com.ar\/2021\/#website","url":"https:\/\/www.noticiasradioreflejos.com.ar\/2021\/","name":"Noticias Radio Reflejos","description":"Las noticias de mi comarca","potentialAction":[{"@type":"SearchAction","target":{"@type":"EntryPoint","urlTemplate":"https:\/\/www.noticiasradioreflejos.com.ar\/2021\/?s={search_term_string}"},"query-input":{"@type":"PropertyValueSpecification","valueRequired":true,"valueName":"search_term_string"}}],"inLanguage":"es"},{"@type":"Person","@id":"https:\/\/www.noticiasradioreflejos.com.ar\/2021\/#\/schema\/person\/ad82545263dcc5ec0996818884fd5fb1","name":"Arnaldo Botto","image":{"@type":"ImageObject","inLanguage":"es","@id":"https:\/\/www.noticiasradioreflejos.com.ar\/2021\/#\/schema\/person\/image\/","url":"https:\/\/secure.gravatar.com\/avatar\/55cb5e37c1efa326397366e6974cb338056df65cb50e7d64d1cf314e87504837?s=96&d=mm&r=g","contentUrl":"https:\/\/secure.gravatar.com\/avatar\/55cb5e37c1efa326397366e6974cb338056df65cb50e7d64d1cf314e87504837?s=96&d=mm&r=g","caption":"Arnaldo Botto"},"url":"https:\/\/www.noticiasradioreflejos.com.ar\/2021\/author\/arnaldo\/"}]}},"_links":{"self":[{"href":"https:\/\/www.noticiasradioreflejos.com.ar\/2021\/wp-json\/wp\/v2\/posts\/75250","targetHints":{"allow":["GET"]}}],"collection":[{"href":"https:\/\/www.noticiasradioreflejos.com.ar\/2021\/wp-json\/wp\/v2\/posts"}],"about":[{"href":"https:\/\/www.noticiasradioreflejos.com.ar\/2021\/wp-json\/wp\/v2\/types\/post"}],"author":[{"embeddable":true,"href":"https:\/\/www.noticiasradioreflejos.com.ar\/2021\/wp-json\/wp\/v2\/users\/3"}],"replies":[{"embeddable":true,"href":"https:\/\/www.noticiasradioreflejos.com.ar\/2021\/wp-json\/wp\/v2\/comments?post=75250"}],"version-history":[{"count":2,"href":"https:\/\/www.noticiasradioreflejos.com.ar\/2021\/wp-json\/wp\/v2\/posts\/75250\/revisions"}],"predecessor-version":[{"id":75259,"href":"https:\/\/www.noticiasradioreflejos.com.ar\/2021\/wp-json\/wp\/v2\/posts\/75250\/revisions\/75259"}],"wp:featuredmedia":[{"embeddable":true,"href":"https:\/\/www.noticiasradioreflejos.com.ar\/2021\/wp-json\/wp\/v2\/media\/60391"}],"wp:attachment":[{"href":"https:\/\/www.noticiasradioreflejos.com.ar\/2021\/wp-json\/wp\/v2\/media?parent=75250"}],"wp:term":[{"taxonomy":"category","embeddable":true,"href":"https:\/\/www.noticiasradioreflejos.com.ar\/2021\/wp-json\/wp\/v2\/categories?post=75250"},{"taxonomy":"post_tag","embeddable":true,"href":"https:\/\/www.noticiasradioreflejos.com.ar\/2021\/wp-json\/wp\/v2\/tags?post=75250"}],"curies":[{"name":"wp","href":"https:\/\/api.w.org\/{rel}","templated":true}]}}