{"id":75246,"date":"2022-07-18T13:11:42","date_gmt":"2022-07-18T13:11:42","guid":{"rendered":"http:\/\/www.noticiasradioreflejos.com.ar\/2021\/?p=75246"},"modified":"2022-07-18T13:11:42","modified_gmt":"2022-07-18T13:11:42","slug":"continuan-cerrados-al-transito-los-principales-pasos-fronterizos-a-chile","status":"publish","type":"post","link":"https:\/\/www.noticiasradioreflejos.com.ar\/2021\/continuan-cerrados-al-transito-los-principales-pasos-fronterizos-a-chile\/","title":{"rendered":"Contin\u00faan cerrados al tr\u00e1nsito los principales pasos fronterizos a Chile"},"content":{"rendered":"<div class=\"wrapper-header\">\n<div class=\"container-xl\">\n<div class=\"row\">\n<div class=\"col-12\">\n<div class=\"head-content mb-4\">\n<div class=\"my-3\">\n<div class=\"social mt-3\">Los cruces terrestres de frontera desde la provincia de Mendoza y Neuqu\u00e9n permanec\u00edan cerrados por fuertes nevadas que comenzaron hace 10 d\u00edas y que por acumulaci\u00f3n de nieve y formaci\u00f3n de hielo imped\u00eda la circulaci\u00f3n vehicular.<\/div>\n<\/div>\n<\/div>\n<\/div>\n<\/div>\n<\/div>\n<\/div>\n<p><!--more--><\/p>\n<div class=\"wrapper-editable-content\">\n<div>\n<div class=\"wrapper-editable-content\">\n<div>\n<div class=\"container-md\">\n<div class=\"row\">\n<div class=\"col-md-12 speak\">\n<div class=\"paragraph\">\n<figure class=\"mb-3\"><img decoding=\"async\" src=\"https:\/\/www.telam.com.ar\/thumbs\/bluesteel\/advf\/imagenes\/2022\/07\/62d2cdb30249d_900.jpg\" alt=\"Cerca de tres mil camiones aguardan las mejores climticas para cruzar a Chile Foto Ramino Gmez\" width=\"100%\" height=\"100%\" \/><\/p>\n<div class=\"media-icons\"><\/div><figcaption>Cerca de tres mil camiones aguardan las mejores clim\u00e1ticas para cruzar a Chile. (Foto: Ramino G\u00f3mez)<\/figcaption><\/figure>\n<p>Los principales pasos internacionales que comunican Argentina con Chile continuaban este lunes cerrados para el tr\u00e1nsito por malas condiciones clim\u00e1ticas, informaron fuentes viales.<\/p>\n<p><strong>Los cruces terrestres de frontera desde la provincia de Mendoza y Neuqu\u00e9n permanec\u00edan cerrados por fuertes nevadas<\/strong>\u00a0que comenzaron hace 10 d\u00edas y que por acumulaci\u00f3n de nieve y formaci\u00f3n de hielo imped\u00eda la circulaci\u00f3n vehicular.<\/p>\n<p><strong>El inconveniente mayor ocurre en el Paso internacional Cristo Redentor<\/strong>\u00a0donde habitualmente cruzan un promedio de 1.000 camiones diarios procedentes de pa\u00edses lim\u00edtrofes con destino a Chile y desde ese pa\u00eds a otras naciones del Mercosur.<\/p>\n<p>Por tal motivo, en el \u00e1rea del corredor del paso Cristo Redentor, en inmediaciones de la ruta nacional 7,\u00a0<strong>desde la ciudad de Mendoza hasta Uspallata, se encuentran estacionados m\u00e1s de 2800 camiones a la espera de la apertura del cruce.<\/strong><\/p>\n<p>En cuanto al\u00a0<strong>paso Cardenal Samore, en Neuqu\u00e9n,<\/strong>\u00a0se presentaba en las mismas condiciones.<\/p>\n<p>En este caso, durante la semana pasada hubo d\u00edas de apertura con lapsos de pocas horas con uso obligatorio de cadenas.<\/p>\n<p>Las autoridades fronterizas y de Vialidad Nacional evaluar\u00e1n, durante el transcurso del d\u00eda, si est\u00e1n las condiciones para despejar el paso internacional y habilitarlo al tr\u00e1nsito si cesan las nevadas.<\/p><\/div>\n<\/div>\n<\/div>\n<\/div>\n<\/div>\n<\/div>\n<\/div>\n<\/div>\n","protected":false},"excerpt":{"rendered":"<p>Los cruces terrestres de frontera desde la provincia de Mendoza y Neuqu\u00e9n permanec\u00edan cerrados por fuertes nevadas que comenzaron hace 10 d\u00edas y que por acumulaci\u00f3n de nieve y formaci\u00f3n de hielo imped\u00eda la circulaci\u00f3n vehicular.<\/p>\n","protected":false},"author":3,"featured_media":0,"comment_status":"closed","ping_status":"closed","sticky":false,"template":"","format":"standard","meta":{"footnotes":""},"categories":[26,33],"tags":[],"class_list":["post-75246","post","type-post","status-publish","format-standard","hentry","category-sociedad","category-turismo"],"yoast_head":"<!-- This site is optimized with the Yoast SEO plugin v25.9 - https:\/\/yoast.com\/wordpress\/plugins\/seo\/ -->\n<title>Contin\u00faan cerrados al tr\u00e1nsito los principales pasos fronterizos a Chile - Noticias Radio Reflejos<\/title>\n<meta name=\"robots\" content=\"index, follow, max-snippet:-1, max-image-preview:large, max-video-preview:-1\" \/>\n<link rel=\"canonical\" href=\"https:\/\/www.noticiasradioreflejos.com.ar\/2021\/continuan-cerrados-al-transito-los-principales-pasos-fronterizos-a-chile\/\" \/>\n<meta property=\"og:locale\" content=\"es_ES\" \/>\n<meta property=\"og:type\" content=\"article\" \/>\n<meta property=\"og:title\" content=\"Contin\u00faan cerrados al tr\u00e1nsito los principales pasos fronterizos a Chile - Noticias Radio Reflejos\" \/>\n<meta property=\"og:description\" content=\"Los cruces terrestres de frontera desde la provincia de Mendoza y Neuqu\u00e9n permanec\u00edan cerrados por fuertes nevadas que comenzaron hace 10 d\u00edas y que por acumulaci\u00f3n de nieve y formaci\u00f3n de hielo imped\u00eda la circulaci\u00f3n vehicular.\" \/>\n<meta property=\"og:url\" content=\"https:\/\/www.noticiasradioreflejos.com.ar\/2021\/continuan-cerrados-al-transito-los-principales-pasos-fronterizos-a-chile\/\" \/>\n<meta property=\"og:site_name\" content=\"Noticias Radio Reflejos\" \/>\n<meta property=\"article:published_time\" content=\"2022-07-18T13:11:42+00:00\" \/>\n<meta property=\"og:image\" content=\"https:\/\/www.telam.com.ar\/thumbs\/bluesteel\/advf\/imagenes\/2022\/07\/62d2cdb30249d_900.jpg\" \/>\n<meta name=\"author\" content=\"Arnaldo Botto\" \/>\n<meta name=\"twitter:card\" content=\"summary_large_image\" \/>\n<script type=\"application\/ld+json\" class=\"yoast-schema-graph\">{\"@context\":\"https:\/\/schema.org\",\"@graph\":[{\"@type\":\"WebPage\",\"@id\":\"https:\/\/www.noticiasradioreflejos.com.ar\/2021\/continuan-cerrados-al-transito-los-principales-pasos-fronterizos-a-chile\/\",\"url\":\"https:\/\/www.noticiasradioreflejos.com.ar\/2021\/continuan-cerrados-al-transito-los-principales-pasos-fronterizos-a-chile\/\",\"name\":\"Contin\u00faan cerrados al tr\u00e1nsito los principales pasos fronterizos a Chile - Noticias Radio Reflejos\",\"isPartOf\":{\"@id\":\"https:\/\/www.noticiasradioreflejos.com.ar\/2021\/#website\"},\"primaryImageOfPage\":{\"@id\":\"https:\/\/www.noticiasradioreflejos.com.ar\/2021\/continuan-cerrados-al-transito-los-principales-pasos-fronterizos-a-chile\/#primaryimage\"},\"image\":{\"@id\":\"https:\/\/www.noticiasradioreflejos.com.ar\/2021\/continuan-cerrados-al-transito-los-principales-pasos-fronterizos-a-chile\/#primaryimage\"},\"thumbnailUrl\":\"https:\/\/www.telam.com.ar\/thumbs\/bluesteel\/advf\/imagenes\/2022\/07\/62d2cdb30249d_900.jpg\",\"datePublished\":\"2022-07-18T13:11:42+00:00\",\"author\":{\"@id\":\"https:\/\/www.noticiasradioreflejos.com.ar\/2021\/#\/schema\/person\/ad82545263dcc5ec0996818884fd5fb1\"},\"breadcrumb\":{\"@id\":\"https:\/\/www.noticiasradioreflejos.com.ar\/2021\/continuan-cerrados-al-transito-los-principales-pasos-fronterizos-a-chile\/#breadcrumb\"},\"inLanguage\":\"es\",\"potentialAction\":[{\"@type\":\"ReadAction\",\"target\":[\"https:\/\/www.noticiasradioreflejos.com.ar\/2021\/continuan-cerrados-al-transito-los-principales-pasos-fronterizos-a-chile\/\"]}]},{\"@type\":\"ImageObject\",\"inLanguage\":\"es\",\"@id\":\"https:\/\/www.noticiasradioreflejos.com.ar\/2021\/continuan-cerrados-al-transito-los-principales-pasos-fronterizos-a-chile\/#primaryimage\",\"url\":\"https:\/\/www.telam.com.ar\/thumbs\/bluesteel\/advf\/imagenes\/2022\/07\/62d2cdb30249d_900.jpg\",\"contentUrl\":\"https:\/\/www.telam.com.ar\/thumbs\/bluesteel\/advf\/imagenes\/2022\/07\/62d2cdb30249d_900.jpg\"},{\"@type\":\"BreadcrumbList\",\"@id\":\"https:\/\/www.noticiasradioreflejos.com.ar\/2021\/continuan-cerrados-al-transito-los-principales-pasos-fronterizos-a-chile\/#breadcrumb\",\"itemListElement\":[{\"@type\":\"ListItem\",\"position\":1,\"name\":\"Portada\",\"item\":\"https:\/\/www.noticiasradioreflejos.com.ar\/2021\/\"},{\"@type\":\"ListItem\",\"position\":2,\"name\":\"Contin\u00faan cerrados al tr\u00e1nsito los principales pasos fronterizos a Chile\"}]},{\"@type\":\"WebSite\",\"@id\":\"https:\/\/www.noticiasradioreflejos.com.ar\/2021\/#website\",\"url\":\"https:\/\/www.noticiasradioreflejos.com.ar\/2021\/\",\"name\":\"Noticias Radio Reflejos\",\"description\":\"Las noticias de mi comarca\",\"potentialAction\":[{\"@type\":\"SearchAction\",\"target\":{\"@type\":\"EntryPoint\",\"urlTemplate\":\"https:\/\/www.noticiasradioreflejos.com.ar\/2021\/?s={search_term_string}\"},\"query-input\":{\"@type\":\"PropertyValueSpecification\",\"valueRequired\":true,\"valueName\":\"search_term_string\"}}],\"inLanguage\":\"es\"},{\"@type\":\"Person\",\"@id\":\"https:\/\/www.noticiasradioreflejos.com.ar\/2021\/#\/schema\/person\/ad82545263dcc5ec0996818884fd5fb1\",\"name\":\"Arnaldo Botto\",\"image\":{\"@type\":\"ImageObject\",\"inLanguage\":\"es\",\"@id\":\"https:\/\/www.noticiasradioreflejos.com.ar\/2021\/#\/schema\/person\/image\/\",\"url\":\"https:\/\/secure.gravatar.com\/avatar\/55cb5e37c1efa326397366e6974cb338056df65cb50e7d64d1cf314e87504837?s=96&d=mm&r=g\",\"contentUrl\":\"https:\/\/secure.gravatar.com\/avatar\/55cb5e37c1efa326397366e6974cb338056df65cb50e7d64d1cf314e87504837?s=96&d=mm&r=g\",\"caption\":\"Arnaldo Botto\"},\"url\":\"https:\/\/www.noticiasradioreflejos.com.ar\/2021\/author\/arnaldo\/\"}]}<\/script>\n<!-- \/ Yoast SEO plugin. -->","yoast_head_json":{"title":"Contin\u00faan cerrados al tr\u00e1nsito los principales pasos fronterizos a Chile - Noticias Radio Reflejos","robots":{"index":"index","follow":"follow","max-snippet":"max-snippet:-1","max-image-preview":"max-image-preview:large","max-video-preview":"max-video-preview:-1"},"canonical":"https:\/\/www.noticiasradioreflejos.com.ar\/2021\/continuan-cerrados-al-transito-los-principales-pasos-fronterizos-a-chile\/","og_locale":"es_ES","og_type":"article","og_title":"Contin\u00faan cerrados al tr\u00e1nsito los principales pasos fronterizos a Chile - Noticias Radio Reflejos","og_description":"Los cruces terrestres de frontera desde la provincia de Mendoza y Neuqu\u00e9n permanec\u00edan cerrados por fuertes nevadas que comenzaron hace 10 d\u00edas y que por acumulaci\u00f3n de nieve y formaci\u00f3n de hielo imped\u00eda la circulaci\u00f3n vehicular.","og_url":"https:\/\/www.noticiasradioreflejos.com.ar\/2021\/continuan-cerrados-al-transito-los-principales-pasos-fronterizos-a-chile\/","og_site_name":"Noticias Radio Reflejos","article_published_time":"2022-07-18T13:11:42+00:00","og_image":[{"url":"https:\/\/www.telam.com.ar\/thumbs\/bluesteel\/advf\/imagenes\/2022\/07\/62d2cdb30249d_900.jpg","type":"","width":"","height":""}],"author":"Arnaldo Botto","twitter_card":"summary_large_image","schema":{"@context":"https:\/\/schema.org","@graph":[{"@type":"WebPage","@id":"https:\/\/www.noticiasradioreflejos.com.ar\/2021\/continuan-cerrados-al-transito-los-principales-pasos-fronterizos-a-chile\/","url":"https:\/\/www.noticiasradioreflejos.com.ar\/2021\/continuan-cerrados-al-transito-los-principales-pasos-fronterizos-a-chile\/","name":"Contin\u00faan cerrados al tr\u00e1nsito los principales pasos fronterizos a Chile - Noticias Radio Reflejos","isPartOf":{"@id":"https:\/\/www.noticiasradioreflejos.com.ar\/2021\/#website"},"primaryImageOfPage":{"@id":"https:\/\/www.noticiasradioreflejos.com.ar\/2021\/continuan-cerrados-al-transito-los-principales-pasos-fronterizos-a-chile\/#primaryimage"},"image":{"@id":"https:\/\/www.noticiasradioreflejos.com.ar\/2021\/continuan-cerrados-al-transito-los-principales-pasos-fronterizos-a-chile\/#primaryimage"},"thumbnailUrl":"https:\/\/www.telam.com.ar\/thumbs\/bluesteel\/advf\/imagenes\/2022\/07\/62d2cdb30249d_900.jpg","datePublished":"2022-07-18T13:11:42+00:00","author":{"@id":"https:\/\/www.noticiasradioreflejos.com.ar\/2021\/#\/schema\/person\/ad82545263dcc5ec0996818884fd5fb1"},"breadcrumb":{"@id":"https:\/\/www.noticiasradioreflejos.com.ar\/2021\/continuan-cerrados-al-transito-los-principales-pasos-fronterizos-a-chile\/#breadcrumb"},"inLanguage":"es","potentialAction":[{"@type":"ReadAction","target":["https:\/\/www.noticiasradioreflejos.com.ar\/2021\/continuan-cerrados-al-transito-los-principales-pasos-fronterizos-a-chile\/"]}]},{"@type":"ImageObject","inLanguage":"es","@id":"https:\/\/www.noticiasradioreflejos.com.ar\/2021\/continuan-cerrados-al-transito-los-principales-pasos-fronterizos-a-chile\/#primaryimage","url":"https:\/\/www.telam.com.ar\/thumbs\/bluesteel\/advf\/imagenes\/2022\/07\/62d2cdb30249d_900.jpg","contentUrl":"https:\/\/www.telam.com.ar\/thumbs\/bluesteel\/advf\/imagenes\/2022\/07\/62d2cdb30249d_900.jpg"},{"@type":"BreadcrumbList","@id":"https:\/\/www.noticiasradioreflejos.com.ar\/2021\/continuan-cerrados-al-transito-los-principales-pasos-fronterizos-a-chile\/#breadcrumb","itemListElement":[{"@type":"ListItem","position":1,"name":"Portada","item":"https:\/\/www.noticiasradioreflejos.com.ar\/2021\/"},{"@type":"ListItem","position":2,"name":"Contin\u00faan cerrados al tr\u00e1nsito los principales pasos fronterizos a Chile"}]},{"@type":"WebSite","@id":"https:\/\/www.noticiasradioreflejos.com.ar\/2021\/#website","url":"https:\/\/www.noticiasradioreflejos.com.ar\/2021\/","name":"Noticias Radio Reflejos","description":"Las noticias de mi comarca","potentialAction":[{"@type":"SearchAction","target":{"@type":"EntryPoint","urlTemplate":"https:\/\/www.noticiasradioreflejos.com.ar\/2021\/?s={search_term_string}"},"query-input":{"@type":"PropertyValueSpecification","valueRequired":true,"valueName":"search_term_string"}}],"inLanguage":"es"},{"@type":"Person","@id":"https:\/\/www.noticiasradioreflejos.com.ar\/2021\/#\/schema\/person\/ad82545263dcc5ec0996818884fd5fb1","name":"Arnaldo Botto","image":{"@type":"ImageObject","inLanguage":"es","@id":"https:\/\/www.noticiasradioreflejos.com.ar\/2021\/#\/schema\/person\/image\/","url":"https:\/\/secure.gravatar.com\/avatar\/55cb5e37c1efa326397366e6974cb338056df65cb50e7d64d1cf314e87504837?s=96&d=mm&r=g","contentUrl":"https:\/\/secure.gravatar.com\/avatar\/55cb5e37c1efa326397366e6974cb338056df65cb50e7d64d1cf314e87504837?s=96&d=mm&r=g","caption":"Arnaldo Botto"},"url":"https:\/\/www.noticiasradioreflejos.com.ar\/2021\/author\/arnaldo\/"}]}},"_links":{"self":[{"href":"https:\/\/www.noticiasradioreflejos.com.ar\/2021\/wp-json\/wp\/v2\/posts\/75246","targetHints":{"allow":["GET"]}}],"collection":[{"href":"https:\/\/www.noticiasradioreflejos.com.ar\/2021\/wp-json\/wp\/v2\/posts"}],"about":[{"href":"https:\/\/www.noticiasradioreflejos.com.ar\/2021\/wp-json\/wp\/v2\/types\/post"}],"author":[{"embeddable":true,"href":"https:\/\/www.noticiasradioreflejos.com.ar\/2021\/wp-json\/wp\/v2\/users\/3"}],"replies":[{"embeddable":true,"href":"https:\/\/www.noticiasradioreflejos.com.ar\/2021\/wp-json\/wp\/v2\/comments?post=75246"}],"version-history":[{"count":1,"href":"https:\/\/www.noticiasradioreflejos.com.ar\/2021\/wp-json\/wp\/v2\/posts\/75246\/revisions"}],"predecessor-version":[{"id":75248,"href":"https:\/\/www.noticiasradioreflejos.com.ar\/2021\/wp-json\/wp\/v2\/posts\/75246\/revisions\/75248"}],"wp:attachment":[{"href":"https:\/\/www.noticiasradioreflejos.com.ar\/2021\/wp-json\/wp\/v2\/media?parent=75246"}],"wp:term":[{"taxonomy":"category","embeddable":true,"href":"https:\/\/www.noticiasradioreflejos.com.ar\/2021\/wp-json\/wp\/v2\/categories?post=75246"},{"taxonomy":"post_tag","embeddable":true,"href":"https:\/\/www.noticiasradioreflejos.com.ar\/2021\/wp-json\/wp\/v2\/tags?post=75246"}],"curies":[{"name":"wp","href":"https:\/\/api.w.org\/{rel}","templated":true}]}}