{"id":75235,"date":"2022-07-18T11:50:00","date_gmt":"2022-07-18T11:50:00","guid":{"rendered":"http:\/\/www.noticiasradioreflejos.com.ar\/2021\/?p=75235"},"modified":"2022-07-18T11:50:00","modified_gmt":"2022-07-18T11:50:00","slug":"la-afip-avanza-en-controles-y-fiscalizaciones-en-centros-y-localidades-turisticas-invernales","status":"publish","type":"post","link":"https:\/\/www.noticiasradioreflejos.com.ar\/2021\/la-afip-avanza-en-controles-y-fiscalizaciones-en-centros-y-localidades-turisticas-invernales\/","title":{"rendered":"La AFIP avanza en controles y fiscalizaciones en centros y localidades tur\u00edsticas invernales"},"content":{"rendered":"<div class=\"adelanto\">\n<p>La Administraci\u00f3n Federal de Ingresos P\u00fablicos (AFIP) comenz\u00f3 las tareas de fiscalizaci\u00f3n y control en localidades y establecimientos de todo el pa\u00eds en el marco de la temporada de turismo invernal, inform\u00f3 hoy el organismo estatal.<\/p>\n<\/div>\n<p><!--more--><\/p>\n<div class=\"text\">\n<p>De esta manera, la Direcci\u00f3n General Impositiva (DGI), en conjunto con la Direcci\u00f3n General de Recursos de la Seguridad Social (Dgrss), desplegaron m\u00e1s de 400 agentes para detectar posibles maniobras de evasi\u00f3n tributaria y fraude laboral en centros de esqu\u00ed, restaurantes, hoteles y comercios que reciben a turistas con elevada capacidad contributiva.<\/p>\n<p>Desde que se iniciaron las tareas de control y fiscalizaci\u00f3n invernales sobre las actividades relevantes hace una semana, las \u00e1reas especializadas de la AFIP llevaron adelante 335 controles impositivos sobre diversos establecimientos.<\/p>\n<p>Como resultado de esos procedimientos, la DGI y la Dgrss detectaron \u00abgraves inconsistencias en materia laboral que junto con las irregularidades tributarias identificadas dieron lugar a 29 actas de infracci\u00f3n que incluyeron multas millonarias y cierres temporales de distintos locales\u00bb.<\/p>\n<p>Seg\u00fan indicaron desde la AFIP, \u00ablos procedimientos est\u00e1n focalizados en las localidades que durante la temporada de invierno tengan una mayor afluencia de turistas con elevado poder adquisitivo como son los centros de esqu\u00ed\u00bb.<\/p>\n<p>En ese sentido, durante la temporada tur\u00edstica, la AFIP adem\u00e1s fiscalizar\u00e1 el acceso a parques tem\u00e1ticos y nacionales, restaurantes y bares; cadenas de hoteles de lujo y caba\u00f1as de alta gama.<\/p>\n<p>Por eso, a trav\u00e9s de las \u00e1reas especializadas de la DGI y la Dgrss estar\u00e1 presente con acciones de fiscalizaci\u00f3n y control de actividades recreativas y centros de esqu\u00ed de Mendoza, Neuqu\u00e9n, Chubut y R\u00edo Negro.<\/p>\n<p>Asimismo, en Buenos Aires, C\u00f3rdoba, Tucum\u00e1n, San Juan, San Luis, Salta y La Rioja las tareas se concentrar\u00e1n en comercios, gastronom\u00eda y alojamientos.<\/p>\n<p>Las tareas de fiscalizaci\u00f3n y control consisten en verificaciones electr\u00f3nicas y presenciales sobre la facturaci\u00f3n de las firmas, el pago de los impuestos y los medios de cobro y el cumplimiento con las obligaciones de registraci\u00f3n de los empleados.(Telam)<\/p>\n<\/div>\n<div><img decoding=\"async\" src=\"https:\/\/www.noticiastornquist.com.ar\/imagen.php?imagen=2022-07\/afip.jpg\" \/><\/div>\n","protected":false},"excerpt":{"rendered":"<p>La Administraci\u00f3n Federal de Ingresos P\u00fablicos (AFIP) comenz\u00f3 las tareas de fiscalizaci\u00f3n y control en localidades y establecimientos de todo el pa\u00eds en el marco de la temporada de turismo invernal, inform\u00f3 hoy el organismo estatal.<\/p>\n","protected":false},"author":3,"featured_media":0,"comment_status":"closed","ping_status":"closed","sticky":false,"template":"","format":"standard","meta":{"footnotes":""},"categories":[36,58],"tags":[],"class_list":["post-75235","post","type-post","status-publish","format-standard","hentry","category-economia","category-gobierno"],"yoast_head":"<!-- This site is optimized with the Yoast SEO plugin v25.9 - https:\/\/yoast.com\/wordpress\/plugins\/seo\/ -->\n<title>La AFIP avanza en controles y fiscalizaciones en centros y localidades tur\u00edsticas invernales - Noticias Radio Reflejos<\/title>\n<meta name=\"robots\" content=\"index, follow, max-snippet:-1, max-image-preview:large, max-video-preview:-1\" \/>\n<link rel=\"canonical\" href=\"https:\/\/www.noticiasradioreflejos.com.ar\/2021\/la-afip-avanza-en-controles-y-fiscalizaciones-en-centros-y-localidades-turisticas-invernales\/\" \/>\n<meta property=\"og:locale\" content=\"es_ES\" \/>\n<meta property=\"og:type\" content=\"article\" \/>\n<meta property=\"og:title\" content=\"La AFIP avanza en controles y fiscalizaciones en centros y localidades tur\u00edsticas invernales - Noticias Radio Reflejos\" \/>\n<meta property=\"og:description\" content=\"La Administraci\u00f3n Federal de Ingresos P\u00fablicos (AFIP) comenz\u00f3 las tareas de fiscalizaci\u00f3n y control en localidades y establecimientos de todo el pa\u00eds en el marco de la temporada de turismo invernal, inform\u00f3 hoy el organismo estatal.\" \/>\n<meta property=\"og:url\" content=\"https:\/\/www.noticiasradioreflejos.com.ar\/2021\/la-afip-avanza-en-controles-y-fiscalizaciones-en-centros-y-localidades-turisticas-invernales\/\" \/>\n<meta property=\"og:site_name\" content=\"Noticias Radio Reflejos\" \/>\n<meta property=\"article:published_time\" content=\"2022-07-18T11:50:00+00:00\" \/>\n<meta property=\"og:image\" content=\"https:\/\/www.noticiastornquist.com.ar\/imagen.php?imagen=2022-07\/afip.jpg\" \/>\n<meta name=\"author\" content=\"Arnaldo Botto\" \/>\n<meta name=\"twitter:card\" content=\"summary_large_image\" \/>\n<script type=\"application\/ld+json\" class=\"yoast-schema-graph\">{\"@context\":\"https:\/\/schema.org\",\"@graph\":[{\"@type\":\"WebPage\",\"@id\":\"https:\/\/www.noticiasradioreflejos.com.ar\/2021\/la-afip-avanza-en-controles-y-fiscalizaciones-en-centros-y-localidades-turisticas-invernales\/\",\"url\":\"https:\/\/www.noticiasradioreflejos.com.ar\/2021\/la-afip-avanza-en-controles-y-fiscalizaciones-en-centros-y-localidades-turisticas-invernales\/\",\"name\":\"La AFIP avanza en controles y fiscalizaciones en centros y localidades tur\u00edsticas invernales - Noticias Radio Reflejos\",\"isPartOf\":{\"@id\":\"https:\/\/www.noticiasradioreflejos.com.ar\/2021\/#website\"},\"primaryImageOfPage\":{\"@id\":\"https:\/\/www.noticiasradioreflejos.com.ar\/2021\/la-afip-avanza-en-controles-y-fiscalizaciones-en-centros-y-localidades-turisticas-invernales\/#primaryimage\"},\"image\":{\"@id\":\"https:\/\/www.noticiasradioreflejos.com.ar\/2021\/la-afip-avanza-en-controles-y-fiscalizaciones-en-centros-y-localidades-turisticas-invernales\/#primaryimage\"},\"thumbnailUrl\":\"https:\/\/www.noticiastornquist.com.ar\/imagen.php?imagen=2022-07\/afip.jpg\",\"datePublished\":\"2022-07-18T11:50:00+00:00\",\"author\":{\"@id\":\"https:\/\/www.noticiasradioreflejos.com.ar\/2021\/#\/schema\/person\/ad82545263dcc5ec0996818884fd5fb1\"},\"breadcrumb\":{\"@id\":\"https:\/\/www.noticiasradioreflejos.com.ar\/2021\/la-afip-avanza-en-controles-y-fiscalizaciones-en-centros-y-localidades-turisticas-invernales\/#breadcrumb\"},\"inLanguage\":\"es\",\"potentialAction\":[{\"@type\":\"ReadAction\",\"target\":[\"https:\/\/www.noticiasradioreflejos.com.ar\/2021\/la-afip-avanza-en-controles-y-fiscalizaciones-en-centros-y-localidades-turisticas-invernales\/\"]}]},{\"@type\":\"ImageObject\",\"inLanguage\":\"es\",\"@id\":\"https:\/\/www.noticiasradioreflejos.com.ar\/2021\/la-afip-avanza-en-controles-y-fiscalizaciones-en-centros-y-localidades-turisticas-invernales\/#primaryimage\",\"url\":\"https:\/\/www.noticiastornquist.com.ar\/imagen.php?imagen=2022-07\/afip.jpg\",\"contentUrl\":\"https:\/\/www.noticiastornquist.com.ar\/imagen.php?imagen=2022-07\/afip.jpg\"},{\"@type\":\"BreadcrumbList\",\"@id\":\"https:\/\/www.noticiasradioreflejos.com.ar\/2021\/la-afip-avanza-en-controles-y-fiscalizaciones-en-centros-y-localidades-turisticas-invernales\/#breadcrumb\",\"itemListElement\":[{\"@type\":\"ListItem\",\"position\":1,\"name\":\"Portada\",\"item\":\"https:\/\/www.noticiasradioreflejos.com.ar\/2021\/\"},{\"@type\":\"ListItem\",\"position\":2,\"name\":\"La AFIP avanza en controles y fiscalizaciones en centros y localidades tur\u00edsticas invernales\"}]},{\"@type\":\"WebSite\",\"@id\":\"https:\/\/www.noticiasradioreflejos.com.ar\/2021\/#website\",\"url\":\"https:\/\/www.noticiasradioreflejos.com.ar\/2021\/\",\"name\":\"Noticias Radio Reflejos\",\"description\":\"Las noticias de mi comarca\",\"potentialAction\":[{\"@type\":\"SearchAction\",\"target\":{\"@type\":\"EntryPoint\",\"urlTemplate\":\"https:\/\/www.noticiasradioreflejos.com.ar\/2021\/?s={search_term_string}\"},\"query-input\":{\"@type\":\"PropertyValueSpecification\",\"valueRequired\":true,\"valueName\":\"search_term_string\"}}],\"inLanguage\":\"es\"},{\"@type\":\"Person\",\"@id\":\"https:\/\/www.noticiasradioreflejos.com.ar\/2021\/#\/schema\/person\/ad82545263dcc5ec0996818884fd5fb1\",\"name\":\"Arnaldo Botto\",\"image\":{\"@type\":\"ImageObject\",\"inLanguage\":\"es\",\"@id\":\"https:\/\/www.noticiasradioreflejos.com.ar\/2021\/#\/schema\/person\/image\/\",\"url\":\"https:\/\/secure.gravatar.com\/avatar\/55cb5e37c1efa326397366e6974cb338056df65cb50e7d64d1cf314e87504837?s=96&d=mm&r=g\",\"contentUrl\":\"https:\/\/secure.gravatar.com\/avatar\/55cb5e37c1efa326397366e6974cb338056df65cb50e7d64d1cf314e87504837?s=96&d=mm&r=g\",\"caption\":\"Arnaldo Botto\"},\"url\":\"https:\/\/www.noticiasradioreflejos.com.ar\/2021\/author\/arnaldo\/\"}]}<\/script>\n<!-- \/ Yoast SEO plugin. -->","yoast_head_json":{"title":"La AFIP avanza en controles y fiscalizaciones en centros y localidades tur\u00edsticas invernales - Noticias Radio Reflejos","robots":{"index":"index","follow":"follow","max-snippet":"max-snippet:-1","max-image-preview":"max-image-preview:large","max-video-preview":"max-video-preview:-1"},"canonical":"https:\/\/www.noticiasradioreflejos.com.ar\/2021\/la-afip-avanza-en-controles-y-fiscalizaciones-en-centros-y-localidades-turisticas-invernales\/","og_locale":"es_ES","og_type":"article","og_title":"La AFIP avanza en controles y fiscalizaciones en centros y localidades tur\u00edsticas invernales - Noticias Radio Reflejos","og_description":"La Administraci\u00f3n Federal de Ingresos P\u00fablicos (AFIP) comenz\u00f3 las tareas de fiscalizaci\u00f3n y control en localidades y establecimientos de todo el pa\u00eds en el marco de la temporada de turismo invernal, inform\u00f3 hoy el organismo estatal.","og_url":"https:\/\/www.noticiasradioreflejos.com.ar\/2021\/la-afip-avanza-en-controles-y-fiscalizaciones-en-centros-y-localidades-turisticas-invernales\/","og_site_name":"Noticias Radio Reflejos","article_published_time":"2022-07-18T11:50:00+00:00","og_image":[{"url":"https:\/\/www.noticiastornquist.com.ar\/imagen.php?imagen=2022-07\/afip.jpg","type":"","width":"","height":""}],"author":"Arnaldo Botto","twitter_card":"summary_large_image","schema":{"@context":"https:\/\/schema.org","@graph":[{"@type":"WebPage","@id":"https:\/\/www.noticiasradioreflejos.com.ar\/2021\/la-afip-avanza-en-controles-y-fiscalizaciones-en-centros-y-localidades-turisticas-invernales\/","url":"https:\/\/www.noticiasradioreflejos.com.ar\/2021\/la-afip-avanza-en-controles-y-fiscalizaciones-en-centros-y-localidades-turisticas-invernales\/","name":"La AFIP avanza en controles y fiscalizaciones en centros y localidades tur\u00edsticas invernales - Noticias Radio Reflejos","isPartOf":{"@id":"https:\/\/www.noticiasradioreflejos.com.ar\/2021\/#website"},"primaryImageOfPage":{"@id":"https:\/\/www.noticiasradioreflejos.com.ar\/2021\/la-afip-avanza-en-controles-y-fiscalizaciones-en-centros-y-localidades-turisticas-invernales\/#primaryimage"},"image":{"@id":"https:\/\/www.noticiasradioreflejos.com.ar\/2021\/la-afip-avanza-en-controles-y-fiscalizaciones-en-centros-y-localidades-turisticas-invernales\/#primaryimage"},"thumbnailUrl":"https:\/\/www.noticiastornquist.com.ar\/imagen.php?imagen=2022-07\/afip.jpg","datePublished":"2022-07-18T11:50:00+00:00","author":{"@id":"https:\/\/www.noticiasradioreflejos.com.ar\/2021\/#\/schema\/person\/ad82545263dcc5ec0996818884fd5fb1"},"breadcrumb":{"@id":"https:\/\/www.noticiasradioreflejos.com.ar\/2021\/la-afip-avanza-en-controles-y-fiscalizaciones-en-centros-y-localidades-turisticas-invernales\/#breadcrumb"},"inLanguage":"es","potentialAction":[{"@type":"ReadAction","target":["https:\/\/www.noticiasradioreflejos.com.ar\/2021\/la-afip-avanza-en-controles-y-fiscalizaciones-en-centros-y-localidades-turisticas-invernales\/"]}]},{"@type":"ImageObject","inLanguage":"es","@id":"https:\/\/www.noticiasradioreflejos.com.ar\/2021\/la-afip-avanza-en-controles-y-fiscalizaciones-en-centros-y-localidades-turisticas-invernales\/#primaryimage","url":"https:\/\/www.noticiastornquist.com.ar\/imagen.php?imagen=2022-07\/afip.jpg","contentUrl":"https:\/\/www.noticiastornquist.com.ar\/imagen.php?imagen=2022-07\/afip.jpg"},{"@type":"BreadcrumbList","@id":"https:\/\/www.noticiasradioreflejos.com.ar\/2021\/la-afip-avanza-en-controles-y-fiscalizaciones-en-centros-y-localidades-turisticas-invernales\/#breadcrumb","itemListElement":[{"@type":"ListItem","position":1,"name":"Portada","item":"https:\/\/www.noticiasradioreflejos.com.ar\/2021\/"},{"@type":"ListItem","position":2,"name":"La AFIP avanza en controles y fiscalizaciones en centros y localidades tur\u00edsticas invernales"}]},{"@type":"WebSite","@id":"https:\/\/www.noticiasradioreflejos.com.ar\/2021\/#website","url":"https:\/\/www.noticiasradioreflejos.com.ar\/2021\/","name":"Noticias Radio Reflejos","description":"Las noticias de mi comarca","potentialAction":[{"@type":"SearchAction","target":{"@type":"EntryPoint","urlTemplate":"https:\/\/www.noticiasradioreflejos.com.ar\/2021\/?s={search_term_string}"},"query-input":{"@type":"PropertyValueSpecification","valueRequired":true,"valueName":"search_term_string"}}],"inLanguage":"es"},{"@type":"Person","@id":"https:\/\/www.noticiasradioreflejos.com.ar\/2021\/#\/schema\/person\/ad82545263dcc5ec0996818884fd5fb1","name":"Arnaldo Botto","image":{"@type":"ImageObject","inLanguage":"es","@id":"https:\/\/www.noticiasradioreflejos.com.ar\/2021\/#\/schema\/person\/image\/","url":"https:\/\/secure.gravatar.com\/avatar\/55cb5e37c1efa326397366e6974cb338056df65cb50e7d64d1cf314e87504837?s=96&d=mm&r=g","contentUrl":"https:\/\/secure.gravatar.com\/avatar\/55cb5e37c1efa326397366e6974cb338056df65cb50e7d64d1cf314e87504837?s=96&d=mm&r=g","caption":"Arnaldo Botto"},"url":"https:\/\/www.noticiasradioreflejos.com.ar\/2021\/author\/arnaldo\/"}]}},"_links":{"self":[{"href":"https:\/\/www.noticiasradioreflejos.com.ar\/2021\/wp-json\/wp\/v2\/posts\/75235","targetHints":{"allow":["GET"]}}],"collection":[{"href":"https:\/\/www.noticiasradioreflejos.com.ar\/2021\/wp-json\/wp\/v2\/posts"}],"about":[{"href":"https:\/\/www.noticiasradioreflejos.com.ar\/2021\/wp-json\/wp\/v2\/types\/post"}],"author":[{"embeddable":true,"href":"https:\/\/www.noticiasradioreflejos.com.ar\/2021\/wp-json\/wp\/v2\/users\/3"}],"replies":[{"embeddable":true,"href":"https:\/\/www.noticiasradioreflejos.com.ar\/2021\/wp-json\/wp\/v2\/comments?post=75235"}],"version-history":[{"count":1,"href":"https:\/\/www.noticiasradioreflejos.com.ar\/2021\/wp-json\/wp\/v2\/posts\/75235\/revisions"}],"predecessor-version":[{"id":75236,"href":"https:\/\/www.noticiasradioreflejos.com.ar\/2021\/wp-json\/wp\/v2\/posts\/75235\/revisions\/75236"}],"wp:attachment":[{"href":"https:\/\/www.noticiasradioreflejos.com.ar\/2021\/wp-json\/wp\/v2\/media?parent=75235"}],"wp:term":[{"taxonomy":"category","embeddable":true,"href":"https:\/\/www.noticiasradioreflejos.com.ar\/2021\/wp-json\/wp\/v2\/categories?post=75235"},{"taxonomy":"post_tag","embeddable":true,"href":"https:\/\/www.noticiasradioreflejos.com.ar\/2021\/wp-json\/wp\/v2\/tags?post=75235"}],"curies":[{"name":"wp","href":"https:\/\/api.w.org\/{rel}","templated":true}]}}