{"id":75181,"date":"2022-07-16T12:09:42","date_gmt":"2022-07-16T12:09:42","guid":{"rendered":"http:\/\/www.noticiasradioreflejos.com.ar\/2021\/?p=75181"},"modified":"2022-07-18T11:44:36","modified_gmt":"2022-07-18T11:44:36","slug":"desde-este-sabado-el-rey-del-jamon-abre-en-una-nueva-direccion","status":"publish","type":"post","link":"https:\/\/www.noticiasradioreflejos.com.ar\/2021\/desde-este-sabado-el-rey-del-jamon-abre-en-una-nueva-direccion\/","title":{"rendered":"Desde este s\u00e1bado El Rey del Jam\u00f3n abre en una nueva direcci\u00f3n"},"content":{"rendered":"<p><strong>Mart\u00edn Tejada<\/strong>, propietario del cl\u00e1sico lugar de la comarca, adelant\u00f3 las novedades con que la clientela se encontrar\u00e1 en<strong> Avenida San Martin 330<\/strong>. Desde las 18:00 ser\u00e1n todos bienvenidos.<!--more--><\/p>\n<p><a title=\"El Rey del Jam\u00f3n (7)\" href=\"https:\/\/www.flickr.com\/photos\/182279889@N02\/52224669010\/in\/dateposted-public\/\" data-flickr-embed=\"true\"><img loading=\"lazy\" decoding=\"async\" class=\"aligncenter\" src=\"https:\/\/live.staticflickr.com\/65535\/52224669010_905b572a5f_z.jpg\" alt=\"El Rey del Jam\u00f3n (7)\" width=\"747\" height=\"336\" \/><\/a><script async src=\"\/\/embedr.flickr.com\/assets\/client-code.js\" charset=\"utf-8\"><\/script><\/p>\n<p>\u201cTendr\u00eda que estar jubilado y tranquilo, y sin embargo no puedo con mi genio y sigo trabajando\u201d. Con esa frase tan simple y contundente Mart\u00edn Tejada resume el esp\u00edritu que envuelve a El Rey del Jam\u00f3n.<\/p>\n<p>El local que ya es un cl\u00e1sico de la comarca cambia de locaci\u00f3n, y este s\u00e1bado desde las 18:00 reabrir\u00e1 sus puertas en Avenida San Martin 330. Al respecto, Mart\u00edn, pleno de orgullo y satisfacci\u00f3n coment\u00f3:<\/p>\n<p>\u201cSi Dios quiere ma\u00f1ana abrimos al p\u00fablico de forma normal, con un espacio mucho m\u00e1s amplio, y manteniendo la calidad de mercader\u00eda. Agradecido enormemente por la clientela que sigue viniendo y golpe\u00e1ndome la puerta para que los atienda a\u00fan cuando estamos en plena mudanza\u201d.<\/p>\n<p>Al mismo tiempo reconoci\u00f3 que \u201cesta tarde terminaremos de hacer la iluminaci\u00f3n del cartel y luego quedar\u00e1n peque\u00f1os detalles que ajustaremos sobre la marcha para darle un mejor toque\u201d.<\/p>\n<p>Como confirmaci\u00f3n del mismo modo solt\u00f3 que \u201cma\u00f1ana se cumplen 12 a\u00f1os de la primera inauguraci\u00f3n, as\u00ed que ser\u00e1 un doble aniversario porque justo cambiamos las instalaciones. Ahora tendremos casi 20 metros m\u00e1s, para ofrecerles una mejor atenci\u00f3n y que puedan comprar m\u00e1s c\u00f3modos\u201d.<\/p>\n<p><a title=\"El Rey del Jam\u00f3n (3)\" href=\"https:\/\/www.flickr.com\/photos\/182279889@N02\/52224196543\/in\/dateposted-public\/\" data-flickr-embed=\"true\"><img loading=\"lazy\" decoding=\"async\" class=\"aligncenter\" src=\"https:\/\/live.staticflickr.com\/65535\/52224196543_ce10e18895_z.jpg\" alt=\"El Rey del Jam\u00f3n (3)\" width=\"720\" height=\"324\" \/><\/a><script async src=\"\/\/embedr.flickr.com\/assets\/client-code.js\" charset=\"utf-8\"><\/script><\/p>\n<p>Yendo atr\u00e1s en el tiempo admiti\u00f3 que \u201cnuestros viejos en casa ten\u00edan un ramos generales y tambi\u00e9n fiambrer\u00eda, as\u00ed que me transmitieron su pasi\u00f3n. Hice otros estudios, pero siempre me ligu\u00e9 con la gastronom\u00eda. Ahora deber\u00eda estar jubilado y tranquilo, pero no puedo con mi genio y sigo trabajando\u201d.<\/p>\n<p>Y contando uno de sus secretos reconoci\u00f3 que \u201ctengo clientela desde el primer d\u00eda que sabe que yo la calidad de los productos no la negocio. Eso para m\u00ed es clave. Si no ofreces buenos productos la gente no te sigue eligiendo\u201d.<\/p>\n<p>Por \u00faltimo, y siendo toda una novedad, confirm\u00f3 que \u201ccon esta ampliaci\u00f3n sumo mercader\u00eda que no encontras en los supermercados, del tipo gourmet, y tambi\u00e9n con condimentos importados. Adem\u00e1s de agregar m\u00e1s variedad de productos\u201d.<\/p>\n<p>&nbsp;<\/p>\n<p><iframe loading=\"lazy\" src=\"https:\/\/w.soundcloud.com\/player\/?url=https%3A\/\/api.soundcloud.com\/tracks\/1305790654&amp;color=%23ff5500&amp;auto_play=false&amp;hide_related=false&amp;show_comments=true&amp;show_user=true&amp;show_reposts=false&amp;show_teaser=true\" width=\"100%\" height=\"166\" frameborder=\"no\" scrolling=\"no\"><\/iframe><\/p>\n<div style=\"font-size: 10px; color: #cccccc; line-break: anywhere; word-break: normal; overflow: hidden; white-space: nowrap; text-overflow: ellipsis; font-family: Interstate,Lucida Grande,Lucida Sans Unicode,Lucida Sans,Garuda,Verdana,Tahoma,sans-serif; font-weight: 100;\"><a style=\"color: #cccccc; text-decoration: none;\" title=\"fmreflejos 103.7\" href=\"https:\/\/soundcloud.com\/fmreflejos-103-7\" target=\"_blank\" rel=\"noopener\">fmreflejos 103.7<\/a> \u00b7 <a style=\"color: #cccccc; text-decoration: none;\" title=\"Mart\u00edn Tejada - El Rey del Jam\u00f3n nueva direcci\u00f3n\" href=\"https:\/\/soundcloud.com\/fmreflejos-103-7\/martin-tejada-el-rey-del-jamon-nueva-direccion\" target=\"_blank\" rel=\"noopener\">Mart\u00edn Tejada &#8211; El Rey del Jam\u00f3n nueva direcci\u00f3n<\/a><\/div>\n<p><a title=\"El Rey del Jam\u00f3n (2)\" href=\"https:\/\/www.flickr.com\/photos\/182279889@N02\/52224196573\/in\/dateposted-public\/\" data-flickr-embed=\"true\"><img loading=\"lazy\" decoding=\"async\" class=\"aligncenter\" src=\"https:\/\/live.staticflickr.com\/65535\/52224196573_135413eb4d_z.jpg\" alt=\"El Rey del Jam\u00f3n (2)\" width=\"798\" height=\"359\" \/><\/a><script async src=\"\/\/embedr.flickr.com\/assets\/client-code.js\" charset=\"utf-8\"><\/script><\/p>\n","protected":false},"excerpt":{"rendered":"<p>Mart\u00edn Tejada, propietario del cl\u00e1sico lugar de la comarca, adelant\u00f3 las novedades con que la clientela se encontrar\u00e1 en Avenida San Martin 330. Desde las 18:00 ser\u00e1n todos bienvenidos.<\/p>\n","protected":false},"author":3,"featured_media":0,"comment_status":"closed","ping_status":"closed","sticky":false,"template":"","format":"standard","meta":{"footnotes":""},"categories":[37,26,33],"tags":[48],"class_list":["post-75181","post","type-post","status-publish","format-standard","hentry","category-clasificados","category-sociedad","category-turismo","tag-destacada"],"yoast_head":"<!-- This site is optimized with the Yoast SEO plugin v25.9 - https:\/\/yoast.com\/wordpress\/plugins\/seo\/ -->\n<title>Desde este s\u00e1bado El Rey del Jam\u00f3n abre en una nueva direcci\u00f3n - Noticias Radio Reflejos<\/title>\n<meta name=\"robots\" content=\"index, follow, max-snippet:-1, max-image-preview:large, max-video-preview:-1\" \/>\n<link rel=\"canonical\" href=\"https:\/\/www.noticiasradioreflejos.com.ar\/2021\/desde-este-sabado-el-rey-del-jamon-abre-en-una-nueva-direccion\/\" \/>\n<meta property=\"og:locale\" content=\"es_ES\" \/>\n<meta property=\"og:type\" content=\"article\" \/>\n<meta property=\"og:title\" content=\"Desde este s\u00e1bado El Rey del Jam\u00f3n abre en una nueva direcci\u00f3n - Noticias Radio Reflejos\" \/>\n<meta property=\"og:description\" content=\"Mart\u00edn Tejada, propietario del cl\u00e1sico lugar de la comarca, adelant\u00f3 las novedades con que la clientela se encontrar\u00e1 en Avenida San Martin 330. Desde las 18:00 ser\u00e1n todos bienvenidos.\" \/>\n<meta property=\"og:url\" content=\"https:\/\/www.noticiasradioreflejos.com.ar\/2021\/desde-este-sabado-el-rey-del-jamon-abre-en-una-nueva-direccion\/\" \/>\n<meta property=\"og:site_name\" content=\"Noticias Radio Reflejos\" \/>\n<meta property=\"article:published_time\" content=\"2022-07-16T12:09:42+00:00\" \/>\n<meta property=\"article:modified_time\" content=\"2022-07-18T11:44:36+00:00\" \/>\n<meta property=\"og:image\" content=\"https:\/\/live.staticflickr.com\/65535\/52224669010_905b572a5f_z.jpg\" \/>\n<meta name=\"author\" content=\"Arnaldo Botto\" \/>\n<meta name=\"twitter:card\" content=\"summary_large_image\" \/>\n<script type=\"application\/ld+json\" class=\"yoast-schema-graph\">{\"@context\":\"https:\/\/schema.org\",\"@graph\":[{\"@type\":\"WebPage\",\"@id\":\"https:\/\/www.noticiasradioreflejos.com.ar\/2021\/desde-este-sabado-el-rey-del-jamon-abre-en-una-nueva-direccion\/\",\"url\":\"https:\/\/www.noticiasradioreflejos.com.ar\/2021\/desde-este-sabado-el-rey-del-jamon-abre-en-una-nueva-direccion\/\",\"name\":\"Desde este s\u00e1bado El Rey del Jam\u00f3n abre en una nueva direcci\u00f3n - Noticias Radio Reflejos\",\"isPartOf\":{\"@id\":\"https:\/\/www.noticiasradioreflejos.com.ar\/2021\/#website\"},\"primaryImageOfPage\":{\"@id\":\"https:\/\/www.noticiasradioreflejos.com.ar\/2021\/desde-este-sabado-el-rey-del-jamon-abre-en-una-nueva-direccion\/#primaryimage\"},\"image\":{\"@id\":\"https:\/\/www.noticiasradioreflejos.com.ar\/2021\/desde-este-sabado-el-rey-del-jamon-abre-en-una-nueva-direccion\/#primaryimage\"},\"thumbnailUrl\":\"https:\/\/live.staticflickr.com\/65535\/52224669010_905b572a5f_z.jpg\",\"datePublished\":\"2022-07-16T12:09:42+00:00\",\"dateModified\":\"2022-07-18T11:44:36+00:00\",\"author\":{\"@id\":\"https:\/\/www.noticiasradioreflejos.com.ar\/2021\/#\/schema\/person\/ad82545263dcc5ec0996818884fd5fb1\"},\"breadcrumb\":{\"@id\":\"https:\/\/www.noticiasradioreflejos.com.ar\/2021\/desde-este-sabado-el-rey-del-jamon-abre-en-una-nueva-direccion\/#breadcrumb\"},\"inLanguage\":\"es\",\"potentialAction\":[{\"@type\":\"ReadAction\",\"target\":[\"https:\/\/www.noticiasradioreflejos.com.ar\/2021\/desde-este-sabado-el-rey-del-jamon-abre-en-una-nueva-direccion\/\"]}]},{\"@type\":\"ImageObject\",\"inLanguage\":\"es\",\"@id\":\"https:\/\/www.noticiasradioreflejos.com.ar\/2021\/desde-este-sabado-el-rey-del-jamon-abre-en-una-nueva-direccion\/#primaryimage\",\"url\":\"https:\/\/live.staticflickr.com\/65535\/52224669010_905b572a5f_z.jpg\",\"contentUrl\":\"https:\/\/live.staticflickr.com\/65535\/52224669010_905b572a5f_z.jpg\"},{\"@type\":\"BreadcrumbList\",\"@id\":\"https:\/\/www.noticiasradioreflejos.com.ar\/2021\/desde-este-sabado-el-rey-del-jamon-abre-en-una-nueva-direccion\/#breadcrumb\",\"itemListElement\":[{\"@type\":\"ListItem\",\"position\":1,\"name\":\"Portada\",\"item\":\"https:\/\/www.noticiasradioreflejos.com.ar\/2021\/\"},{\"@type\":\"ListItem\",\"position\":2,\"name\":\"Desde este s\u00e1bado El Rey del Jam\u00f3n abre en una nueva direcci\u00f3n\"}]},{\"@type\":\"WebSite\",\"@id\":\"https:\/\/www.noticiasradioreflejos.com.ar\/2021\/#website\",\"url\":\"https:\/\/www.noticiasradioreflejos.com.ar\/2021\/\",\"name\":\"Noticias Radio Reflejos\",\"description\":\"Las noticias de mi comarca\",\"potentialAction\":[{\"@type\":\"SearchAction\",\"target\":{\"@type\":\"EntryPoint\",\"urlTemplate\":\"https:\/\/www.noticiasradioreflejos.com.ar\/2021\/?s={search_term_string}\"},\"query-input\":{\"@type\":\"PropertyValueSpecification\",\"valueRequired\":true,\"valueName\":\"search_term_string\"}}],\"inLanguage\":\"es\"},{\"@type\":\"Person\",\"@id\":\"https:\/\/www.noticiasradioreflejos.com.ar\/2021\/#\/schema\/person\/ad82545263dcc5ec0996818884fd5fb1\",\"name\":\"Arnaldo Botto\",\"image\":{\"@type\":\"ImageObject\",\"inLanguage\":\"es\",\"@id\":\"https:\/\/www.noticiasradioreflejos.com.ar\/2021\/#\/schema\/person\/image\/\",\"url\":\"https:\/\/secure.gravatar.com\/avatar\/55cb5e37c1efa326397366e6974cb338056df65cb50e7d64d1cf314e87504837?s=96&d=mm&r=g\",\"contentUrl\":\"https:\/\/secure.gravatar.com\/avatar\/55cb5e37c1efa326397366e6974cb338056df65cb50e7d64d1cf314e87504837?s=96&d=mm&r=g\",\"caption\":\"Arnaldo Botto\"},\"url\":\"https:\/\/www.noticiasradioreflejos.com.ar\/2021\/author\/arnaldo\/\"}]}<\/script>\n<!-- \/ Yoast SEO plugin. -->","yoast_head_json":{"title":"Desde este s\u00e1bado El Rey del Jam\u00f3n abre en una nueva direcci\u00f3n - Noticias Radio Reflejos","robots":{"index":"index","follow":"follow","max-snippet":"max-snippet:-1","max-image-preview":"max-image-preview:large","max-video-preview":"max-video-preview:-1"},"canonical":"https:\/\/www.noticiasradioreflejos.com.ar\/2021\/desde-este-sabado-el-rey-del-jamon-abre-en-una-nueva-direccion\/","og_locale":"es_ES","og_type":"article","og_title":"Desde este s\u00e1bado El Rey del Jam\u00f3n abre en una nueva direcci\u00f3n - Noticias Radio Reflejos","og_description":"Mart\u00edn Tejada, propietario del cl\u00e1sico lugar de la comarca, adelant\u00f3 las novedades con que la clientela se encontrar\u00e1 en Avenida San Martin 330. Desde las 18:00 ser\u00e1n todos bienvenidos.","og_url":"https:\/\/www.noticiasradioreflejos.com.ar\/2021\/desde-este-sabado-el-rey-del-jamon-abre-en-una-nueva-direccion\/","og_site_name":"Noticias Radio Reflejos","article_published_time":"2022-07-16T12:09:42+00:00","article_modified_time":"2022-07-18T11:44:36+00:00","og_image":[{"url":"https:\/\/live.staticflickr.com\/65535\/52224669010_905b572a5f_z.jpg","type":"","width":"","height":""}],"author":"Arnaldo Botto","twitter_card":"summary_large_image","schema":{"@context":"https:\/\/schema.org","@graph":[{"@type":"WebPage","@id":"https:\/\/www.noticiasradioreflejos.com.ar\/2021\/desde-este-sabado-el-rey-del-jamon-abre-en-una-nueva-direccion\/","url":"https:\/\/www.noticiasradioreflejos.com.ar\/2021\/desde-este-sabado-el-rey-del-jamon-abre-en-una-nueva-direccion\/","name":"Desde este s\u00e1bado El Rey del Jam\u00f3n abre en una nueva direcci\u00f3n - Noticias Radio Reflejos","isPartOf":{"@id":"https:\/\/www.noticiasradioreflejos.com.ar\/2021\/#website"},"primaryImageOfPage":{"@id":"https:\/\/www.noticiasradioreflejos.com.ar\/2021\/desde-este-sabado-el-rey-del-jamon-abre-en-una-nueva-direccion\/#primaryimage"},"image":{"@id":"https:\/\/www.noticiasradioreflejos.com.ar\/2021\/desde-este-sabado-el-rey-del-jamon-abre-en-una-nueva-direccion\/#primaryimage"},"thumbnailUrl":"https:\/\/live.staticflickr.com\/65535\/52224669010_905b572a5f_z.jpg","datePublished":"2022-07-16T12:09:42+00:00","dateModified":"2022-07-18T11:44:36+00:00","author":{"@id":"https:\/\/www.noticiasradioreflejos.com.ar\/2021\/#\/schema\/person\/ad82545263dcc5ec0996818884fd5fb1"},"breadcrumb":{"@id":"https:\/\/www.noticiasradioreflejos.com.ar\/2021\/desde-este-sabado-el-rey-del-jamon-abre-en-una-nueva-direccion\/#breadcrumb"},"inLanguage":"es","potentialAction":[{"@type":"ReadAction","target":["https:\/\/www.noticiasradioreflejos.com.ar\/2021\/desde-este-sabado-el-rey-del-jamon-abre-en-una-nueva-direccion\/"]}]},{"@type":"ImageObject","inLanguage":"es","@id":"https:\/\/www.noticiasradioreflejos.com.ar\/2021\/desde-este-sabado-el-rey-del-jamon-abre-en-una-nueva-direccion\/#primaryimage","url":"https:\/\/live.staticflickr.com\/65535\/52224669010_905b572a5f_z.jpg","contentUrl":"https:\/\/live.staticflickr.com\/65535\/52224669010_905b572a5f_z.jpg"},{"@type":"BreadcrumbList","@id":"https:\/\/www.noticiasradioreflejos.com.ar\/2021\/desde-este-sabado-el-rey-del-jamon-abre-en-una-nueva-direccion\/#breadcrumb","itemListElement":[{"@type":"ListItem","position":1,"name":"Portada","item":"https:\/\/www.noticiasradioreflejos.com.ar\/2021\/"},{"@type":"ListItem","position":2,"name":"Desde este s\u00e1bado El Rey del Jam\u00f3n abre en una nueva direcci\u00f3n"}]},{"@type":"WebSite","@id":"https:\/\/www.noticiasradioreflejos.com.ar\/2021\/#website","url":"https:\/\/www.noticiasradioreflejos.com.ar\/2021\/","name":"Noticias Radio Reflejos","description":"Las noticias de mi comarca","potentialAction":[{"@type":"SearchAction","target":{"@type":"EntryPoint","urlTemplate":"https:\/\/www.noticiasradioreflejos.com.ar\/2021\/?s={search_term_string}"},"query-input":{"@type":"PropertyValueSpecification","valueRequired":true,"valueName":"search_term_string"}}],"inLanguage":"es"},{"@type":"Person","@id":"https:\/\/www.noticiasradioreflejos.com.ar\/2021\/#\/schema\/person\/ad82545263dcc5ec0996818884fd5fb1","name":"Arnaldo Botto","image":{"@type":"ImageObject","inLanguage":"es","@id":"https:\/\/www.noticiasradioreflejos.com.ar\/2021\/#\/schema\/person\/image\/","url":"https:\/\/secure.gravatar.com\/avatar\/55cb5e37c1efa326397366e6974cb338056df65cb50e7d64d1cf314e87504837?s=96&d=mm&r=g","contentUrl":"https:\/\/secure.gravatar.com\/avatar\/55cb5e37c1efa326397366e6974cb338056df65cb50e7d64d1cf314e87504837?s=96&d=mm&r=g","caption":"Arnaldo Botto"},"url":"https:\/\/www.noticiasradioreflejos.com.ar\/2021\/author\/arnaldo\/"}]}},"_links":{"self":[{"href":"https:\/\/www.noticiasradioreflejos.com.ar\/2021\/wp-json\/wp\/v2\/posts\/75181","targetHints":{"allow":["GET"]}}],"collection":[{"href":"https:\/\/www.noticiasradioreflejos.com.ar\/2021\/wp-json\/wp\/v2\/posts"}],"about":[{"href":"https:\/\/www.noticiasradioreflejos.com.ar\/2021\/wp-json\/wp\/v2\/types\/post"}],"author":[{"embeddable":true,"href":"https:\/\/www.noticiasradioreflejos.com.ar\/2021\/wp-json\/wp\/v2\/users\/3"}],"replies":[{"embeddable":true,"href":"https:\/\/www.noticiasradioreflejos.com.ar\/2021\/wp-json\/wp\/v2\/comments?post=75181"}],"version-history":[{"count":4,"href":"https:\/\/www.noticiasradioreflejos.com.ar\/2021\/wp-json\/wp\/v2\/posts\/75181\/revisions"}],"predecessor-version":[{"id":75215,"href":"https:\/\/www.noticiasradioreflejos.com.ar\/2021\/wp-json\/wp\/v2\/posts\/75181\/revisions\/75215"}],"wp:attachment":[{"href":"https:\/\/www.noticiasradioreflejos.com.ar\/2021\/wp-json\/wp\/v2\/media?parent=75181"}],"wp:term":[{"taxonomy":"category","embeddable":true,"href":"https:\/\/www.noticiasradioreflejos.com.ar\/2021\/wp-json\/wp\/v2\/categories?post=75181"},{"taxonomy":"post_tag","embeddable":true,"href":"https:\/\/www.noticiasradioreflejos.com.ar\/2021\/wp-json\/wp\/v2\/tags?post=75181"}],"curies":[{"name":"wp","href":"https:\/\/api.w.org\/{rel}","templated":true}]}}