{"id":75161,"date":"2022-07-15T20:52:34","date_gmt":"2022-07-15T20:52:34","guid":{"rendered":"http:\/\/www.noticiasradioreflejos.com.ar\/2021\/?p=75161"},"modified":"2022-07-15T20:52:34","modified_gmt":"2022-07-15T20:52:34","slug":"adoctrinamiento-en-las-escuelas-las-denuncias-anonimas-nos-remiten-a-una-epoca-que-termino-siendo-de-genocidio","status":"publish","type":"post","link":"https:\/\/www.noticiasradioreflejos.com.ar\/2021\/adoctrinamiento-en-las-escuelas-las-denuncias-anonimas-nos-remiten-a-una-epoca-que-termino-siendo-de-genocidio\/","title":{"rendered":"Adoctrinamiento en las escuelas: \u201cLas denuncias an\u00f3nimas nos remiten a una \u00e9poca que termin\u00f3 siendo de genocidio\u201d"},"content":{"rendered":"<p>As\u00ed lo afirm\u00f3 Margarita Orellano, Secretaria General del Sindicato de Docentes Particulares de Bah\u00eda Blanca. \u201cAc\u00e1 no se han registrado casos de este tipo\u201d asegur\u00f3.<!--more--><\/p>\n<p>Margarita Orellano tambi\u00e9n sali\u00f3 al cruce de lo aprobado hoy en el Concejo Deliberante bahiense. En su caso, la Secretaria General del Sindicato de Docentes Particulares de Bah\u00eda Blanca dio un resumen de lo sucedido, y dej\u00f3 clara su postura.<\/p>\n<p>Al respecto cont\u00f3 que \u201cen el mes de abril se presenta un proyecto de resoluci\u00f3n que qued\u00f3 dentro del \u00e1mbito del Concejo Deliberante y se volvi\u00f3 a presentar hoy. Nosotros nos anoticiamos de esta nueva presentaci\u00f3n la semana pasada y obviamente tomamos conocimiento del texto\u201d.<\/p>\n<p>En esa l\u00ednea afirm\u00f3 que \u201csus fundamentos son pobres y tiene el pedido puntual al gobierno bonaerense de que arbitre un canal para que se pueda denunciar an\u00f3nimamente a docentes que realicen adoctrinamientos dentro de las aulas\u201d.<\/p>\n<p>De igual forma aclar\u00f3 que \u201chicimos una conferencia de prensa para alertar a la ciudadan\u00eda bahiense de lo que estaba ocurriendo. Ac\u00e1 no se han registrado denuncias de este tipo, ni mucho menos que se sepa de casos as\u00ed\u201d.<\/p>\n<p>Y trazando un paralelismo no dud\u00f3 en afirmar que \u201cestas denuncias an\u00f3nimas nos remiten a una \u00e9poca en donde se hac\u00edan y termin\u00f3 ocurriendo un genocidio. \u00bfCu\u00e1l ser\u00eda el objetivo de esto? Una sanci\u00f3n sobre los docentes o una persecuci\u00f3n\u201d.<\/p>\n<p>Siguiendo con el an\u00e1lisis remarc\u00f3 que \u201cadem\u00e1s ante cualquier sospecha cualquiera puede denunciar. Pedimos una reuni\u00f3n a las ediles que presentaron el proyecto, y aclaro que una de ellas es docente, con lo cual es m\u00e1s grave porque sus pares podr\u00edan ser perseguidas. Esa entrevista nunca fue concedida. Hoy lo aprobaron pese a la movilizaci\u00f3n que realizamos los gremios\u201d.<\/p>\n<p>Por \u00faltimo, y a modo de reflexi\u00f3n sostuvo que \u201cuna de las ediles menciona que como a los 16 a\u00f1os los adolescentes ya votan, hasta los 15 podr\u00edan ser adoctrinados y al a\u00f1o siguiente ir\u00edan al cuarto oscuro con toda esa ense\u00f1anza. Cuando uno est\u00e1 frente al aula se da cuenta que los chicos construyen su pensamiento cr\u00edtico y hacer esto es bajarle un poco el precio a los j\u00f3venes\u201d.<\/p>\n","protected":false},"excerpt":{"rendered":"<p>As\u00ed lo afirm\u00f3 Margarita Orellano, Secretaria General del Sindicato de Docentes Particulares de Bah\u00eda Blanca. \u201cAc\u00e1 no se han registrado casos de este tipo\u201d asegur\u00f3.<\/p>\n","protected":false},"author":3,"featured_media":0,"comment_status":"closed","ping_status":"closed","sticky":false,"template":"","format":"standard","meta":{"footnotes":""},"categories":[34,24,26],"tags":[48],"class_list":["post-75161","post","type-post","status-publish","format-standard","hentry","category-educacion","category-politica","category-sociedad","tag-destacada"],"yoast_head":"<!-- This site is optimized with the Yoast SEO plugin v25.9 - https:\/\/yoast.com\/wordpress\/plugins\/seo\/ -->\n<title>Adoctrinamiento en las escuelas: \u201cLas denuncias an\u00f3nimas nos remiten a una \u00e9poca que termin\u00f3 siendo de genocidio\u201d - Noticias Radio Reflejos<\/title>\n<meta name=\"robots\" content=\"index, follow, max-snippet:-1, max-image-preview:large, max-video-preview:-1\" \/>\n<link rel=\"canonical\" href=\"https:\/\/www.noticiasradioreflejos.com.ar\/2021\/adoctrinamiento-en-las-escuelas-las-denuncias-anonimas-nos-remiten-a-una-epoca-que-termino-siendo-de-genocidio\/\" \/>\n<meta property=\"og:locale\" content=\"es_ES\" \/>\n<meta property=\"og:type\" content=\"article\" \/>\n<meta property=\"og:title\" content=\"Adoctrinamiento en las escuelas: \u201cLas denuncias an\u00f3nimas nos remiten a una \u00e9poca que termin\u00f3 siendo de genocidio\u201d - Noticias Radio Reflejos\" \/>\n<meta property=\"og:description\" content=\"As\u00ed lo afirm\u00f3 Margarita Orellano, Secretaria General del Sindicato de Docentes Particulares de Bah\u00eda Blanca. \u201cAc\u00e1 no se han registrado casos de este tipo\u201d asegur\u00f3.\" \/>\n<meta property=\"og:url\" content=\"https:\/\/www.noticiasradioreflejos.com.ar\/2021\/adoctrinamiento-en-las-escuelas-las-denuncias-anonimas-nos-remiten-a-una-epoca-que-termino-siendo-de-genocidio\/\" \/>\n<meta property=\"og:site_name\" content=\"Noticias Radio Reflejos\" \/>\n<meta property=\"article:published_time\" content=\"2022-07-15T20:52:34+00:00\" \/>\n<meta property=\"og:image\" content=\"https:\/\/www.noticiasradioreflejos.com.ar\/2021\/wp-content\/uploads\/2021\/07\/logosol300x200.png\" \/>\n\t<meta property=\"og:image:width\" content=\"300\" \/>\n\t<meta property=\"og:image:height\" content=\"200\" \/>\n\t<meta property=\"og:image:type\" content=\"image\/png\" \/>\n<meta name=\"author\" content=\"Arnaldo Botto\" \/>\n<meta name=\"twitter:card\" content=\"summary_large_image\" \/>\n<script type=\"application\/ld+json\" class=\"yoast-schema-graph\">{\"@context\":\"https:\/\/schema.org\",\"@graph\":[{\"@type\":\"WebPage\",\"@id\":\"https:\/\/www.noticiasradioreflejos.com.ar\/2021\/adoctrinamiento-en-las-escuelas-las-denuncias-anonimas-nos-remiten-a-una-epoca-que-termino-siendo-de-genocidio\/\",\"url\":\"https:\/\/www.noticiasradioreflejos.com.ar\/2021\/adoctrinamiento-en-las-escuelas-las-denuncias-anonimas-nos-remiten-a-una-epoca-que-termino-siendo-de-genocidio\/\",\"name\":\"Adoctrinamiento en las escuelas: \u201cLas denuncias an\u00f3nimas nos remiten a una \u00e9poca que termin\u00f3 siendo de genocidio\u201d - Noticias Radio Reflejos\",\"isPartOf\":{\"@id\":\"https:\/\/www.noticiasradioreflejos.com.ar\/2021\/#website\"},\"datePublished\":\"2022-07-15T20:52:34+00:00\",\"author\":{\"@id\":\"https:\/\/www.noticiasradioreflejos.com.ar\/2021\/#\/schema\/person\/ad82545263dcc5ec0996818884fd5fb1\"},\"breadcrumb\":{\"@id\":\"https:\/\/www.noticiasradioreflejos.com.ar\/2021\/adoctrinamiento-en-las-escuelas-las-denuncias-anonimas-nos-remiten-a-una-epoca-que-termino-siendo-de-genocidio\/#breadcrumb\"},\"inLanguage\":\"es\",\"potentialAction\":[{\"@type\":\"ReadAction\",\"target\":[\"https:\/\/www.noticiasradioreflejos.com.ar\/2021\/adoctrinamiento-en-las-escuelas-las-denuncias-anonimas-nos-remiten-a-una-epoca-que-termino-siendo-de-genocidio\/\"]}]},{\"@type\":\"BreadcrumbList\",\"@id\":\"https:\/\/www.noticiasradioreflejos.com.ar\/2021\/adoctrinamiento-en-las-escuelas-las-denuncias-anonimas-nos-remiten-a-una-epoca-que-termino-siendo-de-genocidio\/#breadcrumb\",\"itemListElement\":[{\"@type\":\"ListItem\",\"position\":1,\"name\":\"Portada\",\"item\":\"https:\/\/www.noticiasradioreflejos.com.ar\/2021\/\"},{\"@type\":\"ListItem\",\"position\":2,\"name\":\"Adoctrinamiento en las escuelas: \u201cLas denuncias an\u00f3nimas nos remiten a una \u00e9poca que termin\u00f3 siendo de genocidio\u201d\"}]},{\"@type\":\"WebSite\",\"@id\":\"https:\/\/www.noticiasradioreflejos.com.ar\/2021\/#website\",\"url\":\"https:\/\/www.noticiasradioreflejos.com.ar\/2021\/\",\"name\":\"Noticias Radio Reflejos\",\"description\":\"Las noticias de mi comarca\",\"potentialAction\":[{\"@type\":\"SearchAction\",\"target\":{\"@type\":\"EntryPoint\",\"urlTemplate\":\"https:\/\/www.noticiasradioreflejos.com.ar\/2021\/?s={search_term_string}\"},\"query-input\":{\"@type\":\"PropertyValueSpecification\",\"valueRequired\":true,\"valueName\":\"search_term_string\"}}],\"inLanguage\":\"es\"},{\"@type\":\"Person\",\"@id\":\"https:\/\/www.noticiasradioreflejos.com.ar\/2021\/#\/schema\/person\/ad82545263dcc5ec0996818884fd5fb1\",\"name\":\"Arnaldo Botto\",\"image\":{\"@type\":\"ImageObject\",\"inLanguage\":\"es\",\"@id\":\"https:\/\/www.noticiasradioreflejos.com.ar\/2021\/#\/schema\/person\/image\/\",\"url\":\"https:\/\/secure.gravatar.com\/avatar\/55cb5e37c1efa326397366e6974cb338056df65cb50e7d64d1cf314e87504837?s=96&d=mm&r=g\",\"contentUrl\":\"https:\/\/secure.gravatar.com\/avatar\/55cb5e37c1efa326397366e6974cb338056df65cb50e7d64d1cf314e87504837?s=96&d=mm&r=g\",\"caption\":\"Arnaldo Botto\"},\"url\":\"https:\/\/www.noticiasradioreflejos.com.ar\/2021\/author\/arnaldo\/\"}]}<\/script>\n<!-- \/ Yoast SEO plugin. -->","yoast_head_json":{"title":"Adoctrinamiento en las escuelas: \u201cLas denuncias an\u00f3nimas nos remiten a una \u00e9poca que termin\u00f3 siendo de genocidio\u201d - Noticias Radio Reflejos","robots":{"index":"index","follow":"follow","max-snippet":"max-snippet:-1","max-image-preview":"max-image-preview:large","max-video-preview":"max-video-preview:-1"},"canonical":"https:\/\/www.noticiasradioreflejos.com.ar\/2021\/adoctrinamiento-en-las-escuelas-las-denuncias-anonimas-nos-remiten-a-una-epoca-que-termino-siendo-de-genocidio\/","og_locale":"es_ES","og_type":"article","og_title":"Adoctrinamiento en las escuelas: \u201cLas denuncias an\u00f3nimas nos remiten a una \u00e9poca que termin\u00f3 siendo de genocidio\u201d - Noticias Radio Reflejos","og_description":"As\u00ed lo afirm\u00f3 Margarita Orellano, Secretaria General del Sindicato de Docentes Particulares de Bah\u00eda Blanca. \u201cAc\u00e1 no se han registrado casos de este tipo\u201d asegur\u00f3.","og_url":"https:\/\/www.noticiasradioreflejos.com.ar\/2021\/adoctrinamiento-en-las-escuelas-las-denuncias-anonimas-nos-remiten-a-una-epoca-que-termino-siendo-de-genocidio\/","og_site_name":"Noticias Radio Reflejos","article_published_time":"2022-07-15T20:52:34+00:00","og_image":[{"width":300,"height":200,"url":"https:\/\/www.noticiasradioreflejos.com.ar\/2021\/wp-content\/uploads\/2021\/07\/logosol300x200.png","type":"image\/png"}],"author":"Arnaldo Botto","twitter_card":"summary_large_image","schema":{"@context":"https:\/\/schema.org","@graph":[{"@type":"WebPage","@id":"https:\/\/www.noticiasradioreflejos.com.ar\/2021\/adoctrinamiento-en-las-escuelas-las-denuncias-anonimas-nos-remiten-a-una-epoca-que-termino-siendo-de-genocidio\/","url":"https:\/\/www.noticiasradioreflejos.com.ar\/2021\/adoctrinamiento-en-las-escuelas-las-denuncias-anonimas-nos-remiten-a-una-epoca-que-termino-siendo-de-genocidio\/","name":"Adoctrinamiento en las escuelas: \u201cLas denuncias an\u00f3nimas nos remiten a una \u00e9poca que termin\u00f3 siendo de genocidio\u201d - Noticias Radio Reflejos","isPartOf":{"@id":"https:\/\/www.noticiasradioreflejos.com.ar\/2021\/#website"},"datePublished":"2022-07-15T20:52:34+00:00","author":{"@id":"https:\/\/www.noticiasradioreflejos.com.ar\/2021\/#\/schema\/person\/ad82545263dcc5ec0996818884fd5fb1"},"breadcrumb":{"@id":"https:\/\/www.noticiasradioreflejos.com.ar\/2021\/adoctrinamiento-en-las-escuelas-las-denuncias-anonimas-nos-remiten-a-una-epoca-que-termino-siendo-de-genocidio\/#breadcrumb"},"inLanguage":"es","potentialAction":[{"@type":"ReadAction","target":["https:\/\/www.noticiasradioreflejos.com.ar\/2021\/adoctrinamiento-en-las-escuelas-las-denuncias-anonimas-nos-remiten-a-una-epoca-que-termino-siendo-de-genocidio\/"]}]},{"@type":"BreadcrumbList","@id":"https:\/\/www.noticiasradioreflejos.com.ar\/2021\/adoctrinamiento-en-las-escuelas-las-denuncias-anonimas-nos-remiten-a-una-epoca-que-termino-siendo-de-genocidio\/#breadcrumb","itemListElement":[{"@type":"ListItem","position":1,"name":"Portada","item":"https:\/\/www.noticiasradioreflejos.com.ar\/2021\/"},{"@type":"ListItem","position":2,"name":"Adoctrinamiento en las escuelas: \u201cLas denuncias an\u00f3nimas nos remiten a una \u00e9poca que termin\u00f3 siendo de genocidio\u201d"}]},{"@type":"WebSite","@id":"https:\/\/www.noticiasradioreflejos.com.ar\/2021\/#website","url":"https:\/\/www.noticiasradioreflejos.com.ar\/2021\/","name":"Noticias Radio Reflejos","description":"Las noticias de mi comarca","potentialAction":[{"@type":"SearchAction","target":{"@type":"EntryPoint","urlTemplate":"https:\/\/www.noticiasradioreflejos.com.ar\/2021\/?s={search_term_string}"},"query-input":{"@type":"PropertyValueSpecification","valueRequired":true,"valueName":"search_term_string"}}],"inLanguage":"es"},{"@type":"Person","@id":"https:\/\/www.noticiasradioreflejos.com.ar\/2021\/#\/schema\/person\/ad82545263dcc5ec0996818884fd5fb1","name":"Arnaldo Botto","image":{"@type":"ImageObject","inLanguage":"es","@id":"https:\/\/www.noticiasradioreflejos.com.ar\/2021\/#\/schema\/person\/image\/","url":"https:\/\/secure.gravatar.com\/avatar\/55cb5e37c1efa326397366e6974cb338056df65cb50e7d64d1cf314e87504837?s=96&d=mm&r=g","contentUrl":"https:\/\/secure.gravatar.com\/avatar\/55cb5e37c1efa326397366e6974cb338056df65cb50e7d64d1cf314e87504837?s=96&d=mm&r=g","caption":"Arnaldo Botto"},"url":"https:\/\/www.noticiasradioreflejos.com.ar\/2021\/author\/arnaldo\/"}]}},"_links":{"self":[{"href":"https:\/\/www.noticiasradioreflejos.com.ar\/2021\/wp-json\/wp\/v2\/posts\/75161","targetHints":{"allow":["GET"]}}],"collection":[{"href":"https:\/\/www.noticiasradioreflejos.com.ar\/2021\/wp-json\/wp\/v2\/posts"}],"about":[{"href":"https:\/\/www.noticiasradioreflejos.com.ar\/2021\/wp-json\/wp\/v2\/types\/post"}],"author":[{"embeddable":true,"href":"https:\/\/www.noticiasradioreflejos.com.ar\/2021\/wp-json\/wp\/v2\/users\/3"}],"replies":[{"embeddable":true,"href":"https:\/\/www.noticiasradioreflejos.com.ar\/2021\/wp-json\/wp\/v2\/comments?post=75161"}],"version-history":[{"count":2,"href":"https:\/\/www.noticiasradioreflejos.com.ar\/2021\/wp-json\/wp\/v2\/posts\/75161\/revisions"}],"predecessor-version":[{"id":75177,"href":"https:\/\/www.noticiasradioreflejos.com.ar\/2021\/wp-json\/wp\/v2\/posts\/75161\/revisions\/75177"}],"wp:attachment":[{"href":"https:\/\/www.noticiasradioreflejos.com.ar\/2021\/wp-json\/wp\/v2\/media?parent=75161"}],"wp:term":[{"taxonomy":"category","embeddable":true,"href":"https:\/\/www.noticiasradioreflejos.com.ar\/2021\/wp-json\/wp\/v2\/categories?post=75161"},{"taxonomy":"post_tag","embeddable":true,"href":"https:\/\/www.noticiasradioreflejos.com.ar\/2021\/wp-json\/wp\/v2\/tags?post=75161"}],"curies":[{"name":"wp","href":"https:\/\/api.w.org\/{rel}","templated":true}]}}