{"id":75159,"date":"2022-07-15T20:47:10","date_gmt":"2022-07-15T20:47:10","guid":{"rendered":"http:\/\/www.noticiasradioreflejos.com.ar\/2021\/?p=75159"},"modified":"2022-07-15T20:47:10","modified_gmt":"2022-07-15T20:47:10","slug":"proyecto-adoctrinamiento-en-las-escuelas-es-de-la-misma-fuerza-politica-que-en-el-2017-creo-un-0800-para-denunciar-a-los-docentes-que-hablabamos-de-la-desaparicion-de-santiago-maldonado","status":"publish","type":"post","link":"https:\/\/www.noticiasradioreflejos.com.ar\/2021\/proyecto-adoctrinamiento-en-las-escuelas-es-de-la-misma-fuerza-politica-que-en-el-2017-creo-un-0800-para-denunciar-a-los-docentes-que-hablabamos-de-la-desaparicion-de-santiago-maldonado\/","title":{"rendered":"Proyecto  adoctrinamiento en las escuelas: \u00abes de la misma fuerza pol\u00edtica que en el 2017 cre\u00f3 un 0800 para denunciar a los docentes que habl\u00e1bamos de la desaparici\u00f3n de Santiago Maldonado\u00bb"},"content":{"rendered":"<p><strong>Analia Luzarreta,<\/strong> Secretaria General de <strong>Suteba Bah\u00eda Blanca<\/strong> puntualiz\u00f3 los reclamos que llevan adelante. Al mismo tiempo se refiri\u00f3 al proyecto aprobado en el Concejo Deliberante sobre el adoctrinamiento en las escuelas.<!--more--><\/p>\n<p>Sin pelos en la lengua, fiel a su estilo, la Secretaria General de Suteba Bah\u00eda Blanca, Analia Luzarreta, coment\u00f3 sus sensaciones tras haber aprobado en el Concejo Deliberante bahiense una resoluci\u00f3n que impide el adoctrinamiento en los colegios.<\/p>\n<p>Al respecto, asegur\u00f3 que \u201cya es una resoluci\u00f3n del Concejo Deliberante que ahora ser\u00e1 elevada a la legislatura bonaerense. Gan\u00f3 con mayor\u00eda y con argumentos deplorables. Es un proyecto muy breve y con muy pocos fundamentos. No quedan claros los objetivos, es m\u00e1s lo que uno puede leer entre l\u00edneas\u201d.<\/p>\n<p>Del mismo modo, entre las falencias que le encuentra, afirm\u00f3 que \u201cno se define adoctrinamiento, algo que parece obvio pero no. Tampoco es claro que conceptos utilizaremos. Porque si me van a denunciar, porque ser\u00e1 an\u00f3nimo y ni siquiera est\u00e1 estipulado para qu\u00e9. Solo hablan de la infinidad de casos medi\u00e1ticos, pero puntualmente no se cita ninguno\u201d.<\/p>\n<p>Cerrando ese tema puntualiz\u00f3 que \u201cuna de las autoras del proyecto, Soledad Mart\u00ednez, es de la misma fuerza pol\u00edtica que en el 2017 cre\u00f3 un 0800 para denunciar a los docentes que habl\u00e1bamos de la desaparici\u00f3n de Santiago Maldonado. A las pruebas me remito\u201d.<\/p>\n<p>En otro pasaje de la conversaci\u00f3n y cambiando de tema cont\u00f3 que \u201cel reclamo es salarial, y no porque el sueldo no alcance. Es porque los acuerdos paritarios han quedado muy atr\u00e1s respecto a la inflaci\u00f3n, y porque a la altura del a\u00f1o que estamos, hay docentes que han comenzado en marzo y a\u00fan no han percibido sus haberes y desde el gobierno provincial no llegan soluciones\u201d.<\/p>\n<p>&nbsp;<\/p>\n<p><iframe loading=\"lazy\" src=\"https:\/\/w.soundcloud.com\/player\/?url=https%3A\/\/api.soundcloud.com\/tracks\/1305791155&amp;color=%23ff5500&amp;auto_play=false&amp;hide_related=false&amp;show_comments=true&amp;show_user=true&amp;show_reposts=false&amp;show_teaser=true\" width=\"100%\" height=\"166\" frameborder=\"no\" scrolling=\"no\"><\/iframe><\/p>\n<div style=\"font-size: 10px; color: #cccccc; line-break: anywhere; word-break: normal; overflow: hidden; white-space: nowrap; text-overflow: ellipsis; font-family: Interstate,Lucida Grande,Lucida Sans Unicode,Lucida Sans,Garuda,Verdana,Tahoma,sans-serif; font-weight: 100;\"><a style=\"color: #cccccc; text-decoration: none;\" title=\"fmreflejos 103.7\" href=\"https:\/\/soundcloud.com\/fmreflejos-103-7\" target=\"_blank\" rel=\"noopener\">fmreflejos 103.7<\/a> \u00b7 <a style=\"color: #cccccc; text-decoration: none;\" title=\"Analia Luzarreta Suteba\" href=\"https:\/\/soundcloud.com\/fmreflejos-103-7\/analia-luzarreta-suteba\" target=\"_blank\" rel=\"noopener\">Analia Luzarreta Suteba<\/a><\/div>\n<p><strong>Foto de Portada de Jorge Rubio<\/strong><\/p>\n","protected":false},"excerpt":{"rendered":"<p>Analia Luzarreta, Secretaria General de Suteba Bah\u00eda Blanca puntualiz\u00f3 los reclamos que llevan adelante. Al mismo tiempo se refiri\u00f3 al proyecto aprobado en el Concejo Deliberante sobre el adoctrinamiento en las escuelas.<\/p>\n","protected":false},"author":3,"featured_media":0,"comment_status":"closed","ping_status":"closed","sticky":false,"template":"","format":"standard","meta":{"footnotes":""},"categories":[34,24],"tags":[],"class_list":["post-75159","post","type-post","status-publish","format-standard","hentry","category-educacion","category-politica"],"yoast_head":"<!-- This site is optimized with the Yoast SEO plugin v25.9 - https:\/\/yoast.com\/wordpress\/plugins\/seo\/ -->\n<title>Proyecto adoctrinamiento en las escuelas: &quot;es de la misma fuerza pol\u00edtica que en el 2017 cre\u00f3 un 0800 para denunciar a los docentes que habl\u00e1bamos de la desaparici\u00f3n de Santiago Maldonado&quot; - Noticias Radio Reflejos<\/title>\n<meta name=\"robots\" content=\"index, follow, max-snippet:-1, max-image-preview:large, max-video-preview:-1\" \/>\n<link rel=\"canonical\" href=\"https:\/\/www.noticiasradioreflejos.com.ar\/2021\/proyecto-adoctrinamiento-en-las-escuelas-es-de-la-misma-fuerza-politica-que-en-el-2017-creo-un-0800-para-denunciar-a-los-docentes-que-hablabamos-de-la-desaparicion-de-santiago-maldonado\/\" \/>\n<meta property=\"og:locale\" content=\"es_ES\" \/>\n<meta property=\"og:type\" content=\"article\" \/>\n<meta property=\"og:title\" content=\"Proyecto adoctrinamiento en las escuelas: &quot;es de la misma fuerza pol\u00edtica que en el 2017 cre\u00f3 un 0800 para denunciar a los docentes que habl\u00e1bamos de la desaparici\u00f3n de Santiago Maldonado&quot; - Noticias Radio Reflejos\" \/>\n<meta property=\"og:description\" content=\"Analia Luzarreta, Secretaria General de Suteba Bah\u00eda Blanca puntualiz\u00f3 los reclamos que llevan adelante. Al mismo tiempo se refiri\u00f3 al proyecto aprobado en el Concejo Deliberante sobre el adoctrinamiento en las escuelas.\" \/>\n<meta property=\"og:url\" content=\"https:\/\/www.noticiasradioreflejos.com.ar\/2021\/proyecto-adoctrinamiento-en-las-escuelas-es-de-la-misma-fuerza-politica-que-en-el-2017-creo-un-0800-para-denunciar-a-los-docentes-que-hablabamos-de-la-desaparicion-de-santiago-maldonado\/\" \/>\n<meta property=\"og:site_name\" content=\"Noticias Radio Reflejos\" \/>\n<meta property=\"article:published_time\" content=\"2022-07-15T20:47:10+00:00\" \/>\n<meta property=\"og:image\" content=\"https:\/\/www.noticiasradioreflejos.com.ar\/2021\/wp-content\/uploads\/2021\/07\/logosol300x200.png\" \/>\n\t<meta property=\"og:image:width\" content=\"300\" \/>\n\t<meta property=\"og:image:height\" content=\"200\" \/>\n\t<meta property=\"og:image:type\" content=\"image\/png\" \/>\n<meta name=\"author\" content=\"Arnaldo Botto\" \/>\n<meta name=\"twitter:card\" content=\"summary_large_image\" \/>\n<script type=\"application\/ld+json\" class=\"yoast-schema-graph\">{\"@context\":\"https:\/\/schema.org\",\"@graph\":[{\"@type\":\"WebPage\",\"@id\":\"https:\/\/www.noticiasradioreflejos.com.ar\/2021\/proyecto-adoctrinamiento-en-las-escuelas-es-de-la-misma-fuerza-politica-que-en-el-2017-creo-un-0800-para-denunciar-a-los-docentes-que-hablabamos-de-la-desaparicion-de-santiago-maldonado\/\",\"url\":\"https:\/\/www.noticiasradioreflejos.com.ar\/2021\/proyecto-adoctrinamiento-en-las-escuelas-es-de-la-misma-fuerza-politica-que-en-el-2017-creo-un-0800-para-denunciar-a-los-docentes-que-hablabamos-de-la-desaparicion-de-santiago-maldonado\/\",\"name\":\"Proyecto adoctrinamiento en las escuelas: \\\"es de la misma fuerza pol\u00edtica que en el 2017 cre\u00f3 un 0800 para denunciar a los docentes que habl\u00e1bamos de la desaparici\u00f3n de Santiago Maldonado\\\" - Noticias Radio Reflejos\",\"isPartOf\":{\"@id\":\"https:\/\/www.noticiasradioreflejos.com.ar\/2021\/#website\"},\"datePublished\":\"2022-07-15T20:47:10+00:00\",\"author\":{\"@id\":\"https:\/\/www.noticiasradioreflejos.com.ar\/2021\/#\/schema\/person\/ad82545263dcc5ec0996818884fd5fb1\"},\"breadcrumb\":{\"@id\":\"https:\/\/www.noticiasradioreflejos.com.ar\/2021\/proyecto-adoctrinamiento-en-las-escuelas-es-de-la-misma-fuerza-politica-que-en-el-2017-creo-un-0800-para-denunciar-a-los-docentes-que-hablabamos-de-la-desaparicion-de-santiago-maldonado\/#breadcrumb\"},\"inLanguage\":\"es\",\"potentialAction\":[{\"@type\":\"ReadAction\",\"target\":[\"https:\/\/www.noticiasradioreflejos.com.ar\/2021\/proyecto-adoctrinamiento-en-las-escuelas-es-de-la-misma-fuerza-politica-que-en-el-2017-creo-un-0800-para-denunciar-a-los-docentes-que-hablabamos-de-la-desaparicion-de-santiago-maldonado\/\"]}]},{\"@type\":\"BreadcrumbList\",\"@id\":\"https:\/\/www.noticiasradioreflejos.com.ar\/2021\/proyecto-adoctrinamiento-en-las-escuelas-es-de-la-misma-fuerza-politica-que-en-el-2017-creo-un-0800-para-denunciar-a-los-docentes-que-hablabamos-de-la-desaparicion-de-santiago-maldonado\/#breadcrumb\",\"itemListElement\":[{\"@type\":\"ListItem\",\"position\":1,\"name\":\"Portada\",\"item\":\"https:\/\/www.noticiasradioreflejos.com.ar\/2021\/\"},{\"@type\":\"ListItem\",\"position\":2,\"name\":\"Proyecto adoctrinamiento en las escuelas: \u00abes de la misma fuerza pol\u00edtica que en el 2017 cre\u00f3 un 0800 para denunciar a los docentes que habl\u00e1bamos de la desaparici\u00f3n de Santiago Maldonado\u00bb\"}]},{\"@type\":\"WebSite\",\"@id\":\"https:\/\/www.noticiasradioreflejos.com.ar\/2021\/#website\",\"url\":\"https:\/\/www.noticiasradioreflejos.com.ar\/2021\/\",\"name\":\"Noticias Radio Reflejos\",\"description\":\"Las noticias de mi comarca\",\"potentialAction\":[{\"@type\":\"SearchAction\",\"target\":{\"@type\":\"EntryPoint\",\"urlTemplate\":\"https:\/\/www.noticiasradioreflejos.com.ar\/2021\/?s={search_term_string}\"},\"query-input\":{\"@type\":\"PropertyValueSpecification\",\"valueRequired\":true,\"valueName\":\"search_term_string\"}}],\"inLanguage\":\"es\"},{\"@type\":\"Person\",\"@id\":\"https:\/\/www.noticiasradioreflejos.com.ar\/2021\/#\/schema\/person\/ad82545263dcc5ec0996818884fd5fb1\",\"name\":\"Arnaldo Botto\",\"image\":{\"@type\":\"ImageObject\",\"inLanguage\":\"es\",\"@id\":\"https:\/\/www.noticiasradioreflejos.com.ar\/2021\/#\/schema\/person\/image\/\",\"url\":\"https:\/\/secure.gravatar.com\/avatar\/55cb5e37c1efa326397366e6974cb338056df65cb50e7d64d1cf314e87504837?s=96&d=mm&r=g\",\"contentUrl\":\"https:\/\/secure.gravatar.com\/avatar\/55cb5e37c1efa326397366e6974cb338056df65cb50e7d64d1cf314e87504837?s=96&d=mm&r=g\",\"caption\":\"Arnaldo Botto\"},\"url\":\"https:\/\/www.noticiasradioreflejos.com.ar\/2021\/author\/arnaldo\/\"}]}<\/script>\n<!-- \/ Yoast SEO plugin. -->","yoast_head_json":{"title":"Proyecto adoctrinamiento en las escuelas: \"es de la misma fuerza pol\u00edtica que en el 2017 cre\u00f3 un 0800 para denunciar a los docentes que habl\u00e1bamos de la desaparici\u00f3n de Santiago Maldonado\" - Noticias Radio Reflejos","robots":{"index":"index","follow":"follow","max-snippet":"max-snippet:-1","max-image-preview":"max-image-preview:large","max-video-preview":"max-video-preview:-1"},"canonical":"https:\/\/www.noticiasradioreflejos.com.ar\/2021\/proyecto-adoctrinamiento-en-las-escuelas-es-de-la-misma-fuerza-politica-que-en-el-2017-creo-un-0800-para-denunciar-a-los-docentes-que-hablabamos-de-la-desaparicion-de-santiago-maldonado\/","og_locale":"es_ES","og_type":"article","og_title":"Proyecto adoctrinamiento en las escuelas: \"es de la misma fuerza pol\u00edtica que en el 2017 cre\u00f3 un 0800 para denunciar a los docentes que habl\u00e1bamos de la desaparici\u00f3n de Santiago Maldonado\" - Noticias Radio Reflejos","og_description":"Analia Luzarreta, Secretaria General de Suteba Bah\u00eda Blanca puntualiz\u00f3 los reclamos que llevan adelante. Al mismo tiempo se refiri\u00f3 al proyecto aprobado en el Concejo Deliberante sobre el adoctrinamiento en las escuelas.","og_url":"https:\/\/www.noticiasradioreflejos.com.ar\/2021\/proyecto-adoctrinamiento-en-las-escuelas-es-de-la-misma-fuerza-politica-que-en-el-2017-creo-un-0800-para-denunciar-a-los-docentes-que-hablabamos-de-la-desaparicion-de-santiago-maldonado\/","og_site_name":"Noticias Radio Reflejos","article_published_time":"2022-07-15T20:47:10+00:00","og_image":[{"width":300,"height":200,"url":"https:\/\/www.noticiasradioreflejos.com.ar\/2021\/wp-content\/uploads\/2021\/07\/logosol300x200.png","type":"image\/png"}],"author":"Arnaldo Botto","twitter_card":"summary_large_image","schema":{"@context":"https:\/\/schema.org","@graph":[{"@type":"WebPage","@id":"https:\/\/www.noticiasradioreflejos.com.ar\/2021\/proyecto-adoctrinamiento-en-las-escuelas-es-de-la-misma-fuerza-politica-que-en-el-2017-creo-un-0800-para-denunciar-a-los-docentes-que-hablabamos-de-la-desaparicion-de-santiago-maldonado\/","url":"https:\/\/www.noticiasradioreflejos.com.ar\/2021\/proyecto-adoctrinamiento-en-las-escuelas-es-de-la-misma-fuerza-politica-que-en-el-2017-creo-un-0800-para-denunciar-a-los-docentes-que-hablabamos-de-la-desaparicion-de-santiago-maldonado\/","name":"Proyecto adoctrinamiento en las escuelas: \"es de la misma fuerza pol\u00edtica que en el 2017 cre\u00f3 un 0800 para denunciar a los docentes que habl\u00e1bamos de la desaparici\u00f3n de Santiago Maldonado\" - Noticias Radio Reflejos","isPartOf":{"@id":"https:\/\/www.noticiasradioreflejos.com.ar\/2021\/#website"},"datePublished":"2022-07-15T20:47:10+00:00","author":{"@id":"https:\/\/www.noticiasradioreflejos.com.ar\/2021\/#\/schema\/person\/ad82545263dcc5ec0996818884fd5fb1"},"breadcrumb":{"@id":"https:\/\/www.noticiasradioreflejos.com.ar\/2021\/proyecto-adoctrinamiento-en-las-escuelas-es-de-la-misma-fuerza-politica-que-en-el-2017-creo-un-0800-para-denunciar-a-los-docentes-que-hablabamos-de-la-desaparicion-de-santiago-maldonado\/#breadcrumb"},"inLanguage":"es","potentialAction":[{"@type":"ReadAction","target":["https:\/\/www.noticiasradioreflejos.com.ar\/2021\/proyecto-adoctrinamiento-en-las-escuelas-es-de-la-misma-fuerza-politica-que-en-el-2017-creo-un-0800-para-denunciar-a-los-docentes-que-hablabamos-de-la-desaparicion-de-santiago-maldonado\/"]}]},{"@type":"BreadcrumbList","@id":"https:\/\/www.noticiasradioreflejos.com.ar\/2021\/proyecto-adoctrinamiento-en-las-escuelas-es-de-la-misma-fuerza-politica-que-en-el-2017-creo-un-0800-para-denunciar-a-los-docentes-que-hablabamos-de-la-desaparicion-de-santiago-maldonado\/#breadcrumb","itemListElement":[{"@type":"ListItem","position":1,"name":"Portada","item":"https:\/\/www.noticiasradioreflejos.com.ar\/2021\/"},{"@type":"ListItem","position":2,"name":"Proyecto adoctrinamiento en las escuelas: \u00abes de la misma fuerza pol\u00edtica que en el 2017 cre\u00f3 un 0800 para denunciar a los docentes que habl\u00e1bamos de la desaparici\u00f3n de Santiago Maldonado\u00bb"}]},{"@type":"WebSite","@id":"https:\/\/www.noticiasradioreflejos.com.ar\/2021\/#website","url":"https:\/\/www.noticiasradioreflejos.com.ar\/2021\/","name":"Noticias Radio Reflejos","description":"Las noticias de mi comarca","potentialAction":[{"@type":"SearchAction","target":{"@type":"EntryPoint","urlTemplate":"https:\/\/www.noticiasradioreflejos.com.ar\/2021\/?s={search_term_string}"},"query-input":{"@type":"PropertyValueSpecification","valueRequired":true,"valueName":"search_term_string"}}],"inLanguage":"es"},{"@type":"Person","@id":"https:\/\/www.noticiasradioreflejos.com.ar\/2021\/#\/schema\/person\/ad82545263dcc5ec0996818884fd5fb1","name":"Arnaldo Botto","image":{"@type":"ImageObject","inLanguage":"es","@id":"https:\/\/www.noticiasradioreflejos.com.ar\/2021\/#\/schema\/person\/image\/","url":"https:\/\/secure.gravatar.com\/avatar\/55cb5e37c1efa326397366e6974cb338056df65cb50e7d64d1cf314e87504837?s=96&d=mm&r=g","contentUrl":"https:\/\/secure.gravatar.com\/avatar\/55cb5e37c1efa326397366e6974cb338056df65cb50e7d64d1cf314e87504837?s=96&d=mm&r=g","caption":"Arnaldo Botto"},"url":"https:\/\/www.noticiasradioreflejos.com.ar\/2021\/author\/arnaldo\/"}]}},"_links":{"self":[{"href":"https:\/\/www.noticiasradioreflejos.com.ar\/2021\/wp-json\/wp\/v2\/posts\/75159","targetHints":{"allow":["GET"]}}],"collection":[{"href":"https:\/\/www.noticiasradioreflejos.com.ar\/2021\/wp-json\/wp\/v2\/posts"}],"about":[{"href":"https:\/\/www.noticiasradioreflejos.com.ar\/2021\/wp-json\/wp\/v2\/types\/post"}],"author":[{"embeddable":true,"href":"https:\/\/www.noticiasradioreflejos.com.ar\/2021\/wp-json\/wp\/v2\/users\/3"}],"replies":[{"embeddable":true,"href":"https:\/\/www.noticiasradioreflejos.com.ar\/2021\/wp-json\/wp\/v2\/comments?post=75159"}],"version-history":[{"count":2,"href":"https:\/\/www.noticiasradioreflejos.com.ar\/2021\/wp-json\/wp\/v2\/posts\/75159\/revisions"}],"predecessor-version":[{"id":75175,"href":"https:\/\/www.noticiasradioreflejos.com.ar\/2021\/wp-json\/wp\/v2\/posts\/75159\/revisions\/75175"}],"wp:attachment":[{"href":"https:\/\/www.noticiasradioreflejos.com.ar\/2021\/wp-json\/wp\/v2\/media?parent=75159"}],"wp:term":[{"taxonomy":"category","embeddable":true,"href":"https:\/\/www.noticiasradioreflejos.com.ar\/2021\/wp-json\/wp\/v2\/categories?post=75159"},{"taxonomy":"post_tag","embeddable":true,"href":"https:\/\/www.noticiasradioreflejos.com.ar\/2021\/wp-json\/wp\/v2\/tags?post=75159"}],"curies":[{"name":"wp","href":"https:\/\/api.w.org\/{rel}","templated":true}]}}