{"id":75150,"date":"2022-07-15T17:38:36","date_gmt":"2022-07-15T17:38:36","guid":{"rendered":"http:\/\/www.noticiasradioreflejos.com.ar\/2021\/?p=75150"},"modified":"2022-07-15T17:38:36","modified_gmt":"2022-07-15T17:38:36","slug":"oficina-de-anses-informa","status":"publish","type":"post","link":"https:\/\/www.noticiasradioreflejos.com.ar\/2021\/oficina-de-anses-informa\/","title":{"rendered":"Oficina de ANSES informa"},"content":{"rendered":"<p>Respecto al nuevo proceso de Segmentaci\u00f3n Energ\u00e9tica establecido por Decreto N\u00ba 332\/2022, se encontrar\u00e1 disponible a partir del pr\u00f3ximo lunes 18\/07\/2022 la solicitud del turno para realizar la gesti\u00f3n del mismo, el cual tendr\u00e1 el primero turno disponible para el pr\u00f3ximo 25\/07\/2022.<!--more--><\/p>\n<p>A partir del 15\/07\/2022 podr\u00e1 hacer la solicitud a trav\u00e9s del portal MI ARGENTINA, https:\/\/www.argentina.gob.ar\/miargentina<\/p>\n<p>La Segmentaci\u00f3n comprende a los servicios de Gas y Electricidad a trav\u00e9s de un formulario digital de declaraci\u00f3n jurada como esta:<\/p>\n<p><a data-flickr-embed=\"true\" href=\"https:\/\/www.flickr.com\/photos\/182279889@N02\/52218612879\/in\/dateposted-public\/\" title=\"111\"><img loading=\"lazy\" decoding=\"async\" src=\"https:\/\/live.staticflickr.com\/65535\/52218612879_6e87f40b52_w.jpg\" width=\"400\" height=\"206\" alt=\"111\"><\/a><script async src=\"\/\/embedr.flickr.com\/assets\/client-code.js\" charset=\"utf-8\"><\/script><\/p>\n<p><a data-flickr-embed=\"true\" href=\"https:\/\/www.flickr.com\/photos\/182279889@N02\/52218822555\/in\/dateposted-public\/\" title=\"image007\"><img loading=\"lazy\" decoding=\"async\" src=\"https:\/\/live.staticflickr.com\/65535\/52218822555_5c72921c96_w.jpg\" width=\"303\" height=\"377\" alt=\"image007\"><\/a><script async src=\"\/\/embedr.flickr.com\/assets\/client-code.js\" charset=\"utf-8\"><\/script><\/p>\n<p><a data-flickr-embed=\"true\" href=\"https:\/\/www.flickr.com\/photos\/182279889@N02\/52218355868\/in\/dateposted-public\/\" title=\"image008\"><img loading=\"lazy\" decoding=\"async\" src=\"https:\/\/live.staticflickr.com\/65535\/52218355868_46210caa2e_w.jpg\" width=\"381\" height=\"374\" alt=\"image008\"><\/a><script async src=\"\/\/embedr.flickr.com\/assets\/client-code.js\" charset=\"utf-8\"><\/script><\/p>\n<p><a data-flickr-embed=\"true\" href=\"https:\/\/www.flickr.com\/photos\/182279889@N02\/52218355893\/in\/dateposted-public\/\" title=\"image013\"><img loading=\"lazy\" decoding=\"async\" src=\"https:\/\/live.staticflickr.com\/65535\/52218355893_b165eef78e_w.jpg\" width=\"377\" height=\"373\" alt=\"image013\"><\/a><script async src=\"\/\/embedr.flickr.com\/assets\/client-code.js\" charset=\"utf-8\"><\/script><\/p>\n<p>Es importante remarcar que la segmentaci\u00f3n estar\u00e1 dividida en tres grupos:<\/p>\n<p>\u00b7 Segmento de ingresos altos Son hogares que declaran reunir alguna de las siguientes condiciones, considerando a todas y todos los convivientes:<\/p>\n<p> Ingresos mensuales totales del hogar equivalentes o superiores a $ 348.869,00 (3,5 canastas b\u00e1sicas para un hogar tipo 2 seg\u00fan el INDEC).<\/p>\n<p>Excepci\u00f3n: para aquellos hogares ubicados en el partido de Patagones (Buenos Aires), Chubut, La Pampa, Neuqu\u00e9n, R\u00edo Negro, Santa Cruz o Tierra del Fuego, Ant\u00e1rtida e Islas del Atl\u00e1ntico Sur, los ingresos mensuales totales para pertenecer al segmento de mayores ingresos deber\u00e1n ser equivalentes o superiores a $ 425.620,00.<\/p>\n<p>-Tener 3 o m\u00e1s veh\u00edculos con una antig\u00fcedad menor a 5 a\u00f1os.<\/p>\n<p>&#8211; Tener 3 o m\u00e1s inmuebles.<\/p>\n<p>&#8211; Poseer una embarcaci\u00f3n, una aeronave de lujo o ser titular de activos societarios que demuestren capacidad econ\u00f3mica plena.<\/p>\n<p>El segmento de ingresos altos tendr\u00e1 una reducci\u00f3n de los subsidios gradual y en tercios bimestrales hasta alcanzar la cobertura plena del costo de la energ\u00eda hacia fines de 2022.<\/p>\n<p>\u00b7 Segmento de ingresos medios Son aquellos hogares que no se encuentran dentro del segmento de mayores ingresos y cumplen alguna de las siguientes condiciones:<\/p>\n<p>Ingresos mensuales totales entre $ 99.677,00 y $ 348.869,00 (entre 1 y 3,5 canasta b\u00e1sicas para un hogar tipo 2 seg\u00fan INDEC).<\/p>\n<p>Excepci\u00f3n: para hogares con una o un conviviente con Certificado \u00danico de Discapacidad (CUD), los ingresos mensuales totales para formar parte de este segmento pueden variar entre $ 149.515,00 y $ 348.869,00 (entre 1,5 y 3,5 canastas b\u00e1sicas para un hogar tipo 2 seg\u00fan INDEC).<\/p>\n<p>-Poseer hasta 2 inmuebles.<\/p>\n<p> -Poseer hasta 1 veh\u00edculo con menos de 3 a\u00f1os de antig\u00fcedad.<\/p>\n<p>Excepci\u00f3n: los hogares con una o un conviviente con Certificado \u00danico de Discapacidad (CUD) pueden poseer hasta 1 veh\u00edculo con menos de 3 a\u00f1os de antig\u00fcedad para formar parte del segmento de ingresos medios.<\/p>\n<p>\u00b7 Segmento de menores ingresos Son hogares que, considerando en conjunto a las y los integrantes del hogar, cumplen alguna de las siguientes condiciones:<\/p>\n<p>Ingresos netos menores a $ 99.677,00 (1 canasta b\u00e1sica total para un hogar tipo 2 seg\u00fan INDEC).<\/p>\n<p>Excepci\u00f3n: para hogares con una o un conviviente con Certificado \u00danico de Discapacidad (CUD), los ingresos mensuales totales para formar parte de este segmento deben ser menores a $ 149.515,00 (1,5 canastas b\u00e1sicas para un hogar tipo 2 seg\u00fan INDEC).<\/p>\n<p> -Poseer hasta 1 inmueble.<\/p>\n<p>&#8211; No poseer 1 veh\u00edculo con menos de 3 a\u00f1os de antig\u00fcedad.<\/p>\n<p>Excepci\u00f3n: los hogares con una o un conviviente con Certificado \u00danico de Discapacidad (CUD) pueden poseer hasta 1 veh\u00edculo con menos de 3 a\u00f1os de antig\u00fcedad para formar parte del segmento de menores ingresos.  <\/p>\n<p>-Ser\u00e1n incluidos dentro de este segmento los hogares que, adem\u00e1s de no cumplir alguna de las condiciones para formar parte del segmento de mayores ingresos, tengan:<\/p>\n<p>-Una o un integrante con Certificado de Vivienda expedido por el ReNaBaP.<\/p>\n<p>-Una o un integrante del hogar posea Pensi\u00f3n Vitalicia a Veteranos de Guerra del Atl\u00e1ntico Sur.<\/p>\n<p>-Una o un integrante con Certificado \u00danico de Discapacidad (CUD).<\/p>\n<p>Excepci\u00f3n: en el caso de que el hogar con CUD tenga ingresos mensuales totales del hogar que superen los $ 149.515,00 (1,5 canastas b\u00e1sicas para un hogar tipo 2 seg\u00fan INDEC) y\/o sean propietarios de 2 o m\u00e1s inmuebles, se lo ubicar\u00e1 en el segmento de ingresos medios.<\/p>\n<p>&#8211; Domicilio en donde funcione un comedero o merendero comunitario registrado en el RENACOM.<\/p>\n<p> Excepci\u00f3n: en el caso de que en el hogar funcione un comedero o merendero comunitario registrado en RENACOM y que los ingresos sean mayores a $ 99,677,00 (1 canasta b\u00e1sica total para un hogar tipo 2 seg\u00fan INDEC) y\/o posean 2 o m\u00e1s inmuebles o 1 veh\u00edculo con menos de 3 a\u00f1os de antig\u00fcedad, se lo ubicar\u00e1 en el segmento de ingresos medios.<\/p>\n<p>Preguntas Frecuentes:<\/p>\n<p>\u00bfTengo que inscribirme si recibo una asignaci\u00f3n, una pensi\u00f3n o jubilaci\u00f3n? S\u00ed, tienen que inscribirse todas las personas, incluyendo las que perciben una jubilaci\u00f3n, pensi\u00f3n y\/o son beneficiarias de programas sociales como la Asignaci\u00f3n Universal por Hijo, Progresar y Potenciar Trabajo.<\/p>\n<p>\u00bfQu\u00e9 pasa si la factura del servicio no est\u00e1 a mi nombre? Si la factura no llega a tu nombre, igual vas a poder realizar la solicitud como usuario de los servicios indicando que no sos la persona titular.<\/p>\n<p>\u00bfPuedo mantener el subsidio si alquilo o resido en la propiedad? S\u00ed, aunque no seas el propietario de tu domicilio, vas a recibir el subsidio como persona usuaria de los servicios.<\/p>\n<p>\u00bfQu\u00e9 sucede si tengo m\u00e1s de un medidor a mi nombre? En ese caso, se subsidiar\u00e1 s\u00f3lo el medidor del domicilio en donde declares residencia. \u00bfQu\u00e9 documentaci\u00f3n necesit\u00f3 para inscribirme? Vas a necesitar tu DNI, factura de los servicios y N\u00ba de DNI de las y los convivientes.<\/p>\n<p>Por consultas dirigirse a Oficina ANSES Tornquist, Sarmiento 53, de lunes a viernes de 8:30 hs a 14:30 hs.<\/p>\n<p>Por mail a: oficinaansestornquist@anses.gov.ar<\/p>\n<p>Por tel\u00e9fono : 4941075 interno 146<\/p>\n","protected":false},"excerpt":{"rendered":"<p>Respecto al nuevo proceso de Segmentaci\u00f3n Energ\u00e9tica establecido por Decreto N\u00ba 332\/2022, se encontrar\u00e1 disponible a partir del pr\u00f3ximo lunes 18\/07\/2022 la solicitud del turno para realizar la gesti\u00f3n del mismo, el cual tendr\u00e1 el primero turno disponible para el pr\u00f3ximo 25\/07\/2022.<\/p>\n","protected":false},"author":3,"featured_media":0,"comment_status":"closed","ping_status":"closed","sticky":false,"template":"","format":"standard","meta":{"footnotes":""},"categories":[25],"tags":[],"class_list":["post-75150","post","type-post","status-publish","format-standard","hentry","category-uncategorized"],"yoast_head":"<!-- This site is optimized with the Yoast SEO plugin v25.9 - https:\/\/yoast.com\/wordpress\/plugins\/seo\/ -->\n<title>Oficina de ANSES informa - Noticias Radio Reflejos<\/title>\n<meta name=\"robots\" content=\"index, follow, max-snippet:-1, max-image-preview:large, max-video-preview:-1\" \/>\n<link rel=\"canonical\" href=\"https:\/\/www.noticiasradioreflejos.com.ar\/2021\/oficina-de-anses-informa\/\" \/>\n<meta property=\"og:locale\" content=\"es_ES\" \/>\n<meta property=\"og:type\" content=\"article\" \/>\n<meta property=\"og:title\" content=\"Oficina de ANSES informa - Noticias Radio Reflejos\" \/>\n<meta property=\"og:description\" content=\"Respecto al nuevo proceso de Segmentaci\u00f3n Energ\u00e9tica establecido por Decreto N\u00ba 332\/2022, se encontrar\u00e1 disponible a partir del pr\u00f3ximo lunes 18\/07\/2022 la solicitud del turno para realizar la gesti\u00f3n del mismo, el cual tendr\u00e1 el primero turno disponible para el pr\u00f3ximo 25\/07\/2022.\" \/>\n<meta property=\"og:url\" content=\"https:\/\/www.noticiasradioreflejos.com.ar\/2021\/oficina-de-anses-informa\/\" \/>\n<meta property=\"og:site_name\" content=\"Noticias Radio Reflejos\" \/>\n<meta property=\"article:published_time\" content=\"2022-07-15T17:38:36+00:00\" \/>\n<meta property=\"og:image\" content=\"https:\/\/live.staticflickr.com\/65535\/52218612879_6e87f40b52_w.jpg\" \/>\n<meta name=\"author\" content=\"Arnaldo Botto\" \/>\n<meta name=\"twitter:card\" content=\"summary_large_image\" \/>\n<script type=\"application\/ld+json\" class=\"yoast-schema-graph\">{\"@context\":\"https:\/\/schema.org\",\"@graph\":[{\"@type\":\"WebPage\",\"@id\":\"https:\/\/www.noticiasradioreflejos.com.ar\/2021\/oficina-de-anses-informa\/\",\"url\":\"https:\/\/www.noticiasradioreflejos.com.ar\/2021\/oficina-de-anses-informa\/\",\"name\":\"Oficina de ANSES informa - Noticias Radio Reflejos\",\"isPartOf\":{\"@id\":\"https:\/\/www.noticiasradioreflejos.com.ar\/2021\/#website\"},\"primaryImageOfPage\":{\"@id\":\"https:\/\/www.noticiasradioreflejos.com.ar\/2021\/oficina-de-anses-informa\/#primaryimage\"},\"image\":{\"@id\":\"https:\/\/www.noticiasradioreflejos.com.ar\/2021\/oficina-de-anses-informa\/#primaryimage\"},\"thumbnailUrl\":\"https:\/\/live.staticflickr.com\/65535\/52218612879_6e87f40b52_w.jpg\",\"datePublished\":\"2022-07-15T17:38:36+00:00\",\"author\":{\"@id\":\"https:\/\/www.noticiasradioreflejos.com.ar\/2021\/#\/schema\/person\/ad82545263dcc5ec0996818884fd5fb1\"},\"breadcrumb\":{\"@id\":\"https:\/\/www.noticiasradioreflejos.com.ar\/2021\/oficina-de-anses-informa\/#breadcrumb\"},\"inLanguage\":\"es\",\"potentialAction\":[{\"@type\":\"ReadAction\",\"target\":[\"https:\/\/www.noticiasradioreflejos.com.ar\/2021\/oficina-de-anses-informa\/\"]}]},{\"@type\":\"ImageObject\",\"inLanguage\":\"es\",\"@id\":\"https:\/\/www.noticiasradioreflejos.com.ar\/2021\/oficina-de-anses-informa\/#primaryimage\",\"url\":\"https:\/\/live.staticflickr.com\/65535\/52218612879_6e87f40b52_w.jpg\",\"contentUrl\":\"https:\/\/live.staticflickr.com\/65535\/52218612879_6e87f40b52_w.jpg\"},{\"@type\":\"BreadcrumbList\",\"@id\":\"https:\/\/www.noticiasradioreflejos.com.ar\/2021\/oficina-de-anses-informa\/#breadcrumb\",\"itemListElement\":[{\"@type\":\"ListItem\",\"position\":1,\"name\":\"Portada\",\"item\":\"https:\/\/www.noticiasradioreflejos.com.ar\/2021\/\"},{\"@type\":\"ListItem\",\"position\":2,\"name\":\"Oficina de ANSES informa\"}]},{\"@type\":\"WebSite\",\"@id\":\"https:\/\/www.noticiasradioreflejos.com.ar\/2021\/#website\",\"url\":\"https:\/\/www.noticiasradioreflejos.com.ar\/2021\/\",\"name\":\"Noticias Radio Reflejos\",\"description\":\"Las noticias de mi comarca\",\"potentialAction\":[{\"@type\":\"SearchAction\",\"target\":{\"@type\":\"EntryPoint\",\"urlTemplate\":\"https:\/\/www.noticiasradioreflejos.com.ar\/2021\/?s={search_term_string}\"},\"query-input\":{\"@type\":\"PropertyValueSpecification\",\"valueRequired\":true,\"valueName\":\"search_term_string\"}}],\"inLanguage\":\"es\"},{\"@type\":\"Person\",\"@id\":\"https:\/\/www.noticiasradioreflejos.com.ar\/2021\/#\/schema\/person\/ad82545263dcc5ec0996818884fd5fb1\",\"name\":\"Arnaldo Botto\",\"image\":{\"@type\":\"ImageObject\",\"inLanguage\":\"es\",\"@id\":\"https:\/\/www.noticiasradioreflejos.com.ar\/2021\/#\/schema\/person\/image\/\",\"url\":\"https:\/\/secure.gravatar.com\/avatar\/55cb5e37c1efa326397366e6974cb338056df65cb50e7d64d1cf314e87504837?s=96&d=mm&r=g\",\"contentUrl\":\"https:\/\/secure.gravatar.com\/avatar\/55cb5e37c1efa326397366e6974cb338056df65cb50e7d64d1cf314e87504837?s=96&d=mm&r=g\",\"caption\":\"Arnaldo Botto\"},\"url\":\"https:\/\/www.noticiasradioreflejos.com.ar\/2021\/author\/arnaldo\/\"}]}<\/script>\n<!-- \/ Yoast SEO plugin. -->","yoast_head_json":{"title":"Oficina de ANSES informa - Noticias Radio Reflejos","robots":{"index":"index","follow":"follow","max-snippet":"max-snippet:-1","max-image-preview":"max-image-preview:large","max-video-preview":"max-video-preview:-1"},"canonical":"https:\/\/www.noticiasradioreflejos.com.ar\/2021\/oficina-de-anses-informa\/","og_locale":"es_ES","og_type":"article","og_title":"Oficina de ANSES informa - Noticias Radio Reflejos","og_description":"Respecto al nuevo proceso de Segmentaci\u00f3n Energ\u00e9tica establecido por Decreto N\u00ba 332\/2022, se encontrar\u00e1 disponible a partir del pr\u00f3ximo lunes 18\/07\/2022 la solicitud del turno para realizar la gesti\u00f3n del mismo, el cual tendr\u00e1 el primero turno disponible para el pr\u00f3ximo 25\/07\/2022.","og_url":"https:\/\/www.noticiasradioreflejos.com.ar\/2021\/oficina-de-anses-informa\/","og_site_name":"Noticias Radio Reflejos","article_published_time":"2022-07-15T17:38:36+00:00","og_image":[{"url":"https:\/\/live.staticflickr.com\/65535\/52218612879_6e87f40b52_w.jpg","type":"","width":"","height":""}],"author":"Arnaldo Botto","twitter_card":"summary_large_image","schema":{"@context":"https:\/\/schema.org","@graph":[{"@type":"WebPage","@id":"https:\/\/www.noticiasradioreflejos.com.ar\/2021\/oficina-de-anses-informa\/","url":"https:\/\/www.noticiasradioreflejos.com.ar\/2021\/oficina-de-anses-informa\/","name":"Oficina de ANSES informa - Noticias Radio Reflejos","isPartOf":{"@id":"https:\/\/www.noticiasradioreflejos.com.ar\/2021\/#website"},"primaryImageOfPage":{"@id":"https:\/\/www.noticiasradioreflejos.com.ar\/2021\/oficina-de-anses-informa\/#primaryimage"},"image":{"@id":"https:\/\/www.noticiasradioreflejos.com.ar\/2021\/oficina-de-anses-informa\/#primaryimage"},"thumbnailUrl":"https:\/\/live.staticflickr.com\/65535\/52218612879_6e87f40b52_w.jpg","datePublished":"2022-07-15T17:38:36+00:00","author":{"@id":"https:\/\/www.noticiasradioreflejos.com.ar\/2021\/#\/schema\/person\/ad82545263dcc5ec0996818884fd5fb1"},"breadcrumb":{"@id":"https:\/\/www.noticiasradioreflejos.com.ar\/2021\/oficina-de-anses-informa\/#breadcrumb"},"inLanguage":"es","potentialAction":[{"@type":"ReadAction","target":["https:\/\/www.noticiasradioreflejos.com.ar\/2021\/oficina-de-anses-informa\/"]}]},{"@type":"ImageObject","inLanguage":"es","@id":"https:\/\/www.noticiasradioreflejos.com.ar\/2021\/oficina-de-anses-informa\/#primaryimage","url":"https:\/\/live.staticflickr.com\/65535\/52218612879_6e87f40b52_w.jpg","contentUrl":"https:\/\/live.staticflickr.com\/65535\/52218612879_6e87f40b52_w.jpg"},{"@type":"BreadcrumbList","@id":"https:\/\/www.noticiasradioreflejos.com.ar\/2021\/oficina-de-anses-informa\/#breadcrumb","itemListElement":[{"@type":"ListItem","position":1,"name":"Portada","item":"https:\/\/www.noticiasradioreflejos.com.ar\/2021\/"},{"@type":"ListItem","position":2,"name":"Oficina de ANSES informa"}]},{"@type":"WebSite","@id":"https:\/\/www.noticiasradioreflejos.com.ar\/2021\/#website","url":"https:\/\/www.noticiasradioreflejos.com.ar\/2021\/","name":"Noticias Radio Reflejos","description":"Las noticias de mi comarca","potentialAction":[{"@type":"SearchAction","target":{"@type":"EntryPoint","urlTemplate":"https:\/\/www.noticiasradioreflejos.com.ar\/2021\/?s={search_term_string}"},"query-input":{"@type":"PropertyValueSpecification","valueRequired":true,"valueName":"search_term_string"}}],"inLanguage":"es"},{"@type":"Person","@id":"https:\/\/www.noticiasradioreflejos.com.ar\/2021\/#\/schema\/person\/ad82545263dcc5ec0996818884fd5fb1","name":"Arnaldo Botto","image":{"@type":"ImageObject","inLanguage":"es","@id":"https:\/\/www.noticiasradioreflejos.com.ar\/2021\/#\/schema\/person\/image\/","url":"https:\/\/secure.gravatar.com\/avatar\/55cb5e37c1efa326397366e6974cb338056df65cb50e7d64d1cf314e87504837?s=96&d=mm&r=g","contentUrl":"https:\/\/secure.gravatar.com\/avatar\/55cb5e37c1efa326397366e6974cb338056df65cb50e7d64d1cf314e87504837?s=96&d=mm&r=g","caption":"Arnaldo Botto"},"url":"https:\/\/www.noticiasradioreflejos.com.ar\/2021\/author\/arnaldo\/"}]}},"_links":{"self":[{"href":"https:\/\/www.noticiasradioreflejos.com.ar\/2021\/wp-json\/wp\/v2\/posts\/75150","targetHints":{"allow":["GET"]}}],"collection":[{"href":"https:\/\/www.noticiasradioreflejos.com.ar\/2021\/wp-json\/wp\/v2\/posts"}],"about":[{"href":"https:\/\/www.noticiasradioreflejos.com.ar\/2021\/wp-json\/wp\/v2\/types\/post"}],"author":[{"embeddable":true,"href":"https:\/\/www.noticiasradioreflejos.com.ar\/2021\/wp-json\/wp\/v2\/users\/3"}],"replies":[{"embeddable":true,"href":"https:\/\/www.noticiasradioreflejos.com.ar\/2021\/wp-json\/wp\/v2\/comments?post=75150"}],"version-history":[{"count":1,"href":"https:\/\/www.noticiasradioreflejos.com.ar\/2021\/wp-json\/wp\/v2\/posts\/75150\/revisions"}],"predecessor-version":[{"id":75151,"href":"https:\/\/www.noticiasradioreflejos.com.ar\/2021\/wp-json\/wp\/v2\/posts\/75150\/revisions\/75151"}],"wp:attachment":[{"href":"https:\/\/www.noticiasradioreflejos.com.ar\/2021\/wp-json\/wp\/v2\/media?parent=75150"}],"wp:term":[{"taxonomy":"category","embeddable":true,"href":"https:\/\/www.noticiasradioreflejos.com.ar\/2021\/wp-json\/wp\/v2\/categories?post=75150"},{"taxonomy":"post_tag","embeddable":true,"href":"https:\/\/www.noticiasradioreflejos.com.ar\/2021\/wp-json\/wp\/v2\/tags?post=75150"}],"curies":[{"name":"wp","href":"https:\/\/api.w.org\/{rel}","templated":true}]}}