{"id":75096,"date":"2022-07-14T17:53:10","date_gmt":"2022-07-14T17:53:10","guid":{"rendered":"http:\/\/www.noticiasradioreflejos.com.ar\/2021\/?p=75096"},"modified":"2022-07-14T17:53:10","modified_gmt":"2022-07-14T17:53:10","slug":"el-ingeniero-gaffuri-visito-el-distrito-bahia-blanca-de-vialidad-nacional-y-compartio-su-participacion-en-la-guerra-de-malvinas","status":"publish","type":"post","link":"https:\/\/www.noticiasradioreflejos.com.ar\/2021\/el-ingeniero-gaffuri-visito-el-distrito-bahia-blanca-de-vialidad-nacional-y-compartio-su-participacion-en-la-guerra-de-malvinas\/","title":{"rendered":"El ingeniero Gaffuri visit\u00f3 el distrito Bah\u00eda Blanca de Vialidad Nacional y comparti\u00f3 su participaci\u00f3n en la guerra de Malvinas"},"content":{"rendered":"<p>El Ministerio de Obras P\u00fablicas, a trav\u00e9s de Vialidad Nacional, recibi\u00f3 en la sede del 19\u00b0 Distrito Bah\u00eda Blanca del organismo vial la visita del ingeniero <strong>Alberto Gaffuri<\/strong>, jefe del 25\u00b0 Distrito Islas Malvinas de la repartici\u00f3n.<!--more--><\/p>\n<p><strong>A 40\u00b0 a\u00f1os de la Guerra de Malvinas, esta actividad fue impulsada por la gerencia de Responsabilidad Social Institucional de Vialidad Nacional, a cargo de Juan Ignacio Mincarelli, en el marco del plan \u2018Generando conciencia, uniendo soberan\u00eda\u2019 <\/strong>en homenaje a los veteranos, las veteranas y los ca\u00eddos a modo de reafirmar la postura irrenunciable en relaci\u00f3n a que las \u201cMalvinas son argentinas\u201d.<\/p>\n<p>Gaffuri, de amplia experiencia dentro de Vialidad Nacional, <strong>comand\u00f3 las tareas de los civiles viales que participaron del conflicto b\u00e9lico, abriendo caminos, pozos de zorro, trincheras y una pista de aterrizaje en el campo de batalla, la cual construy\u00f3 en dos d\u00edas<\/strong>.<\/p>\n<p><a title=\"Charla Malvinas (1)\" href=\"https:\/\/www.flickr.com\/photos\/182279889@N02\/52216241673\/in\/dateposted-public\/\" data-flickr-embed=\"true\"><img loading=\"lazy\" decoding=\"async\" class=\"aligncenter\" src=\"https:\/\/live.staticflickr.com\/65535\/52216241673_359772fb25_z.jpg\" alt=\"Charla Malvinas (1)\" width=\"640\" height=\"341\" \/><\/a><\/p>\n<p><strong>Su testimonio, en primera persona, es de gran importancia por el valor hist\u00f3rico y por aportar una nueva mirada, de la que poco se habla<\/strong>. Al momento del conflicto, Alberto Gaffuri ten\u00eda 37 a\u00f1os, era ingeniero civil en Vialidad Nacional y se postul\u00f3 para servir en el enfrentamiento junto con otros 6 viales. Fue convocado bajo la bandera del Comando de Ingenieros del Ej\u00e9rcito Argentino.<\/p>\n<p>\u00c9l y su grupo entrenaron en Campo de Mayo, recibieron un equipamiento b\u00e1sico y el 12 de abril, a las siete de la ma\u00f1ana, pisaron el suelo de las Islas, donde permanecieron 65 d\u00edas.<\/p>\n<p>Gaffuri es parte de los 1.200 civiles que participaron del conflicto, en trece especialidades: capellanes, estibadores, marinos mercantes, m\u00e9dicos e instrumentadoras quir\u00fargicas, observadores a\u00e9reos, operarios de las Islas Georgias, periodistas, personal civil de las Fuerzas Armadas, pilotos civiles, radioteledifusi\u00f3n, radiotelef\u00f3nicos, tele-postales y viales. 18 de ellos murieron y forman parte de la n\u00f3mina de los 649 ca\u00eddos en los 73 d\u00edas de conflicto.<\/p>\n<h4>Charla en el shopping<\/h4>\n<p>&nbsp;<\/p>\n<p><strong>Hoy, jueves 14 de julio a las 19 hs. En el Bah\u00eda Blanca Plaza Shopping, el Ing. Gaffuri disertar\u00e1 ante el p\u00fablico en general <\/strong>en una actividad conjunta con el Centro de Veteranos de Guerra y Uni\u00f3n de Suboficiales Veteranos de Guerra.<\/p>\n","protected":false},"excerpt":{"rendered":"<p>El Ministerio de Obras P\u00fablicas, a trav\u00e9s de Vialidad Nacional, recibi\u00f3 en la sede del 19\u00b0 Distrito Bah\u00eda Blanca del organismo vial la visita del ingeniero Alberto Gaffuri, jefe del 25\u00b0 Distrito Islas Malvinas de la repartici\u00f3n.<\/p>\n","protected":false},"author":3,"featured_media":0,"comment_status":"closed","ping_status":"closed","sticky":false,"template":"","format":"standard","meta":{"footnotes":""},"categories":[24,26],"tags":[],"class_list":["post-75096","post","type-post","status-publish","format-standard","hentry","category-politica","category-sociedad"],"yoast_head":"<!-- This site is optimized with the Yoast SEO plugin v25.9 - https:\/\/yoast.com\/wordpress\/plugins\/seo\/ -->\n<title>El ingeniero Gaffuri visit\u00f3 el distrito Bah\u00eda Blanca de Vialidad Nacional y comparti\u00f3 su participaci\u00f3n en la guerra de Malvinas - Noticias Radio Reflejos<\/title>\n<meta name=\"robots\" content=\"index, follow, max-snippet:-1, max-image-preview:large, max-video-preview:-1\" \/>\n<link rel=\"canonical\" href=\"https:\/\/www.noticiasradioreflejos.com.ar\/2021\/el-ingeniero-gaffuri-visito-el-distrito-bahia-blanca-de-vialidad-nacional-y-compartio-su-participacion-en-la-guerra-de-malvinas\/\" \/>\n<meta property=\"og:locale\" content=\"es_ES\" \/>\n<meta property=\"og:type\" content=\"article\" \/>\n<meta property=\"og:title\" content=\"El ingeniero Gaffuri visit\u00f3 el distrito Bah\u00eda Blanca de Vialidad Nacional y comparti\u00f3 su participaci\u00f3n en la guerra de Malvinas - Noticias Radio Reflejos\" \/>\n<meta property=\"og:description\" content=\"El Ministerio de Obras P\u00fablicas, a trav\u00e9s de Vialidad Nacional, recibi\u00f3 en la sede del 19\u00b0 Distrito Bah\u00eda Blanca del organismo vial la visita del ingeniero Alberto Gaffuri, jefe del 25\u00b0 Distrito Islas Malvinas de la repartici\u00f3n.\" \/>\n<meta property=\"og:url\" content=\"https:\/\/www.noticiasradioreflejos.com.ar\/2021\/el-ingeniero-gaffuri-visito-el-distrito-bahia-blanca-de-vialidad-nacional-y-compartio-su-participacion-en-la-guerra-de-malvinas\/\" \/>\n<meta property=\"og:site_name\" content=\"Noticias Radio Reflejos\" \/>\n<meta property=\"article:published_time\" content=\"2022-07-14T17:53:10+00:00\" \/>\n<meta property=\"og:image\" content=\"https:\/\/live.staticflickr.com\/65535\/52216241673_359772fb25_z.jpg\" \/>\n<meta name=\"author\" content=\"Arnaldo Botto\" \/>\n<meta name=\"twitter:card\" content=\"summary_large_image\" \/>\n<script type=\"application\/ld+json\" class=\"yoast-schema-graph\">{\"@context\":\"https:\/\/schema.org\",\"@graph\":[{\"@type\":\"WebPage\",\"@id\":\"https:\/\/www.noticiasradioreflejos.com.ar\/2021\/el-ingeniero-gaffuri-visito-el-distrito-bahia-blanca-de-vialidad-nacional-y-compartio-su-participacion-en-la-guerra-de-malvinas\/\",\"url\":\"https:\/\/www.noticiasradioreflejos.com.ar\/2021\/el-ingeniero-gaffuri-visito-el-distrito-bahia-blanca-de-vialidad-nacional-y-compartio-su-participacion-en-la-guerra-de-malvinas\/\",\"name\":\"El ingeniero Gaffuri visit\u00f3 el distrito Bah\u00eda Blanca de Vialidad Nacional y comparti\u00f3 su participaci\u00f3n en la guerra de Malvinas - Noticias Radio Reflejos\",\"isPartOf\":{\"@id\":\"https:\/\/www.noticiasradioreflejos.com.ar\/2021\/#website\"},\"primaryImageOfPage\":{\"@id\":\"https:\/\/www.noticiasradioreflejos.com.ar\/2021\/el-ingeniero-gaffuri-visito-el-distrito-bahia-blanca-de-vialidad-nacional-y-compartio-su-participacion-en-la-guerra-de-malvinas\/#primaryimage\"},\"image\":{\"@id\":\"https:\/\/www.noticiasradioreflejos.com.ar\/2021\/el-ingeniero-gaffuri-visito-el-distrito-bahia-blanca-de-vialidad-nacional-y-compartio-su-participacion-en-la-guerra-de-malvinas\/#primaryimage\"},\"thumbnailUrl\":\"https:\/\/live.staticflickr.com\/65535\/52216241673_359772fb25_z.jpg\",\"datePublished\":\"2022-07-14T17:53:10+00:00\",\"author\":{\"@id\":\"https:\/\/www.noticiasradioreflejos.com.ar\/2021\/#\/schema\/person\/ad82545263dcc5ec0996818884fd5fb1\"},\"breadcrumb\":{\"@id\":\"https:\/\/www.noticiasradioreflejos.com.ar\/2021\/el-ingeniero-gaffuri-visito-el-distrito-bahia-blanca-de-vialidad-nacional-y-compartio-su-participacion-en-la-guerra-de-malvinas\/#breadcrumb\"},\"inLanguage\":\"es\",\"potentialAction\":[{\"@type\":\"ReadAction\",\"target\":[\"https:\/\/www.noticiasradioreflejos.com.ar\/2021\/el-ingeniero-gaffuri-visito-el-distrito-bahia-blanca-de-vialidad-nacional-y-compartio-su-participacion-en-la-guerra-de-malvinas\/\"]}]},{\"@type\":\"ImageObject\",\"inLanguage\":\"es\",\"@id\":\"https:\/\/www.noticiasradioreflejos.com.ar\/2021\/el-ingeniero-gaffuri-visito-el-distrito-bahia-blanca-de-vialidad-nacional-y-compartio-su-participacion-en-la-guerra-de-malvinas\/#primaryimage\",\"url\":\"https:\/\/live.staticflickr.com\/65535\/52216241673_359772fb25_z.jpg\",\"contentUrl\":\"https:\/\/live.staticflickr.com\/65535\/52216241673_359772fb25_z.jpg\"},{\"@type\":\"BreadcrumbList\",\"@id\":\"https:\/\/www.noticiasradioreflejos.com.ar\/2021\/el-ingeniero-gaffuri-visito-el-distrito-bahia-blanca-de-vialidad-nacional-y-compartio-su-participacion-en-la-guerra-de-malvinas\/#breadcrumb\",\"itemListElement\":[{\"@type\":\"ListItem\",\"position\":1,\"name\":\"Portada\",\"item\":\"https:\/\/www.noticiasradioreflejos.com.ar\/2021\/\"},{\"@type\":\"ListItem\",\"position\":2,\"name\":\"El ingeniero Gaffuri visit\u00f3 el distrito Bah\u00eda Blanca de Vialidad Nacional y comparti\u00f3 su participaci\u00f3n en la guerra de Malvinas\"}]},{\"@type\":\"WebSite\",\"@id\":\"https:\/\/www.noticiasradioreflejos.com.ar\/2021\/#website\",\"url\":\"https:\/\/www.noticiasradioreflejos.com.ar\/2021\/\",\"name\":\"Noticias Radio Reflejos\",\"description\":\"Las noticias de mi comarca\",\"potentialAction\":[{\"@type\":\"SearchAction\",\"target\":{\"@type\":\"EntryPoint\",\"urlTemplate\":\"https:\/\/www.noticiasradioreflejos.com.ar\/2021\/?s={search_term_string}\"},\"query-input\":{\"@type\":\"PropertyValueSpecification\",\"valueRequired\":true,\"valueName\":\"search_term_string\"}}],\"inLanguage\":\"es\"},{\"@type\":\"Person\",\"@id\":\"https:\/\/www.noticiasradioreflejos.com.ar\/2021\/#\/schema\/person\/ad82545263dcc5ec0996818884fd5fb1\",\"name\":\"Arnaldo Botto\",\"image\":{\"@type\":\"ImageObject\",\"inLanguage\":\"es\",\"@id\":\"https:\/\/www.noticiasradioreflejos.com.ar\/2021\/#\/schema\/person\/image\/\",\"url\":\"https:\/\/secure.gravatar.com\/avatar\/55cb5e37c1efa326397366e6974cb338056df65cb50e7d64d1cf314e87504837?s=96&d=mm&r=g\",\"contentUrl\":\"https:\/\/secure.gravatar.com\/avatar\/55cb5e37c1efa326397366e6974cb338056df65cb50e7d64d1cf314e87504837?s=96&d=mm&r=g\",\"caption\":\"Arnaldo Botto\"},\"url\":\"https:\/\/www.noticiasradioreflejos.com.ar\/2021\/author\/arnaldo\/\"}]}<\/script>\n<!-- \/ Yoast SEO plugin. -->","yoast_head_json":{"title":"El ingeniero Gaffuri visit\u00f3 el distrito Bah\u00eda Blanca de Vialidad Nacional y comparti\u00f3 su participaci\u00f3n en la guerra de Malvinas - Noticias Radio Reflejos","robots":{"index":"index","follow":"follow","max-snippet":"max-snippet:-1","max-image-preview":"max-image-preview:large","max-video-preview":"max-video-preview:-1"},"canonical":"https:\/\/www.noticiasradioreflejos.com.ar\/2021\/el-ingeniero-gaffuri-visito-el-distrito-bahia-blanca-de-vialidad-nacional-y-compartio-su-participacion-en-la-guerra-de-malvinas\/","og_locale":"es_ES","og_type":"article","og_title":"El ingeniero Gaffuri visit\u00f3 el distrito Bah\u00eda Blanca de Vialidad Nacional y comparti\u00f3 su participaci\u00f3n en la guerra de Malvinas - Noticias Radio Reflejos","og_description":"El Ministerio de Obras P\u00fablicas, a trav\u00e9s de Vialidad Nacional, recibi\u00f3 en la sede del 19\u00b0 Distrito Bah\u00eda Blanca del organismo vial la visita del ingeniero Alberto Gaffuri, jefe del 25\u00b0 Distrito Islas Malvinas de la repartici\u00f3n.","og_url":"https:\/\/www.noticiasradioreflejos.com.ar\/2021\/el-ingeniero-gaffuri-visito-el-distrito-bahia-blanca-de-vialidad-nacional-y-compartio-su-participacion-en-la-guerra-de-malvinas\/","og_site_name":"Noticias Radio Reflejos","article_published_time":"2022-07-14T17:53:10+00:00","og_image":[{"url":"https:\/\/live.staticflickr.com\/65535\/52216241673_359772fb25_z.jpg","type":"","width":"","height":""}],"author":"Arnaldo Botto","twitter_card":"summary_large_image","schema":{"@context":"https:\/\/schema.org","@graph":[{"@type":"WebPage","@id":"https:\/\/www.noticiasradioreflejos.com.ar\/2021\/el-ingeniero-gaffuri-visito-el-distrito-bahia-blanca-de-vialidad-nacional-y-compartio-su-participacion-en-la-guerra-de-malvinas\/","url":"https:\/\/www.noticiasradioreflejos.com.ar\/2021\/el-ingeniero-gaffuri-visito-el-distrito-bahia-blanca-de-vialidad-nacional-y-compartio-su-participacion-en-la-guerra-de-malvinas\/","name":"El ingeniero Gaffuri visit\u00f3 el distrito Bah\u00eda Blanca de Vialidad Nacional y comparti\u00f3 su participaci\u00f3n en la guerra de Malvinas - Noticias Radio Reflejos","isPartOf":{"@id":"https:\/\/www.noticiasradioreflejos.com.ar\/2021\/#website"},"primaryImageOfPage":{"@id":"https:\/\/www.noticiasradioreflejos.com.ar\/2021\/el-ingeniero-gaffuri-visito-el-distrito-bahia-blanca-de-vialidad-nacional-y-compartio-su-participacion-en-la-guerra-de-malvinas\/#primaryimage"},"image":{"@id":"https:\/\/www.noticiasradioreflejos.com.ar\/2021\/el-ingeniero-gaffuri-visito-el-distrito-bahia-blanca-de-vialidad-nacional-y-compartio-su-participacion-en-la-guerra-de-malvinas\/#primaryimage"},"thumbnailUrl":"https:\/\/live.staticflickr.com\/65535\/52216241673_359772fb25_z.jpg","datePublished":"2022-07-14T17:53:10+00:00","author":{"@id":"https:\/\/www.noticiasradioreflejos.com.ar\/2021\/#\/schema\/person\/ad82545263dcc5ec0996818884fd5fb1"},"breadcrumb":{"@id":"https:\/\/www.noticiasradioreflejos.com.ar\/2021\/el-ingeniero-gaffuri-visito-el-distrito-bahia-blanca-de-vialidad-nacional-y-compartio-su-participacion-en-la-guerra-de-malvinas\/#breadcrumb"},"inLanguage":"es","potentialAction":[{"@type":"ReadAction","target":["https:\/\/www.noticiasradioreflejos.com.ar\/2021\/el-ingeniero-gaffuri-visito-el-distrito-bahia-blanca-de-vialidad-nacional-y-compartio-su-participacion-en-la-guerra-de-malvinas\/"]}]},{"@type":"ImageObject","inLanguage":"es","@id":"https:\/\/www.noticiasradioreflejos.com.ar\/2021\/el-ingeniero-gaffuri-visito-el-distrito-bahia-blanca-de-vialidad-nacional-y-compartio-su-participacion-en-la-guerra-de-malvinas\/#primaryimage","url":"https:\/\/live.staticflickr.com\/65535\/52216241673_359772fb25_z.jpg","contentUrl":"https:\/\/live.staticflickr.com\/65535\/52216241673_359772fb25_z.jpg"},{"@type":"BreadcrumbList","@id":"https:\/\/www.noticiasradioreflejos.com.ar\/2021\/el-ingeniero-gaffuri-visito-el-distrito-bahia-blanca-de-vialidad-nacional-y-compartio-su-participacion-en-la-guerra-de-malvinas\/#breadcrumb","itemListElement":[{"@type":"ListItem","position":1,"name":"Portada","item":"https:\/\/www.noticiasradioreflejos.com.ar\/2021\/"},{"@type":"ListItem","position":2,"name":"El ingeniero Gaffuri visit\u00f3 el distrito Bah\u00eda Blanca de Vialidad Nacional y comparti\u00f3 su participaci\u00f3n en la guerra de Malvinas"}]},{"@type":"WebSite","@id":"https:\/\/www.noticiasradioreflejos.com.ar\/2021\/#website","url":"https:\/\/www.noticiasradioreflejos.com.ar\/2021\/","name":"Noticias Radio Reflejos","description":"Las noticias de mi comarca","potentialAction":[{"@type":"SearchAction","target":{"@type":"EntryPoint","urlTemplate":"https:\/\/www.noticiasradioreflejos.com.ar\/2021\/?s={search_term_string}"},"query-input":{"@type":"PropertyValueSpecification","valueRequired":true,"valueName":"search_term_string"}}],"inLanguage":"es"},{"@type":"Person","@id":"https:\/\/www.noticiasradioreflejos.com.ar\/2021\/#\/schema\/person\/ad82545263dcc5ec0996818884fd5fb1","name":"Arnaldo Botto","image":{"@type":"ImageObject","inLanguage":"es","@id":"https:\/\/www.noticiasradioreflejos.com.ar\/2021\/#\/schema\/person\/image\/","url":"https:\/\/secure.gravatar.com\/avatar\/55cb5e37c1efa326397366e6974cb338056df65cb50e7d64d1cf314e87504837?s=96&d=mm&r=g","contentUrl":"https:\/\/secure.gravatar.com\/avatar\/55cb5e37c1efa326397366e6974cb338056df65cb50e7d64d1cf314e87504837?s=96&d=mm&r=g","caption":"Arnaldo Botto"},"url":"https:\/\/www.noticiasradioreflejos.com.ar\/2021\/author\/arnaldo\/"}]}},"_links":{"self":[{"href":"https:\/\/www.noticiasradioreflejos.com.ar\/2021\/wp-json\/wp\/v2\/posts\/75096","targetHints":{"allow":["GET"]}}],"collection":[{"href":"https:\/\/www.noticiasradioreflejos.com.ar\/2021\/wp-json\/wp\/v2\/posts"}],"about":[{"href":"https:\/\/www.noticiasradioreflejos.com.ar\/2021\/wp-json\/wp\/v2\/types\/post"}],"author":[{"embeddable":true,"href":"https:\/\/www.noticiasradioreflejos.com.ar\/2021\/wp-json\/wp\/v2\/users\/3"}],"replies":[{"embeddable":true,"href":"https:\/\/www.noticiasradioreflejos.com.ar\/2021\/wp-json\/wp\/v2\/comments?post=75096"}],"version-history":[{"count":1,"href":"https:\/\/www.noticiasradioreflejos.com.ar\/2021\/wp-json\/wp\/v2\/posts\/75096\/revisions"}],"predecessor-version":[{"id":75098,"href":"https:\/\/www.noticiasradioreflejos.com.ar\/2021\/wp-json\/wp\/v2\/posts\/75096\/revisions\/75098"}],"wp:attachment":[{"href":"https:\/\/www.noticiasradioreflejos.com.ar\/2021\/wp-json\/wp\/v2\/media?parent=75096"}],"wp:term":[{"taxonomy":"category","embeddable":true,"href":"https:\/\/www.noticiasradioreflejos.com.ar\/2021\/wp-json\/wp\/v2\/categories?post=75096"},{"taxonomy":"post_tag","embeddable":true,"href":"https:\/\/www.noticiasradioreflejos.com.ar\/2021\/wp-json\/wp\/v2\/tags?post=75096"}],"curies":[{"name":"wp","href":"https:\/\/api.w.org\/{rel}","templated":true}]}}