{"id":75073,"date":"2022-07-14T12:44:32","date_gmt":"2022-07-14T12:44:32","guid":{"rendered":"http:\/\/www.noticiasradioreflejos.com.ar\/2021\/?p=75073"},"modified":"2022-07-14T12:44:52","modified_gmt":"2022-07-14T12:44:52","slug":"sergio-bordoni-hoy-la-provincia-esta-a-la-altura-de-lo-que-se-vive-y-es-importante-lo-que-estamos-logrando","status":"publish","type":"post","link":"https:\/\/www.noticiasradioreflejos.com.ar\/2021\/sergio-bordoni-hoy-la-provincia-esta-a-la-altura-de-lo-que-se-vive-y-es-importante-lo-que-estamos-logrando\/","title":{"rendered":"Sergio Bordoni: \u201cHoy la Provincia est\u00e1 a la altura de lo que se vive y es importante lo que estamos logrando\u201d"},"content":{"rendered":"<div class=\"hnoti\">El Intendente no ocult\u00f3 su satisfacci\u00f3n, luego del acto de entrega de escrituras. Hubo elogios para la administraci\u00f3n de Kicillof.<\/div>\n<p><!--more--><\/p>\n<div class=\"text\">\n<p>El Intendente Municipal, en rueda de prensa no ocult\u00f3 su alegr\u00eda por haber logrado m\u00e1s escrituras libre de deudas para aquellas personas que esperaban desde hace mucho tiempo, su tr\u00e1mite final.<\/p>\n<p>Luego del acto desarrollado en el teatro Municipal, en conferencia de prensa brind\u00f3 declaraciones.<\/p>\n<p>\u00abHay gente que llevaba 4 -5 a\u00f1os de tardanza para la escrituraci\u00f3n y ya est\u00e1n las escrituras ac\u00e1 entregadas como corresponde y es un trabajo que empieza en la oficina de Mar\u00eda \u00c1ngeles, y Escriban\u00eda Gral. del Gobierno, que hace un trabajo impecable y con costo cero\u201d.<\/p>\n<p>\u201cEs \u00a0fundamental para que la gente puede hacerse \u00a0de sus papeles que son tan importantes, Como mencionaba hoy Carlos, si sacas un cr\u00e9dito o si vas a alquilar un departamento para tu hijo que est\u00e1 estudiando, necesitas una escritura \u00a0para salir de garant\u00eda de millones de cosas y sobre todo la tranquilidad, qu\u00e9 es tu casa, que cualquier cosa que te pasa no vas a tener problema, con el bien de dominio que entregan, es una vivienda \u00fanica y est\u00e1 asegurada para que no pueda tener ning\u00fan traspi\u00e9, y \u00a0puedan quedarse tranquilo en su casa\u201d.<\/p>\n<p>\u201cOjal\u00e1 sigan haci\u00e9ndose muchas m\u00e1s escrituras y podamos seguir escriturando m\u00e1s viviendas que seguramente la provincia nos va a enviar porque realmente lo necesitan.\u00bb<\/p>\n<p>\u00bb Esto es con costo cero, y hay que resaltarlo siempre y sabemos que en cualquier escriban\u00eda los aranceles no son bajos, la presentaci\u00f3n de un plano para hacer una vivienda cuando excede los 60 metros tiene un costo importante , derechos de construcci\u00f3n y dem\u00e1s. Hoy son viviendas sociales que se han entregado, que se han escriturado sin costo adicional, creo que la provincia est\u00e1 la altura la circunstancia de lo que se est\u00e1 viviendo y es important\u00edsimo lo que se est\u00e1 logrando\u00bb, manifest\u00f3.<\/p>\n<p>&nbsp;<\/p>\n<p><iframe loading=\"lazy\" src=\"https:\/\/w.soundcloud.com\/player\/?url=https%3A\/\/api.soundcloud.com\/tracks\/1305042247&amp;color=%23ff5500&amp;auto_play=false&amp;hide_related=false&amp;show_comments=true&amp;show_user=true&amp;show_reposts=false&amp;show_teaser=true\" width=\"100%\" height=\"166\" frameborder=\"no\" scrolling=\"no\"><\/iframe><\/p>\n<div style=\"font-size: 10px; color: #cccccc; line-break: anywhere; word-break: normal; overflow: hidden; white-space: nowrap; text-overflow: ellipsis; font-family: Interstate,Lucida Grande,Lucida Sans Unicode,Lucida Sans,Garuda,Verdana,Tahoma,sans-serif; font-weight: 100;\"><a style=\"color: #cccccc; text-decoration: none;\" title=\"fmreflejos 103.7\" href=\"https:\/\/soundcloud.com\/fmreflejos-103-7\" target=\"_blank\" rel=\"noopener\">fmreflejos 103.7<\/a> \u00b7 <a style=\"color: #cccccc; text-decoration: none;\" title=\"Conferencia Completa\" href=\"https:\/\/soundcloud.com\/fmreflejos-103-7\/conferencia-completa\" target=\"_blank\" rel=\"noopener\">Conferencia Completa<\/a><\/div>\n<\/div>\n","protected":false},"excerpt":{"rendered":"<p>El Intendente no ocult\u00f3 su satisfacci\u00f3n, luego del acto de entrega de escrituras. Hubo elogios para la administraci\u00f3n de Kicillof.<\/p>\n","protected":false},"author":3,"featured_media":0,"comment_status":"closed","ping_status":"closed","sticky":false,"template":"","format":"standard","meta":{"footnotes":""},"categories":[28,24],"tags":[48],"class_list":["post-75073","post","type-post","status-publish","format-standard","hentry","category-municipales","category-politica","tag-destacada"],"yoast_head":"<!-- This site is optimized with the Yoast SEO plugin v25.9 - https:\/\/yoast.com\/wordpress\/plugins\/seo\/ -->\n<title>Sergio Bordoni: \u201cHoy la Provincia est\u00e1 a la altura de lo que se vive y es importante lo que estamos logrando\u201d - Noticias Radio Reflejos<\/title>\n<meta name=\"robots\" content=\"index, follow, max-snippet:-1, max-image-preview:large, max-video-preview:-1\" \/>\n<link rel=\"canonical\" href=\"https:\/\/www.noticiasradioreflejos.com.ar\/2021\/sergio-bordoni-hoy-la-provincia-esta-a-la-altura-de-lo-que-se-vive-y-es-importante-lo-que-estamos-logrando\/\" \/>\n<meta property=\"og:locale\" content=\"es_ES\" \/>\n<meta property=\"og:type\" content=\"article\" \/>\n<meta property=\"og:title\" content=\"Sergio Bordoni: \u201cHoy la Provincia est\u00e1 a la altura de lo que se vive y es importante lo que estamos logrando\u201d - Noticias Radio Reflejos\" \/>\n<meta property=\"og:description\" content=\"El Intendente no ocult\u00f3 su satisfacci\u00f3n, luego del acto de entrega de escrituras. Hubo elogios para la administraci\u00f3n de Kicillof.\" \/>\n<meta property=\"og:url\" content=\"https:\/\/www.noticiasradioreflejos.com.ar\/2021\/sergio-bordoni-hoy-la-provincia-esta-a-la-altura-de-lo-que-se-vive-y-es-importante-lo-que-estamos-logrando\/\" \/>\n<meta property=\"og:site_name\" content=\"Noticias Radio Reflejos\" \/>\n<meta property=\"article:published_time\" content=\"2022-07-14T12:44:32+00:00\" \/>\n<meta property=\"article:modified_time\" content=\"2022-07-14T12:44:52+00:00\" \/>\n<meta property=\"og:image\" content=\"https:\/\/www.noticiasradioreflejos.com.ar\/2021\/wp-content\/uploads\/2021\/07\/logosol300x200.png\" \/>\n\t<meta property=\"og:image:width\" content=\"300\" \/>\n\t<meta property=\"og:image:height\" content=\"200\" \/>\n\t<meta property=\"og:image:type\" content=\"image\/png\" \/>\n<meta name=\"author\" content=\"Arnaldo Botto\" \/>\n<meta name=\"twitter:card\" content=\"summary_large_image\" \/>\n<script type=\"application\/ld+json\" class=\"yoast-schema-graph\">{\"@context\":\"https:\/\/schema.org\",\"@graph\":[{\"@type\":\"WebPage\",\"@id\":\"https:\/\/www.noticiasradioreflejos.com.ar\/2021\/sergio-bordoni-hoy-la-provincia-esta-a-la-altura-de-lo-que-se-vive-y-es-importante-lo-que-estamos-logrando\/\",\"url\":\"https:\/\/www.noticiasradioreflejos.com.ar\/2021\/sergio-bordoni-hoy-la-provincia-esta-a-la-altura-de-lo-que-se-vive-y-es-importante-lo-que-estamos-logrando\/\",\"name\":\"Sergio Bordoni: \u201cHoy la Provincia est\u00e1 a la altura de lo que se vive y es importante lo que estamos logrando\u201d - Noticias Radio Reflejos\",\"isPartOf\":{\"@id\":\"https:\/\/www.noticiasradioreflejos.com.ar\/2021\/#website\"},\"datePublished\":\"2022-07-14T12:44:32+00:00\",\"dateModified\":\"2022-07-14T12:44:52+00:00\",\"author\":{\"@id\":\"https:\/\/www.noticiasradioreflejos.com.ar\/2021\/#\/schema\/person\/ad82545263dcc5ec0996818884fd5fb1\"},\"breadcrumb\":{\"@id\":\"https:\/\/www.noticiasradioreflejos.com.ar\/2021\/sergio-bordoni-hoy-la-provincia-esta-a-la-altura-de-lo-que-se-vive-y-es-importante-lo-que-estamos-logrando\/#breadcrumb\"},\"inLanguage\":\"es\",\"potentialAction\":[{\"@type\":\"ReadAction\",\"target\":[\"https:\/\/www.noticiasradioreflejos.com.ar\/2021\/sergio-bordoni-hoy-la-provincia-esta-a-la-altura-de-lo-que-se-vive-y-es-importante-lo-que-estamos-logrando\/\"]}]},{\"@type\":\"BreadcrumbList\",\"@id\":\"https:\/\/www.noticiasradioreflejos.com.ar\/2021\/sergio-bordoni-hoy-la-provincia-esta-a-la-altura-de-lo-que-se-vive-y-es-importante-lo-que-estamos-logrando\/#breadcrumb\",\"itemListElement\":[{\"@type\":\"ListItem\",\"position\":1,\"name\":\"Portada\",\"item\":\"https:\/\/www.noticiasradioreflejos.com.ar\/2021\/\"},{\"@type\":\"ListItem\",\"position\":2,\"name\":\"Sergio Bordoni: \u201cHoy la Provincia est\u00e1 a la altura de lo que se vive y es importante lo que estamos logrando\u201d\"}]},{\"@type\":\"WebSite\",\"@id\":\"https:\/\/www.noticiasradioreflejos.com.ar\/2021\/#website\",\"url\":\"https:\/\/www.noticiasradioreflejos.com.ar\/2021\/\",\"name\":\"Noticias Radio Reflejos\",\"description\":\"Las noticias de mi comarca\",\"potentialAction\":[{\"@type\":\"SearchAction\",\"target\":{\"@type\":\"EntryPoint\",\"urlTemplate\":\"https:\/\/www.noticiasradioreflejos.com.ar\/2021\/?s={search_term_string}\"},\"query-input\":{\"@type\":\"PropertyValueSpecification\",\"valueRequired\":true,\"valueName\":\"search_term_string\"}}],\"inLanguage\":\"es\"},{\"@type\":\"Person\",\"@id\":\"https:\/\/www.noticiasradioreflejos.com.ar\/2021\/#\/schema\/person\/ad82545263dcc5ec0996818884fd5fb1\",\"name\":\"Arnaldo Botto\",\"image\":{\"@type\":\"ImageObject\",\"inLanguage\":\"es\",\"@id\":\"https:\/\/www.noticiasradioreflejos.com.ar\/2021\/#\/schema\/person\/image\/\",\"url\":\"https:\/\/secure.gravatar.com\/avatar\/55cb5e37c1efa326397366e6974cb338056df65cb50e7d64d1cf314e87504837?s=96&d=mm&r=g\",\"contentUrl\":\"https:\/\/secure.gravatar.com\/avatar\/55cb5e37c1efa326397366e6974cb338056df65cb50e7d64d1cf314e87504837?s=96&d=mm&r=g\",\"caption\":\"Arnaldo Botto\"},\"url\":\"https:\/\/www.noticiasradioreflejos.com.ar\/2021\/author\/arnaldo\/\"}]}<\/script>\n<!-- \/ Yoast SEO plugin. -->","yoast_head_json":{"title":"Sergio Bordoni: \u201cHoy la Provincia est\u00e1 a la altura de lo que se vive y es importante lo que estamos logrando\u201d - Noticias Radio Reflejos","robots":{"index":"index","follow":"follow","max-snippet":"max-snippet:-1","max-image-preview":"max-image-preview:large","max-video-preview":"max-video-preview:-1"},"canonical":"https:\/\/www.noticiasradioreflejos.com.ar\/2021\/sergio-bordoni-hoy-la-provincia-esta-a-la-altura-de-lo-que-se-vive-y-es-importante-lo-que-estamos-logrando\/","og_locale":"es_ES","og_type":"article","og_title":"Sergio Bordoni: \u201cHoy la Provincia est\u00e1 a la altura de lo que se vive y es importante lo que estamos logrando\u201d - Noticias Radio Reflejos","og_description":"El Intendente no ocult\u00f3 su satisfacci\u00f3n, luego del acto de entrega de escrituras. Hubo elogios para la administraci\u00f3n de Kicillof.","og_url":"https:\/\/www.noticiasradioreflejos.com.ar\/2021\/sergio-bordoni-hoy-la-provincia-esta-a-la-altura-de-lo-que-se-vive-y-es-importante-lo-que-estamos-logrando\/","og_site_name":"Noticias Radio Reflejos","article_published_time":"2022-07-14T12:44:32+00:00","article_modified_time":"2022-07-14T12:44:52+00:00","og_image":[{"width":300,"height":200,"url":"https:\/\/www.noticiasradioreflejos.com.ar\/2021\/wp-content\/uploads\/2021\/07\/logosol300x200.png","type":"image\/png"}],"author":"Arnaldo Botto","twitter_card":"summary_large_image","schema":{"@context":"https:\/\/schema.org","@graph":[{"@type":"WebPage","@id":"https:\/\/www.noticiasradioreflejos.com.ar\/2021\/sergio-bordoni-hoy-la-provincia-esta-a-la-altura-de-lo-que-se-vive-y-es-importante-lo-que-estamos-logrando\/","url":"https:\/\/www.noticiasradioreflejos.com.ar\/2021\/sergio-bordoni-hoy-la-provincia-esta-a-la-altura-de-lo-que-se-vive-y-es-importante-lo-que-estamos-logrando\/","name":"Sergio Bordoni: \u201cHoy la Provincia est\u00e1 a la altura de lo que se vive y es importante lo que estamos logrando\u201d - Noticias Radio Reflejos","isPartOf":{"@id":"https:\/\/www.noticiasradioreflejos.com.ar\/2021\/#website"},"datePublished":"2022-07-14T12:44:32+00:00","dateModified":"2022-07-14T12:44:52+00:00","author":{"@id":"https:\/\/www.noticiasradioreflejos.com.ar\/2021\/#\/schema\/person\/ad82545263dcc5ec0996818884fd5fb1"},"breadcrumb":{"@id":"https:\/\/www.noticiasradioreflejos.com.ar\/2021\/sergio-bordoni-hoy-la-provincia-esta-a-la-altura-de-lo-que-se-vive-y-es-importante-lo-que-estamos-logrando\/#breadcrumb"},"inLanguage":"es","potentialAction":[{"@type":"ReadAction","target":["https:\/\/www.noticiasradioreflejos.com.ar\/2021\/sergio-bordoni-hoy-la-provincia-esta-a-la-altura-de-lo-que-se-vive-y-es-importante-lo-que-estamos-logrando\/"]}]},{"@type":"BreadcrumbList","@id":"https:\/\/www.noticiasradioreflejos.com.ar\/2021\/sergio-bordoni-hoy-la-provincia-esta-a-la-altura-de-lo-que-se-vive-y-es-importante-lo-que-estamos-logrando\/#breadcrumb","itemListElement":[{"@type":"ListItem","position":1,"name":"Portada","item":"https:\/\/www.noticiasradioreflejos.com.ar\/2021\/"},{"@type":"ListItem","position":2,"name":"Sergio Bordoni: \u201cHoy la Provincia est\u00e1 a la altura de lo que se vive y es importante lo que estamos logrando\u201d"}]},{"@type":"WebSite","@id":"https:\/\/www.noticiasradioreflejos.com.ar\/2021\/#website","url":"https:\/\/www.noticiasradioreflejos.com.ar\/2021\/","name":"Noticias Radio Reflejos","description":"Las noticias de mi comarca","potentialAction":[{"@type":"SearchAction","target":{"@type":"EntryPoint","urlTemplate":"https:\/\/www.noticiasradioreflejos.com.ar\/2021\/?s={search_term_string}"},"query-input":{"@type":"PropertyValueSpecification","valueRequired":true,"valueName":"search_term_string"}}],"inLanguage":"es"},{"@type":"Person","@id":"https:\/\/www.noticiasradioreflejos.com.ar\/2021\/#\/schema\/person\/ad82545263dcc5ec0996818884fd5fb1","name":"Arnaldo Botto","image":{"@type":"ImageObject","inLanguage":"es","@id":"https:\/\/www.noticiasradioreflejos.com.ar\/2021\/#\/schema\/person\/image\/","url":"https:\/\/secure.gravatar.com\/avatar\/55cb5e37c1efa326397366e6974cb338056df65cb50e7d64d1cf314e87504837?s=96&d=mm&r=g","contentUrl":"https:\/\/secure.gravatar.com\/avatar\/55cb5e37c1efa326397366e6974cb338056df65cb50e7d64d1cf314e87504837?s=96&d=mm&r=g","caption":"Arnaldo Botto"},"url":"https:\/\/www.noticiasradioreflejos.com.ar\/2021\/author\/arnaldo\/"}]}},"_links":{"self":[{"href":"https:\/\/www.noticiasradioreflejos.com.ar\/2021\/wp-json\/wp\/v2\/posts\/75073","targetHints":{"allow":["GET"]}}],"collection":[{"href":"https:\/\/www.noticiasradioreflejos.com.ar\/2021\/wp-json\/wp\/v2\/posts"}],"about":[{"href":"https:\/\/www.noticiasradioreflejos.com.ar\/2021\/wp-json\/wp\/v2\/types\/post"}],"author":[{"embeddable":true,"href":"https:\/\/www.noticiasradioreflejos.com.ar\/2021\/wp-json\/wp\/v2\/users\/3"}],"replies":[{"embeddable":true,"href":"https:\/\/www.noticiasradioreflejos.com.ar\/2021\/wp-json\/wp\/v2\/comments?post=75073"}],"version-history":[{"count":1,"href":"https:\/\/www.noticiasradioreflejos.com.ar\/2021\/wp-json\/wp\/v2\/posts\/75073\/revisions"}],"predecessor-version":[{"id":75075,"href":"https:\/\/www.noticiasradioreflejos.com.ar\/2021\/wp-json\/wp\/v2\/posts\/75073\/revisions\/75075"}],"wp:attachment":[{"href":"https:\/\/www.noticiasradioreflejos.com.ar\/2021\/wp-json\/wp\/v2\/media?parent=75073"}],"wp:term":[{"taxonomy":"category","embeddable":true,"href":"https:\/\/www.noticiasradioreflejos.com.ar\/2021\/wp-json\/wp\/v2\/categories?post=75073"},{"taxonomy":"post_tag","embeddable":true,"href":"https:\/\/www.noticiasradioreflejos.com.ar\/2021\/wp-json\/wp\/v2\/tags?post=75073"}],"curies":[{"name":"wp","href":"https:\/\/api.w.org\/{rel}","templated":true}]}}