{"id":75042,"date":"2022-07-13T20:36:24","date_gmt":"2022-07-13T20:36:24","guid":{"rendered":"http:\/\/www.noticiasradioreflejos.com.ar\/2021\/?p=75042"},"modified":"2022-07-13T20:36:24","modified_gmt":"2022-07-13T20:36:24","slug":"rigen-alertas-amarillas-y-naranjas-por-vientos-y-nevadas-en-seis-provincias","status":"publish","type":"post","link":"https:\/\/www.noticiasradioreflejos.com.ar\/2021\/rigen-alertas-amarillas-y-naranjas-por-vientos-y-nevadas-en-seis-provincias\/","title":{"rendered":"Rigen alertas amarillas y naranjas por vientos y nevadas en seis provincias"},"content":{"rendered":"<p>Seg\u00fan inform\u00f3 el Servicio Meteorol\u00f3gico Nacional, las provincias que se ver\u00e1n afectadas por vientos son Jujuy, Salta, Catamarca y La Rioja; mientras que rige un alerta naranja por nevadas para Mendoza y Neuqu\u00e9n.<!--more--><\/p>\n<p>El Servicio Meteorol\u00f3gico Nacional (SMN) emiti\u00f3 este mi\u00e9rcoles alertas amarillas por vientos para las provincias de Jujuy, Salta, Catamarca y La Rioja; mientras que rige un alerta naranja por nevadas para Mendoza y Neuqu\u00e9n.<\/p>\n<p>Seg\u00fan indic\u00f3 el organismo,\u00a0<strong>en Jujuy se pronostica viento con velocidades entre 65 y 80 kil\u00f3metros por hora,<\/strong>\u00a0con r\u00e1fagas que pueden superar los 130 km\/h.<\/p>\n<p>El \u00e1rea afectada ser\u00e1 la Puna de Susques y la zona cordillerana de Cochinoca, Rinconada, Santa Catalina y Susques, precis\u00f3 el organismo.<\/p>\n<blockquote class=\"twitter-tweet\" data-width=\"500\" data-dnt=\"true\">\n<p lang=\"es\" dir=\"ltr\">\u26a0 SAT | ALERTAS <a href=\"https:\/\/twitter.com\/hashtag\/SiHayAlertaEstateAlerta?src=hash&amp;ref_src=twsrc%5Etfw\">#SiHayAlertaEstateAlerta<\/a><br \/>Informaci\u00f3n actualizada el 13 de julio de 2022 a las 06:02 h<br \/>\ud83d\udc49M\u00e1s detalles en <a href=\"https:\/\/t.co\/AgvDHAWzAt\">https:\/\/t.co\/AgvDHAWzAt<\/a> <a href=\"https:\/\/t.co\/Ti6HbfegT8\">pic.twitter.com\/Ti6HbfegT8<\/a><\/p>\n<p>&mdash; SMN Alertas (@SMN_Alertas) <a href=\"https:\/\/twitter.com\/SMN_Alertas\/status\/1547145864824717313?ref_src=twsrc%5Etfw\">July 13, 2022<\/a><\/p><\/blockquote>\n<p><script async src=\"https:\/\/platform.twitter.com\/widgets.js\" charset=\"utf-8\"><\/script><\/p>\n<p>Asimismo, se prev\u00e9 alerta amarilla por vientos para la Puna de Cachi, la Puna de La Poma, la Puna de Los Andes, la Puna de Molinos, en\u00a0<strong>Salta<\/strong>; la zona cordillerana de General Lamadrid y Vinchina, en<strong>\u00a0La Rioja<\/strong>; y las punas de Antofagasta de la Sierra, Bel\u00e9n, Cafayate, Taf\u00ed del Valle, San Carlos, Tinogasta, Santa Mar\u00eda y la zona de cordillera en\u00a0<strong>Catamarca.<\/strong><\/p>\n<p>En tanto, en el este de Loncopu\u00e9, este de Picunches, este de \u00d1orqu\u00edn, oeste de A\u00f1elo, oeste de Pehuenches, sur de Chos Malal y sur de Minas, en la provincia de\u00a0<strong>Neuqu\u00e9n<\/strong>, se pronostica nevadas persistentes de variada intensidad, con valores acumulados de 20 a 50 cent\u00edmetros.<\/p>\n<p>Para la zona de las cordilleras de Alumin\u00e9, Chos Malal, Loncopu\u00e9, Minas, Picunches y \u00d1orqu\u00edn; rige la alerta naranja por nevadas que pueden alcanzar entre 50 y 100 cent\u00edmetros de altura en 24 horas.<\/p>\n<p>Por \u00faltimo<strong>, el SMN pronostic\u00f3 que Mendoza tambi\u00e9n se ver\u00e1 afectada por nevadas<\/strong>\u00a0en la Cordillera de San Carlos, Cordillera de Tunuy\u00e1n, Malarg\u00fce y San Rafael.<\/p>\n","protected":false},"excerpt":{"rendered":"<p>Seg\u00fan inform\u00f3 el Servicio Meteorol\u00f3gico Nacional, las provincias que se ver\u00e1n afectadas por vientos son Jujuy, Salta, Catamarca y La Rioja; mientras que rige un alerta naranja por nevadas para Mendoza y Neuqu\u00e9n.<\/p>\n","protected":false},"author":3,"featured_media":0,"comment_status":"closed","ping_status":"closed","sticky":false,"template":"","format":"standard","meta":{"footnotes":""},"categories":[46,26],"tags":[48],"class_list":["post-75042","post","type-post","status-publish","format-standard","hentry","category-ciencia-y-tecnologia","category-sociedad","tag-destacada"],"yoast_head":"<!-- This site is optimized with the Yoast SEO plugin v25.9 - https:\/\/yoast.com\/wordpress\/plugins\/seo\/ -->\n<title>Rigen alertas amarillas y naranjas por vientos y nevadas en seis provincias - Noticias Radio Reflejos<\/title>\n<meta name=\"robots\" content=\"index, follow, max-snippet:-1, max-image-preview:large, max-video-preview:-1\" \/>\n<link rel=\"canonical\" href=\"https:\/\/www.noticiasradioreflejos.com.ar\/2021\/rigen-alertas-amarillas-y-naranjas-por-vientos-y-nevadas-en-seis-provincias\/\" \/>\n<meta property=\"og:locale\" content=\"es_ES\" \/>\n<meta property=\"og:type\" content=\"article\" \/>\n<meta property=\"og:title\" content=\"Rigen alertas amarillas y naranjas por vientos y nevadas en seis provincias - Noticias Radio Reflejos\" \/>\n<meta property=\"og:description\" content=\"Seg\u00fan inform\u00f3 el Servicio Meteorol\u00f3gico Nacional, las provincias que se ver\u00e1n afectadas por vientos son Jujuy, Salta, Catamarca y La Rioja; mientras que rige un alerta naranja por nevadas para Mendoza y Neuqu\u00e9n.\" \/>\n<meta property=\"og:url\" content=\"https:\/\/www.noticiasradioreflejos.com.ar\/2021\/rigen-alertas-amarillas-y-naranjas-por-vientos-y-nevadas-en-seis-provincias\/\" \/>\n<meta property=\"og:site_name\" content=\"Noticias Radio Reflejos\" \/>\n<meta property=\"article:published_time\" content=\"2022-07-13T20:36:24+00:00\" \/>\n<meta property=\"og:image\" content=\"https:\/\/www.noticiasradioreflejos.com.ar\/2021\/wp-content\/uploads\/2021\/07\/logosol300x200.png\" \/>\n\t<meta property=\"og:image:width\" content=\"300\" \/>\n\t<meta property=\"og:image:height\" content=\"200\" \/>\n\t<meta property=\"og:image:type\" content=\"image\/png\" \/>\n<meta name=\"author\" content=\"Arnaldo Botto\" \/>\n<meta name=\"twitter:card\" content=\"summary_large_image\" \/>\n<script type=\"application\/ld+json\" class=\"yoast-schema-graph\">{\"@context\":\"https:\/\/schema.org\",\"@graph\":[{\"@type\":\"WebPage\",\"@id\":\"https:\/\/www.noticiasradioreflejos.com.ar\/2021\/rigen-alertas-amarillas-y-naranjas-por-vientos-y-nevadas-en-seis-provincias\/\",\"url\":\"https:\/\/www.noticiasradioreflejos.com.ar\/2021\/rigen-alertas-amarillas-y-naranjas-por-vientos-y-nevadas-en-seis-provincias\/\",\"name\":\"Rigen alertas amarillas y naranjas por vientos y nevadas en seis provincias - Noticias Radio Reflejos\",\"isPartOf\":{\"@id\":\"https:\/\/www.noticiasradioreflejos.com.ar\/2021\/#website\"},\"datePublished\":\"2022-07-13T20:36:24+00:00\",\"author\":{\"@id\":\"https:\/\/www.noticiasradioreflejos.com.ar\/2021\/#\/schema\/person\/ad82545263dcc5ec0996818884fd5fb1\"},\"breadcrumb\":{\"@id\":\"https:\/\/www.noticiasradioreflejos.com.ar\/2021\/rigen-alertas-amarillas-y-naranjas-por-vientos-y-nevadas-en-seis-provincias\/#breadcrumb\"},\"inLanguage\":\"es\",\"potentialAction\":[{\"@type\":\"ReadAction\",\"target\":[\"https:\/\/www.noticiasradioreflejos.com.ar\/2021\/rigen-alertas-amarillas-y-naranjas-por-vientos-y-nevadas-en-seis-provincias\/\"]}]},{\"@type\":\"BreadcrumbList\",\"@id\":\"https:\/\/www.noticiasradioreflejos.com.ar\/2021\/rigen-alertas-amarillas-y-naranjas-por-vientos-y-nevadas-en-seis-provincias\/#breadcrumb\",\"itemListElement\":[{\"@type\":\"ListItem\",\"position\":1,\"name\":\"Portada\",\"item\":\"https:\/\/www.noticiasradioreflejos.com.ar\/2021\/\"},{\"@type\":\"ListItem\",\"position\":2,\"name\":\"Rigen alertas amarillas y naranjas por vientos y nevadas en seis provincias\"}]},{\"@type\":\"WebSite\",\"@id\":\"https:\/\/www.noticiasradioreflejos.com.ar\/2021\/#website\",\"url\":\"https:\/\/www.noticiasradioreflejos.com.ar\/2021\/\",\"name\":\"Noticias Radio Reflejos\",\"description\":\"Las noticias de mi comarca\",\"potentialAction\":[{\"@type\":\"SearchAction\",\"target\":{\"@type\":\"EntryPoint\",\"urlTemplate\":\"https:\/\/www.noticiasradioreflejos.com.ar\/2021\/?s={search_term_string}\"},\"query-input\":{\"@type\":\"PropertyValueSpecification\",\"valueRequired\":true,\"valueName\":\"search_term_string\"}}],\"inLanguage\":\"es\"},{\"@type\":\"Person\",\"@id\":\"https:\/\/www.noticiasradioreflejos.com.ar\/2021\/#\/schema\/person\/ad82545263dcc5ec0996818884fd5fb1\",\"name\":\"Arnaldo Botto\",\"image\":{\"@type\":\"ImageObject\",\"inLanguage\":\"es\",\"@id\":\"https:\/\/www.noticiasradioreflejos.com.ar\/2021\/#\/schema\/person\/image\/\",\"url\":\"https:\/\/secure.gravatar.com\/avatar\/55cb5e37c1efa326397366e6974cb338056df65cb50e7d64d1cf314e87504837?s=96&d=mm&r=g\",\"contentUrl\":\"https:\/\/secure.gravatar.com\/avatar\/55cb5e37c1efa326397366e6974cb338056df65cb50e7d64d1cf314e87504837?s=96&d=mm&r=g\",\"caption\":\"Arnaldo Botto\"},\"url\":\"https:\/\/www.noticiasradioreflejos.com.ar\/2021\/author\/arnaldo\/\"}]}<\/script>\n<!-- \/ Yoast SEO plugin. -->","yoast_head_json":{"title":"Rigen alertas amarillas y naranjas por vientos y nevadas en seis provincias - Noticias Radio Reflejos","robots":{"index":"index","follow":"follow","max-snippet":"max-snippet:-1","max-image-preview":"max-image-preview:large","max-video-preview":"max-video-preview:-1"},"canonical":"https:\/\/www.noticiasradioreflejos.com.ar\/2021\/rigen-alertas-amarillas-y-naranjas-por-vientos-y-nevadas-en-seis-provincias\/","og_locale":"es_ES","og_type":"article","og_title":"Rigen alertas amarillas y naranjas por vientos y nevadas en seis provincias - Noticias Radio Reflejos","og_description":"Seg\u00fan inform\u00f3 el Servicio Meteorol\u00f3gico Nacional, las provincias que se ver\u00e1n afectadas por vientos son Jujuy, Salta, Catamarca y La Rioja; mientras que rige un alerta naranja por nevadas para Mendoza y Neuqu\u00e9n.","og_url":"https:\/\/www.noticiasradioreflejos.com.ar\/2021\/rigen-alertas-amarillas-y-naranjas-por-vientos-y-nevadas-en-seis-provincias\/","og_site_name":"Noticias Radio Reflejos","article_published_time":"2022-07-13T20:36:24+00:00","og_image":[{"width":300,"height":200,"url":"https:\/\/www.noticiasradioreflejos.com.ar\/2021\/wp-content\/uploads\/2021\/07\/logosol300x200.png","type":"image\/png"}],"author":"Arnaldo Botto","twitter_card":"summary_large_image","schema":{"@context":"https:\/\/schema.org","@graph":[{"@type":"WebPage","@id":"https:\/\/www.noticiasradioreflejos.com.ar\/2021\/rigen-alertas-amarillas-y-naranjas-por-vientos-y-nevadas-en-seis-provincias\/","url":"https:\/\/www.noticiasradioreflejos.com.ar\/2021\/rigen-alertas-amarillas-y-naranjas-por-vientos-y-nevadas-en-seis-provincias\/","name":"Rigen alertas amarillas y naranjas por vientos y nevadas en seis provincias - Noticias Radio Reflejos","isPartOf":{"@id":"https:\/\/www.noticiasradioreflejos.com.ar\/2021\/#website"},"datePublished":"2022-07-13T20:36:24+00:00","author":{"@id":"https:\/\/www.noticiasradioreflejos.com.ar\/2021\/#\/schema\/person\/ad82545263dcc5ec0996818884fd5fb1"},"breadcrumb":{"@id":"https:\/\/www.noticiasradioreflejos.com.ar\/2021\/rigen-alertas-amarillas-y-naranjas-por-vientos-y-nevadas-en-seis-provincias\/#breadcrumb"},"inLanguage":"es","potentialAction":[{"@type":"ReadAction","target":["https:\/\/www.noticiasradioreflejos.com.ar\/2021\/rigen-alertas-amarillas-y-naranjas-por-vientos-y-nevadas-en-seis-provincias\/"]}]},{"@type":"BreadcrumbList","@id":"https:\/\/www.noticiasradioreflejos.com.ar\/2021\/rigen-alertas-amarillas-y-naranjas-por-vientos-y-nevadas-en-seis-provincias\/#breadcrumb","itemListElement":[{"@type":"ListItem","position":1,"name":"Portada","item":"https:\/\/www.noticiasradioreflejos.com.ar\/2021\/"},{"@type":"ListItem","position":2,"name":"Rigen alertas amarillas y naranjas por vientos y nevadas en seis provincias"}]},{"@type":"WebSite","@id":"https:\/\/www.noticiasradioreflejos.com.ar\/2021\/#website","url":"https:\/\/www.noticiasradioreflejos.com.ar\/2021\/","name":"Noticias Radio Reflejos","description":"Las noticias de mi comarca","potentialAction":[{"@type":"SearchAction","target":{"@type":"EntryPoint","urlTemplate":"https:\/\/www.noticiasradioreflejos.com.ar\/2021\/?s={search_term_string}"},"query-input":{"@type":"PropertyValueSpecification","valueRequired":true,"valueName":"search_term_string"}}],"inLanguage":"es"},{"@type":"Person","@id":"https:\/\/www.noticiasradioreflejos.com.ar\/2021\/#\/schema\/person\/ad82545263dcc5ec0996818884fd5fb1","name":"Arnaldo Botto","image":{"@type":"ImageObject","inLanguage":"es","@id":"https:\/\/www.noticiasradioreflejos.com.ar\/2021\/#\/schema\/person\/image\/","url":"https:\/\/secure.gravatar.com\/avatar\/55cb5e37c1efa326397366e6974cb338056df65cb50e7d64d1cf314e87504837?s=96&d=mm&r=g","contentUrl":"https:\/\/secure.gravatar.com\/avatar\/55cb5e37c1efa326397366e6974cb338056df65cb50e7d64d1cf314e87504837?s=96&d=mm&r=g","caption":"Arnaldo Botto"},"url":"https:\/\/www.noticiasradioreflejos.com.ar\/2021\/author\/arnaldo\/"}]}},"_links":{"self":[{"href":"https:\/\/www.noticiasradioreflejos.com.ar\/2021\/wp-json\/wp\/v2\/posts\/75042","targetHints":{"allow":["GET"]}}],"collection":[{"href":"https:\/\/www.noticiasradioreflejos.com.ar\/2021\/wp-json\/wp\/v2\/posts"}],"about":[{"href":"https:\/\/www.noticiasradioreflejos.com.ar\/2021\/wp-json\/wp\/v2\/types\/post"}],"author":[{"embeddable":true,"href":"https:\/\/www.noticiasradioreflejos.com.ar\/2021\/wp-json\/wp\/v2\/users\/3"}],"replies":[{"embeddable":true,"href":"https:\/\/www.noticiasradioreflejos.com.ar\/2021\/wp-json\/wp\/v2\/comments?post=75042"}],"version-history":[{"count":1,"href":"https:\/\/www.noticiasradioreflejos.com.ar\/2021\/wp-json\/wp\/v2\/posts\/75042\/revisions"}],"predecessor-version":[{"id":75044,"href":"https:\/\/www.noticiasradioreflejos.com.ar\/2021\/wp-json\/wp\/v2\/posts\/75042\/revisions\/75044"}],"wp:attachment":[{"href":"https:\/\/www.noticiasradioreflejos.com.ar\/2021\/wp-json\/wp\/v2\/media?parent=75042"}],"wp:term":[{"taxonomy":"category","embeddable":true,"href":"https:\/\/www.noticiasradioreflejos.com.ar\/2021\/wp-json\/wp\/v2\/categories?post=75042"},{"taxonomy":"post_tag","embeddable":true,"href":"https:\/\/www.noticiasradioreflejos.com.ar\/2021\/wp-json\/wp\/v2\/tags?post=75042"}],"curies":[{"name":"wp","href":"https:\/\/api.w.org\/{rel}","templated":true}]}}