{"id":75034,"date":"2022-07-13T20:24:10","date_gmt":"2022-07-13T20:24:10","guid":{"rendered":"http:\/\/www.noticiasradioreflejos.com.ar\/2021\/?p=75034"},"modified":"2022-07-13T20:24:10","modified_gmt":"2022-07-13T20:24:10","slug":"el-cometa-k2-pasara-cerca-de-la-tierra-este-jueves-y-se-podra-ver","status":"publish","type":"post","link":"https:\/\/www.noticiasradioreflejos.com.ar\/2021\/el-cometa-k2-pasara-cerca-de-la-tierra-este-jueves-y-se-podra-ver\/","title":{"rendered":"El cometa K2 pasar\u00e1 \u00abcerca\u00bb de la Tierra\u00a0este jueves y se podr\u00e1 ver\u00a0"},"content":{"rendered":"<div class=\"section-2-col article-header\">\n<div class=\"col 2-col\">\n<p>Ser\u00e1 la primera vez que el cometa ingrese al Sistema Solar, alcanzando el punto m\u00e1s cercano a la Tierra: a 270 millones de kil\u00f3metros de distancia.<\/p>\n<\/div>\n<\/div>\n<p><!--more--><\/p>\n<div class=\"section-2-col article-main-content\">\n<div class=\"col 2-col\">\n<div class=\"article-main-content article-text \">\n<p>Entre la fascinaci\u00f3n provocada por las<a href=\"https:\/\/www.pagina12.com.ar\/436409-telescopio-james-webb-la-nasa-mostro-las-imagenes\" target=\"_blank\" rel=\"noopener noreferrer\">\u00a0fotos publicadas<\/a>\u00a0esta semana por la NASA realizadas con el\u00a0<b>telescopio James Webb<\/b>\u00a0y la\u00a0<b><a href=\"https:\/\/www.pagina12.com.ar\/436474-luna-de-ciervo-como-ver-desde-argentina-la-superluna-mas-gra\" target=\"_blank\" rel=\"noopener noreferrer\">Superluna de Ciervo<\/a>\u00a0<\/b>de este mi\u00e9rcoles, surge otra gran noticia para los amigos de las estrellas y la astronom\u00eda. Se trata del<b>\u00a0cometa K2<\/b>\u00a0(o C\/2017 K2), observado por primera vez en 2017 a trav\u00e9s del<b>\u00a0telescopio Hubble<\/b>\u00a0de la\u00a0<b>NASA<\/b>, que este jueves\u00a0<b>alcanzar\u00e1 su punto m\u00e1s pr\u00f3ximo al planeta y se \u00abdejar\u00e1\u00bb ver.<\/b><\/p>\n<p>En mayo de 2017, cuando fue visto por primera vez,<b>\u00a0se trataba del cometa m\u00e1s lejano jam\u00e1s observado<\/b>: situado a unos\u00a0<b>2.400 millones de kil\u00f3metros del Sol<\/b>, entre las \u00f3rbitas de Urano y Saturno. Ahora,\u00a0<b>es la primera vez que el cometa ingresa al Sistema Solar<\/b>\u00a0desde la\u00a0<b>Nube de Oort\u00a0<\/b>y pasar\u00e1 a 270 millones de kil\u00f3metros de la Tierra.<\/p>\n<div id=\"talkFireEvent\"><\/div>\n<p>Seg\u00fan detallaron los astr\u00f3nomos en su primer avistaje, el di\u00e1metro estimado del n\u00facleo del cometa era de unos 18 kil\u00f3metros. Le siguieron distintas investigaciones con telescopios terrestres que no obtuvieron un resultado concluyente, por lo que se estima que\u00a0<b>su di\u00e1metro oscila entre los 15 y los 80 kil\u00f3metros<\/b>, lo cual demuestra que se trata de un objeto\u00a0<b>mucho m\u00e1s grande de lo esperado<\/b>. Esto implica tambi\u00e9n que<b>\u00a0la cola de gases y polvo que deje ser\u00e1 mucho mayor<\/b>.<\/p>\n<p>Los cient\u00edficos afirman que la cola del cometa podr\u00eda cubrir una superficie de<b>\u00a0800.000 kil\u00f3metros<\/b>, distancia que corresponde a seis veces el di\u00e1metro de J\u00fapiter, el planeta m\u00e1s grande del Sistema Solar.\u00a0<b>Lo m\u00e1s probable es que lo que se logre observar desde el planeta tierra sea esta cola y no el n\u00facleo<\/b>, debido a la gran distancia, pero tambi\u00e9n porque el cielo nocturno se encontrar\u00e1 muy brillante debido a la<b>\u00a0luna llena\u00a0<\/b>y la Superluna de Ciervo, la m\u00e1s grande y m\u00e1s brillante del a\u00f1o.<\/p>\n<p>Si bien las dificultades para su avistaje son evidentes, los astr\u00f3nomos ya anticiparon que\u00a0<b>en septiembre el mismo cometa volver\u00e1 a pasar cerca de la Tierra y ser\u00e1 visible en el cielo.<\/b><\/p>\n<h2>Qu\u00e9 son los cometas<\/h2>\n<p>La palabra cometa proviene del griego (\u201ckometes\u201d), que significa\u00a0<b>\u201castro con cabellera o cola\u201d<\/b>. Son\u00a0<b>cuerpos astron\u00f3micos menores<\/b>, que van desde unos pocos metros hasta algunos kil\u00f3metros de di\u00e1metro.<\/p>\n<p>Suelen estar\u00a0<b>compuestos de hielo, minerales y silicatos<\/b>. Concretamente, se trata de grandes\u00a0<b>\u201cbolas de hielo sucio\u201d\u00a0<\/b>que tienen sus propias \u00f3rbitas, generalmente muy alargadas.<\/p>\n<p>Los cometas\u00a0<b>pasan la mayor parte del tiempo muy alejados del Sol<\/b>, en regiones fr\u00edas del Sistema Solar o fuera del mismo, ya que las veces en que\u00a0<b>se acercan, se calientan y el hielo se sublima<\/b>, pasando as\u00ed a un estado\u00a0<b>gaseoso\u00a0<\/b>que rodea el n\u00facleo s\u00f3lido.<\/p>\n<p>As\u00ed, este tipo de astros arrastra part\u00edculas de polvo, formando extensas nubes alrededor que simulan ser cabelleras. Los materiales que conforman la cabellera son arrastrados en sentido opuesto al Sol por el viento Solar y dan lugar a las colas cometarias.<\/p>\n<p>Existen al menos 3 tipos de cometas conocidos:<\/p>\n<ul>\n<li>Los de<b>\u00a0corto per\u00edodo<\/b>, tambi\u00e9n conocidos como\u00a0<b>\u201cfamilia de J\u00fapiter\u201d<\/b>, que son objetos con un periodo orbital menor de 20 a\u00f1os y \u00f3rbitas apenas inclinadas respecto de la ecl\u00edptica<\/li>\n<li>Los de tipo\u00a0<b>\u201cHalley\u201d<\/b>, con \u00f3rbitas m\u00e1s alargadas, per\u00edodos de decenas de a\u00f1os e inclinaciones que pueden ser muy grandes<\/li>\n<li>Los de\u00a0<b>largo per\u00edodo<\/b>, con \u00f3rbitas alargad\u00edsimas y lapsos que van desde miles de a\u00f1os hasta casos que han pasado cerca del Sol una \u00fanica vez desde los or\u00edgenes del Sistema Solar.<\/li>\n<\/ul>\n<\/div>\n<\/div>\n<\/div>\n","protected":false},"excerpt":{"rendered":"<p>Ser\u00e1 la primera vez que el cometa ingrese al Sistema Solar, alcanzando el punto m\u00e1s cercano a la Tierra: a 270 millones de kil\u00f3metros de distancia.<\/p>\n","protected":false},"author":3,"featured_media":0,"comment_status":"closed","ping_status":"closed","sticky":false,"template":"","format":"standard","meta":{"footnotes":""},"categories":[46],"tags":[],"class_list":["post-75034","post","type-post","status-publish","format-standard","hentry","category-ciencia-y-tecnologia"],"yoast_head":"<!-- This site is optimized with the Yoast SEO plugin v25.9 - https:\/\/yoast.com\/wordpress\/plugins\/seo\/ -->\n<title>El cometa K2 pasar\u00e1 &quot;cerca&quot; de la Tierra\u00a0este jueves y se podr\u00e1 ver\u00a0 - Noticias Radio Reflejos<\/title>\n<meta name=\"robots\" content=\"index, follow, max-snippet:-1, max-image-preview:large, max-video-preview:-1\" \/>\n<link rel=\"canonical\" href=\"https:\/\/www.noticiasradioreflejos.com.ar\/2021\/el-cometa-k2-pasara-cerca-de-la-tierra-este-jueves-y-se-podra-ver\/\" \/>\n<meta property=\"og:locale\" content=\"es_ES\" \/>\n<meta property=\"og:type\" content=\"article\" \/>\n<meta property=\"og:title\" content=\"El cometa K2 pasar\u00e1 &quot;cerca&quot; de la Tierra\u00a0este jueves y se podr\u00e1 ver\u00a0 - Noticias Radio Reflejos\" \/>\n<meta property=\"og:description\" content=\"Ser\u00e1 la primera vez que el cometa ingrese al Sistema Solar, alcanzando el punto m\u00e1s cercano a la Tierra: a 270 millones de kil\u00f3metros de distancia.\" \/>\n<meta property=\"og:url\" content=\"https:\/\/www.noticiasradioreflejos.com.ar\/2021\/el-cometa-k2-pasara-cerca-de-la-tierra-este-jueves-y-se-podra-ver\/\" \/>\n<meta property=\"og:site_name\" content=\"Noticias Radio Reflejos\" \/>\n<meta property=\"article:published_time\" content=\"2022-07-13T20:24:10+00:00\" \/>\n<meta property=\"og:image\" content=\"https:\/\/www.noticiasradioreflejos.com.ar\/2021\/wp-content\/uploads\/2021\/07\/logosol300x200.png\" \/>\n\t<meta property=\"og:image:width\" content=\"300\" \/>\n\t<meta property=\"og:image:height\" content=\"200\" \/>\n\t<meta property=\"og:image:type\" content=\"image\/png\" \/>\n<meta name=\"author\" content=\"Arnaldo Botto\" \/>\n<meta name=\"twitter:card\" content=\"summary_large_image\" \/>\n<script type=\"application\/ld+json\" class=\"yoast-schema-graph\">{\"@context\":\"https:\/\/schema.org\",\"@graph\":[{\"@type\":\"WebPage\",\"@id\":\"https:\/\/www.noticiasradioreflejos.com.ar\/2021\/el-cometa-k2-pasara-cerca-de-la-tierra-este-jueves-y-se-podra-ver\/\",\"url\":\"https:\/\/www.noticiasradioreflejos.com.ar\/2021\/el-cometa-k2-pasara-cerca-de-la-tierra-este-jueves-y-se-podra-ver\/\",\"name\":\"El cometa K2 pasar\u00e1 \\\"cerca\\\" de la Tierra\u00a0este jueves y se podr\u00e1 ver\u00a0 - Noticias Radio Reflejos\",\"isPartOf\":{\"@id\":\"https:\/\/www.noticiasradioreflejos.com.ar\/2021\/#website\"},\"datePublished\":\"2022-07-13T20:24:10+00:00\",\"author\":{\"@id\":\"https:\/\/www.noticiasradioreflejos.com.ar\/2021\/#\/schema\/person\/ad82545263dcc5ec0996818884fd5fb1\"},\"breadcrumb\":{\"@id\":\"https:\/\/www.noticiasradioreflejos.com.ar\/2021\/el-cometa-k2-pasara-cerca-de-la-tierra-este-jueves-y-se-podra-ver\/#breadcrumb\"},\"inLanguage\":\"es\",\"potentialAction\":[{\"@type\":\"ReadAction\",\"target\":[\"https:\/\/www.noticiasradioreflejos.com.ar\/2021\/el-cometa-k2-pasara-cerca-de-la-tierra-este-jueves-y-se-podra-ver\/\"]}]},{\"@type\":\"BreadcrumbList\",\"@id\":\"https:\/\/www.noticiasradioreflejos.com.ar\/2021\/el-cometa-k2-pasara-cerca-de-la-tierra-este-jueves-y-se-podra-ver\/#breadcrumb\",\"itemListElement\":[{\"@type\":\"ListItem\",\"position\":1,\"name\":\"Portada\",\"item\":\"https:\/\/www.noticiasradioreflejos.com.ar\/2021\/\"},{\"@type\":\"ListItem\",\"position\":2,\"name\":\"El cometa K2 pasar\u00e1 \u00abcerca\u00bb de la Tierra\u00a0este jueves y se podr\u00e1 ver\u00a0\"}]},{\"@type\":\"WebSite\",\"@id\":\"https:\/\/www.noticiasradioreflejos.com.ar\/2021\/#website\",\"url\":\"https:\/\/www.noticiasradioreflejos.com.ar\/2021\/\",\"name\":\"Noticias Radio Reflejos\",\"description\":\"Las noticias de mi comarca\",\"potentialAction\":[{\"@type\":\"SearchAction\",\"target\":{\"@type\":\"EntryPoint\",\"urlTemplate\":\"https:\/\/www.noticiasradioreflejos.com.ar\/2021\/?s={search_term_string}\"},\"query-input\":{\"@type\":\"PropertyValueSpecification\",\"valueRequired\":true,\"valueName\":\"search_term_string\"}}],\"inLanguage\":\"es\"},{\"@type\":\"Person\",\"@id\":\"https:\/\/www.noticiasradioreflejos.com.ar\/2021\/#\/schema\/person\/ad82545263dcc5ec0996818884fd5fb1\",\"name\":\"Arnaldo Botto\",\"image\":{\"@type\":\"ImageObject\",\"inLanguage\":\"es\",\"@id\":\"https:\/\/www.noticiasradioreflejos.com.ar\/2021\/#\/schema\/person\/image\/\",\"url\":\"https:\/\/secure.gravatar.com\/avatar\/55cb5e37c1efa326397366e6974cb338056df65cb50e7d64d1cf314e87504837?s=96&d=mm&r=g\",\"contentUrl\":\"https:\/\/secure.gravatar.com\/avatar\/55cb5e37c1efa326397366e6974cb338056df65cb50e7d64d1cf314e87504837?s=96&d=mm&r=g\",\"caption\":\"Arnaldo Botto\"},\"url\":\"https:\/\/www.noticiasradioreflejos.com.ar\/2021\/author\/arnaldo\/\"}]}<\/script>\n<!-- \/ Yoast SEO plugin. -->","yoast_head_json":{"title":"El cometa K2 pasar\u00e1 \"cerca\" de la Tierra\u00a0este jueves y se podr\u00e1 ver\u00a0 - Noticias Radio Reflejos","robots":{"index":"index","follow":"follow","max-snippet":"max-snippet:-1","max-image-preview":"max-image-preview:large","max-video-preview":"max-video-preview:-1"},"canonical":"https:\/\/www.noticiasradioreflejos.com.ar\/2021\/el-cometa-k2-pasara-cerca-de-la-tierra-este-jueves-y-se-podra-ver\/","og_locale":"es_ES","og_type":"article","og_title":"El cometa K2 pasar\u00e1 \"cerca\" de la Tierra\u00a0este jueves y se podr\u00e1 ver\u00a0 - Noticias Radio Reflejos","og_description":"Ser\u00e1 la primera vez que el cometa ingrese al Sistema Solar, alcanzando el punto m\u00e1s cercano a la Tierra: a 270 millones de kil\u00f3metros de distancia.","og_url":"https:\/\/www.noticiasradioreflejos.com.ar\/2021\/el-cometa-k2-pasara-cerca-de-la-tierra-este-jueves-y-se-podra-ver\/","og_site_name":"Noticias Radio Reflejos","article_published_time":"2022-07-13T20:24:10+00:00","og_image":[{"width":300,"height":200,"url":"https:\/\/www.noticiasradioreflejos.com.ar\/2021\/wp-content\/uploads\/2021\/07\/logosol300x200.png","type":"image\/png"}],"author":"Arnaldo Botto","twitter_card":"summary_large_image","schema":{"@context":"https:\/\/schema.org","@graph":[{"@type":"WebPage","@id":"https:\/\/www.noticiasradioreflejos.com.ar\/2021\/el-cometa-k2-pasara-cerca-de-la-tierra-este-jueves-y-se-podra-ver\/","url":"https:\/\/www.noticiasradioreflejos.com.ar\/2021\/el-cometa-k2-pasara-cerca-de-la-tierra-este-jueves-y-se-podra-ver\/","name":"El cometa K2 pasar\u00e1 \"cerca\" de la Tierra\u00a0este jueves y se podr\u00e1 ver\u00a0 - Noticias Radio Reflejos","isPartOf":{"@id":"https:\/\/www.noticiasradioreflejos.com.ar\/2021\/#website"},"datePublished":"2022-07-13T20:24:10+00:00","author":{"@id":"https:\/\/www.noticiasradioreflejos.com.ar\/2021\/#\/schema\/person\/ad82545263dcc5ec0996818884fd5fb1"},"breadcrumb":{"@id":"https:\/\/www.noticiasradioreflejos.com.ar\/2021\/el-cometa-k2-pasara-cerca-de-la-tierra-este-jueves-y-se-podra-ver\/#breadcrumb"},"inLanguage":"es","potentialAction":[{"@type":"ReadAction","target":["https:\/\/www.noticiasradioreflejos.com.ar\/2021\/el-cometa-k2-pasara-cerca-de-la-tierra-este-jueves-y-se-podra-ver\/"]}]},{"@type":"BreadcrumbList","@id":"https:\/\/www.noticiasradioreflejos.com.ar\/2021\/el-cometa-k2-pasara-cerca-de-la-tierra-este-jueves-y-se-podra-ver\/#breadcrumb","itemListElement":[{"@type":"ListItem","position":1,"name":"Portada","item":"https:\/\/www.noticiasradioreflejos.com.ar\/2021\/"},{"@type":"ListItem","position":2,"name":"El cometa K2 pasar\u00e1 \u00abcerca\u00bb de la Tierra\u00a0este jueves y se podr\u00e1 ver\u00a0"}]},{"@type":"WebSite","@id":"https:\/\/www.noticiasradioreflejos.com.ar\/2021\/#website","url":"https:\/\/www.noticiasradioreflejos.com.ar\/2021\/","name":"Noticias Radio Reflejos","description":"Las noticias de mi comarca","potentialAction":[{"@type":"SearchAction","target":{"@type":"EntryPoint","urlTemplate":"https:\/\/www.noticiasradioreflejos.com.ar\/2021\/?s={search_term_string}"},"query-input":{"@type":"PropertyValueSpecification","valueRequired":true,"valueName":"search_term_string"}}],"inLanguage":"es"},{"@type":"Person","@id":"https:\/\/www.noticiasradioreflejos.com.ar\/2021\/#\/schema\/person\/ad82545263dcc5ec0996818884fd5fb1","name":"Arnaldo Botto","image":{"@type":"ImageObject","inLanguage":"es","@id":"https:\/\/www.noticiasradioreflejos.com.ar\/2021\/#\/schema\/person\/image\/","url":"https:\/\/secure.gravatar.com\/avatar\/55cb5e37c1efa326397366e6974cb338056df65cb50e7d64d1cf314e87504837?s=96&d=mm&r=g","contentUrl":"https:\/\/secure.gravatar.com\/avatar\/55cb5e37c1efa326397366e6974cb338056df65cb50e7d64d1cf314e87504837?s=96&d=mm&r=g","caption":"Arnaldo Botto"},"url":"https:\/\/www.noticiasradioreflejos.com.ar\/2021\/author\/arnaldo\/"}]}},"_links":{"self":[{"href":"https:\/\/www.noticiasradioreflejos.com.ar\/2021\/wp-json\/wp\/v2\/posts\/75034","targetHints":{"allow":["GET"]}}],"collection":[{"href":"https:\/\/www.noticiasradioreflejos.com.ar\/2021\/wp-json\/wp\/v2\/posts"}],"about":[{"href":"https:\/\/www.noticiasradioreflejos.com.ar\/2021\/wp-json\/wp\/v2\/types\/post"}],"author":[{"embeddable":true,"href":"https:\/\/www.noticiasradioreflejos.com.ar\/2021\/wp-json\/wp\/v2\/users\/3"}],"replies":[{"embeddable":true,"href":"https:\/\/www.noticiasradioreflejos.com.ar\/2021\/wp-json\/wp\/v2\/comments?post=75034"}],"version-history":[{"count":1,"href":"https:\/\/www.noticiasradioreflejos.com.ar\/2021\/wp-json\/wp\/v2\/posts\/75034\/revisions"}],"predecessor-version":[{"id":75036,"href":"https:\/\/www.noticiasradioreflejos.com.ar\/2021\/wp-json\/wp\/v2\/posts\/75034\/revisions\/75036"}],"wp:attachment":[{"href":"https:\/\/www.noticiasradioreflejos.com.ar\/2021\/wp-json\/wp\/v2\/media?parent=75034"}],"wp:term":[{"taxonomy":"category","embeddable":true,"href":"https:\/\/www.noticiasradioreflejos.com.ar\/2021\/wp-json\/wp\/v2\/categories?post=75034"},{"taxonomy":"post_tag","embeddable":true,"href":"https:\/\/www.noticiasradioreflejos.com.ar\/2021\/wp-json\/wp\/v2\/tags?post=75034"}],"curies":[{"name":"wp","href":"https:\/\/api.w.org\/{rel}","templated":true}]}}