{"id":75029,"date":"2022-07-13T20:21:15","date_gmt":"2022-07-13T20:21:15","guid":{"rendered":"http:\/\/www.noticiasradioreflejos.com.ar\/2021\/?p=75029"},"modified":"2022-07-13T20:21:15","modified_gmt":"2022-07-13T20:21:15","slug":"gacetilla-de-prensa-de-agrupacion-ventania","status":"publish","type":"post","link":"https:\/\/www.noticiasradioreflejos.com.ar\/2021\/gacetilla-de-prensa-de-agrupacion-ventania\/","title":{"rendered":"Gacetilla de prensa de Agrupaci\u00f3n Ventania"},"content":{"rendered":"<p>A nuestros vecinos y vecinas: En el d\u00eda de ayer, martes 12, nos reunimos con los concejales de todos los bloques del Concejo Deliberante. Presentamos el resultado del relevamiento voluntario por la falta de viviendas en alquiler permanente en nuestra Comarca. Tambi\u00e9n informamos lo analizado junto a las c\u00e1maras de comercio y turismo y otras organizaciones de la sociedad civil.<!--more--><\/p>\n<div dir=\"auto\">El resultado de la encuesta arrojo que m\u00e1s de doscientas familias padecen la incertidumbre que genera la falta de un techo. Que esta situaci\u00f3n afecta al desarrollo integral de la Comarca; ya sea trabajadores, comerciantes y profesionales. Es urgente que entre todas y todos construyamos los acuerdos necesarios para resolver esta problem\u00e1tica.<\/div>\n<div dir=\"auto\">Nuestra propuesta es que se implemente la Ley Provincial de Acceso Justo al H\u00e1bitat (14.449). Esta norma ya funciona con \u00e9xito en otros distritos, no as\u00ed en Tornquist. Le pedimos a los concejales que sancionen las ordenanzas para:<\/div>\n<div dir=\"auto\">&#8211; adherir a la Ley 14.449<\/div>\n<div dir=\"auto\">&#8211; crear el Registro de Demanda Habitacional local. (Este es un registro oficial donde tendremos que inscribirnos quienes sufrimos esta situaci\u00f3n de la falta de vivienda. Esta informaci\u00f3n le brindara al Municipio la informaci\u00f3n precisa de la cantidad de ciudadanos que estamos afectados);<\/div>\n<div dir=\"auto\">&#8211; crear y constituir el Consejo Local de Vivienda y h\u00e1bitat. Este deber\u00e1 estar conformado por las autoridades del Departamento Ejecutivo, concejales, sector privado, organizaciones de la sociedad civil, vecinos y vecinas. (Aclaramos que los participantes lo har\u00e1n ad honorem);<\/div>\n<div dir=\"auto\">&#8211; que se declare la Emergencia Habitacional en el distrito y se dispongan acciones inmediatas que corrijan a la brevedad la falta de oferta de alquileres permanentes.<\/div>\n<div dir=\"auto\">Proponemos abrir una nueva etapa de trabajo en conjunto, entre todos los actores de la comunidad. Participemos todos y todas, nuestro compromiso es necesario para construir un resultado positivo para todas las partes.<\/div>\n<div dir=\"auto\">Confiamos que el Concejo Deliberante sancione la normativa a la brevedad para que comiencen a funcionar el Registro y el Consejo Local mencionados.<\/div>\n<div dir=\"auto\">Contactanos :<\/div>\n<div dir=\"auto\"><a href=\"mailto:Agrupacionventania@gmail.com\" target=\"_blank\" rel=\"noopener\">Agrupacionventania@gmail.com<\/a><\/div>\n<div dir=\"auto\">Facebook: Agrupaci\u00f3n Ventania<\/div>\n<div class=\"yj6qo\"><\/div>\n<div class=\"adL\" dir=\"auto\"><\/div>\n","protected":false},"excerpt":{"rendered":"<p>A nuestros vecinos y vecinas: En el d\u00eda de ayer, martes 12, nos reunimos con los concejales de todos los bloques del Concejo Deliberante. Presentamos el resultado del relevamiento voluntario por la falta de viviendas en alquiler permanente en nuestra Comarca. Tambi\u00e9n informamos lo analizado junto a las c\u00e1maras de comercio y turismo y otras [&hellip;]<\/p>\n","protected":false},"author":3,"featured_media":0,"comment_status":"closed","ping_status":"closed","sticky":false,"template":"","format":"standard","meta":{"footnotes":""},"categories":[24],"tags":[],"class_list":["post-75029","post","type-post","status-publish","format-standard","hentry","category-politica"],"yoast_head":"<!-- This site is optimized with the Yoast SEO plugin v25.9 - https:\/\/yoast.com\/wordpress\/plugins\/seo\/ -->\n<title>Gacetilla de prensa de Agrupaci\u00f3n Ventania - Noticias Radio Reflejos<\/title>\n<meta name=\"robots\" content=\"index, follow, max-snippet:-1, max-image-preview:large, max-video-preview:-1\" \/>\n<link rel=\"canonical\" href=\"https:\/\/www.noticiasradioreflejos.com.ar\/2021\/gacetilla-de-prensa-de-agrupacion-ventania\/\" \/>\n<meta property=\"og:locale\" content=\"es_ES\" \/>\n<meta property=\"og:type\" content=\"article\" \/>\n<meta property=\"og:title\" content=\"Gacetilla de prensa de Agrupaci\u00f3n Ventania - Noticias Radio Reflejos\" \/>\n<meta property=\"og:description\" content=\"A nuestros vecinos y vecinas: En el d\u00eda de ayer, martes 12, nos reunimos con los concejales de todos los bloques del Concejo Deliberante. Presentamos el resultado del relevamiento voluntario por la falta de viviendas en alquiler permanente en nuestra Comarca. Tambi\u00e9n informamos lo analizado junto a las c\u00e1maras de comercio y turismo y otras [&hellip;]\" \/>\n<meta property=\"og:url\" content=\"https:\/\/www.noticiasradioreflejos.com.ar\/2021\/gacetilla-de-prensa-de-agrupacion-ventania\/\" \/>\n<meta property=\"og:site_name\" content=\"Noticias Radio Reflejos\" \/>\n<meta property=\"article:published_time\" content=\"2022-07-13T20:21:15+00:00\" \/>\n<meta property=\"og:image\" content=\"https:\/\/www.noticiasradioreflejos.com.ar\/2021\/wp-content\/uploads\/2021\/07\/logosol300x200.png\" \/>\n\t<meta property=\"og:image:width\" content=\"300\" \/>\n\t<meta property=\"og:image:height\" content=\"200\" \/>\n\t<meta property=\"og:image:type\" content=\"image\/png\" \/>\n<meta name=\"author\" content=\"Arnaldo Botto\" \/>\n<meta name=\"twitter:card\" content=\"summary_large_image\" \/>\n<script type=\"application\/ld+json\" class=\"yoast-schema-graph\">{\"@context\":\"https:\/\/schema.org\",\"@graph\":[{\"@type\":\"WebPage\",\"@id\":\"https:\/\/www.noticiasradioreflejos.com.ar\/2021\/gacetilla-de-prensa-de-agrupacion-ventania\/\",\"url\":\"https:\/\/www.noticiasradioreflejos.com.ar\/2021\/gacetilla-de-prensa-de-agrupacion-ventania\/\",\"name\":\"Gacetilla de prensa de Agrupaci\u00f3n Ventania - Noticias Radio Reflejos\",\"isPartOf\":{\"@id\":\"https:\/\/www.noticiasradioreflejos.com.ar\/2021\/#website\"},\"datePublished\":\"2022-07-13T20:21:15+00:00\",\"author\":{\"@id\":\"https:\/\/www.noticiasradioreflejos.com.ar\/2021\/#\/schema\/person\/ad82545263dcc5ec0996818884fd5fb1\"},\"breadcrumb\":{\"@id\":\"https:\/\/www.noticiasradioreflejos.com.ar\/2021\/gacetilla-de-prensa-de-agrupacion-ventania\/#breadcrumb\"},\"inLanguage\":\"es\",\"potentialAction\":[{\"@type\":\"ReadAction\",\"target\":[\"https:\/\/www.noticiasradioreflejos.com.ar\/2021\/gacetilla-de-prensa-de-agrupacion-ventania\/\"]}]},{\"@type\":\"BreadcrumbList\",\"@id\":\"https:\/\/www.noticiasradioreflejos.com.ar\/2021\/gacetilla-de-prensa-de-agrupacion-ventania\/#breadcrumb\",\"itemListElement\":[{\"@type\":\"ListItem\",\"position\":1,\"name\":\"Portada\",\"item\":\"https:\/\/www.noticiasradioreflejos.com.ar\/2021\/\"},{\"@type\":\"ListItem\",\"position\":2,\"name\":\"Gacetilla de prensa de Agrupaci\u00f3n Ventania\"}]},{\"@type\":\"WebSite\",\"@id\":\"https:\/\/www.noticiasradioreflejos.com.ar\/2021\/#website\",\"url\":\"https:\/\/www.noticiasradioreflejos.com.ar\/2021\/\",\"name\":\"Noticias Radio Reflejos\",\"description\":\"Las noticias de mi comarca\",\"potentialAction\":[{\"@type\":\"SearchAction\",\"target\":{\"@type\":\"EntryPoint\",\"urlTemplate\":\"https:\/\/www.noticiasradioreflejos.com.ar\/2021\/?s={search_term_string}\"},\"query-input\":{\"@type\":\"PropertyValueSpecification\",\"valueRequired\":true,\"valueName\":\"search_term_string\"}}],\"inLanguage\":\"es\"},{\"@type\":\"Person\",\"@id\":\"https:\/\/www.noticiasradioreflejos.com.ar\/2021\/#\/schema\/person\/ad82545263dcc5ec0996818884fd5fb1\",\"name\":\"Arnaldo Botto\",\"image\":{\"@type\":\"ImageObject\",\"inLanguage\":\"es\",\"@id\":\"https:\/\/www.noticiasradioreflejos.com.ar\/2021\/#\/schema\/person\/image\/\",\"url\":\"https:\/\/secure.gravatar.com\/avatar\/55cb5e37c1efa326397366e6974cb338056df65cb50e7d64d1cf314e87504837?s=96&d=mm&r=g\",\"contentUrl\":\"https:\/\/secure.gravatar.com\/avatar\/55cb5e37c1efa326397366e6974cb338056df65cb50e7d64d1cf314e87504837?s=96&d=mm&r=g\",\"caption\":\"Arnaldo Botto\"},\"url\":\"https:\/\/www.noticiasradioreflejos.com.ar\/2021\/author\/arnaldo\/\"}]}<\/script>\n<!-- \/ Yoast SEO plugin. -->","yoast_head_json":{"title":"Gacetilla de prensa de Agrupaci\u00f3n Ventania - Noticias Radio Reflejos","robots":{"index":"index","follow":"follow","max-snippet":"max-snippet:-1","max-image-preview":"max-image-preview:large","max-video-preview":"max-video-preview:-1"},"canonical":"https:\/\/www.noticiasradioreflejos.com.ar\/2021\/gacetilla-de-prensa-de-agrupacion-ventania\/","og_locale":"es_ES","og_type":"article","og_title":"Gacetilla de prensa de Agrupaci\u00f3n Ventania - Noticias Radio Reflejos","og_description":"A nuestros vecinos y vecinas: En el d\u00eda de ayer, martes 12, nos reunimos con los concejales de todos los bloques del Concejo Deliberante. Presentamos el resultado del relevamiento voluntario por la falta de viviendas en alquiler permanente en nuestra Comarca. Tambi\u00e9n informamos lo analizado junto a las c\u00e1maras de comercio y turismo y otras [&hellip;]","og_url":"https:\/\/www.noticiasradioreflejos.com.ar\/2021\/gacetilla-de-prensa-de-agrupacion-ventania\/","og_site_name":"Noticias Radio Reflejos","article_published_time":"2022-07-13T20:21:15+00:00","og_image":[{"width":300,"height":200,"url":"https:\/\/www.noticiasradioreflejos.com.ar\/2021\/wp-content\/uploads\/2021\/07\/logosol300x200.png","type":"image\/png"}],"author":"Arnaldo Botto","twitter_card":"summary_large_image","schema":{"@context":"https:\/\/schema.org","@graph":[{"@type":"WebPage","@id":"https:\/\/www.noticiasradioreflejos.com.ar\/2021\/gacetilla-de-prensa-de-agrupacion-ventania\/","url":"https:\/\/www.noticiasradioreflejos.com.ar\/2021\/gacetilla-de-prensa-de-agrupacion-ventania\/","name":"Gacetilla de prensa de Agrupaci\u00f3n Ventania - Noticias Radio Reflejos","isPartOf":{"@id":"https:\/\/www.noticiasradioreflejos.com.ar\/2021\/#website"},"datePublished":"2022-07-13T20:21:15+00:00","author":{"@id":"https:\/\/www.noticiasradioreflejos.com.ar\/2021\/#\/schema\/person\/ad82545263dcc5ec0996818884fd5fb1"},"breadcrumb":{"@id":"https:\/\/www.noticiasradioreflejos.com.ar\/2021\/gacetilla-de-prensa-de-agrupacion-ventania\/#breadcrumb"},"inLanguage":"es","potentialAction":[{"@type":"ReadAction","target":["https:\/\/www.noticiasradioreflejos.com.ar\/2021\/gacetilla-de-prensa-de-agrupacion-ventania\/"]}]},{"@type":"BreadcrumbList","@id":"https:\/\/www.noticiasradioreflejos.com.ar\/2021\/gacetilla-de-prensa-de-agrupacion-ventania\/#breadcrumb","itemListElement":[{"@type":"ListItem","position":1,"name":"Portada","item":"https:\/\/www.noticiasradioreflejos.com.ar\/2021\/"},{"@type":"ListItem","position":2,"name":"Gacetilla de prensa de Agrupaci\u00f3n Ventania"}]},{"@type":"WebSite","@id":"https:\/\/www.noticiasradioreflejos.com.ar\/2021\/#website","url":"https:\/\/www.noticiasradioreflejos.com.ar\/2021\/","name":"Noticias Radio Reflejos","description":"Las noticias de mi comarca","potentialAction":[{"@type":"SearchAction","target":{"@type":"EntryPoint","urlTemplate":"https:\/\/www.noticiasradioreflejos.com.ar\/2021\/?s={search_term_string}"},"query-input":{"@type":"PropertyValueSpecification","valueRequired":true,"valueName":"search_term_string"}}],"inLanguage":"es"},{"@type":"Person","@id":"https:\/\/www.noticiasradioreflejos.com.ar\/2021\/#\/schema\/person\/ad82545263dcc5ec0996818884fd5fb1","name":"Arnaldo Botto","image":{"@type":"ImageObject","inLanguage":"es","@id":"https:\/\/www.noticiasradioreflejos.com.ar\/2021\/#\/schema\/person\/image\/","url":"https:\/\/secure.gravatar.com\/avatar\/55cb5e37c1efa326397366e6974cb338056df65cb50e7d64d1cf314e87504837?s=96&d=mm&r=g","contentUrl":"https:\/\/secure.gravatar.com\/avatar\/55cb5e37c1efa326397366e6974cb338056df65cb50e7d64d1cf314e87504837?s=96&d=mm&r=g","caption":"Arnaldo Botto"},"url":"https:\/\/www.noticiasradioreflejos.com.ar\/2021\/author\/arnaldo\/"}]}},"_links":{"self":[{"href":"https:\/\/www.noticiasradioreflejos.com.ar\/2021\/wp-json\/wp\/v2\/posts\/75029","targetHints":{"allow":["GET"]}}],"collection":[{"href":"https:\/\/www.noticiasradioreflejos.com.ar\/2021\/wp-json\/wp\/v2\/posts"}],"about":[{"href":"https:\/\/www.noticiasradioreflejos.com.ar\/2021\/wp-json\/wp\/v2\/types\/post"}],"author":[{"embeddable":true,"href":"https:\/\/www.noticiasradioreflejos.com.ar\/2021\/wp-json\/wp\/v2\/users\/3"}],"replies":[{"embeddable":true,"href":"https:\/\/www.noticiasradioreflejos.com.ar\/2021\/wp-json\/wp\/v2\/comments?post=75029"}],"version-history":[{"count":1,"href":"https:\/\/www.noticiasradioreflejos.com.ar\/2021\/wp-json\/wp\/v2\/posts\/75029\/revisions"}],"predecessor-version":[{"id":75033,"href":"https:\/\/www.noticiasradioreflejos.com.ar\/2021\/wp-json\/wp\/v2\/posts\/75029\/revisions\/75033"}],"wp:attachment":[{"href":"https:\/\/www.noticiasradioreflejos.com.ar\/2021\/wp-json\/wp\/v2\/media?parent=75029"}],"wp:term":[{"taxonomy":"category","embeddable":true,"href":"https:\/\/www.noticiasradioreflejos.com.ar\/2021\/wp-json\/wp\/v2\/categories?post=75029"},{"taxonomy":"post_tag","embeddable":true,"href":"https:\/\/www.noticiasradioreflejos.com.ar\/2021\/wp-json\/wp\/v2\/tags?post=75029"}],"curies":[{"name":"wp","href":"https:\/\/api.w.org\/{rel}","templated":true}]}}