{"id":75008,"date":"2022-07-13T11:30:23","date_gmt":"2022-07-13T11:30:23","guid":{"rendered":"http:\/\/www.noticiasradioreflejos.com.ar\/2021\/?p=75008"},"modified":"2022-07-13T11:41:05","modified_gmt":"2022-07-13T11:41:05","slug":"la-nasa-presenta-las-imagenes-mas-profundas-y-nitidas-del-universo-distante-hasta-la-fecha","status":"publish","type":"post","link":"https:\/\/www.noticiasradioreflejos.com.ar\/2021\/la-nasa-presenta-las-imagenes-mas-profundas-y-nitidas-del-universo-distante-hasta-la-fecha\/","title":{"rendered":"La NASA presenta las im\u00e1genes m\u00e1s profundas y n\u00edtidas del universo distante hasta la fecha"},"content":{"rendered":"<p>En un evento muy esperado, la NASA dio a conocer im\u00e1genes. El lunes difundieron una de ellas, la \u00abimagen infrarroja m\u00e1s profunda y n\u00edtida del universo primitivo\u00bb, apuntando unos 13.000 millones de a\u00f1os hacia atr\u00e1s.<!--more--><\/p>\n<p><iframe loading=\"lazy\" title=\"\" src=\"https:\/\/www.youtube.com\/embed\/EC7mZYUXIUI\" width=\"1110\" height=\"624\" frameborder=\"0\" allowfullscreen=\"allowfullscreen\"><\/iframe><\/p>\n<p>Una serie de im\u00e1genes infrarrojas del telescopio espacial James Webb de la NASA, que son las m\u00e1s profundas y n\u00edtidas del universo distante y sus eventos logradas hasta el momento, fueron presentadas por la agencia espacial norteamericana en una transmisi\u00f3n en vivo.<\/p>\n<figure class=\"mb-3\"><img decoding=\"async\" src=\"https:\/\/www.telam.com.ar\/thumbs\/bluesteel\/advf\/imagenes\/2022\/07\/62cd93a4efbf6_900.jpg\" alt=\"Nebulosa planetaria del Anillo del Sur Foto NASA\" width=\"100%\" height=\"100%\" \/><\/p>\n<div class=\"media-icons\"><\/div><figcaption>Nebulosa planetaria del Anillo del Sur. Foto: NASA.<\/figcaption><\/figure>\n<figure class=\"mb-3\"><img decoding=\"async\" src=\"https:\/\/www.telam.com.ar\/thumbs\/bluesteel\/advf\/imagenes\/2022\/07\/62cd93a4e343b_900.jpg\" alt=\"Nebulosa planetaria del Anillo del Sur Foto NASA\" width=\"100%\" height=\"100%\" \/><\/p>\n<div class=\"media-icons\"><\/div><figcaption>Nebulosa planetaria del Anillo del Sur. Foto: NASA.<\/figcaption><\/figure>\n<p>Este lunes, el presidente estadounidense, Joe Biden, hab\u00eda adelantado la primera imagen del telescopio Webb: el c\u00famulo de galaxias SMACS 0723 tal como apareci\u00f3 hace 4.600 millones de a\u00f1os.<\/p>\n<p><strong>\u00abHoy, presentamos a la humanidad una vista nueva y revolucionaria del cosmos desde el telescopio espacial James Webb, una vista que el mundo nunca antes hab\u00eda tenido\u00bb<\/strong>, dijo Bill Nelson, administrador de la NASA.<\/p>\n<p>Y continu\u00f3: \u00abEstas im\u00e1genes, incluyendo la vista infrarroja m\u00e1s profunda de nuestro universo que jam\u00e1s se haya tomado, nos muestran c\u00f3mo Webb ayudar\u00e1 a descubrir las respuestas a las preguntas que a\u00fan no sabemos hacer; preguntas que nos ayudar\u00e1n a comprender mejor nuestro universo y el lugar de la humanidad dentro de \u00e9l\u00bb.<\/p>\n<p>Por su parte, la astrof\u00edsica Jane Rigby se\u00f1al\u00f3 que \u00abayer (por el lunes) compartimos la primera imagen de Webb: el c\u00famulo de galaxias SMACS 0723. Vean el mismo objetivo, visto por Hubble (otro telescopio de la NASA) en 2017. Webb pudo capturar esta imagen en menos de un d\u00eda, mientras que im\u00e1genes similares del Hubble pueden tomar varias semanas\u00bb.<\/p>\n<figure class=\"mb-3\"><img decoding=\"async\" src=\"https:\/\/www.telam.com.ar\/thumbs\/bluesteel\/advf\/imagenes\/2022\/07\/62cd96d7df380_900.jpg\" alt=\"El espeso polvo espacial del Quinteto de Stephan Foto NASA\" width=\"100%\" height=\"100%\" \/><\/p>\n<div class=\"media-icons\"><\/div><figcaption>El espeso polvo espacial del Quinteto de Stephan. Foto: NASA.<\/figcaption><\/figure>\n<figure class=\"mb-3\"><img decoding=\"async\" src=\"https:\/\/www.telam.com.ar\/thumbs\/bluesteel\/advf\/imagenes\/2022\/07\/62cd9818c74b4_900.jpg\" alt=\"Estrellas bebs en la Nebulosa de Carina Foto NASA\" width=\"100%\" height=\"100%\" \/><\/p>\n<div class=\"media-icons\"><\/div><figcaption>Estrellas beb\u00e9s en la Nebulosa de Carina. Foto: NASA.<\/figcaption><\/figure>\n<p>Y agreg\u00f3 entusiasmada: \u00abTomamos esa imagen antes del desayuno. Lo incre\u00edble de Webb es la velocidad a la que podemos producir descubrimientos\u00bb.<\/p>\n<p>Las primeras observaciones de Webb fueron seleccionadas por un grupo de representantes de la NASA, la Agencia Espacial Europea (ESA), la Agencia Espacial Canadiense (CSA) y el Instituto de Ciencias del Telescopio Espacial (STScl, por sus siglas en ingl\u00e9s).<\/p>\n<h2 class=\"\">Las im\u00e1genes<\/h2>\n<p>Tras explicar la imagen mostrada\u00a0 (SMACS 0723), la transmisi\u00f3n present\u00f3 la primera de este martes: el detalle de la atm\u00f3sfera humeante de un planeta distante, que llamaron WASP-96b (espectro).<\/p>\n<p>\u00abEl Telescopio Espacial James Webb de la NASA ha capturado la firma distintiva del agua, junto con evidencia de nubes y neblina, en la atm\u00f3sfera que rodea un planeta gigante de gas caliente e hinchado que orbita una estrella distante similar al Sol\u00bb, explicaron.<\/p>\n<blockquote class=\"twitter-tweet\" data-width=\"500\" data-dnt=\"true\">\n<p lang=\"en\" dir=\"ltr\">Something&#39;s coming. Something good! Get ready to <a href=\"https:\/\/twitter.com\/hashtag\/UnfoldTheUniverse?src=hash&amp;ref_src=twsrc%5Etfw\">#UnfoldTheUniverse<\/a>. Tune in now for remarks from NASA leadership ahead of the release of <a href=\"https:\/\/twitter.com\/NASAWebb?ref_src=twsrc%5Etfw\">@NASAWebb<\/a>\u2019s first full-color images and data. <a href=\"https:\/\/t.co\/YQUQwPnvQ9\">https:\/\/t.co\/YQUQwPnvQ9<\/a><\/p>\n<p>&mdash; NASA (@NASA) <a href=\"https:\/\/twitter.com\/NASA\/status\/1546853236816109569?ref_src=twsrc%5Etfw\">July 12, 2022<\/a><\/p><\/blockquote>\n<p><script async src=\"https:\/\/platform.twitter.com\/widgets.js\" charset=\"utf-8\"><\/script><\/p>\n<p>Y a\u00f1adieron que \u00abla observaci\u00f3n, que revela la presencia de mol\u00e9culas de gas espec\u00edficas basadas en peque\u00f1as disminuciones en el brillo de colores de luz precisos, es la m\u00e1s detallada de su tipo hasta la fecha, lo que demuestra la capacidad sin precedentes de Webb para analizar atm\u00f3sferas a cientos de a\u00f1os luz de distancia\u00bb.<\/p>\n<p>La segunda imagen presentada fue la de la denominada Nebulosa del Anillo Sur que est\u00e1 aproximadamente a 2.500 a\u00f1os luz de distancia.<\/p>\n<p>Los presentadores explicaron que si bien se trata de una nebulosa planetaria, el calificativo \u00abplanetario\u00bb no remite a un planeta sino que se trata de capas de polvo y gas arrojadas por estrellas moribundas similares al Sol.<\/p>\n<p>Tambi\u00e9n presentaron una imagen del que llamaron Quinteto de Stephan, donde se puede observar a cinco galaxias, cuatro de las cuales interact\u00faan.<\/p>\n<p>\u00abLa imagen del Quinteto de Stephan revela una especie de danza c\u00f3smica impulsada por la fuerza gravitacional, el tipo de interacci\u00f3n que impulsa la evoluci\u00f3n de las galaxias\u00bb, explic\u00f3 durante su presentaci\u00f3n la cient\u00edfica de datos Giovanna Giardino.<\/p>\n<p>Por \u00faltimo, se presentaron las im\u00e1genes de la Nebulosa de Carina: \u00abLa mirada de Webb a los &#8216;precipicios c\u00f3smicos&#8217; en la Nebulosa de Carina revela las fases m\u00e1s iniciales y r\u00e1pidas de formaci\u00f3n estelar que anteriormente hab\u00edan estado ocultos\u00bb, indicaron.<\/p>\n<p>Y continuaron: \u00abObservando esta regi\u00f3n de formaci\u00f3n estelar en la constelaci\u00f3n de Carina, situada en el hemisferio sur, as\u00ed como otras constelaciones similares, Webb puede ver nuevas estrellas en formaci\u00f3n y estudiar el gas y el polvo que las forman\u00bb.<\/p>\n<p>El telescopio espacial James Webb es el principal observatorio de ciencia espacial del mundo; se trata de un programa internacional liderado por la NASA con sus socios, ESA y CSA.<\/p>\n<p>\u00abWebb resolver\u00e1 misterios en nuestro sistema solar, mirar\u00e1 m\u00e1s all\u00e1 de mundos distantes alrededor de otras estrellas e investigar\u00e1 las misteriosas estructuras y or\u00edgenes de nuestro universo y nuestro lugar en \u00e9l\u00bb, se\u00f1ala la NASA en su p\u00e1gina oficial.<\/p>\n","protected":false},"excerpt":{"rendered":"<p>En un evento muy esperado, la NASA dio a conocer im\u00e1genes. El lunes difundieron una de ellas, la \u00abimagen infrarroja m\u00e1s profunda y n\u00edtida del universo primitivo\u00bb, apuntando unos 13.000 millones de a\u00f1os hacia atr\u00e1s.<\/p>\n","protected":false},"author":3,"featured_media":0,"comment_status":"closed","ping_status":"closed","sticky":false,"template":"","format":"standard","meta":{"footnotes":""},"categories":[46],"tags":[],"class_list":["post-75008","post","type-post","status-publish","format-standard","hentry","category-ciencia-y-tecnologia"],"yoast_head":"<!-- This site is optimized with the Yoast SEO plugin v25.9 - https:\/\/yoast.com\/wordpress\/plugins\/seo\/ -->\n<title>La NASA presenta las im\u00e1genes m\u00e1s profundas y n\u00edtidas del universo distante hasta la fecha - Noticias Radio Reflejos<\/title>\n<meta name=\"robots\" content=\"index, follow, max-snippet:-1, max-image-preview:large, max-video-preview:-1\" \/>\n<link rel=\"canonical\" href=\"https:\/\/www.noticiasradioreflejos.com.ar\/2021\/la-nasa-presenta-las-imagenes-mas-profundas-y-nitidas-del-universo-distante-hasta-la-fecha\/\" \/>\n<meta property=\"og:locale\" content=\"es_ES\" \/>\n<meta property=\"og:type\" content=\"article\" \/>\n<meta property=\"og:title\" content=\"La NASA presenta las im\u00e1genes m\u00e1s profundas y n\u00edtidas del universo distante hasta la fecha - Noticias Radio Reflejos\" \/>\n<meta property=\"og:description\" content=\"En un evento muy esperado, la NASA dio a conocer im\u00e1genes. El lunes difundieron una de ellas, la \u00abimagen infrarroja m\u00e1s profunda y n\u00edtida del universo primitivo\u00bb, apuntando unos 13.000 millones de a\u00f1os hacia atr\u00e1s.\" \/>\n<meta property=\"og:url\" content=\"https:\/\/www.noticiasradioreflejos.com.ar\/2021\/la-nasa-presenta-las-imagenes-mas-profundas-y-nitidas-del-universo-distante-hasta-la-fecha\/\" \/>\n<meta property=\"og:site_name\" content=\"Noticias Radio Reflejos\" \/>\n<meta property=\"article:published_time\" content=\"2022-07-13T11:30:23+00:00\" \/>\n<meta property=\"article:modified_time\" content=\"2022-07-13T11:41:05+00:00\" \/>\n<meta property=\"og:image\" content=\"https:\/\/www.telam.com.ar\/thumbs\/bluesteel\/advf\/imagenes\/2022\/07\/62cd93a4efbf6_900.jpg\" \/>\n<meta name=\"author\" content=\"Arnaldo Botto\" \/>\n<meta name=\"twitter:card\" content=\"summary_large_image\" \/>\n<script type=\"application\/ld+json\" class=\"yoast-schema-graph\">{\"@context\":\"https:\/\/schema.org\",\"@graph\":[{\"@type\":\"WebPage\",\"@id\":\"https:\/\/www.noticiasradioreflejos.com.ar\/2021\/la-nasa-presenta-las-imagenes-mas-profundas-y-nitidas-del-universo-distante-hasta-la-fecha\/\",\"url\":\"https:\/\/www.noticiasradioreflejos.com.ar\/2021\/la-nasa-presenta-las-imagenes-mas-profundas-y-nitidas-del-universo-distante-hasta-la-fecha\/\",\"name\":\"La NASA presenta las im\u00e1genes m\u00e1s profundas y n\u00edtidas del universo distante hasta la fecha - Noticias Radio Reflejos\",\"isPartOf\":{\"@id\":\"https:\/\/www.noticiasradioreflejos.com.ar\/2021\/#website\"},\"primaryImageOfPage\":{\"@id\":\"https:\/\/www.noticiasradioreflejos.com.ar\/2021\/la-nasa-presenta-las-imagenes-mas-profundas-y-nitidas-del-universo-distante-hasta-la-fecha\/#primaryimage\"},\"image\":{\"@id\":\"https:\/\/www.noticiasradioreflejos.com.ar\/2021\/la-nasa-presenta-las-imagenes-mas-profundas-y-nitidas-del-universo-distante-hasta-la-fecha\/#primaryimage\"},\"thumbnailUrl\":\"https:\/\/www.telam.com.ar\/thumbs\/bluesteel\/advf\/imagenes\/2022\/07\/62cd93a4efbf6_900.jpg\",\"datePublished\":\"2022-07-13T11:30:23+00:00\",\"dateModified\":\"2022-07-13T11:41:05+00:00\",\"author\":{\"@id\":\"https:\/\/www.noticiasradioreflejos.com.ar\/2021\/#\/schema\/person\/ad82545263dcc5ec0996818884fd5fb1\"},\"breadcrumb\":{\"@id\":\"https:\/\/www.noticiasradioreflejos.com.ar\/2021\/la-nasa-presenta-las-imagenes-mas-profundas-y-nitidas-del-universo-distante-hasta-la-fecha\/#breadcrumb\"},\"inLanguage\":\"es\",\"potentialAction\":[{\"@type\":\"ReadAction\",\"target\":[\"https:\/\/www.noticiasradioreflejos.com.ar\/2021\/la-nasa-presenta-las-imagenes-mas-profundas-y-nitidas-del-universo-distante-hasta-la-fecha\/\"]}]},{\"@type\":\"ImageObject\",\"inLanguage\":\"es\",\"@id\":\"https:\/\/www.noticiasradioreflejos.com.ar\/2021\/la-nasa-presenta-las-imagenes-mas-profundas-y-nitidas-del-universo-distante-hasta-la-fecha\/#primaryimage\",\"url\":\"https:\/\/www.telam.com.ar\/thumbs\/bluesteel\/advf\/imagenes\/2022\/07\/62cd93a4efbf6_900.jpg\",\"contentUrl\":\"https:\/\/www.telam.com.ar\/thumbs\/bluesteel\/advf\/imagenes\/2022\/07\/62cd93a4efbf6_900.jpg\"},{\"@type\":\"BreadcrumbList\",\"@id\":\"https:\/\/www.noticiasradioreflejos.com.ar\/2021\/la-nasa-presenta-las-imagenes-mas-profundas-y-nitidas-del-universo-distante-hasta-la-fecha\/#breadcrumb\",\"itemListElement\":[{\"@type\":\"ListItem\",\"position\":1,\"name\":\"Portada\",\"item\":\"https:\/\/www.noticiasradioreflejos.com.ar\/2021\/\"},{\"@type\":\"ListItem\",\"position\":2,\"name\":\"La NASA presenta las im\u00e1genes m\u00e1s profundas y n\u00edtidas del universo distante hasta la fecha\"}]},{\"@type\":\"WebSite\",\"@id\":\"https:\/\/www.noticiasradioreflejos.com.ar\/2021\/#website\",\"url\":\"https:\/\/www.noticiasradioreflejos.com.ar\/2021\/\",\"name\":\"Noticias Radio Reflejos\",\"description\":\"Las noticias de mi comarca\",\"potentialAction\":[{\"@type\":\"SearchAction\",\"target\":{\"@type\":\"EntryPoint\",\"urlTemplate\":\"https:\/\/www.noticiasradioreflejos.com.ar\/2021\/?s={search_term_string}\"},\"query-input\":{\"@type\":\"PropertyValueSpecification\",\"valueRequired\":true,\"valueName\":\"search_term_string\"}}],\"inLanguage\":\"es\"},{\"@type\":\"Person\",\"@id\":\"https:\/\/www.noticiasradioreflejos.com.ar\/2021\/#\/schema\/person\/ad82545263dcc5ec0996818884fd5fb1\",\"name\":\"Arnaldo Botto\",\"image\":{\"@type\":\"ImageObject\",\"inLanguage\":\"es\",\"@id\":\"https:\/\/www.noticiasradioreflejos.com.ar\/2021\/#\/schema\/person\/image\/\",\"url\":\"https:\/\/secure.gravatar.com\/avatar\/55cb5e37c1efa326397366e6974cb338056df65cb50e7d64d1cf314e87504837?s=96&d=mm&r=g\",\"contentUrl\":\"https:\/\/secure.gravatar.com\/avatar\/55cb5e37c1efa326397366e6974cb338056df65cb50e7d64d1cf314e87504837?s=96&d=mm&r=g\",\"caption\":\"Arnaldo Botto\"},\"url\":\"https:\/\/www.noticiasradioreflejos.com.ar\/2021\/author\/arnaldo\/\"}]}<\/script>\n<!-- \/ Yoast SEO plugin. -->","yoast_head_json":{"title":"La NASA presenta las im\u00e1genes m\u00e1s profundas y n\u00edtidas del universo distante hasta la fecha - Noticias Radio Reflejos","robots":{"index":"index","follow":"follow","max-snippet":"max-snippet:-1","max-image-preview":"max-image-preview:large","max-video-preview":"max-video-preview:-1"},"canonical":"https:\/\/www.noticiasradioreflejos.com.ar\/2021\/la-nasa-presenta-las-imagenes-mas-profundas-y-nitidas-del-universo-distante-hasta-la-fecha\/","og_locale":"es_ES","og_type":"article","og_title":"La NASA presenta las im\u00e1genes m\u00e1s profundas y n\u00edtidas del universo distante hasta la fecha - Noticias Radio Reflejos","og_description":"En un evento muy esperado, la NASA dio a conocer im\u00e1genes. El lunes difundieron una de ellas, la \u00abimagen infrarroja m\u00e1s profunda y n\u00edtida del universo primitivo\u00bb, apuntando unos 13.000 millones de a\u00f1os hacia atr\u00e1s.","og_url":"https:\/\/www.noticiasradioreflejos.com.ar\/2021\/la-nasa-presenta-las-imagenes-mas-profundas-y-nitidas-del-universo-distante-hasta-la-fecha\/","og_site_name":"Noticias Radio Reflejos","article_published_time":"2022-07-13T11:30:23+00:00","article_modified_time":"2022-07-13T11:41:05+00:00","og_image":[{"url":"https:\/\/www.telam.com.ar\/thumbs\/bluesteel\/advf\/imagenes\/2022\/07\/62cd93a4efbf6_900.jpg","type":"","width":"","height":""}],"author":"Arnaldo Botto","twitter_card":"summary_large_image","schema":{"@context":"https:\/\/schema.org","@graph":[{"@type":"WebPage","@id":"https:\/\/www.noticiasradioreflejos.com.ar\/2021\/la-nasa-presenta-las-imagenes-mas-profundas-y-nitidas-del-universo-distante-hasta-la-fecha\/","url":"https:\/\/www.noticiasradioreflejos.com.ar\/2021\/la-nasa-presenta-las-imagenes-mas-profundas-y-nitidas-del-universo-distante-hasta-la-fecha\/","name":"La NASA presenta las im\u00e1genes m\u00e1s profundas y n\u00edtidas del universo distante hasta la fecha - Noticias Radio Reflejos","isPartOf":{"@id":"https:\/\/www.noticiasradioreflejos.com.ar\/2021\/#website"},"primaryImageOfPage":{"@id":"https:\/\/www.noticiasradioreflejos.com.ar\/2021\/la-nasa-presenta-las-imagenes-mas-profundas-y-nitidas-del-universo-distante-hasta-la-fecha\/#primaryimage"},"image":{"@id":"https:\/\/www.noticiasradioreflejos.com.ar\/2021\/la-nasa-presenta-las-imagenes-mas-profundas-y-nitidas-del-universo-distante-hasta-la-fecha\/#primaryimage"},"thumbnailUrl":"https:\/\/www.telam.com.ar\/thumbs\/bluesteel\/advf\/imagenes\/2022\/07\/62cd93a4efbf6_900.jpg","datePublished":"2022-07-13T11:30:23+00:00","dateModified":"2022-07-13T11:41:05+00:00","author":{"@id":"https:\/\/www.noticiasradioreflejos.com.ar\/2021\/#\/schema\/person\/ad82545263dcc5ec0996818884fd5fb1"},"breadcrumb":{"@id":"https:\/\/www.noticiasradioreflejos.com.ar\/2021\/la-nasa-presenta-las-imagenes-mas-profundas-y-nitidas-del-universo-distante-hasta-la-fecha\/#breadcrumb"},"inLanguage":"es","potentialAction":[{"@type":"ReadAction","target":["https:\/\/www.noticiasradioreflejos.com.ar\/2021\/la-nasa-presenta-las-imagenes-mas-profundas-y-nitidas-del-universo-distante-hasta-la-fecha\/"]}]},{"@type":"ImageObject","inLanguage":"es","@id":"https:\/\/www.noticiasradioreflejos.com.ar\/2021\/la-nasa-presenta-las-imagenes-mas-profundas-y-nitidas-del-universo-distante-hasta-la-fecha\/#primaryimage","url":"https:\/\/www.telam.com.ar\/thumbs\/bluesteel\/advf\/imagenes\/2022\/07\/62cd93a4efbf6_900.jpg","contentUrl":"https:\/\/www.telam.com.ar\/thumbs\/bluesteel\/advf\/imagenes\/2022\/07\/62cd93a4efbf6_900.jpg"},{"@type":"BreadcrumbList","@id":"https:\/\/www.noticiasradioreflejos.com.ar\/2021\/la-nasa-presenta-las-imagenes-mas-profundas-y-nitidas-del-universo-distante-hasta-la-fecha\/#breadcrumb","itemListElement":[{"@type":"ListItem","position":1,"name":"Portada","item":"https:\/\/www.noticiasradioreflejos.com.ar\/2021\/"},{"@type":"ListItem","position":2,"name":"La NASA presenta las im\u00e1genes m\u00e1s profundas y n\u00edtidas del universo distante hasta la fecha"}]},{"@type":"WebSite","@id":"https:\/\/www.noticiasradioreflejos.com.ar\/2021\/#website","url":"https:\/\/www.noticiasradioreflejos.com.ar\/2021\/","name":"Noticias Radio Reflejos","description":"Las noticias de mi comarca","potentialAction":[{"@type":"SearchAction","target":{"@type":"EntryPoint","urlTemplate":"https:\/\/www.noticiasradioreflejos.com.ar\/2021\/?s={search_term_string}"},"query-input":{"@type":"PropertyValueSpecification","valueRequired":true,"valueName":"search_term_string"}}],"inLanguage":"es"},{"@type":"Person","@id":"https:\/\/www.noticiasradioreflejos.com.ar\/2021\/#\/schema\/person\/ad82545263dcc5ec0996818884fd5fb1","name":"Arnaldo Botto","image":{"@type":"ImageObject","inLanguage":"es","@id":"https:\/\/www.noticiasradioreflejos.com.ar\/2021\/#\/schema\/person\/image\/","url":"https:\/\/secure.gravatar.com\/avatar\/55cb5e37c1efa326397366e6974cb338056df65cb50e7d64d1cf314e87504837?s=96&d=mm&r=g","contentUrl":"https:\/\/secure.gravatar.com\/avatar\/55cb5e37c1efa326397366e6974cb338056df65cb50e7d64d1cf314e87504837?s=96&d=mm&r=g","caption":"Arnaldo Botto"},"url":"https:\/\/www.noticiasradioreflejos.com.ar\/2021\/author\/arnaldo\/"}]}},"_links":{"self":[{"href":"https:\/\/www.noticiasradioreflejos.com.ar\/2021\/wp-json\/wp\/v2\/posts\/75008","targetHints":{"allow":["GET"]}}],"collection":[{"href":"https:\/\/www.noticiasradioreflejos.com.ar\/2021\/wp-json\/wp\/v2\/posts"}],"about":[{"href":"https:\/\/www.noticiasradioreflejos.com.ar\/2021\/wp-json\/wp\/v2\/types\/post"}],"author":[{"embeddable":true,"href":"https:\/\/www.noticiasradioreflejos.com.ar\/2021\/wp-json\/wp\/v2\/users\/3"}],"replies":[{"embeddable":true,"href":"https:\/\/www.noticiasradioreflejos.com.ar\/2021\/wp-json\/wp\/v2\/comments?post=75008"}],"version-history":[{"count":3,"href":"https:\/\/www.noticiasradioreflejos.com.ar\/2021\/wp-json\/wp\/v2\/posts\/75008\/revisions"}],"predecessor-version":[{"id":75011,"href":"https:\/\/www.noticiasradioreflejos.com.ar\/2021\/wp-json\/wp\/v2\/posts\/75008\/revisions\/75011"}],"wp:attachment":[{"href":"https:\/\/www.noticiasradioreflejos.com.ar\/2021\/wp-json\/wp\/v2\/media?parent=75008"}],"wp:term":[{"taxonomy":"category","embeddable":true,"href":"https:\/\/www.noticiasradioreflejos.com.ar\/2021\/wp-json\/wp\/v2\/categories?post=75008"},{"taxonomy":"post_tag","embeddable":true,"href":"https:\/\/www.noticiasradioreflejos.com.ar\/2021\/wp-json\/wp\/v2\/tags?post=75008"}],"curies":[{"name":"wp","href":"https:\/\/api.w.org\/{rel}","templated":true}]}}