{"id":75002,"date":"2022-07-13T10:55:47","date_gmt":"2022-07-13T10:55:47","guid":{"rendered":"http:\/\/www.noticiasradioreflejos.com.ar\/2021\/?p=75002"},"modified":"2022-07-13T10:56:33","modified_gmt":"2022-07-13T10:56:33","slug":"luna-de-ciervo-como-ver-desde-argentina-la-superluna-mas-grande-del-ano","status":"publish","type":"post","link":"https:\/\/www.noticiasradioreflejos.com.ar\/2021\/luna-de-ciervo-como-ver-desde-argentina-la-superluna-mas-grande-del-ano\/","title":{"rendered":"Luna de Ciervo: c\u00f3mo ver desde Argentina la superluna m\u00e1s grande del a\u00f1o"},"content":{"rendered":"<div class=\"section-2-col article-header\">\n<div class=\"col 2-col\">\n<p>Este evento especial se repetir\u00e1 en agosto. A qu\u00e9 hora ser\u00e1 y d\u00f3nde se podr\u00e1 ver.<\/p>\n<\/div>\n<\/div>\n<p><!--more--><\/p>\n<div class=\"section-2-col article-main-image\">\n<div class=\"col 2-col\">\n<div class=\"article-main-media-image__container\">\n<div class=\"image-wrapper\">\n<figure>\n<figure class=\"object-fit-block--contain intrinsic-container intrinsic-container-3x2\"><img decoding=\"async\" class=\" \" src=\"https:\/\/images.pagina12.com.ar\/styles\/focal_3_2_960x640\/public\/2022-07\/580691-42306-superluna_0.jpg?itok=R7rfNwmx\" alt=\"La Superluna de Ciervo alcanzar\u00e1 el m\u00e1ximo nivel de luminosidad en todo el a\u00f1o. Foto: Pixabay\" \/><\/figure><figcaption>La Superluna de Ciervo alcanzar\u00e1 el m\u00e1ximo nivel de luminosidad en todo el a\u00f1o. Foto: Pixabay<\/figcaption><\/figure>\n<\/div>\n<\/div>\n<\/div>\n<\/div>\n<div class=\"section-2-col article-main-content\">\n<div class=\"col 1-col\"><\/div>\n<div class=\"col 2-col\">\n<div class=\"article-main-content article-text \">\n<p>La\u00a0<b>Superluna<\/b>\u00a0que se ver\u00e1 este\u00a0<b>mi\u00e9rcoles 13 de julio,\u00a0<\/b>ser\u00e1 la tercera decuatro eventos<b>\u00a0consecutivos este invierno<\/b>. En astronom\u00eda se lo considera un ciclo especial, ya que permitir\u00e1 verla un\u00a0<b>7% m\u00e1s grande y un 16% m\u00e1s brillante<\/b>\u00a0que una luna llena promedio.\u00a0La pr\u00f3xima ser\u00e1 el 12 de agosto.<\/p>\n<p>Este fen\u00f3meno se produce cuando<b>\u00a0la \u00f3rbita del sat\u00e9lite natural se encuentra m\u00e1s cerca de la Tierra<\/b>\u00a0y se encuentra en su fase llena, por lo que\u00a0<b>se ve m\u00e1s brillante de lo normal y un poco m\u00e1s grande.<\/b><\/p>\n<div id=\"talkFireEvent\"><\/div>\n<p>\u00abEn este proceso, la luna gira alrededor de la tierra en forma de elipse, por lo que dependiendo la \u00e9poca del a\u00f1o puede estar m\u00e1s lejos o m\u00e1s cerca de la Tierra. Cuando est\u00e1 m\u00e1s cerca de nosotros se denomina\u00a0<b>perigeo<\/b>\u00ab, explica\u00a0<b>Guillermo Goldes<\/b>, Doctor en Astronom\u00eda de la Universidad de C\u00f3rdoba.<\/p>\n<p>Luna de Ciervo 2022: \u00bfdesde d\u00f3nde se podr\u00e1 ver?<\/p>\n<p>La de este mi\u00e9rcoles, que se conoce tambi\u00e9n con el nombre de\u00a0<b>Superluna de Ciervo\u00a0<\/b>por la temporada del a\u00f1o en que a los ciervos les crecen nuevas astas, trascender\u00e1 fronteras y\u00a0<b>ser\u00e1 visible desde cualquier punto del planeta<\/b><\/p>\n<p>Cuanto menos contaminaci\u00f3n lum\u00ednica haya, mejor se ver\u00e1, aunque podr\u00e1 observarse a simple vista. Y por su espectacular tama\u00f1o,\u00a0<b>no ser\u00e1 necesario utilizar binoculares, filtros ni telescopios.<\/b><\/p>\n<p>\u00abLa luna llena<b>\u00a0siempre sale al ponerse el sol\u00a0<\/b>y se pone al salir el sol, nuevamente. Por lo que este evento estar\u00e1 toda la noche visible\u00bb, agrega Goldes.<\/p>\n<p>Es decir, que este mi\u00e9rcoles, a partir de las 17:59 pasado el atardecer, empezar\u00e1 a hacerse visible y as\u00ed estar\u00e1 toda la noche. En\u00a0esta ocasi\u00f3n la distancia entre la luna y la tierra ser\u00e1 de\u00a0<b>357.264 kil\u00f3metros\u00a0<\/b>y\u00a0alcanzar\u00e1 el m\u00e1ximo nivel de luminosidad en todo el a\u00f1o.<\/p>\n<p>De acuerdo a informaci\u00f3n de la NASA,<b>\u00a0la Luna de Ciervo podr\u00e1 apreciarse hasta la ma\u00f1ana del viernes, 15 de julio,<\/b>\u00a0por lo que tendr\u00e1s un par de d\u00edas para mirar al cielo y apreciar el espect\u00e1culo.<\/p>\n<p>Adem\u00e1s de verse m\u00e1s grande, tambi\u00e9n se podr\u00e1 apreciar un ligero cambio de color, ya que estar\u00e1 m\u00e1s cerca del horizonte en el hemisferio norte, lo que har\u00e1 que adquiera un tono anaranjado, incluso, rosado o rojo.<\/p>\n<\/div>\n<p><strong>Fuente P\u00e1gina 12<\/strong><\/p>\n<\/div>\n<\/div>\n","protected":false},"excerpt":{"rendered":"<p>Este evento especial se repetir\u00e1 en agosto. A qu\u00e9 hora ser\u00e1 y d\u00f3nde se podr\u00e1 ver.<\/p>\n","protected":false},"author":3,"featured_media":0,"comment_status":"closed","ping_status":"closed","sticky":false,"template":"","format":"standard","meta":{"footnotes":""},"categories":[46,26],"tags":[],"class_list":["post-75002","post","type-post","status-publish","format-standard","hentry","category-ciencia-y-tecnologia","category-sociedad"],"yoast_head":"<!-- This site is optimized with the Yoast SEO plugin v25.9 - https:\/\/yoast.com\/wordpress\/plugins\/seo\/ -->\n<title>Luna de Ciervo: c\u00f3mo ver desde Argentina la superluna m\u00e1s grande del a\u00f1o - Noticias Radio Reflejos<\/title>\n<meta name=\"robots\" content=\"index, follow, max-snippet:-1, max-image-preview:large, max-video-preview:-1\" \/>\n<link rel=\"canonical\" href=\"https:\/\/www.noticiasradioreflejos.com.ar\/2021\/luna-de-ciervo-como-ver-desde-argentina-la-superluna-mas-grande-del-ano\/\" \/>\n<meta property=\"og:locale\" content=\"es_ES\" \/>\n<meta property=\"og:type\" content=\"article\" \/>\n<meta property=\"og:title\" content=\"Luna de Ciervo: c\u00f3mo ver desde Argentina la superluna m\u00e1s grande del a\u00f1o - Noticias Radio Reflejos\" \/>\n<meta property=\"og:description\" content=\"Este evento especial se repetir\u00e1 en agosto. A qu\u00e9 hora ser\u00e1 y d\u00f3nde se podr\u00e1 ver.\" \/>\n<meta property=\"og:url\" content=\"https:\/\/www.noticiasradioreflejos.com.ar\/2021\/luna-de-ciervo-como-ver-desde-argentina-la-superluna-mas-grande-del-ano\/\" \/>\n<meta property=\"og:site_name\" content=\"Noticias Radio Reflejos\" \/>\n<meta property=\"article:published_time\" content=\"2022-07-13T10:55:47+00:00\" \/>\n<meta property=\"article:modified_time\" content=\"2022-07-13T10:56:33+00:00\" \/>\n<meta property=\"og:image\" content=\"https:\/\/images.pagina12.com.ar\/styles\/focal_3_2_960x640\/public\/2022-07\/580691-42306-superluna_0.jpg?itok=R7rfNwmx\" \/>\n<meta name=\"author\" content=\"Arnaldo Botto\" \/>\n<meta name=\"twitter:card\" content=\"summary_large_image\" \/>\n<script type=\"application\/ld+json\" class=\"yoast-schema-graph\">{\"@context\":\"https:\/\/schema.org\",\"@graph\":[{\"@type\":\"WebPage\",\"@id\":\"https:\/\/www.noticiasradioreflejos.com.ar\/2021\/luna-de-ciervo-como-ver-desde-argentina-la-superluna-mas-grande-del-ano\/\",\"url\":\"https:\/\/www.noticiasradioreflejos.com.ar\/2021\/luna-de-ciervo-como-ver-desde-argentina-la-superluna-mas-grande-del-ano\/\",\"name\":\"Luna de Ciervo: c\u00f3mo ver desde Argentina la superluna m\u00e1s grande del a\u00f1o - Noticias Radio Reflejos\",\"isPartOf\":{\"@id\":\"https:\/\/www.noticiasradioreflejos.com.ar\/2021\/#website\"},\"primaryImageOfPage\":{\"@id\":\"https:\/\/www.noticiasradioreflejos.com.ar\/2021\/luna-de-ciervo-como-ver-desde-argentina-la-superluna-mas-grande-del-ano\/#primaryimage\"},\"image\":{\"@id\":\"https:\/\/www.noticiasradioreflejos.com.ar\/2021\/luna-de-ciervo-como-ver-desde-argentina-la-superluna-mas-grande-del-ano\/#primaryimage\"},\"thumbnailUrl\":\"https:\/\/images.pagina12.com.ar\/styles\/focal_3_2_960x640\/public\/2022-07\/580691-42306-superluna_0.jpg?itok=R7rfNwmx\",\"datePublished\":\"2022-07-13T10:55:47+00:00\",\"dateModified\":\"2022-07-13T10:56:33+00:00\",\"author\":{\"@id\":\"https:\/\/www.noticiasradioreflejos.com.ar\/2021\/#\/schema\/person\/ad82545263dcc5ec0996818884fd5fb1\"},\"breadcrumb\":{\"@id\":\"https:\/\/www.noticiasradioreflejos.com.ar\/2021\/luna-de-ciervo-como-ver-desde-argentina-la-superluna-mas-grande-del-ano\/#breadcrumb\"},\"inLanguage\":\"es\",\"potentialAction\":[{\"@type\":\"ReadAction\",\"target\":[\"https:\/\/www.noticiasradioreflejos.com.ar\/2021\/luna-de-ciervo-como-ver-desde-argentina-la-superluna-mas-grande-del-ano\/\"]}]},{\"@type\":\"ImageObject\",\"inLanguage\":\"es\",\"@id\":\"https:\/\/www.noticiasradioreflejos.com.ar\/2021\/luna-de-ciervo-como-ver-desde-argentina-la-superluna-mas-grande-del-ano\/#primaryimage\",\"url\":\"https:\/\/images.pagina12.com.ar\/styles\/focal_3_2_960x640\/public\/2022-07\/580691-42306-superluna_0.jpg?itok=R7rfNwmx\",\"contentUrl\":\"https:\/\/images.pagina12.com.ar\/styles\/focal_3_2_960x640\/public\/2022-07\/580691-42306-superluna_0.jpg?itok=R7rfNwmx\"},{\"@type\":\"BreadcrumbList\",\"@id\":\"https:\/\/www.noticiasradioreflejos.com.ar\/2021\/luna-de-ciervo-como-ver-desde-argentina-la-superluna-mas-grande-del-ano\/#breadcrumb\",\"itemListElement\":[{\"@type\":\"ListItem\",\"position\":1,\"name\":\"Portada\",\"item\":\"https:\/\/www.noticiasradioreflejos.com.ar\/2021\/\"},{\"@type\":\"ListItem\",\"position\":2,\"name\":\"Luna de Ciervo: c\u00f3mo ver desde Argentina la superluna m\u00e1s grande del a\u00f1o\"}]},{\"@type\":\"WebSite\",\"@id\":\"https:\/\/www.noticiasradioreflejos.com.ar\/2021\/#website\",\"url\":\"https:\/\/www.noticiasradioreflejos.com.ar\/2021\/\",\"name\":\"Noticias Radio Reflejos\",\"description\":\"Las noticias de mi comarca\",\"potentialAction\":[{\"@type\":\"SearchAction\",\"target\":{\"@type\":\"EntryPoint\",\"urlTemplate\":\"https:\/\/www.noticiasradioreflejos.com.ar\/2021\/?s={search_term_string}\"},\"query-input\":{\"@type\":\"PropertyValueSpecification\",\"valueRequired\":true,\"valueName\":\"search_term_string\"}}],\"inLanguage\":\"es\"},{\"@type\":\"Person\",\"@id\":\"https:\/\/www.noticiasradioreflejos.com.ar\/2021\/#\/schema\/person\/ad82545263dcc5ec0996818884fd5fb1\",\"name\":\"Arnaldo Botto\",\"image\":{\"@type\":\"ImageObject\",\"inLanguage\":\"es\",\"@id\":\"https:\/\/www.noticiasradioreflejos.com.ar\/2021\/#\/schema\/person\/image\/\",\"url\":\"https:\/\/secure.gravatar.com\/avatar\/55cb5e37c1efa326397366e6974cb338056df65cb50e7d64d1cf314e87504837?s=96&d=mm&r=g\",\"contentUrl\":\"https:\/\/secure.gravatar.com\/avatar\/55cb5e37c1efa326397366e6974cb338056df65cb50e7d64d1cf314e87504837?s=96&d=mm&r=g\",\"caption\":\"Arnaldo Botto\"},\"url\":\"https:\/\/www.noticiasradioreflejos.com.ar\/2021\/author\/arnaldo\/\"}]}<\/script>\n<!-- \/ Yoast SEO plugin. -->","yoast_head_json":{"title":"Luna de Ciervo: c\u00f3mo ver desde Argentina la superluna m\u00e1s grande del a\u00f1o - Noticias Radio Reflejos","robots":{"index":"index","follow":"follow","max-snippet":"max-snippet:-1","max-image-preview":"max-image-preview:large","max-video-preview":"max-video-preview:-1"},"canonical":"https:\/\/www.noticiasradioreflejos.com.ar\/2021\/luna-de-ciervo-como-ver-desde-argentina-la-superluna-mas-grande-del-ano\/","og_locale":"es_ES","og_type":"article","og_title":"Luna de Ciervo: c\u00f3mo ver desde Argentina la superluna m\u00e1s grande del a\u00f1o - Noticias Radio Reflejos","og_description":"Este evento especial se repetir\u00e1 en agosto. A qu\u00e9 hora ser\u00e1 y d\u00f3nde se podr\u00e1 ver.","og_url":"https:\/\/www.noticiasradioreflejos.com.ar\/2021\/luna-de-ciervo-como-ver-desde-argentina-la-superluna-mas-grande-del-ano\/","og_site_name":"Noticias Radio Reflejos","article_published_time":"2022-07-13T10:55:47+00:00","article_modified_time":"2022-07-13T10:56:33+00:00","og_image":[{"url":"https:\/\/images.pagina12.com.ar\/styles\/focal_3_2_960x640\/public\/2022-07\/580691-42306-superluna_0.jpg?itok=R7rfNwmx","type":"","width":"","height":""}],"author":"Arnaldo Botto","twitter_card":"summary_large_image","schema":{"@context":"https:\/\/schema.org","@graph":[{"@type":"WebPage","@id":"https:\/\/www.noticiasradioreflejos.com.ar\/2021\/luna-de-ciervo-como-ver-desde-argentina-la-superluna-mas-grande-del-ano\/","url":"https:\/\/www.noticiasradioreflejos.com.ar\/2021\/luna-de-ciervo-como-ver-desde-argentina-la-superluna-mas-grande-del-ano\/","name":"Luna de Ciervo: c\u00f3mo ver desde Argentina la superluna m\u00e1s grande del a\u00f1o - Noticias Radio Reflejos","isPartOf":{"@id":"https:\/\/www.noticiasradioreflejos.com.ar\/2021\/#website"},"primaryImageOfPage":{"@id":"https:\/\/www.noticiasradioreflejos.com.ar\/2021\/luna-de-ciervo-como-ver-desde-argentina-la-superluna-mas-grande-del-ano\/#primaryimage"},"image":{"@id":"https:\/\/www.noticiasradioreflejos.com.ar\/2021\/luna-de-ciervo-como-ver-desde-argentina-la-superluna-mas-grande-del-ano\/#primaryimage"},"thumbnailUrl":"https:\/\/images.pagina12.com.ar\/styles\/focal_3_2_960x640\/public\/2022-07\/580691-42306-superluna_0.jpg?itok=R7rfNwmx","datePublished":"2022-07-13T10:55:47+00:00","dateModified":"2022-07-13T10:56:33+00:00","author":{"@id":"https:\/\/www.noticiasradioreflejos.com.ar\/2021\/#\/schema\/person\/ad82545263dcc5ec0996818884fd5fb1"},"breadcrumb":{"@id":"https:\/\/www.noticiasradioreflejos.com.ar\/2021\/luna-de-ciervo-como-ver-desde-argentina-la-superluna-mas-grande-del-ano\/#breadcrumb"},"inLanguage":"es","potentialAction":[{"@type":"ReadAction","target":["https:\/\/www.noticiasradioreflejos.com.ar\/2021\/luna-de-ciervo-como-ver-desde-argentina-la-superluna-mas-grande-del-ano\/"]}]},{"@type":"ImageObject","inLanguage":"es","@id":"https:\/\/www.noticiasradioreflejos.com.ar\/2021\/luna-de-ciervo-como-ver-desde-argentina-la-superluna-mas-grande-del-ano\/#primaryimage","url":"https:\/\/images.pagina12.com.ar\/styles\/focal_3_2_960x640\/public\/2022-07\/580691-42306-superluna_0.jpg?itok=R7rfNwmx","contentUrl":"https:\/\/images.pagina12.com.ar\/styles\/focal_3_2_960x640\/public\/2022-07\/580691-42306-superluna_0.jpg?itok=R7rfNwmx"},{"@type":"BreadcrumbList","@id":"https:\/\/www.noticiasradioreflejos.com.ar\/2021\/luna-de-ciervo-como-ver-desde-argentina-la-superluna-mas-grande-del-ano\/#breadcrumb","itemListElement":[{"@type":"ListItem","position":1,"name":"Portada","item":"https:\/\/www.noticiasradioreflejos.com.ar\/2021\/"},{"@type":"ListItem","position":2,"name":"Luna de Ciervo: c\u00f3mo ver desde Argentina la superluna m\u00e1s grande del a\u00f1o"}]},{"@type":"WebSite","@id":"https:\/\/www.noticiasradioreflejos.com.ar\/2021\/#website","url":"https:\/\/www.noticiasradioreflejos.com.ar\/2021\/","name":"Noticias Radio Reflejos","description":"Las noticias de mi comarca","potentialAction":[{"@type":"SearchAction","target":{"@type":"EntryPoint","urlTemplate":"https:\/\/www.noticiasradioreflejos.com.ar\/2021\/?s={search_term_string}"},"query-input":{"@type":"PropertyValueSpecification","valueRequired":true,"valueName":"search_term_string"}}],"inLanguage":"es"},{"@type":"Person","@id":"https:\/\/www.noticiasradioreflejos.com.ar\/2021\/#\/schema\/person\/ad82545263dcc5ec0996818884fd5fb1","name":"Arnaldo Botto","image":{"@type":"ImageObject","inLanguage":"es","@id":"https:\/\/www.noticiasradioreflejos.com.ar\/2021\/#\/schema\/person\/image\/","url":"https:\/\/secure.gravatar.com\/avatar\/55cb5e37c1efa326397366e6974cb338056df65cb50e7d64d1cf314e87504837?s=96&d=mm&r=g","contentUrl":"https:\/\/secure.gravatar.com\/avatar\/55cb5e37c1efa326397366e6974cb338056df65cb50e7d64d1cf314e87504837?s=96&d=mm&r=g","caption":"Arnaldo Botto"},"url":"https:\/\/www.noticiasradioreflejos.com.ar\/2021\/author\/arnaldo\/"}]}},"_links":{"self":[{"href":"https:\/\/www.noticiasradioreflejos.com.ar\/2021\/wp-json\/wp\/v2\/posts\/75002","targetHints":{"allow":["GET"]}}],"collection":[{"href":"https:\/\/www.noticiasradioreflejos.com.ar\/2021\/wp-json\/wp\/v2\/posts"}],"about":[{"href":"https:\/\/www.noticiasradioreflejos.com.ar\/2021\/wp-json\/wp\/v2\/types\/post"}],"author":[{"embeddable":true,"href":"https:\/\/www.noticiasradioreflejos.com.ar\/2021\/wp-json\/wp\/v2\/users\/3"}],"replies":[{"embeddable":true,"href":"https:\/\/www.noticiasradioreflejos.com.ar\/2021\/wp-json\/wp\/v2\/comments?post=75002"}],"version-history":[{"count":2,"href":"https:\/\/www.noticiasradioreflejos.com.ar\/2021\/wp-json\/wp\/v2\/posts\/75002\/revisions"}],"predecessor-version":[{"id":75005,"href":"https:\/\/www.noticiasradioreflejos.com.ar\/2021\/wp-json\/wp\/v2\/posts\/75002\/revisions\/75005"}],"wp:attachment":[{"href":"https:\/\/www.noticiasradioreflejos.com.ar\/2021\/wp-json\/wp\/v2\/media?parent=75002"}],"wp:term":[{"taxonomy":"category","embeddable":true,"href":"https:\/\/www.noticiasradioreflejos.com.ar\/2021\/wp-json\/wp\/v2\/categories?post=75002"},{"taxonomy":"post_tag","embeddable":true,"href":"https:\/\/www.noticiasradioreflejos.com.ar\/2021\/wp-json\/wp\/v2\/tags?post=75002"}],"curies":[{"name":"wp","href":"https:\/\/api.w.org\/{rel}","templated":true}]}}