{"id":750,"date":"2016-09-09T23:23:15","date_gmt":"2016-09-09T23:23:15","guid":{"rendered":"http:\/\/noticiasradioreflejos.com.ar\/noticias\/?p=750"},"modified":"2016-09-09T23:23:15","modified_gmt":"2016-09-09T23:23:15","slug":"todo-preparado-para-el-9-festival-del-dia-del-nino","status":"publish","type":"post","link":"https:\/\/www.noticiasradioreflejos.com.ar\/2021\/todo-preparado-para-el-9-festival-del-dia-del-nino\/","title":{"rendered":"Todo preparado para el 9\u00b0 Festival del D\u00eda del Ni\u00f1o"},"content":{"rendered":"<p><img loading=\"lazy\" decoding=\"async\" class=\" wp-image-754 alignleft\" src=\"http:\/\/noticiasradioreflejos.com.ar\/noticias\/wp-content\/uploads\/2016\/09\/IMG_20160909_122218810-1024x916.jpg\" alt=\"IMG_20160909_122218810\" width=\"504\" height=\"451\" \/>El domingo 11 de setiembre se realizar\u00e1 el 9\u00b0 festival del d\u00eda del ni\u00f1o en Saldungaray.<br \/>\nOrganizado por los empleados del casino de Sierra de la Ventana quienes trabajan desde hace varios meses para ofrecer un show con la troupe de payasos.<br \/>\nSebasti\u00e1n Carroso invit\u00f3 a trav\u00e9s de la radio a compartir una tarde de alegr\u00eda en familia. Visit\u00f3 los estudios acompa\u00f1ado de IGOR, el secretario del \u00abCient\u00edfico Loco\u00bb que anticip\u00f3 algo de lo que ocurrir\u00e1 durante la tarde del domingo pr\u00f3ximo.<br \/>\nSe llevar\u00e1 a cabo en la Sociedad Espa\u00f1ola de Saldungaray desde las 13 horas.<br \/>\n<iframe loading=\"lazy\" src=\"https:\/\/w.soundcloud.com\/player\/?url=https%3A\/\/api.soundcloud.com\/tracks\/282199525&amp;color=ff5500&amp;auto_play=false&amp;hide_related=false&amp;show_comments=true&amp;show_user=true&amp;show_reposts=false\" width=\"100%\" height=\"166\" frameborder=\"no\" scrolling=\"no\"><\/iframe><\/p>\n","protected":false},"excerpt":{"rendered":"<p>El domingo 11 de setiembre se realizar\u00e1 el 9\u00b0 festival del d\u00eda del ni\u00f1o en Saldungaray. Organizado por los empleados del casino de Sierra de la Ventana quienes trabajan desde hace varios meses para ofrecer un show con la troupe de payasos. Sebasti\u00e1n Carroso invit\u00f3 a trav\u00e9s de la radio a compartir una tarde de [&hellip;]<\/p>\n","protected":false},"author":3,"featured_media":0,"comment_status":"closed","ping_status":"open","sticky":false,"template":"","format":"standard","meta":{"footnotes":""},"categories":[26],"tags":[],"class_list":["post-750","post","type-post","status-publish","format-standard","hentry","category-sociedad"],"yoast_head":"<!-- This site is optimized with the Yoast SEO plugin v25.9 - https:\/\/yoast.com\/wordpress\/plugins\/seo\/ -->\n<title>Todo preparado para el 9\u00b0 Festival del D\u00eda del Ni\u00f1o - Noticias Radio Reflejos<\/title>\n<meta name=\"robots\" content=\"index, follow, max-snippet:-1, max-image-preview:large, max-video-preview:-1\" \/>\n<link rel=\"canonical\" href=\"https:\/\/www.noticiasradioreflejos.com.ar\/2021\/todo-preparado-para-el-9-festival-del-dia-del-nino\/\" \/>\n<meta property=\"og:locale\" content=\"es_ES\" \/>\n<meta property=\"og:type\" content=\"article\" \/>\n<meta property=\"og:title\" content=\"Todo preparado para el 9\u00b0 Festival del D\u00eda del Ni\u00f1o - Noticias Radio Reflejos\" \/>\n<meta property=\"og:description\" content=\"El domingo 11 de setiembre se realizar\u00e1 el 9\u00b0 festival del d\u00eda del ni\u00f1o en Saldungaray. Organizado por los empleados del casino de Sierra de la Ventana quienes trabajan desde hace varios meses para ofrecer un show con la troupe de payasos. Sebasti\u00e1n Carroso invit\u00f3 a trav\u00e9s de la radio a compartir una tarde de [&hellip;]\" \/>\n<meta property=\"og:url\" content=\"https:\/\/www.noticiasradioreflejos.com.ar\/2021\/todo-preparado-para-el-9-festival-del-dia-del-nino\/\" \/>\n<meta property=\"og:site_name\" content=\"Noticias Radio Reflejos\" \/>\n<meta property=\"article:published_time\" content=\"2016-09-09T23:23:15+00:00\" \/>\n<meta property=\"og:image\" content=\"https:\/\/www.noticiasradioreflejos.com.ar\/2021\/wp-content\/uploads\/2021\/07\/logosol300x200.png\" \/>\n\t<meta property=\"og:image:width\" content=\"300\" \/>\n\t<meta property=\"og:image:height\" content=\"200\" \/>\n\t<meta property=\"og:image:type\" content=\"image\/png\" \/>\n<meta name=\"author\" content=\"Arnaldo Botto\" \/>\n<meta name=\"twitter:card\" content=\"summary_large_image\" \/>\n<script type=\"application\/ld+json\" class=\"yoast-schema-graph\">{\"@context\":\"https:\/\/schema.org\",\"@graph\":[{\"@type\":\"WebPage\",\"@id\":\"https:\/\/www.noticiasradioreflejos.com.ar\/2021\/todo-preparado-para-el-9-festival-del-dia-del-nino\/\",\"url\":\"https:\/\/www.noticiasradioreflejos.com.ar\/2021\/todo-preparado-para-el-9-festival-del-dia-del-nino\/\",\"name\":\"Todo preparado para el 9\u00b0 Festival del D\u00eda del Ni\u00f1o - Noticias Radio Reflejos\",\"isPartOf\":{\"@id\":\"https:\/\/www.noticiasradioreflejos.com.ar\/2021\/#website\"},\"primaryImageOfPage\":{\"@id\":\"https:\/\/www.noticiasradioreflejos.com.ar\/2021\/todo-preparado-para-el-9-festival-del-dia-del-nino\/#primaryimage\"},\"image\":{\"@id\":\"https:\/\/www.noticiasradioreflejos.com.ar\/2021\/todo-preparado-para-el-9-festival-del-dia-del-nino\/#primaryimage\"},\"thumbnailUrl\":\"http:\/\/noticiasradioreflejos.com.ar\/noticias\/wp-content\/uploads\/2016\/09\/IMG_20160909_122218810-1024x916.jpg\",\"datePublished\":\"2016-09-09T23:23:15+00:00\",\"author\":{\"@id\":\"https:\/\/www.noticiasradioreflejos.com.ar\/2021\/#\/schema\/person\/ad82545263dcc5ec0996818884fd5fb1\"},\"breadcrumb\":{\"@id\":\"https:\/\/www.noticiasradioreflejos.com.ar\/2021\/todo-preparado-para-el-9-festival-del-dia-del-nino\/#breadcrumb\"},\"inLanguage\":\"es\",\"potentialAction\":[{\"@type\":\"ReadAction\",\"target\":[\"https:\/\/www.noticiasradioreflejos.com.ar\/2021\/todo-preparado-para-el-9-festival-del-dia-del-nino\/\"]}]},{\"@type\":\"ImageObject\",\"inLanguage\":\"es\",\"@id\":\"https:\/\/www.noticiasradioreflejos.com.ar\/2021\/todo-preparado-para-el-9-festival-del-dia-del-nino\/#primaryimage\",\"url\":\"http:\/\/noticiasradioreflejos.com.ar\/noticias\/wp-content\/uploads\/2016\/09\/IMG_20160909_122218810-1024x916.jpg\",\"contentUrl\":\"http:\/\/noticiasradioreflejos.com.ar\/noticias\/wp-content\/uploads\/2016\/09\/IMG_20160909_122218810-1024x916.jpg\"},{\"@type\":\"BreadcrumbList\",\"@id\":\"https:\/\/www.noticiasradioreflejos.com.ar\/2021\/todo-preparado-para-el-9-festival-del-dia-del-nino\/#breadcrumb\",\"itemListElement\":[{\"@type\":\"ListItem\",\"position\":1,\"name\":\"Portada\",\"item\":\"https:\/\/www.noticiasradioreflejos.com.ar\/2021\/\"},{\"@type\":\"ListItem\",\"position\":2,\"name\":\"Todo preparado para el 9\u00b0 Festival del D\u00eda del Ni\u00f1o\"}]},{\"@type\":\"WebSite\",\"@id\":\"https:\/\/www.noticiasradioreflejos.com.ar\/2021\/#website\",\"url\":\"https:\/\/www.noticiasradioreflejos.com.ar\/2021\/\",\"name\":\"Noticias Radio Reflejos\",\"description\":\"Las noticias de mi comarca\",\"potentialAction\":[{\"@type\":\"SearchAction\",\"target\":{\"@type\":\"EntryPoint\",\"urlTemplate\":\"https:\/\/www.noticiasradioreflejos.com.ar\/2021\/?s={search_term_string}\"},\"query-input\":{\"@type\":\"PropertyValueSpecification\",\"valueRequired\":true,\"valueName\":\"search_term_string\"}}],\"inLanguage\":\"es\"},{\"@type\":\"Person\",\"@id\":\"https:\/\/www.noticiasradioreflejos.com.ar\/2021\/#\/schema\/person\/ad82545263dcc5ec0996818884fd5fb1\",\"name\":\"Arnaldo Botto\",\"image\":{\"@type\":\"ImageObject\",\"inLanguage\":\"es\",\"@id\":\"https:\/\/www.noticiasradioreflejos.com.ar\/2021\/#\/schema\/person\/image\/\",\"url\":\"https:\/\/secure.gravatar.com\/avatar\/55cb5e37c1efa326397366e6974cb338056df65cb50e7d64d1cf314e87504837?s=96&d=mm&r=g\",\"contentUrl\":\"https:\/\/secure.gravatar.com\/avatar\/55cb5e37c1efa326397366e6974cb338056df65cb50e7d64d1cf314e87504837?s=96&d=mm&r=g\",\"caption\":\"Arnaldo Botto\"},\"url\":\"https:\/\/www.noticiasradioreflejos.com.ar\/2021\/author\/arnaldo\/\"}]}<\/script>\n<!-- \/ Yoast SEO plugin. -->","yoast_head_json":{"title":"Todo preparado para el 9\u00b0 Festival del D\u00eda del Ni\u00f1o - Noticias Radio Reflejos","robots":{"index":"index","follow":"follow","max-snippet":"max-snippet:-1","max-image-preview":"max-image-preview:large","max-video-preview":"max-video-preview:-1"},"canonical":"https:\/\/www.noticiasradioreflejos.com.ar\/2021\/todo-preparado-para-el-9-festival-del-dia-del-nino\/","og_locale":"es_ES","og_type":"article","og_title":"Todo preparado para el 9\u00b0 Festival del D\u00eda del Ni\u00f1o - Noticias Radio Reflejos","og_description":"El domingo 11 de setiembre se realizar\u00e1 el 9\u00b0 festival del d\u00eda del ni\u00f1o en Saldungaray. Organizado por los empleados del casino de Sierra de la Ventana quienes trabajan desde hace varios meses para ofrecer un show con la troupe de payasos. Sebasti\u00e1n Carroso invit\u00f3 a trav\u00e9s de la radio a compartir una tarde de [&hellip;]","og_url":"https:\/\/www.noticiasradioreflejos.com.ar\/2021\/todo-preparado-para-el-9-festival-del-dia-del-nino\/","og_site_name":"Noticias Radio Reflejos","article_published_time":"2016-09-09T23:23:15+00:00","og_image":[{"width":300,"height":200,"url":"https:\/\/www.noticiasradioreflejos.com.ar\/2021\/wp-content\/uploads\/2021\/07\/logosol300x200.png","type":"image\/png"}],"author":"Arnaldo Botto","twitter_card":"summary_large_image","schema":{"@context":"https:\/\/schema.org","@graph":[{"@type":"WebPage","@id":"https:\/\/www.noticiasradioreflejos.com.ar\/2021\/todo-preparado-para-el-9-festival-del-dia-del-nino\/","url":"https:\/\/www.noticiasradioreflejos.com.ar\/2021\/todo-preparado-para-el-9-festival-del-dia-del-nino\/","name":"Todo preparado para el 9\u00b0 Festival del D\u00eda del Ni\u00f1o - Noticias Radio Reflejos","isPartOf":{"@id":"https:\/\/www.noticiasradioreflejos.com.ar\/2021\/#website"},"primaryImageOfPage":{"@id":"https:\/\/www.noticiasradioreflejos.com.ar\/2021\/todo-preparado-para-el-9-festival-del-dia-del-nino\/#primaryimage"},"image":{"@id":"https:\/\/www.noticiasradioreflejos.com.ar\/2021\/todo-preparado-para-el-9-festival-del-dia-del-nino\/#primaryimage"},"thumbnailUrl":"http:\/\/noticiasradioreflejos.com.ar\/noticias\/wp-content\/uploads\/2016\/09\/IMG_20160909_122218810-1024x916.jpg","datePublished":"2016-09-09T23:23:15+00:00","author":{"@id":"https:\/\/www.noticiasradioreflejos.com.ar\/2021\/#\/schema\/person\/ad82545263dcc5ec0996818884fd5fb1"},"breadcrumb":{"@id":"https:\/\/www.noticiasradioreflejos.com.ar\/2021\/todo-preparado-para-el-9-festival-del-dia-del-nino\/#breadcrumb"},"inLanguage":"es","potentialAction":[{"@type":"ReadAction","target":["https:\/\/www.noticiasradioreflejos.com.ar\/2021\/todo-preparado-para-el-9-festival-del-dia-del-nino\/"]}]},{"@type":"ImageObject","inLanguage":"es","@id":"https:\/\/www.noticiasradioreflejos.com.ar\/2021\/todo-preparado-para-el-9-festival-del-dia-del-nino\/#primaryimage","url":"http:\/\/noticiasradioreflejos.com.ar\/noticias\/wp-content\/uploads\/2016\/09\/IMG_20160909_122218810-1024x916.jpg","contentUrl":"http:\/\/noticiasradioreflejos.com.ar\/noticias\/wp-content\/uploads\/2016\/09\/IMG_20160909_122218810-1024x916.jpg"},{"@type":"BreadcrumbList","@id":"https:\/\/www.noticiasradioreflejos.com.ar\/2021\/todo-preparado-para-el-9-festival-del-dia-del-nino\/#breadcrumb","itemListElement":[{"@type":"ListItem","position":1,"name":"Portada","item":"https:\/\/www.noticiasradioreflejos.com.ar\/2021\/"},{"@type":"ListItem","position":2,"name":"Todo preparado para el 9\u00b0 Festival del D\u00eda del Ni\u00f1o"}]},{"@type":"WebSite","@id":"https:\/\/www.noticiasradioreflejos.com.ar\/2021\/#website","url":"https:\/\/www.noticiasradioreflejos.com.ar\/2021\/","name":"Noticias Radio Reflejos","description":"Las noticias de mi comarca","potentialAction":[{"@type":"SearchAction","target":{"@type":"EntryPoint","urlTemplate":"https:\/\/www.noticiasradioreflejos.com.ar\/2021\/?s={search_term_string}"},"query-input":{"@type":"PropertyValueSpecification","valueRequired":true,"valueName":"search_term_string"}}],"inLanguage":"es"},{"@type":"Person","@id":"https:\/\/www.noticiasradioreflejos.com.ar\/2021\/#\/schema\/person\/ad82545263dcc5ec0996818884fd5fb1","name":"Arnaldo Botto","image":{"@type":"ImageObject","inLanguage":"es","@id":"https:\/\/www.noticiasradioreflejos.com.ar\/2021\/#\/schema\/person\/image\/","url":"https:\/\/secure.gravatar.com\/avatar\/55cb5e37c1efa326397366e6974cb338056df65cb50e7d64d1cf314e87504837?s=96&d=mm&r=g","contentUrl":"https:\/\/secure.gravatar.com\/avatar\/55cb5e37c1efa326397366e6974cb338056df65cb50e7d64d1cf314e87504837?s=96&d=mm&r=g","caption":"Arnaldo Botto"},"url":"https:\/\/www.noticiasradioreflejos.com.ar\/2021\/author\/arnaldo\/"}]}},"_links":{"self":[{"href":"https:\/\/www.noticiasradioreflejos.com.ar\/2021\/wp-json\/wp\/v2\/posts\/750","targetHints":{"allow":["GET"]}}],"collection":[{"href":"https:\/\/www.noticiasradioreflejos.com.ar\/2021\/wp-json\/wp\/v2\/posts"}],"about":[{"href":"https:\/\/www.noticiasradioreflejos.com.ar\/2021\/wp-json\/wp\/v2\/types\/post"}],"author":[{"embeddable":true,"href":"https:\/\/www.noticiasradioreflejos.com.ar\/2021\/wp-json\/wp\/v2\/users\/3"}],"replies":[{"embeddable":true,"href":"https:\/\/www.noticiasradioreflejos.com.ar\/2021\/wp-json\/wp\/v2\/comments?post=750"}],"version-history":[{"count":0,"href":"https:\/\/www.noticiasradioreflejos.com.ar\/2021\/wp-json\/wp\/v2\/posts\/750\/revisions"}],"wp:attachment":[{"href":"https:\/\/www.noticiasradioreflejos.com.ar\/2021\/wp-json\/wp\/v2\/media?parent=750"}],"wp:term":[{"taxonomy":"category","embeddable":true,"href":"https:\/\/www.noticiasradioreflejos.com.ar\/2021\/wp-json\/wp\/v2\/categories?post=750"},{"taxonomy":"post_tag","embeddable":true,"href":"https:\/\/www.noticiasradioreflejos.com.ar\/2021\/wp-json\/wp\/v2\/tags?post=750"}],"curies":[{"name":"wp","href":"https:\/\/api.w.org\/{rel}","templated":true}]}}