{"id":74973,"date":"2022-07-12T11:27:25","date_gmt":"2022-07-12T11:27:25","guid":{"rendered":"http:\/\/www.noticiasradioreflejos.com.ar\/2021\/?p=74973"},"modified":"2022-07-12T11:27:25","modified_gmt":"2022-07-12T11:27:25","slug":"luego-de-30-anos-vuelve-el-tren-de-pasajeros-a-san-luis","status":"publish","type":"post","link":"https:\/\/www.noticiasradioreflejos.com.ar\/2021\/luego-de-30-anos-vuelve-el-tren-de-pasajeros-a-san-luis\/","title":{"rendered":"Luego de 30 a\u00f1os, vuelve el tren de pasajeros a San Luis"},"content":{"rendered":"<div id=\"div_cuerpo\" class=\"content cable-content\">\n<p>El servicio de trenes de pasajeros que parte de la estaci\u00f3n de Retiro, en la ciudad de Buenos Aires y que llega hasta Justo Daract, en San Luis, pasando por las localidades cordobesas de Laboulaye, General Levalle y Vicu\u00f1a Mackena, ser\u00e1 reinaugurado esta tarde luego de permanecer inactivo durante 30 a\u00f1os, se inform\u00f3 oficialmente.<!--more--><\/p>\n<p>La denominada \u00abMarcha Blanca\u00bb, con la que se oficializar\u00e1 la reactivaci\u00f3n del servicio, parti\u00f3 anoche desde Retiro, para arribar aproximadamente a 10 en Laboulaye, donde ser\u00e1 recibido por el presidente de Trenes Argentinos, Mart\u00edn Marinucci y autoridades locales, y luego continuar\u00e1 por las estaciones General Levalle y Vicu\u00f1a Mackena hasta llegar a Justo Daract aproximadamente a las 14.40.<\/p>\n<p>All\u00ed, el ministro de Transporte, Alexis Guerrera; el gobernador de San Luis, Alberto Rodr\u00edguez Sa\u00e1, y el titular de Trenes Argentinos encabezar\u00e1n una ceremonia con la que se dar\u00e1 por formalmente reiniciado el servicio, aunque se estima que el primer tren regular comenzar\u00e1 a circular el viernes 22 de este mes,<\/p>\n<p>Este servicio de la l\u00ednea San Mart\u00edn conectar\u00e1 m\u00e1s de 600 kil\u00f3metros entre Buenos Aires y Justo Daract, San Luis, con una frecuencia semanal, partiendo desde Retiro los viernes a las 20.35, y desde Justo Daract regresar\u00e1 los domingos a las 17.40.<\/p>\n<\/div>\n<p>&nbsp;<\/p>\n","protected":false},"excerpt":{"rendered":"<p>El servicio de trenes de pasajeros que parte de la estaci\u00f3n de Retiro, en la ciudad de Buenos Aires y que llega hasta Justo Daract, en San Luis, pasando por las localidades cordobesas de Laboulaye, General Levalle y Vicu\u00f1a Mackena, ser\u00e1 reinaugurado esta tarde luego de permanecer inactivo durante 30 a\u00f1os, se inform\u00f3 oficialmente.<\/p>\n","protected":false},"author":3,"featured_media":0,"comment_status":"closed","ping_status":"closed","sticky":false,"template":"","format":"standard","meta":{"footnotes":""},"categories":[24,26],"tags":[],"class_list":["post-74973","post","type-post","status-publish","format-standard","hentry","category-politica","category-sociedad"],"yoast_head":"<!-- This site is optimized with the Yoast SEO plugin v25.9 - https:\/\/yoast.com\/wordpress\/plugins\/seo\/ -->\n<title>Luego de 30 a\u00f1os, vuelve el tren de pasajeros a San Luis - Noticias Radio Reflejos<\/title>\n<meta name=\"robots\" content=\"index, follow, max-snippet:-1, max-image-preview:large, max-video-preview:-1\" \/>\n<link rel=\"canonical\" href=\"https:\/\/www.noticiasradioreflejos.com.ar\/2021\/luego-de-30-anos-vuelve-el-tren-de-pasajeros-a-san-luis\/\" \/>\n<meta property=\"og:locale\" content=\"es_ES\" \/>\n<meta property=\"og:type\" content=\"article\" \/>\n<meta property=\"og:title\" content=\"Luego de 30 a\u00f1os, vuelve el tren de pasajeros a San Luis - Noticias Radio Reflejos\" \/>\n<meta property=\"og:description\" content=\"El servicio de trenes de pasajeros que parte de la estaci\u00f3n de Retiro, en la ciudad de Buenos Aires y que llega hasta Justo Daract, en San Luis, pasando por las localidades cordobesas de Laboulaye, General Levalle y Vicu\u00f1a Mackena, ser\u00e1 reinaugurado esta tarde luego de permanecer inactivo durante 30 a\u00f1os, se inform\u00f3 oficialmente.\" \/>\n<meta property=\"og:url\" content=\"https:\/\/www.noticiasradioreflejos.com.ar\/2021\/luego-de-30-anos-vuelve-el-tren-de-pasajeros-a-san-luis\/\" \/>\n<meta property=\"og:site_name\" content=\"Noticias Radio Reflejos\" \/>\n<meta property=\"article:published_time\" content=\"2022-07-12T11:27:25+00:00\" \/>\n<meta property=\"og:image\" content=\"https:\/\/www.noticiasradioreflejos.com.ar\/2021\/wp-content\/uploads\/2021\/07\/logosol300x200.png\" \/>\n\t<meta property=\"og:image:width\" content=\"300\" \/>\n\t<meta property=\"og:image:height\" content=\"200\" \/>\n\t<meta property=\"og:image:type\" content=\"image\/png\" \/>\n<meta name=\"author\" content=\"Arnaldo Botto\" \/>\n<meta name=\"twitter:card\" content=\"summary_large_image\" \/>\n<script type=\"application\/ld+json\" class=\"yoast-schema-graph\">{\"@context\":\"https:\/\/schema.org\",\"@graph\":[{\"@type\":\"WebPage\",\"@id\":\"https:\/\/www.noticiasradioreflejos.com.ar\/2021\/luego-de-30-anos-vuelve-el-tren-de-pasajeros-a-san-luis\/\",\"url\":\"https:\/\/www.noticiasradioreflejos.com.ar\/2021\/luego-de-30-anos-vuelve-el-tren-de-pasajeros-a-san-luis\/\",\"name\":\"Luego de 30 a\u00f1os, vuelve el tren de pasajeros a San Luis - Noticias Radio Reflejos\",\"isPartOf\":{\"@id\":\"https:\/\/www.noticiasradioreflejos.com.ar\/2021\/#website\"},\"datePublished\":\"2022-07-12T11:27:25+00:00\",\"author\":{\"@id\":\"https:\/\/www.noticiasradioreflejos.com.ar\/2021\/#\/schema\/person\/ad82545263dcc5ec0996818884fd5fb1\"},\"breadcrumb\":{\"@id\":\"https:\/\/www.noticiasradioreflejos.com.ar\/2021\/luego-de-30-anos-vuelve-el-tren-de-pasajeros-a-san-luis\/#breadcrumb\"},\"inLanguage\":\"es\",\"potentialAction\":[{\"@type\":\"ReadAction\",\"target\":[\"https:\/\/www.noticiasradioreflejos.com.ar\/2021\/luego-de-30-anos-vuelve-el-tren-de-pasajeros-a-san-luis\/\"]}]},{\"@type\":\"BreadcrumbList\",\"@id\":\"https:\/\/www.noticiasradioreflejos.com.ar\/2021\/luego-de-30-anos-vuelve-el-tren-de-pasajeros-a-san-luis\/#breadcrumb\",\"itemListElement\":[{\"@type\":\"ListItem\",\"position\":1,\"name\":\"Portada\",\"item\":\"https:\/\/www.noticiasradioreflejos.com.ar\/2021\/\"},{\"@type\":\"ListItem\",\"position\":2,\"name\":\"Luego de 30 a\u00f1os, vuelve el tren de pasajeros a San Luis\"}]},{\"@type\":\"WebSite\",\"@id\":\"https:\/\/www.noticiasradioreflejos.com.ar\/2021\/#website\",\"url\":\"https:\/\/www.noticiasradioreflejos.com.ar\/2021\/\",\"name\":\"Noticias Radio Reflejos\",\"description\":\"Las noticias de mi comarca\",\"potentialAction\":[{\"@type\":\"SearchAction\",\"target\":{\"@type\":\"EntryPoint\",\"urlTemplate\":\"https:\/\/www.noticiasradioreflejos.com.ar\/2021\/?s={search_term_string}\"},\"query-input\":{\"@type\":\"PropertyValueSpecification\",\"valueRequired\":true,\"valueName\":\"search_term_string\"}}],\"inLanguage\":\"es\"},{\"@type\":\"Person\",\"@id\":\"https:\/\/www.noticiasradioreflejos.com.ar\/2021\/#\/schema\/person\/ad82545263dcc5ec0996818884fd5fb1\",\"name\":\"Arnaldo Botto\",\"image\":{\"@type\":\"ImageObject\",\"inLanguage\":\"es\",\"@id\":\"https:\/\/www.noticiasradioreflejos.com.ar\/2021\/#\/schema\/person\/image\/\",\"url\":\"https:\/\/secure.gravatar.com\/avatar\/55cb5e37c1efa326397366e6974cb338056df65cb50e7d64d1cf314e87504837?s=96&d=mm&r=g\",\"contentUrl\":\"https:\/\/secure.gravatar.com\/avatar\/55cb5e37c1efa326397366e6974cb338056df65cb50e7d64d1cf314e87504837?s=96&d=mm&r=g\",\"caption\":\"Arnaldo Botto\"},\"url\":\"https:\/\/www.noticiasradioreflejos.com.ar\/2021\/author\/arnaldo\/\"}]}<\/script>\n<!-- \/ Yoast SEO plugin. -->","yoast_head_json":{"title":"Luego de 30 a\u00f1os, vuelve el tren de pasajeros a San Luis - Noticias Radio Reflejos","robots":{"index":"index","follow":"follow","max-snippet":"max-snippet:-1","max-image-preview":"max-image-preview:large","max-video-preview":"max-video-preview:-1"},"canonical":"https:\/\/www.noticiasradioreflejos.com.ar\/2021\/luego-de-30-anos-vuelve-el-tren-de-pasajeros-a-san-luis\/","og_locale":"es_ES","og_type":"article","og_title":"Luego de 30 a\u00f1os, vuelve el tren de pasajeros a San Luis - Noticias Radio Reflejos","og_description":"El servicio de trenes de pasajeros que parte de la estaci\u00f3n de Retiro, en la ciudad de Buenos Aires y que llega hasta Justo Daract, en San Luis, pasando por las localidades cordobesas de Laboulaye, General Levalle y Vicu\u00f1a Mackena, ser\u00e1 reinaugurado esta tarde luego de permanecer inactivo durante 30 a\u00f1os, se inform\u00f3 oficialmente.","og_url":"https:\/\/www.noticiasradioreflejos.com.ar\/2021\/luego-de-30-anos-vuelve-el-tren-de-pasajeros-a-san-luis\/","og_site_name":"Noticias Radio Reflejos","article_published_time":"2022-07-12T11:27:25+00:00","og_image":[{"width":300,"height":200,"url":"https:\/\/www.noticiasradioreflejos.com.ar\/2021\/wp-content\/uploads\/2021\/07\/logosol300x200.png","type":"image\/png"}],"author":"Arnaldo Botto","twitter_card":"summary_large_image","schema":{"@context":"https:\/\/schema.org","@graph":[{"@type":"WebPage","@id":"https:\/\/www.noticiasradioreflejos.com.ar\/2021\/luego-de-30-anos-vuelve-el-tren-de-pasajeros-a-san-luis\/","url":"https:\/\/www.noticiasradioreflejos.com.ar\/2021\/luego-de-30-anos-vuelve-el-tren-de-pasajeros-a-san-luis\/","name":"Luego de 30 a\u00f1os, vuelve el tren de pasajeros a San Luis - Noticias Radio Reflejos","isPartOf":{"@id":"https:\/\/www.noticiasradioreflejos.com.ar\/2021\/#website"},"datePublished":"2022-07-12T11:27:25+00:00","author":{"@id":"https:\/\/www.noticiasradioreflejos.com.ar\/2021\/#\/schema\/person\/ad82545263dcc5ec0996818884fd5fb1"},"breadcrumb":{"@id":"https:\/\/www.noticiasradioreflejos.com.ar\/2021\/luego-de-30-anos-vuelve-el-tren-de-pasajeros-a-san-luis\/#breadcrumb"},"inLanguage":"es","potentialAction":[{"@type":"ReadAction","target":["https:\/\/www.noticiasradioreflejos.com.ar\/2021\/luego-de-30-anos-vuelve-el-tren-de-pasajeros-a-san-luis\/"]}]},{"@type":"BreadcrumbList","@id":"https:\/\/www.noticiasradioreflejos.com.ar\/2021\/luego-de-30-anos-vuelve-el-tren-de-pasajeros-a-san-luis\/#breadcrumb","itemListElement":[{"@type":"ListItem","position":1,"name":"Portada","item":"https:\/\/www.noticiasradioreflejos.com.ar\/2021\/"},{"@type":"ListItem","position":2,"name":"Luego de 30 a\u00f1os, vuelve el tren de pasajeros a San Luis"}]},{"@type":"WebSite","@id":"https:\/\/www.noticiasradioreflejos.com.ar\/2021\/#website","url":"https:\/\/www.noticiasradioreflejos.com.ar\/2021\/","name":"Noticias Radio Reflejos","description":"Las noticias de mi comarca","potentialAction":[{"@type":"SearchAction","target":{"@type":"EntryPoint","urlTemplate":"https:\/\/www.noticiasradioreflejos.com.ar\/2021\/?s={search_term_string}"},"query-input":{"@type":"PropertyValueSpecification","valueRequired":true,"valueName":"search_term_string"}}],"inLanguage":"es"},{"@type":"Person","@id":"https:\/\/www.noticiasradioreflejos.com.ar\/2021\/#\/schema\/person\/ad82545263dcc5ec0996818884fd5fb1","name":"Arnaldo Botto","image":{"@type":"ImageObject","inLanguage":"es","@id":"https:\/\/www.noticiasradioreflejos.com.ar\/2021\/#\/schema\/person\/image\/","url":"https:\/\/secure.gravatar.com\/avatar\/55cb5e37c1efa326397366e6974cb338056df65cb50e7d64d1cf314e87504837?s=96&d=mm&r=g","contentUrl":"https:\/\/secure.gravatar.com\/avatar\/55cb5e37c1efa326397366e6974cb338056df65cb50e7d64d1cf314e87504837?s=96&d=mm&r=g","caption":"Arnaldo Botto"},"url":"https:\/\/www.noticiasradioreflejos.com.ar\/2021\/author\/arnaldo\/"}]}},"_links":{"self":[{"href":"https:\/\/www.noticiasradioreflejos.com.ar\/2021\/wp-json\/wp\/v2\/posts\/74973","targetHints":{"allow":["GET"]}}],"collection":[{"href":"https:\/\/www.noticiasradioreflejos.com.ar\/2021\/wp-json\/wp\/v2\/posts"}],"about":[{"href":"https:\/\/www.noticiasradioreflejos.com.ar\/2021\/wp-json\/wp\/v2\/types\/post"}],"author":[{"embeddable":true,"href":"https:\/\/www.noticiasradioreflejos.com.ar\/2021\/wp-json\/wp\/v2\/users\/3"}],"replies":[{"embeddable":true,"href":"https:\/\/www.noticiasradioreflejos.com.ar\/2021\/wp-json\/wp\/v2\/comments?post=74973"}],"version-history":[{"count":1,"href":"https:\/\/www.noticiasradioreflejos.com.ar\/2021\/wp-json\/wp\/v2\/posts\/74973\/revisions"}],"predecessor-version":[{"id":74975,"href":"https:\/\/www.noticiasradioreflejos.com.ar\/2021\/wp-json\/wp\/v2\/posts\/74973\/revisions\/74975"}],"wp:attachment":[{"href":"https:\/\/www.noticiasradioreflejos.com.ar\/2021\/wp-json\/wp\/v2\/media?parent=74973"}],"wp:term":[{"taxonomy":"category","embeddable":true,"href":"https:\/\/www.noticiasradioreflejos.com.ar\/2021\/wp-json\/wp\/v2\/categories?post=74973"},{"taxonomy":"post_tag","embeddable":true,"href":"https:\/\/www.noticiasradioreflejos.com.ar\/2021\/wp-json\/wp\/v2\/tags?post=74973"}],"curies":[{"name":"wp","href":"https:\/\/api.w.org\/{rel}","templated":true}]}}