{"id":74970,"date":"2022-07-12T11:10:15","date_gmt":"2022-07-12T11:10:15","guid":{"rendered":"http:\/\/www.noticiasradioreflejos.com.ar\/2021\/?p=74970"},"modified":"2022-07-12T11:10:15","modified_gmt":"2022-07-12T11:10:15","slug":"una-nueva-ola-de-calor-azota-a-espana-francia-y-portugal-con-sequias-e-incendios","status":"publish","type":"post","link":"https:\/\/www.noticiasradioreflejos.com.ar\/2021\/una-nueva-ola-de-calor-azota-a-espana-francia-y-portugal-con-sequias-e-incendios\/","title":{"rendered":"Una nueva ola de calor azota a Espa\u00f1a, Francia y Portugal con sequ\u00edas e incendios"},"content":{"rendered":"<p>El fen\u00f3meno es una consecuencia directa del calentamiento global, ya que las emisiones de gases de efecto invernadero aumentan la intensidad, duraci\u00f3n y frecuencia de estas olas de calor que, en Portugal, ya superaron los 44 grados.<!--more--><\/p>\n<figure class=\"mb-3\"><img decoding=\"async\" src=\"https:\/\/www.telam.com.ar\/thumbs\/bluesteel\/advf\/imagenes\/2022\/07\/62cc9402948ae_900.jpg\" alt=\"Sevilla soport este lunes temperaturas cercanas a los 43 grados Foto AFP\" width=\"100%\" height=\"100%\" \/><\/p>\n<div class=\"media-icons\"><\/div><figcaption>Sevilla soport\u00f3 este lunes temperaturas cercanas a los 43 grados. (Foto AFP).<\/figcaption><\/figure>\n<p>Espa\u00f1a y Francia son los pa\u00edses que sufren una nueva ola de calor \u00abexcepcional\u00bb con temperaturas superiores a los 40 grados, al tiempo que en Portugal la situaci\u00f3n se replica con incendios forestales que arrasaron el centro del pa\u00eds, se inform\u00f3 este lunes.<\/p>\n<p>En Europa, los term\u00f3metros volvieron a registrar niveles excepcionales de temperaturas, lo que, seg\u00fan los cient\u00edficos, es una consecuencia directa del calentamiento global, ya que las emisiones de gases de efecto invernadero aumentan la intensidad, duraci\u00f3n y frecuencia de estos fen\u00f3menos, consign\u00f3 la agencia AFP.<\/p>\n<p>En Espa\u00f1a, por la tarde<strong>\u00a0se registr\u00f3 una temperatura m\u00e1xima de 43,3 grados en el municipio de Candeleda<\/strong>\u00a0(\u00c1vila) seguida por 42,5 grados en la ciudad de Sevilla (Andaluc\u00eda), mientras que el term\u00f3metro super\u00f3 los 42 grados en ciudades del sur y suroeste como Ja\u00e9n, Badajoz, M\u00e9rida y C\u00f3rdoba, seg\u00fan la Agencia Estatal de Meteorolog\u00eda (Aemet).<\/p>\n<p>Esta nueva ola de calor, la segunda en un mes, \u00abtiene vistos de ser excepcional\u00bb, incluso en un pa\u00eds acostumbrado a las temperaturas elevadas en verano, advirti\u00f3 hoy el portavoz de la Aemet, Rub\u00e9n del Campo.<\/p>\n<p>Si bien comenz\u00f3 el domingo,\u00a0<strong>podr\u00eda durar \u00abm\u00e1s de nueve o 10 d\u00edas, y eso har\u00eda que fuese una de las tres olas de calor m\u00e1s largas que hemos tenido en Espa\u00f1a desde 1975\u00bb<\/strong>, se\u00f1al\u00f3 Del Campo, ya que \u00abel cambio clim\u00e1tico hace que las olas de calor sean m\u00e1s frecuentes y sean cada vez m\u00e1s intensas\u00bb.<\/p>\n<p>A su vez, la Aemet se\u00f1al\u00f3 que \u00ablo peor se espera entre martes y jueves\u00bb, y no obstante indic\u00f3 no estar en condiciones de asegurar si el r\u00e9cord absoluto de temperatura registrado en ese pa\u00eds (47,4 grados en Montoro durante 2021) podr\u00eda ser superado.<\/p>\n<figure class=\"mb-3\"><img decoding=\"async\" src=\"https:\/\/www.telam.com.ar\/thumbs\/bluesteel\/advf\/imagenes\/2022\/07\/62cc9425eceec_900.jpg\" alt=\"En el sur de Francia los termmetros registraron marcas superiores a los 40 grados Foto AFP\" width=\"100%\" height=\"100%\" \/><\/p>\n<div class=\"media-icons\"><\/div><figcaption>En el sur de Francia, los term\u00f3metros registraron marcas superiores a los 40 grados. (Foto AFP)<\/figcaption><\/figure>\n<p><strong>Espa\u00f1a<\/strong>, que sufre de una pronunciada falta de precipitaciones desde el invierno,\u00a0<strong>registr\u00f3 cinco episodios de temperaturas excepcionalmente altas los \u00faltimos once meses<\/strong>, al tiempo que mayo fue el m\u00e1s caluroso desde principios de siglo en el pa\u00eds.<\/p>\n<p>En cuanto a\u00a0<strong>Portugal, se registraron 44 grados\u00a0<\/strong>en algunas zonas durante el fin de semana, y si bien las temperaturas bajaron ligeramente el lunes, volvieron a subir el martes y el mi\u00e9rcoles, lo que favoreci\u00f3 los incendios sobre todo en el centro del pa\u00eds.<\/p>\n<p>El mayor de ellos, en la ciudad c\u00e9ntrica de Our\u00e9m, fue contenido\u00a0<strong>luego de quemar 2.000 hect\u00e1reas de vegetaci\u00f3n<\/strong>, pero la situaci\u00f3n sigue siendo \u00abgrave y excepcional\u00bb, se\u00f1al\u00f3 el comandante nacional de Protecci\u00f3n Civil, Andr\u00e9 Fernandes.<\/p>\n<p>Por otro lado, en el suroeste de Francia las temperaturas sobrepasar\u00e1n los 30 grados y este episodio meteorol\u00f3gico deber\u00eda probablemente alcanzar su pico \u00abentre s\u00e1bado y martes pr\u00f3ximos\u00bb, precis\u00f3 S\u00e9bastien L\u00e9as, de M\u00e9t\u00e9o-France, quien dijo que es a\u00fan temprano para decir si podr\u00eda compararse con la ola de calor del verano de 2003, que dej\u00f3 miles de muertos.<\/p>\n<p>Por \u00faltimo, e<strong>n Reino Unido, donde las temperaturas alcanzar\u00e1n los 33 grados<\/strong>\u00a0entre el lunes y el martes en el suroeste del pa\u00eds, el servicio nacional de meteorolog\u00eda lanz\u00f3 un alerta naranja para advertir de una ola de \u00abcalor extremo\u00bb a partir del domingo.<\/p>\n","protected":false},"excerpt":{"rendered":"<p>El fen\u00f3meno es una consecuencia directa del calentamiento global, ya que las emisiones de gases de efecto invernadero aumentan la intensidad, duraci\u00f3n y frecuencia de estas olas de calor que, en Portugal, ya superaron los 44 grados.<\/p>\n","protected":false},"author":3,"featured_media":0,"comment_status":"closed","ping_status":"closed","sticky":false,"template":"","format":"standard","meta":{"footnotes":""},"categories":[46,26],"tags":[],"class_list":["post-74970","post","type-post","status-publish","format-standard","hentry","category-ciencia-y-tecnologia","category-sociedad"],"yoast_head":"<!-- This site is optimized with the Yoast SEO plugin v25.9 - https:\/\/yoast.com\/wordpress\/plugins\/seo\/ -->\n<title>Una nueva ola de calor azota a Espa\u00f1a, Francia y Portugal con sequ\u00edas e incendios - Noticias Radio Reflejos<\/title>\n<meta name=\"robots\" content=\"index, follow, max-snippet:-1, max-image-preview:large, max-video-preview:-1\" \/>\n<link rel=\"canonical\" href=\"https:\/\/www.noticiasradioreflejos.com.ar\/2021\/una-nueva-ola-de-calor-azota-a-espana-francia-y-portugal-con-sequias-e-incendios\/\" \/>\n<meta property=\"og:locale\" content=\"es_ES\" \/>\n<meta property=\"og:type\" content=\"article\" \/>\n<meta property=\"og:title\" content=\"Una nueva ola de calor azota a Espa\u00f1a, Francia y Portugal con sequ\u00edas e incendios - Noticias Radio Reflejos\" \/>\n<meta property=\"og:description\" content=\"El fen\u00f3meno es una consecuencia directa del calentamiento global, ya que las emisiones de gases de efecto invernadero aumentan la intensidad, duraci\u00f3n y frecuencia de estas olas de calor que, en Portugal, ya superaron los 44 grados.\" \/>\n<meta property=\"og:url\" content=\"https:\/\/www.noticiasradioreflejos.com.ar\/2021\/una-nueva-ola-de-calor-azota-a-espana-francia-y-portugal-con-sequias-e-incendios\/\" \/>\n<meta property=\"og:site_name\" content=\"Noticias Radio Reflejos\" \/>\n<meta property=\"article:published_time\" content=\"2022-07-12T11:10:15+00:00\" \/>\n<meta property=\"og:image\" content=\"https:\/\/www.telam.com.ar\/thumbs\/bluesteel\/advf\/imagenes\/2022\/07\/62cc9402948ae_900.jpg\" \/>\n<meta name=\"author\" content=\"Arnaldo Botto\" \/>\n<meta name=\"twitter:card\" content=\"summary_large_image\" \/>\n<script type=\"application\/ld+json\" class=\"yoast-schema-graph\">{\"@context\":\"https:\/\/schema.org\",\"@graph\":[{\"@type\":\"WebPage\",\"@id\":\"https:\/\/www.noticiasradioreflejos.com.ar\/2021\/una-nueva-ola-de-calor-azota-a-espana-francia-y-portugal-con-sequias-e-incendios\/\",\"url\":\"https:\/\/www.noticiasradioreflejos.com.ar\/2021\/una-nueva-ola-de-calor-azota-a-espana-francia-y-portugal-con-sequias-e-incendios\/\",\"name\":\"Una nueva ola de calor azota a Espa\u00f1a, Francia y Portugal con sequ\u00edas e incendios - Noticias Radio Reflejos\",\"isPartOf\":{\"@id\":\"https:\/\/www.noticiasradioreflejos.com.ar\/2021\/#website\"},\"primaryImageOfPage\":{\"@id\":\"https:\/\/www.noticiasradioreflejos.com.ar\/2021\/una-nueva-ola-de-calor-azota-a-espana-francia-y-portugal-con-sequias-e-incendios\/#primaryimage\"},\"image\":{\"@id\":\"https:\/\/www.noticiasradioreflejos.com.ar\/2021\/una-nueva-ola-de-calor-azota-a-espana-francia-y-portugal-con-sequias-e-incendios\/#primaryimage\"},\"thumbnailUrl\":\"https:\/\/www.telam.com.ar\/thumbs\/bluesteel\/advf\/imagenes\/2022\/07\/62cc9402948ae_900.jpg\",\"datePublished\":\"2022-07-12T11:10:15+00:00\",\"author\":{\"@id\":\"https:\/\/www.noticiasradioreflejos.com.ar\/2021\/#\/schema\/person\/ad82545263dcc5ec0996818884fd5fb1\"},\"breadcrumb\":{\"@id\":\"https:\/\/www.noticiasradioreflejos.com.ar\/2021\/una-nueva-ola-de-calor-azota-a-espana-francia-y-portugal-con-sequias-e-incendios\/#breadcrumb\"},\"inLanguage\":\"es\",\"potentialAction\":[{\"@type\":\"ReadAction\",\"target\":[\"https:\/\/www.noticiasradioreflejos.com.ar\/2021\/una-nueva-ola-de-calor-azota-a-espana-francia-y-portugal-con-sequias-e-incendios\/\"]}]},{\"@type\":\"ImageObject\",\"inLanguage\":\"es\",\"@id\":\"https:\/\/www.noticiasradioreflejos.com.ar\/2021\/una-nueva-ola-de-calor-azota-a-espana-francia-y-portugal-con-sequias-e-incendios\/#primaryimage\",\"url\":\"https:\/\/www.telam.com.ar\/thumbs\/bluesteel\/advf\/imagenes\/2022\/07\/62cc9402948ae_900.jpg\",\"contentUrl\":\"https:\/\/www.telam.com.ar\/thumbs\/bluesteel\/advf\/imagenes\/2022\/07\/62cc9402948ae_900.jpg\"},{\"@type\":\"BreadcrumbList\",\"@id\":\"https:\/\/www.noticiasradioreflejos.com.ar\/2021\/una-nueva-ola-de-calor-azota-a-espana-francia-y-portugal-con-sequias-e-incendios\/#breadcrumb\",\"itemListElement\":[{\"@type\":\"ListItem\",\"position\":1,\"name\":\"Portada\",\"item\":\"https:\/\/www.noticiasradioreflejos.com.ar\/2021\/\"},{\"@type\":\"ListItem\",\"position\":2,\"name\":\"Una nueva ola de calor azota a Espa\u00f1a, Francia y Portugal con sequ\u00edas e incendios\"}]},{\"@type\":\"WebSite\",\"@id\":\"https:\/\/www.noticiasradioreflejos.com.ar\/2021\/#website\",\"url\":\"https:\/\/www.noticiasradioreflejos.com.ar\/2021\/\",\"name\":\"Noticias Radio Reflejos\",\"description\":\"Las noticias de mi comarca\",\"potentialAction\":[{\"@type\":\"SearchAction\",\"target\":{\"@type\":\"EntryPoint\",\"urlTemplate\":\"https:\/\/www.noticiasradioreflejos.com.ar\/2021\/?s={search_term_string}\"},\"query-input\":{\"@type\":\"PropertyValueSpecification\",\"valueRequired\":true,\"valueName\":\"search_term_string\"}}],\"inLanguage\":\"es\"},{\"@type\":\"Person\",\"@id\":\"https:\/\/www.noticiasradioreflejos.com.ar\/2021\/#\/schema\/person\/ad82545263dcc5ec0996818884fd5fb1\",\"name\":\"Arnaldo Botto\",\"image\":{\"@type\":\"ImageObject\",\"inLanguage\":\"es\",\"@id\":\"https:\/\/www.noticiasradioreflejos.com.ar\/2021\/#\/schema\/person\/image\/\",\"url\":\"https:\/\/secure.gravatar.com\/avatar\/55cb5e37c1efa326397366e6974cb338056df65cb50e7d64d1cf314e87504837?s=96&d=mm&r=g\",\"contentUrl\":\"https:\/\/secure.gravatar.com\/avatar\/55cb5e37c1efa326397366e6974cb338056df65cb50e7d64d1cf314e87504837?s=96&d=mm&r=g\",\"caption\":\"Arnaldo Botto\"},\"url\":\"https:\/\/www.noticiasradioreflejos.com.ar\/2021\/author\/arnaldo\/\"}]}<\/script>\n<!-- \/ Yoast SEO plugin. -->","yoast_head_json":{"title":"Una nueva ola de calor azota a Espa\u00f1a, Francia y Portugal con sequ\u00edas e incendios - Noticias Radio Reflejos","robots":{"index":"index","follow":"follow","max-snippet":"max-snippet:-1","max-image-preview":"max-image-preview:large","max-video-preview":"max-video-preview:-1"},"canonical":"https:\/\/www.noticiasradioreflejos.com.ar\/2021\/una-nueva-ola-de-calor-azota-a-espana-francia-y-portugal-con-sequias-e-incendios\/","og_locale":"es_ES","og_type":"article","og_title":"Una nueva ola de calor azota a Espa\u00f1a, Francia y Portugal con sequ\u00edas e incendios - Noticias Radio Reflejos","og_description":"El fen\u00f3meno es una consecuencia directa del calentamiento global, ya que las emisiones de gases de efecto invernadero aumentan la intensidad, duraci\u00f3n y frecuencia de estas olas de calor que, en Portugal, ya superaron los 44 grados.","og_url":"https:\/\/www.noticiasradioreflejos.com.ar\/2021\/una-nueva-ola-de-calor-azota-a-espana-francia-y-portugal-con-sequias-e-incendios\/","og_site_name":"Noticias Radio Reflejos","article_published_time":"2022-07-12T11:10:15+00:00","og_image":[{"url":"https:\/\/www.telam.com.ar\/thumbs\/bluesteel\/advf\/imagenes\/2022\/07\/62cc9402948ae_900.jpg","type":"","width":"","height":""}],"author":"Arnaldo Botto","twitter_card":"summary_large_image","schema":{"@context":"https:\/\/schema.org","@graph":[{"@type":"WebPage","@id":"https:\/\/www.noticiasradioreflejos.com.ar\/2021\/una-nueva-ola-de-calor-azota-a-espana-francia-y-portugal-con-sequias-e-incendios\/","url":"https:\/\/www.noticiasradioreflejos.com.ar\/2021\/una-nueva-ola-de-calor-azota-a-espana-francia-y-portugal-con-sequias-e-incendios\/","name":"Una nueva ola de calor azota a Espa\u00f1a, Francia y Portugal con sequ\u00edas e incendios - Noticias Radio Reflejos","isPartOf":{"@id":"https:\/\/www.noticiasradioreflejos.com.ar\/2021\/#website"},"primaryImageOfPage":{"@id":"https:\/\/www.noticiasradioreflejos.com.ar\/2021\/una-nueva-ola-de-calor-azota-a-espana-francia-y-portugal-con-sequias-e-incendios\/#primaryimage"},"image":{"@id":"https:\/\/www.noticiasradioreflejos.com.ar\/2021\/una-nueva-ola-de-calor-azota-a-espana-francia-y-portugal-con-sequias-e-incendios\/#primaryimage"},"thumbnailUrl":"https:\/\/www.telam.com.ar\/thumbs\/bluesteel\/advf\/imagenes\/2022\/07\/62cc9402948ae_900.jpg","datePublished":"2022-07-12T11:10:15+00:00","author":{"@id":"https:\/\/www.noticiasradioreflejos.com.ar\/2021\/#\/schema\/person\/ad82545263dcc5ec0996818884fd5fb1"},"breadcrumb":{"@id":"https:\/\/www.noticiasradioreflejos.com.ar\/2021\/una-nueva-ola-de-calor-azota-a-espana-francia-y-portugal-con-sequias-e-incendios\/#breadcrumb"},"inLanguage":"es","potentialAction":[{"@type":"ReadAction","target":["https:\/\/www.noticiasradioreflejos.com.ar\/2021\/una-nueva-ola-de-calor-azota-a-espana-francia-y-portugal-con-sequias-e-incendios\/"]}]},{"@type":"ImageObject","inLanguage":"es","@id":"https:\/\/www.noticiasradioreflejos.com.ar\/2021\/una-nueva-ola-de-calor-azota-a-espana-francia-y-portugal-con-sequias-e-incendios\/#primaryimage","url":"https:\/\/www.telam.com.ar\/thumbs\/bluesteel\/advf\/imagenes\/2022\/07\/62cc9402948ae_900.jpg","contentUrl":"https:\/\/www.telam.com.ar\/thumbs\/bluesteel\/advf\/imagenes\/2022\/07\/62cc9402948ae_900.jpg"},{"@type":"BreadcrumbList","@id":"https:\/\/www.noticiasradioreflejos.com.ar\/2021\/una-nueva-ola-de-calor-azota-a-espana-francia-y-portugal-con-sequias-e-incendios\/#breadcrumb","itemListElement":[{"@type":"ListItem","position":1,"name":"Portada","item":"https:\/\/www.noticiasradioreflejos.com.ar\/2021\/"},{"@type":"ListItem","position":2,"name":"Una nueva ola de calor azota a Espa\u00f1a, Francia y Portugal con sequ\u00edas e incendios"}]},{"@type":"WebSite","@id":"https:\/\/www.noticiasradioreflejos.com.ar\/2021\/#website","url":"https:\/\/www.noticiasradioreflejos.com.ar\/2021\/","name":"Noticias Radio Reflejos","description":"Las noticias de mi comarca","potentialAction":[{"@type":"SearchAction","target":{"@type":"EntryPoint","urlTemplate":"https:\/\/www.noticiasradioreflejos.com.ar\/2021\/?s={search_term_string}"},"query-input":{"@type":"PropertyValueSpecification","valueRequired":true,"valueName":"search_term_string"}}],"inLanguage":"es"},{"@type":"Person","@id":"https:\/\/www.noticiasradioreflejos.com.ar\/2021\/#\/schema\/person\/ad82545263dcc5ec0996818884fd5fb1","name":"Arnaldo Botto","image":{"@type":"ImageObject","inLanguage":"es","@id":"https:\/\/www.noticiasradioreflejos.com.ar\/2021\/#\/schema\/person\/image\/","url":"https:\/\/secure.gravatar.com\/avatar\/55cb5e37c1efa326397366e6974cb338056df65cb50e7d64d1cf314e87504837?s=96&d=mm&r=g","contentUrl":"https:\/\/secure.gravatar.com\/avatar\/55cb5e37c1efa326397366e6974cb338056df65cb50e7d64d1cf314e87504837?s=96&d=mm&r=g","caption":"Arnaldo Botto"},"url":"https:\/\/www.noticiasradioreflejos.com.ar\/2021\/author\/arnaldo\/"}]}},"_links":{"self":[{"href":"https:\/\/www.noticiasradioreflejos.com.ar\/2021\/wp-json\/wp\/v2\/posts\/74970","targetHints":{"allow":["GET"]}}],"collection":[{"href":"https:\/\/www.noticiasradioreflejos.com.ar\/2021\/wp-json\/wp\/v2\/posts"}],"about":[{"href":"https:\/\/www.noticiasradioreflejos.com.ar\/2021\/wp-json\/wp\/v2\/types\/post"}],"author":[{"embeddable":true,"href":"https:\/\/www.noticiasradioreflejos.com.ar\/2021\/wp-json\/wp\/v2\/users\/3"}],"replies":[{"embeddable":true,"href":"https:\/\/www.noticiasradioreflejos.com.ar\/2021\/wp-json\/wp\/v2\/comments?post=74970"}],"version-history":[{"count":1,"href":"https:\/\/www.noticiasradioreflejos.com.ar\/2021\/wp-json\/wp\/v2\/posts\/74970\/revisions"}],"predecessor-version":[{"id":74972,"href":"https:\/\/www.noticiasradioreflejos.com.ar\/2021\/wp-json\/wp\/v2\/posts\/74970\/revisions\/74972"}],"wp:attachment":[{"href":"https:\/\/www.noticiasradioreflejos.com.ar\/2021\/wp-json\/wp\/v2\/media?parent=74970"}],"wp:term":[{"taxonomy":"category","embeddable":true,"href":"https:\/\/www.noticiasradioreflejos.com.ar\/2021\/wp-json\/wp\/v2\/categories?post=74970"},{"taxonomy":"post_tag","embeddable":true,"href":"https:\/\/www.noticiasradioreflejos.com.ar\/2021\/wp-json\/wp\/v2\/tags?post=74970"}],"curies":[{"name":"wp","href":"https:\/\/api.w.org\/{rel}","templated":true}]}}