{"id":74961,"date":"2022-07-12T10:39:36","date_gmt":"2022-07-12T10:39:36","guid":{"rendered":"http:\/\/www.noticiasradioreflejos.com.ar\/2021\/?p=74961"},"modified":"2022-07-12T10:39:36","modified_gmt":"2022-07-12T10:39:36","slug":"unas-350-000-personas-viajaran-por-el-pais-con-previaje-2-en-las-vacaciones-de-invierno","status":"publish","type":"post","link":"https:\/\/www.noticiasradioreflejos.com.ar\/2021\/unas-350-000-personas-viajaran-por-el-pais-con-previaje-2-en-las-vacaciones-de-invierno\/","title":{"rendered":"Unas 350.000 personas viajar\u00e1n por el pa\u00eds con PreViaje 2 en las vacaciones de invierno"},"content":{"rendered":"<p>Los sondeos estiman una ocupaci\u00f3n que llegar\u00e1 al 90 por ciento en algunos destinos y una temporada r\u00e9cord, cuando ya hay 15 provincias de vacaciones y la ciudad de Buenos Aires y la provincia comienzan la semana pr\u00f3xima.<!--more--><\/p>\n<figure class=\"mb-3\"><img decoding=\"async\" src=\"https:\/\/www.telam.com.ar\/thumbs\/bluesteel\/advf\/imagenes\/2022\/07\/62cca3cc8de46_900.jpg\" alt=\"La nieve el principal atractivo del invierno Foto archivo \" width=\"100%\" height=\"100%\" \/><\/p>\n<div class=\"media-icons\"><\/div><figcaption>La nieve, el principal atractivo del invierno. Foto: archivo.<\/figcaption><\/figure>\n<p>Cerca de 350.000 personas viajar\u00e1n por el pa\u00eds con los beneficios del programa PreViaje 2 en estas vacaciones de invierno, en las que\u00a0<strong>se estima un 90% de ocupaci\u00f3n hotelera para los destinos tradicionales y \u00abuna temporada r\u00e9cord\u00bb<\/strong>, seg\u00fan el ministro de Turismo, Mat\u00edas Lammens.<\/p>\n<p>El receso invernal comenz\u00f3 este lunes en\u00a0<strong>Catamarca, Chubut, Entre R\u00edos, Jujuy, La Pampa, La Rioja, Mendoza, Misiones, Neuqu\u00e9n, R\u00edo Negro, Salta, San Juan, San Luis, Santa Fe, Tucum\u00e1n,<\/strong>\u00a0mientras en la ciudad de Buenos Aires (CABA) y la provincia de Buenos Aires empezar\u00e1 el 18 de julio.<\/p>\n<p>El Ministerio de Turismo indic\u00f3 que<strong>\u00a0las cifras de reservas subir\u00e1n entre un 5% y un 15% en los pr\u00f3ximos d\u00edas\u00a0<\/strong>de la mano de las reservas de \u00faltimo momento.<\/p>\n<figure class=\"mb-3\"><img decoding=\"async\" src=\"https:\/\/www.telam.com.ar\/thumbs\/bluesteel\/advf\/imagenes\/2022\/07\/62cca3773efe6_900.jpg\" alt=\"Foto archivo \" width=\"100%\" height=\"100%\" \/><\/p>\n<div class=\"media-icons\"><\/div><figcaption>Foto: archivo.<\/figcaption><\/figure>\n<p><strong>\u00abDise\u00f1amos un ambicioso plan de cara al invierno, con estrategias de promoci\u00f3n de nuestros maravillosos destinos y la recuperaci\u00f3n de la conectividad liderada por Aerol\u00edneas Argentinas\u00bb<\/strong>, resalt\u00f3 Lammens<\/p>\n<p>A\u00f1adi\u00f3 que \u00abpor lo que nos informan desde los distintos destinos tenemos la convicci\u00f3n de que vamos a vivir una temporada r\u00e9cord, con un intenso movimiento tur\u00edstico interno y la llegada de m\u00e1s de un mill\u00f3n de turistas del extranjero. La reactivaci\u00f3n del turismo receptivo est\u00e1 en marcha, encabezada por visitantes de Brasil, Uruguay y Estados Unidos\u00bb.<\/p>\n<p><strong>\u00abEsta temporada de invierno va a confirmar, no s\u00f3lo la recuperaci\u00f3n, sino el firme crecimiento del sector tur\u00edstico despu\u00e9s de un verano, una Semana Santa y varios fines de semana largos absolutamente r\u00e9cord\u00bb,<\/strong>\u00a0subray\u00f3.<\/p>\n<p>Durante el invierno, cerca de 350 mil personas van a viajar por el pa\u00eds con el beneficio de PreViaje 2, que compraron en 2021.<\/p>\n<figure class=\"mb-3\"><img decoding=\"async\" src=\"https:\/\/www.telam.com.ar\/thumbs\/bluesteel\/advf\/imagenes\/2022\/07\/62cca3776d046_900.jpg\" alt=\"Foto archivo \" width=\"100%\" height=\"100%\" \/><\/p>\n<div class=\"media-icons\"><\/div><figcaption>Foto: archivo.<\/figcaption><\/figure>\n<p>Por su parte, Gustavo Hani, presidente de la C\u00e1mara Argentina de Turismo, sostuvo que \u00ablos primeros sondeos realizados por nuestro Observatorio Tur\u00edstico hablan de una ocupaci\u00f3n que estar\u00e1 en el orden del 90% en los destinos tradicionales de invierno y creemos que sorprender\u00e1, adem\u00e1s, el movimiento tur\u00edstico en destinos no tadricionales para la temporada invernal\u00bb.<\/p>\n<h2 class=\"\">Las reservas<\/h2>\n<p>De acuerdo con los datos del Observatorio Argentino de Turismo, que act\u00faa bajo la \u00f3rbita de la C\u00e1mara Argentina de Turismo, en la ciudad de\u00a0<strong>Salta<\/strong>\u00a0las reservas llegaron al 89%, en San Lorenzo, 93%, Cafayate, 90% y Cachi, 92%.<\/p>\n<p>En el caso de<strong>\u00a0C\u00f3rdoba,\u00a0<\/strong>Villa Carlos Paz llega al 75%, en la provincia de Buenos Aires, Tandil al 90%, Pinamar al 70%, Mar del Plata al 55%, San Antonio de Areco al 60%, Sierra de la Ventana al 60%, Villa Gesell al 55% y la Ciudad Aut\u00f3noma de Buenos Aires espera 150.000 turistas.<\/p>\n<p>En<strong>\u00a0Jujuy,<\/strong>\u00a0el promedio en toda la provincia es del 80%, en tanto que en Tucum\u00e1n las reservas en Taf\u00ed del Valle alcanzaron el 82%, en San Miguel de Tucum\u00e1n, 81%, en San Javier, 68%, en Yerba Buena, 65%, en San Pedro de Colalao, 60%, en El Cadillal, 90%, en Taf\u00ed Viejo, 68%, y en Amaicha del Valle, 88%.<\/p>\n<figure class=\"mb-3\"><img decoding=\"async\" src=\"https:\/\/www.telam.com.ar\/thumbs\/bluesteel\/advf\/imagenes\/2022\/07\/62cca3b01e5c9_900.jpg\" alt=\"Foto archivo \" width=\"100%\" height=\"100%\" \/><\/p>\n<div class=\"media-icons\"><\/div><figcaption>Foto: archivo.<\/figcaption><\/figure>\n<p>En\u00a0<strong>Santiago del Estero<\/strong>, Termas de R\u00edo Hondo, 90% y Santiago 95%, mientras que, en la provincia de La Rioja, las reservas en la capital son del 80%, en Villa Uni\u00f3n, 81%, en Chilecito, 80% y en Famatina, 90%.<\/p>\n<p><strong>Catamarca<\/strong>\u00a0alcanza un 75% de promedio y 90% a partir del 15 de julio, y el promedio en Misiones es del 85%: Iguaz\u00fa, 86%, Posadas, 77%, San Ignacio, 75%, El Soberbio, 62%.<\/p>\n<p>En\u00a0<strong>Corrientes<\/strong>, las reservas en Iber\u00e1 son del 85%, en la capital, 82%, y entre un 65% y 70% en Entre R\u00edos.<\/p>\n<p><strong>Santa Fe\u00a0<\/strong>presenta en Rosario 90%, ciudad de Santa Fe, 80%, Corredor de la Ruta Provincial N\u00b01, 90%, San Juan un 66% de promedio provincial con 65% en el Gran San Juan, 80% en Caligasta, 60% en Iglesia y 78% en Valle F\u00e9rtil<\/p>\n<p>El promedio en\u00a0<strong>Mendoza<\/strong>\u00a0es del 80%: Gran Mendoza, 87%; Malarg\u00fce, 80%; Cacheuta, 88%; San Rafael, 76%; Potrerillos, 92%; Tupungato, 91% y Uspallata, 91%.<\/p>\n<figure class=\"mb-3\"><img decoding=\"async\" src=\"https:\/\/www.telam.com.ar\/thumbs\/bluesteel\/advf\/imagenes\/2022\/07\/62cca3ccc21af_900.jpg\" alt=\"Foto archivo \" width=\"100%\" height=\"100%\" \/><\/p>\n<div class=\"media-icons\"><\/div><figcaption>Foto: archivo.<\/figcaption><\/figure>\n<p>En\u00a0<strong>San Luis<\/strong>, Merlo alcanza el 85% de las reservas, y el promedio de la provincia es del 75%; en Neuqu\u00e9n, San Mart\u00edn de los Andes; 92%, Villa La Angostura; 70%; en R\u00edo Negro, Bariloche, 90%; en Chubut, Puerto Madryn, 55%; Esquel, 50%; en Santa Cruz, El Calafate no cuenta con datos, pero las estimaciones hablan de una ocupaci\u00f3n por encima de la prepandemia y en Tierra del Fuego, Ushuaia con el 85%.<\/p>\n<h2 class=\"\">Los vuelos<\/h2>\n<p>Por otra parte, para las pr\u00f3ximas dos semanas\u00a0<strong>se prev\u00e9 m\u00e1s de medio mill\u00f3n de pasajeros en toda la red de vuelos de Aerol\u00edneas Argentinas<\/strong>\u00a0que comprende los 36 destinos dom\u00e9sticos, los 45 intertramos o rutas federales y los 20 internacionales con un promedio de 34.000 pasajeros diarios, resaltaron.<\/p>\n<figure class=\"mb-3\"><img decoding=\"async\" src=\"https:\/\/www.telam.com.ar\/thumbs\/bluesteel\/advf\/imagenes\/2022\/07\/62cca3cd01df7_900.jpg\" alt=\"Foto archivo \" width=\"100%\" height=\"100%\" \/><\/p>\n<div class=\"media-icons\"><\/div><figcaption>Foto: archivo.<\/figcaption><\/figure>\n<p>Destinos con mayor un mayor nivel de ocupaci\u00f3n desde el 18 de julio, y para las pr\u00f3ximas dos semanas, son Bariloche que cuenta con un promedio del 93%, con picos de ocupaci\u00f3n plena en d\u00edas puntuales.<\/p>\n<p><strong>\u00abEsto se replica en los vuelos tambi\u00e9n desde Rosario, C\u00f3rdoba, Salta y Mendoza. En el caso de la ruta desde San Pablo, hay un promedio de 84%\u00bb<\/strong>, informaron.<\/p>\n<p>El promedio de ocupaci\u00f3n en la ruta principal de Ushuaia con Buenos Aires es del 97%, en el caso de la ruta entre C\u00f3rdoba y Ushuaia, 98% y entre El Calafate y la capital fueguina, 92%.<\/p>\n<p><strong>La ruta Iguaz\u00fa-Buenos Aires tiene un promedio del 95%<\/strong>, al igual que en la ruta con C\u00f3rdoba.<\/p>\n<p>San Mart\u00edn de los Andes 94% en la ruta con Buenos Aires, mientras que las rutas desde C\u00f3rdoba y Rosario alcanzan el 95%.<\/p>\n<figure class=\"mb-3\"><img decoding=\"async\" src=\"https:\/\/www.telam.com.ar\/thumbs\/bluesteel\/advf\/imagenes\/2022\/07\/62cca3df5a6f3_900.jpg\" alt=\"Foto archivo \" width=\"100%\" height=\"100%\" \/><\/p>\n<div class=\"media-icons\"><\/div><figcaption>Foto: archivo.<\/figcaption><\/figure>\n<p>Esquel 95% desde Buenos Aires, el Calafate un promedio del 92% en la ruta con Buenos Aires, Puerto Madryn, 87% en la ruta con Buenos Aires, Trelew 87% en la ruta con Buenos Aires y desde C\u00f3rdoba, 95%.<\/p>\n<p>Asimismo, Salta 95% para la primera semana y un promedio de 84% en las dos semanas, Mendoza 85% promedio en la ruta con CABA que super\u00f3 el 95% en la primera semana de vacaciones, y Neuqu\u00e9n 83% en la ruta con Buenos Aires, 95% en los primeros siete d\u00edas.<\/p>\n<figure class=\"mb-3\"><img decoding=\"async\" src=\"https:\/\/www.telam.com.ar\/thumbs\/bluesteel\/advf\/imagenes\/2022\/07\/62cca3df8aaef_900.jpg\" alt=\"Foto archivo \" width=\"100%\" height=\"100%\" \/><\/p>\n<div class=\"media-icons\"><\/div><figcaption>Foto: archivo.<\/figcaption><\/figure>\n","protected":false},"excerpt":{"rendered":"<p>Los sondeos estiman una ocupaci\u00f3n que llegar\u00e1 al 90 por ciento en algunos destinos y una temporada r\u00e9cord, cuando ya hay 15 provincias de vacaciones y la ciudad de Buenos Aires y la provincia comienzan la semana pr\u00f3xima.<\/p>\n","protected":false},"author":3,"featured_media":74962,"comment_status":"closed","ping_status":"closed","sticky":false,"template":"","format":"standard","meta":{"footnotes":""},"categories":[33],"tags":[],"class_list":["post-74961","post","type-post","status-publish","format-standard","has-post-thumbnail","hentry","category-turismo"],"yoast_head":"<!-- This site is optimized with the Yoast SEO plugin v25.9 - https:\/\/yoast.com\/wordpress\/plugins\/seo\/ -->\n<title>Unas 350.000 personas viajar\u00e1n por el pa\u00eds con PreViaje 2 en las vacaciones de invierno - Noticias Radio Reflejos<\/title>\n<meta name=\"robots\" content=\"index, follow, max-snippet:-1, max-image-preview:large, max-video-preview:-1\" \/>\n<link rel=\"canonical\" href=\"https:\/\/www.noticiasradioreflejos.com.ar\/2021\/unas-350-000-personas-viajaran-por-el-pais-con-previaje-2-en-las-vacaciones-de-invierno\/\" \/>\n<meta property=\"og:locale\" content=\"es_ES\" \/>\n<meta property=\"og:type\" content=\"article\" \/>\n<meta property=\"og:title\" content=\"Unas 350.000 personas viajar\u00e1n por el pa\u00eds con PreViaje 2 en las vacaciones de invierno - Noticias Radio Reflejos\" \/>\n<meta property=\"og:description\" content=\"Los sondeos estiman una ocupaci\u00f3n que llegar\u00e1 al 90 por ciento en algunos destinos y una temporada r\u00e9cord, cuando ya hay 15 provincias de vacaciones y la ciudad de Buenos Aires y la provincia comienzan la semana pr\u00f3xima.\" \/>\n<meta property=\"og:url\" content=\"https:\/\/www.noticiasradioreflejos.com.ar\/2021\/unas-350-000-personas-viajaran-por-el-pais-con-previaje-2-en-las-vacaciones-de-invierno\/\" \/>\n<meta property=\"og:site_name\" content=\"Noticias Radio Reflejos\" \/>\n<meta property=\"article:published_time\" content=\"2022-07-12T10:39:36+00:00\" \/>\n<meta property=\"og:image\" content=\"https:\/\/www.noticiasradioreflejos.com.ar\/2021\/wp-content\/uploads\/2022\/07\/turismo-sur.jpg\" \/>\n\t<meta property=\"og:image:width\" content=\"900\" \/>\n\t<meta property=\"og:image:height\" content=\"506\" \/>\n\t<meta property=\"og:image:type\" content=\"image\/jpeg\" \/>\n<meta name=\"author\" content=\"Arnaldo Botto\" \/>\n<meta name=\"twitter:card\" content=\"summary_large_image\" \/>\n<script type=\"application\/ld+json\" class=\"yoast-schema-graph\">{\"@context\":\"https:\/\/schema.org\",\"@graph\":[{\"@type\":\"WebPage\",\"@id\":\"https:\/\/www.noticiasradioreflejos.com.ar\/2021\/unas-350-000-personas-viajaran-por-el-pais-con-previaje-2-en-las-vacaciones-de-invierno\/\",\"url\":\"https:\/\/www.noticiasradioreflejos.com.ar\/2021\/unas-350-000-personas-viajaran-por-el-pais-con-previaje-2-en-las-vacaciones-de-invierno\/\",\"name\":\"Unas 350.000 personas viajar\u00e1n por el pa\u00eds con PreViaje 2 en las vacaciones de invierno - Noticias Radio Reflejos\",\"isPartOf\":{\"@id\":\"https:\/\/www.noticiasradioreflejos.com.ar\/2021\/#website\"},\"primaryImageOfPage\":{\"@id\":\"https:\/\/www.noticiasradioreflejos.com.ar\/2021\/unas-350-000-personas-viajaran-por-el-pais-con-previaje-2-en-las-vacaciones-de-invierno\/#primaryimage\"},\"image\":{\"@id\":\"https:\/\/www.noticiasradioreflejos.com.ar\/2021\/unas-350-000-personas-viajaran-por-el-pais-con-previaje-2-en-las-vacaciones-de-invierno\/#primaryimage\"},\"thumbnailUrl\":\"https:\/\/www.noticiasradioreflejos.com.ar\/2021\/wp-content\/uploads\/2022\/07\/turismo-sur.jpg\",\"datePublished\":\"2022-07-12T10:39:36+00:00\",\"author\":{\"@id\":\"https:\/\/www.noticiasradioreflejos.com.ar\/2021\/#\/schema\/person\/ad82545263dcc5ec0996818884fd5fb1\"},\"breadcrumb\":{\"@id\":\"https:\/\/www.noticiasradioreflejos.com.ar\/2021\/unas-350-000-personas-viajaran-por-el-pais-con-previaje-2-en-las-vacaciones-de-invierno\/#breadcrumb\"},\"inLanguage\":\"es\",\"potentialAction\":[{\"@type\":\"ReadAction\",\"target\":[\"https:\/\/www.noticiasradioreflejos.com.ar\/2021\/unas-350-000-personas-viajaran-por-el-pais-con-previaje-2-en-las-vacaciones-de-invierno\/\"]}]},{\"@type\":\"ImageObject\",\"inLanguage\":\"es\",\"@id\":\"https:\/\/www.noticiasradioreflejos.com.ar\/2021\/unas-350-000-personas-viajaran-por-el-pais-con-previaje-2-en-las-vacaciones-de-invierno\/#primaryimage\",\"url\":\"https:\/\/www.noticiasradioreflejos.com.ar\/2021\/wp-content\/uploads\/2022\/07\/turismo-sur.jpg\",\"contentUrl\":\"https:\/\/www.noticiasradioreflejos.com.ar\/2021\/wp-content\/uploads\/2022\/07\/turismo-sur.jpg\",\"width\":900,\"height\":506},{\"@type\":\"BreadcrumbList\",\"@id\":\"https:\/\/www.noticiasradioreflejos.com.ar\/2021\/unas-350-000-personas-viajaran-por-el-pais-con-previaje-2-en-las-vacaciones-de-invierno\/#breadcrumb\",\"itemListElement\":[{\"@type\":\"ListItem\",\"position\":1,\"name\":\"Portada\",\"item\":\"https:\/\/www.noticiasradioreflejos.com.ar\/2021\/\"},{\"@type\":\"ListItem\",\"position\":2,\"name\":\"Unas 350.000 personas viajar\u00e1n por el pa\u00eds con PreViaje 2 en las vacaciones de invierno\"}]},{\"@type\":\"WebSite\",\"@id\":\"https:\/\/www.noticiasradioreflejos.com.ar\/2021\/#website\",\"url\":\"https:\/\/www.noticiasradioreflejos.com.ar\/2021\/\",\"name\":\"Noticias Radio Reflejos\",\"description\":\"Las noticias de mi comarca\",\"potentialAction\":[{\"@type\":\"SearchAction\",\"target\":{\"@type\":\"EntryPoint\",\"urlTemplate\":\"https:\/\/www.noticiasradioreflejos.com.ar\/2021\/?s={search_term_string}\"},\"query-input\":{\"@type\":\"PropertyValueSpecification\",\"valueRequired\":true,\"valueName\":\"search_term_string\"}}],\"inLanguage\":\"es\"},{\"@type\":\"Person\",\"@id\":\"https:\/\/www.noticiasradioreflejos.com.ar\/2021\/#\/schema\/person\/ad82545263dcc5ec0996818884fd5fb1\",\"name\":\"Arnaldo Botto\",\"image\":{\"@type\":\"ImageObject\",\"inLanguage\":\"es\",\"@id\":\"https:\/\/www.noticiasradioreflejos.com.ar\/2021\/#\/schema\/person\/image\/\",\"url\":\"https:\/\/secure.gravatar.com\/avatar\/55cb5e37c1efa326397366e6974cb338056df65cb50e7d64d1cf314e87504837?s=96&d=mm&r=g\",\"contentUrl\":\"https:\/\/secure.gravatar.com\/avatar\/55cb5e37c1efa326397366e6974cb338056df65cb50e7d64d1cf314e87504837?s=96&d=mm&r=g\",\"caption\":\"Arnaldo Botto\"},\"url\":\"https:\/\/www.noticiasradioreflejos.com.ar\/2021\/author\/arnaldo\/\"}]}<\/script>\n<!-- \/ Yoast SEO plugin. -->","yoast_head_json":{"title":"Unas 350.000 personas viajar\u00e1n por el pa\u00eds con PreViaje 2 en las vacaciones de invierno - Noticias Radio Reflejos","robots":{"index":"index","follow":"follow","max-snippet":"max-snippet:-1","max-image-preview":"max-image-preview:large","max-video-preview":"max-video-preview:-1"},"canonical":"https:\/\/www.noticiasradioreflejos.com.ar\/2021\/unas-350-000-personas-viajaran-por-el-pais-con-previaje-2-en-las-vacaciones-de-invierno\/","og_locale":"es_ES","og_type":"article","og_title":"Unas 350.000 personas viajar\u00e1n por el pa\u00eds con PreViaje 2 en las vacaciones de invierno - Noticias Radio Reflejos","og_description":"Los sondeos estiman una ocupaci\u00f3n que llegar\u00e1 al 90 por ciento en algunos destinos y una temporada r\u00e9cord, cuando ya hay 15 provincias de vacaciones y la ciudad de Buenos Aires y la provincia comienzan la semana pr\u00f3xima.","og_url":"https:\/\/www.noticiasradioreflejos.com.ar\/2021\/unas-350-000-personas-viajaran-por-el-pais-con-previaje-2-en-las-vacaciones-de-invierno\/","og_site_name":"Noticias Radio Reflejos","article_published_time":"2022-07-12T10:39:36+00:00","og_image":[{"width":900,"height":506,"url":"https:\/\/www.noticiasradioreflejos.com.ar\/2021\/wp-content\/uploads\/2022\/07\/turismo-sur.jpg","type":"image\/jpeg"}],"author":"Arnaldo Botto","twitter_card":"summary_large_image","schema":{"@context":"https:\/\/schema.org","@graph":[{"@type":"WebPage","@id":"https:\/\/www.noticiasradioreflejos.com.ar\/2021\/unas-350-000-personas-viajaran-por-el-pais-con-previaje-2-en-las-vacaciones-de-invierno\/","url":"https:\/\/www.noticiasradioreflejos.com.ar\/2021\/unas-350-000-personas-viajaran-por-el-pais-con-previaje-2-en-las-vacaciones-de-invierno\/","name":"Unas 350.000 personas viajar\u00e1n por el pa\u00eds con PreViaje 2 en las vacaciones de invierno - Noticias Radio Reflejos","isPartOf":{"@id":"https:\/\/www.noticiasradioreflejos.com.ar\/2021\/#website"},"primaryImageOfPage":{"@id":"https:\/\/www.noticiasradioreflejos.com.ar\/2021\/unas-350-000-personas-viajaran-por-el-pais-con-previaje-2-en-las-vacaciones-de-invierno\/#primaryimage"},"image":{"@id":"https:\/\/www.noticiasradioreflejos.com.ar\/2021\/unas-350-000-personas-viajaran-por-el-pais-con-previaje-2-en-las-vacaciones-de-invierno\/#primaryimage"},"thumbnailUrl":"https:\/\/www.noticiasradioreflejos.com.ar\/2021\/wp-content\/uploads\/2022\/07\/turismo-sur.jpg","datePublished":"2022-07-12T10:39:36+00:00","author":{"@id":"https:\/\/www.noticiasradioreflejos.com.ar\/2021\/#\/schema\/person\/ad82545263dcc5ec0996818884fd5fb1"},"breadcrumb":{"@id":"https:\/\/www.noticiasradioreflejos.com.ar\/2021\/unas-350-000-personas-viajaran-por-el-pais-con-previaje-2-en-las-vacaciones-de-invierno\/#breadcrumb"},"inLanguage":"es","potentialAction":[{"@type":"ReadAction","target":["https:\/\/www.noticiasradioreflejos.com.ar\/2021\/unas-350-000-personas-viajaran-por-el-pais-con-previaje-2-en-las-vacaciones-de-invierno\/"]}]},{"@type":"ImageObject","inLanguage":"es","@id":"https:\/\/www.noticiasradioreflejos.com.ar\/2021\/unas-350-000-personas-viajaran-por-el-pais-con-previaje-2-en-las-vacaciones-de-invierno\/#primaryimage","url":"https:\/\/www.noticiasradioreflejos.com.ar\/2021\/wp-content\/uploads\/2022\/07\/turismo-sur.jpg","contentUrl":"https:\/\/www.noticiasradioreflejos.com.ar\/2021\/wp-content\/uploads\/2022\/07\/turismo-sur.jpg","width":900,"height":506},{"@type":"BreadcrumbList","@id":"https:\/\/www.noticiasradioreflejos.com.ar\/2021\/unas-350-000-personas-viajaran-por-el-pais-con-previaje-2-en-las-vacaciones-de-invierno\/#breadcrumb","itemListElement":[{"@type":"ListItem","position":1,"name":"Portada","item":"https:\/\/www.noticiasradioreflejos.com.ar\/2021\/"},{"@type":"ListItem","position":2,"name":"Unas 350.000 personas viajar\u00e1n por el pa\u00eds con PreViaje 2 en las vacaciones de invierno"}]},{"@type":"WebSite","@id":"https:\/\/www.noticiasradioreflejos.com.ar\/2021\/#website","url":"https:\/\/www.noticiasradioreflejos.com.ar\/2021\/","name":"Noticias Radio Reflejos","description":"Las noticias de mi comarca","potentialAction":[{"@type":"SearchAction","target":{"@type":"EntryPoint","urlTemplate":"https:\/\/www.noticiasradioreflejos.com.ar\/2021\/?s={search_term_string}"},"query-input":{"@type":"PropertyValueSpecification","valueRequired":true,"valueName":"search_term_string"}}],"inLanguage":"es"},{"@type":"Person","@id":"https:\/\/www.noticiasradioreflejos.com.ar\/2021\/#\/schema\/person\/ad82545263dcc5ec0996818884fd5fb1","name":"Arnaldo Botto","image":{"@type":"ImageObject","inLanguage":"es","@id":"https:\/\/www.noticiasradioreflejos.com.ar\/2021\/#\/schema\/person\/image\/","url":"https:\/\/secure.gravatar.com\/avatar\/55cb5e37c1efa326397366e6974cb338056df65cb50e7d64d1cf314e87504837?s=96&d=mm&r=g","contentUrl":"https:\/\/secure.gravatar.com\/avatar\/55cb5e37c1efa326397366e6974cb338056df65cb50e7d64d1cf314e87504837?s=96&d=mm&r=g","caption":"Arnaldo Botto"},"url":"https:\/\/www.noticiasradioreflejos.com.ar\/2021\/author\/arnaldo\/"}]}},"_links":{"self":[{"href":"https:\/\/www.noticiasradioreflejos.com.ar\/2021\/wp-json\/wp\/v2\/posts\/74961","targetHints":{"allow":["GET"]}}],"collection":[{"href":"https:\/\/www.noticiasradioreflejos.com.ar\/2021\/wp-json\/wp\/v2\/posts"}],"about":[{"href":"https:\/\/www.noticiasradioreflejos.com.ar\/2021\/wp-json\/wp\/v2\/types\/post"}],"author":[{"embeddable":true,"href":"https:\/\/www.noticiasradioreflejos.com.ar\/2021\/wp-json\/wp\/v2\/users\/3"}],"replies":[{"embeddable":true,"href":"https:\/\/www.noticiasradioreflejos.com.ar\/2021\/wp-json\/wp\/v2\/comments?post=74961"}],"version-history":[{"count":1,"href":"https:\/\/www.noticiasradioreflejos.com.ar\/2021\/wp-json\/wp\/v2\/posts\/74961\/revisions"}],"predecessor-version":[{"id":74963,"href":"https:\/\/www.noticiasradioreflejos.com.ar\/2021\/wp-json\/wp\/v2\/posts\/74961\/revisions\/74963"}],"wp:featuredmedia":[{"embeddable":true,"href":"https:\/\/www.noticiasradioreflejos.com.ar\/2021\/wp-json\/wp\/v2\/media\/74962"}],"wp:attachment":[{"href":"https:\/\/www.noticiasradioreflejos.com.ar\/2021\/wp-json\/wp\/v2\/media?parent=74961"}],"wp:term":[{"taxonomy":"category","embeddable":true,"href":"https:\/\/www.noticiasradioreflejos.com.ar\/2021\/wp-json\/wp\/v2\/categories?post=74961"},{"taxonomy":"post_tag","embeddable":true,"href":"https:\/\/www.noticiasradioreflejos.com.ar\/2021\/wp-json\/wp\/v2\/tags?post=74961"}],"curies":[{"name":"wp","href":"https:\/\/api.w.org\/{rel}","templated":true}]}}