{"id":74956,"date":"2022-07-11T22:18:12","date_gmt":"2022-07-11T22:18:12","guid":{"rendered":"http:\/\/www.noticiasradioreflejos.com.ar\/2021\/?p=74956"},"modified":"2022-07-11T22:18:12","modified_gmt":"2022-07-11T22:18:12","slug":"impresionante-tormenta-de-granizo-en-entre-rios-casas-destrozadas-voladuras-de-techos-y-gran-cantidad-de-aves-muertas","status":"publish","type":"post","link":"https:\/\/www.noticiasradioreflejos.com.ar\/2021\/impresionante-tormenta-de-granizo-en-entre-rios-casas-destrozadas-voladuras-de-techos-y-gran-cantidad-de-aves-muertas\/","title":{"rendered":"Impresionante tormenta de granizo en Entre R\u00edos: casas destrozadas, voladuras de techos y gran cantidad de aves muertas"},"content":{"rendered":"<p>Arranc\u00f3 a las 5 de la ma\u00f1ana y tuvo su epicentro en la localidad de Viale, donde cayeron piedras durante 20 minutos. En Col\u00f3n pidieron a la ciudadan\u00eda no salir a la calle. \u201cHay muchas p\u00e9rdidas materiales, \u00e1rboles ca\u00eddos y casas con problemas\u201d, dijo el intendente, Jos\u00e9 Luis Walser.<!--more--><\/p>\n<p><iframe loading=\"lazy\" src=\"\/\/content.jwplatform.com\/players\/s4UbE0WZ-JO3yNPSU.html\" width=\"640\" height=\"360\" frameborder=\"0\" scrolling=\"auto\"><\/iframe><\/p>\n<p>&nbsp;<\/p>\n<article class=\"article\">\n<div class=\"nd-body-article\">\n<p class=\"paragraph\">Un temporal de lluvia y viento azot\u00f3 esta madrugada varias zonas de la provincia de Entre R\u00edos. En ese contexto,\u00a0<mark class=\"hl_yellow\"><b>una tormenta de granizo hist\u00f3rica de m\u00e1s de 20 minutos sorprendi\u00f3 a la ciudad de Viale<\/b><\/mark>, lo que provoc\u00f3 graves da\u00f1os materiales en viviendas, edificios, granjas, veh\u00edculos y la muerte de una gran cantidad de aves.<\/p>\n<p class=\"paragraph\">\u201cLas p\u00e9rdidas son muy importantes, las familias de las zonas m\u00e1s vulnerables son las m\u00e1s afectadas y es donde se est\u00e1 asistiendo\u201d, asegur\u00f3 hoy\u00a0<b>Carlos Weiss<\/b>, intendente de Viale, que se ubica a 57 kil\u00f3metros de Paran\u00e1, la capital provincial.<\/p>\n<p class=\"paragraph\">La tormenta de granizo comenz\u00f3 cerca de las 5 de la ma\u00f1ana y fue \u201cmuy intensa, de un ruido ensordecedor y prolongado por unos 20 minutos\u201d, tanto que se acumul\u00f3 \u201cpor cuadra, un metro de alto\u201d de granizo, detall\u00f3 Weiss en conferencia de prensa. \u201c<mark class=\"hl_yellow\"><b>Fue algo totalmente anormal, nunca en la historia hab\u00eda ocurrido algo similar<\/b><\/mark>\u201d, coment\u00f3 el funcionario.<\/p>\n<div class=\"visual__image\"><img loading=\"lazy\" decoding=\"async\" class=\"\" src=\"https:\/\/cloudfront-us-east-1.images.arcpublishing.com\/infobae\/GBTXTJOGPZGOPHHCHJY6EIX6HQ.jpg\" sizes=\"auto, (min-width: 800px) 50vw, 90vw\" srcset=\"https:\/\/www.infobae.com\/new-resizer\/YSD6ZhAonebvQ-Y46e4lsoK-220=\/420x236\/filters:format(webp):quality(85)\/cloudfront-us-east-1.images.arcpublishing.com\/infobae\/GBTXTJOGPZGOPHHCHJY6EIX6HQ.jpg 420w,https:\/\/www.infobae.com\/new-resizer\/0lmDtvoMvVDPrDUknetGD6j5JHc=\/768x432\/filters:format(webp):quality(85)\/cloudfront-us-east-1.images.arcpublishing.com\/infobae\/GBTXTJOGPZGOPHHCHJY6EIX6HQ.jpg 768w,https:\/\/www.infobae.com\/new-resizer\/gpDSreXE2A8GtF3Vp_A0OSLHTr0=\/992x558\/filters:format(webp):quality(85)\/cloudfront-us-east-1.images.arcpublishing.com\/infobae\/GBTXTJOGPZGOPHHCHJY6EIX6HQ.jpg 992w,https:\/\/www.infobae.com\/new-resizer\/LbBbomYLUeqGo50Kifteg0RV44k=\/1200x675\/filters:format(webp):quality(85)\/cloudfront-us-east-1.images.arcpublishing.com\/infobae\/GBTXTJOGPZGOPHHCHJY6EIX6HQ.jpg 1200w,https:\/\/www.infobae.com\/new-resizer\/Gqt3zZWSoBjzeap3dWlaIK_jVsQ=\/1440x810\/filters:format(webp):quality(85)\/cloudfront-us-east-1.images.arcpublishing.com\/infobae\/GBTXTJOGPZGOPHHCHJY6EIX6HQ.jpg 1440w\" alt=\"El temporal cubri\u00f3 las calles de granizo (Diario Uno)\" width=\"1920\" height=\"1080\" \/>El temporal cubri\u00f3 las calles de granizo (Diario Uno)<\/div>\n<p class=\"paragraph\">Eso produjo la obstrucci\u00f3n de los desag\u00fces pluviales, generando anegamientos e inundaciones en las viviendas de familias que debieron ser asistidas. Tambi\u00e9n hubo postes de luz y tapiales ca\u00eddos, voladuras de techos y chapas, se rompieron ventanas, claraboyas y espacios p\u00fablicos, y se registraron da\u00f1os en los veh\u00edculos estacionados en la calle.<\/p>\n<p class=\"paragraph\">\u201c<mark class=\"hl_yellow\"><b>Se est\u00e1 asistiendo a las personas con colchones, frazadas, restablecimiento de servicios y desagote de cloacas y desag\u00fces<\/b><\/mark>\u201d, afirm\u00f3 el jefe comunal, a la vez que destac\u00f3 el trabajo en conjunto entre el Municipio, Defensa Civil y el Ministerio de Desarrollo Social provincial.<\/p>\n<p class=\"paragraph\">Asimismo, m\u00e1quinas municipales y retroexcavadoras trabajaron durante la ma\u00f1ana y el mediod\u00eda para limpiar y liberar las calles por la acumulaci\u00f3n de piedras.<\/p>\n<div class=\"visual__image\"><img loading=\"lazy\" decoding=\"async\" class=\"\" src=\"https:\/\/cloudfront-us-east-1.images.arcpublishing.com\/infobae\/3F5GH6ANWJHWXDF4CXKX2OSFNM.jpg\" sizes=\"auto, (min-width: 800px) 50vw, 90vw\" srcset=\"https:\/\/www.infobae.com\/new-resizer\/W_OnjNWnHXZYIFe39IGYZX39EVk=\/420x236\/filters:format(webp):quality(85)\/cloudfront-us-east-1.images.arcpublishing.com\/infobae\/3F5GH6ANWJHWXDF4CXKX2OSFNM.jpg 420w,https:\/\/www.infobae.com\/new-resizer\/UN11CljgLfgwTi-ITix-PymQjpM=\/768x432\/filters:format(webp):quality(85)\/cloudfront-us-east-1.images.arcpublishing.com\/infobae\/3F5GH6ANWJHWXDF4CXKX2OSFNM.jpg 768w,https:\/\/www.infobae.com\/new-resizer\/E6vqVxVw0UBg_wWSG9NGO0g280c=\/992x558\/filters:format(webp):quality(85)\/cloudfront-us-east-1.images.arcpublishing.com\/infobae\/3F5GH6ANWJHWXDF4CXKX2OSFNM.jpg 992w,https:\/\/www.infobae.com\/new-resizer\/QOp8jCAax1NZOmGt-RdInWC_qSo=\/1200x675\/filters:format(webp):quality(85)\/cloudfront-us-east-1.images.arcpublishing.com\/infobae\/3F5GH6ANWJHWXDF4CXKX2OSFNM.jpg 1200w,https:\/\/www.infobae.com\/new-resizer\/_qWgyo8tGNKf-Os1-hNP4RM9jME=\/1440x810\/filters:format(webp):quality(85)\/cloudfront-us-east-1.images.arcpublishing.com\/infobae\/3F5GH6ANWJHWXDF4CXKX2OSFNM.jpg 1440w\" alt=\"Tras la tormenta, el Municipio limpi\u00f3 las calles con retroexcavadoras (Diario Uno)\" width=\"1920\" height=\"1080\" \/>Tras la tormenta, el Municipio limpi\u00f3 las calles con retroexcavadoras (Diario Uno)<\/div>\n<p class=\"paragraph\">En los edificios p\u00fablicos, en tanto, \u201ctuvimos el mismo inconveniente por la obstrucci\u00f3n de los desag\u00fces pluviales, se inundaron y se moj\u00f3 algo de documentaci\u00f3n y computadoras\u201d, dijo Weiss, por lo que avanzan para restablecer los servicios \u201clo antes posible\u201d.<\/p>\n<p class=\"paragraph\">Por otra parte,\u00a0<mark class=\"hl_yellow\"><b>se detectaron grandes cantidades de aves sin vida, como loros, gorriones y palomas que viv\u00edan en \u00e1rboles c\u00e9ntricos y tambi\u00e9n en zonas rurales<\/b><\/mark>.<\/p>\n<p class=\"paragraph\">Asimismo, el temporal afect\u00f3 otras zonas de Entre R\u00edos, con fuertes vientos y ca\u00edda de agua, pero menor intensidad. De ello dan testimonio los videos de distintos usuarios de redes sociales, que muestran\u00a0<b>parques te\u00f1idos de blanco<\/b>\u00a0y\u00a0<b>monta\u00f1as de bolas de hielo agolpadas en las puertas<\/b>.<\/p>\n<p class=\"paragraph\">En el\u00a0<b>departamento de Col\u00f3n<\/b>, al este de la provincia, se registraron ca\u00edda de \u00e1rboles, cables, postes de luz, carteles y juegos de plazas, voladura de chapas, tanto en la ciudad hom\u00f3nima como tambi\u00e9n aleda\u00f1as como San Jos\u00e9. Tambi\u00e9n el intenso viento provoc\u00f3 la ca\u00edda del servicio el\u00e9ctrico de cinco de las seis subestaciones de energ\u00eda de Col\u00f3n.<\/p>\n<div class=\"visual__image\"><img loading=\"lazy\" decoding=\"async\" class=\"\" src=\"https:\/\/cloudfront-us-east-1.images.arcpublishing.com\/infobae\/LBYGP2IQR5FG7NIZR4OIBPGHFU.jpg\" sizes=\"auto, (min-width: 800px) 50vw, 90vw\" srcset=\"https:\/\/www.infobae.com\/new-resizer\/pil8PmetiiYg3slDUGAoGL2rxuM=\/420x236\/filters:format(webp):quality(85)\/cloudfront-us-east-1.images.arcpublishing.com\/infobae\/LBYGP2IQR5FG7NIZR4OIBPGHFU.jpg 420w,https:\/\/www.infobae.com\/new-resizer\/FaGFl_oYjOSl3GkW0V63sRFGXp8=\/768x432\/filters:format(webp):quality(85)\/cloudfront-us-east-1.images.arcpublishing.com\/infobae\/LBYGP2IQR5FG7NIZR4OIBPGHFU.jpg 768w,https:\/\/www.infobae.com\/new-resizer\/4ZwT7yTwuZiScTQz8WOfTDPiWh8=\/992x558\/filters:format(webp):quality(85)\/cloudfront-us-east-1.images.arcpublishing.com\/infobae\/LBYGP2IQR5FG7NIZR4OIBPGHFU.jpg 992w,https:\/\/www.infobae.com\/new-resizer\/MkjRvRrlnjRXS6uxSq8RmBWrnTQ=\/1200x675\/filters:format(webp):quality(85)\/cloudfront-us-east-1.images.arcpublishing.com\/infobae\/LBYGP2IQR5FG7NIZR4OIBPGHFU.jpg 1200w,https:\/\/www.infobae.com\/new-resizer\/swm7Lq6EyiFsoyEwdnStSIkfhTQ=\/1440x810\/filters:format(webp):quality(85)\/cloudfront-us-east-1.images.arcpublishing.com\/infobae\/LBYGP2IQR5FG7NIZR4OIBPGHFU.jpg 1440w\" alt=\"En Col\u00f3n, as\u00ed qued\u00f3 una plaza (Foto\/@SergioPinget)\" width=\"1920\" height=\"1080\" \/>En Col\u00f3n, as\u00ed qued\u00f3 una plaza (Foto\/@SergioPinget)<\/div>\n<p class=\"paragraph\">En ese sentido, personal de Defensa Civil, Bomberos Voluntarios, la empresa energ\u00e9tica Enersa, Polic\u00eda y el equipo municipal trabaja para solucionar los inconvenientes.<\/p>\n<p class=\"paragraph\">\u201c<mark class=\"hl_yellow\"><b>Hay muchas p\u00e9rdidas materiales, \u00e1rboles ca\u00eddos y casas con problemas, estemos tranquilos y no salgamos de las casas hasta que esto se normalice<\/b><\/mark>. Estamos trabajando en conjunto y pronto vamos a dar respuesta a cada una de las necesidades. Tranquilidad que pronto vamos a ir recuperando la normalidad\u201d, coment\u00f3 el intendente,\u00a0<b>Jos\u00e9 Luis Walser<\/b>.<\/p>\n<div class=\"visual__image\"><img loading=\"lazy\" decoding=\"async\" class=\"\" src=\"https:\/\/cloudfront-us-east-1.images.arcpublishing.com\/infobae\/ZW47HOZIHJDMJKUB52N6M6WRMA.jpg\" sizes=\"auto, (min-width: 800px) 50vw, 90vw\" srcset=\"https:\/\/www.infobae.com\/new-resizer\/VG5SB9-0kBGvH-ZpcFqGhGXsj7Q=\/420x236\/filters:format(webp):quality(85)\/cloudfront-us-east-1.images.arcpublishing.com\/infobae\/ZW47HOZIHJDMJKUB52N6M6WRMA.jpg 420w,https:\/\/www.infobae.com\/new-resizer\/DoBuU89kSpxKOqZWP1gXvKl90Ew=\/768x432\/filters:format(webp):quality(85)\/cloudfront-us-east-1.images.arcpublishing.com\/infobae\/ZW47HOZIHJDMJKUB52N6M6WRMA.jpg 768w,https:\/\/www.infobae.com\/new-resizer\/w12AznYkfQUv3rG99QRdh22e1o4=\/992x558\/filters:format(webp):quality(85)\/cloudfront-us-east-1.images.arcpublishing.com\/infobae\/ZW47HOZIHJDMJKUB52N6M6WRMA.jpg 992w,https:\/\/www.infobae.com\/new-resizer\/4nHwzom_SvrC91OEvbGAMPrMDbc=\/1200x675\/filters:format(webp):quality(85)\/cloudfront-us-east-1.images.arcpublishing.com\/infobae\/ZW47HOZIHJDMJKUB52N6M6WRMA.jpg 1200w,https:\/\/www.infobae.com\/new-resizer\/Sh9gYH4CI8T7w79mibk9IuLdlQA=\/1440x810\/filters:format(webp):quality(85)\/cloudfront-us-east-1.images.arcpublishing.com\/infobae\/ZW47HOZIHJDMJKUB52N6M6WRMA.jpg 1440w\" alt=\"Por los fuertes vientos se cayeron varios carteles y se volaron algunos techos (Foto\/@SergioPinget)\" width=\"1920\" height=\"1080\" \/>Por los fuertes vientos se cayeron varios carteles y se volaron algunos techos (Foto\/@SergioPinget)<\/div>\n<p class=\"paragraph\">En el\u00a0<b>departamento Uruguay<\/b>, m\u00e1s al sur, una granja av\u00edcola a 16 kil\u00f3metros de Santa Anita sufri\u00f3 la roturas de techos, provocando la muerte de gran cantidad de pollos, al igual que un galp\u00f3n local que qued\u00f3 destruido.<\/p>\n<p class=\"paragraph\">Asimismo, hubo inconvenientes en las zonas de las localidades de\u00a0<b>Durazno<\/b>,\u00a0<b>Guardamonte<\/b>\u00a0y\u00a0<b>Altamirano<\/b>, del\u00a0<b>departamento Tala<\/b>, en el centro de Entre R\u00edos.<\/p>\n<p class=\"paragraph\">Un gallinero ubicado en la ruta provincial 6 fue arrasado totalmente y una gran cantidad de pollos murieron. Adem\u00e1s, varias viviendas rurales sufrieron el corte del servicio de energ\u00eda el\u00e9ctrica. \u201c<b>Se vol\u00f3 toda la granja<\/b>\u201d, report\u00f3 el productor en comunicaci\u00f3n con los medios locales.<\/p>\n<\/div>\n<\/article>\n","protected":false},"excerpt":{"rendered":"<p>Arranc\u00f3 a las 5 de la ma\u00f1ana y tuvo su epicentro en la localidad de Viale, donde cayeron piedras durante 20 minutos. En Col\u00f3n pidieron a la ciudadan\u00eda no salir a la calle. \u201cHay muchas p\u00e9rdidas materiales, \u00e1rboles ca\u00eddos y casas con problemas\u201d, dijo el intendente, Jos\u00e9 Luis Walser.<\/p>\n","protected":false},"author":3,"featured_media":0,"comment_status":"closed","ping_status":"closed","sticky":false,"template":"","format":"standard","meta":{"footnotes":""},"categories":[26],"tags":[],"class_list":["post-74956","post","type-post","status-publish","format-standard","hentry","category-sociedad"],"yoast_head":"<!-- This site is optimized with the Yoast SEO plugin v25.9 - https:\/\/yoast.com\/wordpress\/plugins\/seo\/ -->\n<title>Impresionante tormenta de granizo en Entre R\u00edos: casas destrozadas, voladuras de techos y gran cantidad de aves muertas - Noticias Radio Reflejos<\/title>\n<meta name=\"robots\" content=\"index, follow, max-snippet:-1, max-image-preview:large, max-video-preview:-1\" \/>\n<link rel=\"canonical\" href=\"https:\/\/www.noticiasradioreflejos.com.ar\/2021\/impresionante-tormenta-de-granizo-en-entre-rios-casas-destrozadas-voladuras-de-techos-y-gran-cantidad-de-aves-muertas\/\" \/>\n<meta property=\"og:locale\" content=\"es_ES\" \/>\n<meta property=\"og:type\" content=\"article\" \/>\n<meta property=\"og:title\" content=\"Impresionante tormenta de granizo en Entre R\u00edos: casas destrozadas, voladuras de techos y gran cantidad de aves muertas - Noticias Radio Reflejos\" \/>\n<meta property=\"og:description\" content=\"Arranc\u00f3 a las 5 de la ma\u00f1ana y tuvo su epicentro en la localidad de Viale, donde cayeron piedras durante 20 minutos. En Col\u00f3n pidieron a la ciudadan\u00eda no salir a la calle. \u201cHay muchas p\u00e9rdidas materiales, \u00e1rboles ca\u00eddos y casas con problemas\u201d, dijo el intendente, Jos\u00e9 Luis Walser.\" \/>\n<meta property=\"og:url\" content=\"https:\/\/www.noticiasradioreflejos.com.ar\/2021\/impresionante-tormenta-de-granizo-en-entre-rios-casas-destrozadas-voladuras-de-techos-y-gran-cantidad-de-aves-muertas\/\" \/>\n<meta property=\"og:site_name\" content=\"Noticias Radio Reflejos\" \/>\n<meta property=\"article:published_time\" content=\"2022-07-11T22:18:12+00:00\" \/>\n<meta property=\"og:image\" content=\"https:\/\/cloudfront-us-east-1.images.arcpublishing.com\/infobae\/GBTXTJOGPZGOPHHCHJY6EIX6HQ.jpg\" \/>\n<meta name=\"author\" content=\"Arnaldo Botto\" \/>\n<meta name=\"twitter:card\" content=\"summary_large_image\" \/>\n<script type=\"application\/ld+json\" class=\"yoast-schema-graph\">{\"@context\":\"https:\/\/schema.org\",\"@graph\":[{\"@type\":\"WebPage\",\"@id\":\"https:\/\/www.noticiasradioreflejos.com.ar\/2021\/impresionante-tormenta-de-granizo-en-entre-rios-casas-destrozadas-voladuras-de-techos-y-gran-cantidad-de-aves-muertas\/\",\"url\":\"https:\/\/www.noticiasradioreflejos.com.ar\/2021\/impresionante-tormenta-de-granizo-en-entre-rios-casas-destrozadas-voladuras-de-techos-y-gran-cantidad-de-aves-muertas\/\",\"name\":\"Impresionante tormenta de granizo en Entre R\u00edos: casas destrozadas, voladuras de techos y gran cantidad de aves muertas - Noticias Radio Reflejos\",\"isPartOf\":{\"@id\":\"https:\/\/www.noticiasradioreflejos.com.ar\/2021\/#website\"},\"primaryImageOfPage\":{\"@id\":\"https:\/\/www.noticiasradioreflejos.com.ar\/2021\/impresionante-tormenta-de-granizo-en-entre-rios-casas-destrozadas-voladuras-de-techos-y-gran-cantidad-de-aves-muertas\/#primaryimage\"},\"image\":{\"@id\":\"https:\/\/www.noticiasradioreflejos.com.ar\/2021\/impresionante-tormenta-de-granizo-en-entre-rios-casas-destrozadas-voladuras-de-techos-y-gran-cantidad-de-aves-muertas\/#primaryimage\"},\"thumbnailUrl\":\"https:\/\/cloudfront-us-east-1.images.arcpublishing.com\/infobae\/GBTXTJOGPZGOPHHCHJY6EIX6HQ.jpg\",\"datePublished\":\"2022-07-11T22:18:12+00:00\",\"author\":{\"@id\":\"https:\/\/www.noticiasradioreflejos.com.ar\/2021\/#\/schema\/person\/ad82545263dcc5ec0996818884fd5fb1\"},\"breadcrumb\":{\"@id\":\"https:\/\/www.noticiasradioreflejos.com.ar\/2021\/impresionante-tormenta-de-granizo-en-entre-rios-casas-destrozadas-voladuras-de-techos-y-gran-cantidad-de-aves-muertas\/#breadcrumb\"},\"inLanguage\":\"es\",\"potentialAction\":[{\"@type\":\"ReadAction\",\"target\":[\"https:\/\/www.noticiasradioreflejos.com.ar\/2021\/impresionante-tormenta-de-granizo-en-entre-rios-casas-destrozadas-voladuras-de-techos-y-gran-cantidad-de-aves-muertas\/\"]}]},{\"@type\":\"ImageObject\",\"inLanguage\":\"es\",\"@id\":\"https:\/\/www.noticiasradioreflejos.com.ar\/2021\/impresionante-tormenta-de-granizo-en-entre-rios-casas-destrozadas-voladuras-de-techos-y-gran-cantidad-de-aves-muertas\/#primaryimage\",\"url\":\"https:\/\/cloudfront-us-east-1.images.arcpublishing.com\/infobae\/GBTXTJOGPZGOPHHCHJY6EIX6HQ.jpg\",\"contentUrl\":\"https:\/\/cloudfront-us-east-1.images.arcpublishing.com\/infobae\/GBTXTJOGPZGOPHHCHJY6EIX6HQ.jpg\"},{\"@type\":\"BreadcrumbList\",\"@id\":\"https:\/\/www.noticiasradioreflejos.com.ar\/2021\/impresionante-tormenta-de-granizo-en-entre-rios-casas-destrozadas-voladuras-de-techos-y-gran-cantidad-de-aves-muertas\/#breadcrumb\",\"itemListElement\":[{\"@type\":\"ListItem\",\"position\":1,\"name\":\"Portada\",\"item\":\"https:\/\/www.noticiasradioreflejos.com.ar\/2021\/\"},{\"@type\":\"ListItem\",\"position\":2,\"name\":\"Impresionante tormenta de granizo en Entre R\u00edos: casas destrozadas, voladuras de techos y gran cantidad de aves muertas\"}]},{\"@type\":\"WebSite\",\"@id\":\"https:\/\/www.noticiasradioreflejos.com.ar\/2021\/#website\",\"url\":\"https:\/\/www.noticiasradioreflejos.com.ar\/2021\/\",\"name\":\"Noticias Radio Reflejos\",\"description\":\"Las noticias de mi comarca\",\"potentialAction\":[{\"@type\":\"SearchAction\",\"target\":{\"@type\":\"EntryPoint\",\"urlTemplate\":\"https:\/\/www.noticiasradioreflejos.com.ar\/2021\/?s={search_term_string}\"},\"query-input\":{\"@type\":\"PropertyValueSpecification\",\"valueRequired\":true,\"valueName\":\"search_term_string\"}}],\"inLanguage\":\"es\"},{\"@type\":\"Person\",\"@id\":\"https:\/\/www.noticiasradioreflejos.com.ar\/2021\/#\/schema\/person\/ad82545263dcc5ec0996818884fd5fb1\",\"name\":\"Arnaldo Botto\",\"image\":{\"@type\":\"ImageObject\",\"inLanguage\":\"es\",\"@id\":\"https:\/\/www.noticiasradioreflejos.com.ar\/2021\/#\/schema\/person\/image\/\",\"url\":\"https:\/\/secure.gravatar.com\/avatar\/55cb5e37c1efa326397366e6974cb338056df65cb50e7d64d1cf314e87504837?s=96&d=mm&r=g\",\"contentUrl\":\"https:\/\/secure.gravatar.com\/avatar\/55cb5e37c1efa326397366e6974cb338056df65cb50e7d64d1cf314e87504837?s=96&d=mm&r=g\",\"caption\":\"Arnaldo Botto\"},\"url\":\"https:\/\/www.noticiasradioreflejos.com.ar\/2021\/author\/arnaldo\/\"}]}<\/script>\n<!-- \/ Yoast SEO plugin. -->","yoast_head_json":{"title":"Impresionante tormenta de granizo en Entre R\u00edos: casas destrozadas, voladuras de techos y gran cantidad de aves muertas - Noticias Radio Reflejos","robots":{"index":"index","follow":"follow","max-snippet":"max-snippet:-1","max-image-preview":"max-image-preview:large","max-video-preview":"max-video-preview:-1"},"canonical":"https:\/\/www.noticiasradioreflejos.com.ar\/2021\/impresionante-tormenta-de-granizo-en-entre-rios-casas-destrozadas-voladuras-de-techos-y-gran-cantidad-de-aves-muertas\/","og_locale":"es_ES","og_type":"article","og_title":"Impresionante tormenta de granizo en Entre R\u00edos: casas destrozadas, voladuras de techos y gran cantidad de aves muertas - Noticias Radio Reflejos","og_description":"Arranc\u00f3 a las 5 de la ma\u00f1ana y tuvo su epicentro en la localidad de Viale, donde cayeron piedras durante 20 minutos. En Col\u00f3n pidieron a la ciudadan\u00eda no salir a la calle. \u201cHay muchas p\u00e9rdidas materiales, \u00e1rboles ca\u00eddos y casas con problemas\u201d, dijo el intendente, Jos\u00e9 Luis Walser.","og_url":"https:\/\/www.noticiasradioreflejos.com.ar\/2021\/impresionante-tormenta-de-granizo-en-entre-rios-casas-destrozadas-voladuras-de-techos-y-gran-cantidad-de-aves-muertas\/","og_site_name":"Noticias Radio Reflejos","article_published_time":"2022-07-11T22:18:12+00:00","og_image":[{"url":"https:\/\/cloudfront-us-east-1.images.arcpublishing.com\/infobae\/GBTXTJOGPZGOPHHCHJY6EIX6HQ.jpg","type":"","width":"","height":""}],"author":"Arnaldo Botto","twitter_card":"summary_large_image","schema":{"@context":"https:\/\/schema.org","@graph":[{"@type":"WebPage","@id":"https:\/\/www.noticiasradioreflejos.com.ar\/2021\/impresionante-tormenta-de-granizo-en-entre-rios-casas-destrozadas-voladuras-de-techos-y-gran-cantidad-de-aves-muertas\/","url":"https:\/\/www.noticiasradioreflejos.com.ar\/2021\/impresionante-tormenta-de-granizo-en-entre-rios-casas-destrozadas-voladuras-de-techos-y-gran-cantidad-de-aves-muertas\/","name":"Impresionante tormenta de granizo en Entre R\u00edos: casas destrozadas, voladuras de techos y gran cantidad de aves muertas - Noticias Radio Reflejos","isPartOf":{"@id":"https:\/\/www.noticiasradioreflejos.com.ar\/2021\/#website"},"primaryImageOfPage":{"@id":"https:\/\/www.noticiasradioreflejos.com.ar\/2021\/impresionante-tormenta-de-granizo-en-entre-rios-casas-destrozadas-voladuras-de-techos-y-gran-cantidad-de-aves-muertas\/#primaryimage"},"image":{"@id":"https:\/\/www.noticiasradioreflejos.com.ar\/2021\/impresionante-tormenta-de-granizo-en-entre-rios-casas-destrozadas-voladuras-de-techos-y-gran-cantidad-de-aves-muertas\/#primaryimage"},"thumbnailUrl":"https:\/\/cloudfront-us-east-1.images.arcpublishing.com\/infobae\/GBTXTJOGPZGOPHHCHJY6EIX6HQ.jpg","datePublished":"2022-07-11T22:18:12+00:00","author":{"@id":"https:\/\/www.noticiasradioreflejos.com.ar\/2021\/#\/schema\/person\/ad82545263dcc5ec0996818884fd5fb1"},"breadcrumb":{"@id":"https:\/\/www.noticiasradioreflejos.com.ar\/2021\/impresionante-tormenta-de-granizo-en-entre-rios-casas-destrozadas-voladuras-de-techos-y-gran-cantidad-de-aves-muertas\/#breadcrumb"},"inLanguage":"es","potentialAction":[{"@type":"ReadAction","target":["https:\/\/www.noticiasradioreflejos.com.ar\/2021\/impresionante-tormenta-de-granizo-en-entre-rios-casas-destrozadas-voladuras-de-techos-y-gran-cantidad-de-aves-muertas\/"]}]},{"@type":"ImageObject","inLanguage":"es","@id":"https:\/\/www.noticiasradioreflejos.com.ar\/2021\/impresionante-tormenta-de-granizo-en-entre-rios-casas-destrozadas-voladuras-de-techos-y-gran-cantidad-de-aves-muertas\/#primaryimage","url":"https:\/\/cloudfront-us-east-1.images.arcpublishing.com\/infobae\/GBTXTJOGPZGOPHHCHJY6EIX6HQ.jpg","contentUrl":"https:\/\/cloudfront-us-east-1.images.arcpublishing.com\/infobae\/GBTXTJOGPZGOPHHCHJY6EIX6HQ.jpg"},{"@type":"BreadcrumbList","@id":"https:\/\/www.noticiasradioreflejos.com.ar\/2021\/impresionante-tormenta-de-granizo-en-entre-rios-casas-destrozadas-voladuras-de-techos-y-gran-cantidad-de-aves-muertas\/#breadcrumb","itemListElement":[{"@type":"ListItem","position":1,"name":"Portada","item":"https:\/\/www.noticiasradioreflejos.com.ar\/2021\/"},{"@type":"ListItem","position":2,"name":"Impresionante tormenta de granizo en Entre R\u00edos: casas destrozadas, voladuras de techos y gran cantidad de aves muertas"}]},{"@type":"WebSite","@id":"https:\/\/www.noticiasradioreflejos.com.ar\/2021\/#website","url":"https:\/\/www.noticiasradioreflejos.com.ar\/2021\/","name":"Noticias Radio Reflejos","description":"Las noticias de mi comarca","potentialAction":[{"@type":"SearchAction","target":{"@type":"EntryPoint","urlTemplate":"https:\/\/www.noticiasradioreflejos.com.ar\/2021\/?s={search_term_string}"},"query-input":{"@type":"PropertyValueSpecification","valueRequired":true,"valueName":"search_term_string"}}],"inLanguage":"es"},{"@type":"Person","@id":"https:\/\/www.noticiasradioreflejos.com.ar\/2021\/#\/schema\/person\/ad82545263dcc5ec0996818884fd5fb1","name":"Arnaldo Botto","image":{"@type":"ImageObject","inLanguage":"es","@id":"https:\/\/www.noticiasradioreflejos.com.ar\/2021\/#\/schema\/person\/image\/","url":"https:\/\/secure.gravatar.com\/avatar\/55cb5e37c1efa326397366e6974cb338056df65cb50e7d64d1cf314e87504837?s=96&d=mm&r=g","contentUrl":"https:\/\/secure.gravatar.com\/avatar\/55cb5e37c1efa326397366e6974cb338056df65cb50e7d64d1cf314e87504837?s=96&d=mm&r=g","caption":"Arnaldo Botto"},"url":"https:\/\/www.noticiasradioreflejos.com.ar\/2021\/author\/arnaldo\/"}]}},"_links":{"self":[{"href":"https:\/\/www.noticiasradioreflejos.com.ar\/2021\/wp-json\/wp\/v2\/posts\/74956","targetHints":{"allow":["GET"]}}],"collection":[{"href":"https:\/\/www.noticiasradioreflejos.com.ar\/2021\/wp-json\/wp\/v2\/posts"}],"about":[{"href":"https:\/\/www.noticiasradioreflejos.com.ar\/2021\/wp-json\/wp\/v2\/types\/post"}],"author":[{"embeddable":true,"href":"https:\/\/www.noticiasradioreflejos.com.ar\/2021\/wp-json\/wp\/v2\/users\/3"}],"replies":[{"embeddable":true,"href":"https:\/\/www.noticiasradioreflejos.com.ar\/2021\/wp-json\/wp\/v2\/comments?post=74956"}],"version-history":[{"count":1,"href":"https:\/\/www.noticiasradioreflejos.com.ar\/2021\/wp-json\/wp\/v2\/posts\/74956\/revisions"}],"predecessor-version":[{"id":74958,"href":"https:\/\/www.noticiasradioreflejos.com.ar\/2021\/wp-json\/wp\/v2\/posts\/74956\/revisions\/74958"}],"wp:attachment":[{"href":"https:\/\/www.noticiasradioreflejos.com.ar\/2021\/wp-json\/wp\/v2\/media?parent=74956"}],"wp:term":[{"taxonomy":"category","embeddable":true,"href":"https:\/\/www.noticiasradioreflejos.com.ar\/2021\/wp-json\/wp\/v2\/categories?post=74956"},{"taxonomy":"post_tag","embeddable":true,"href":"https:\/\/www.noticiasradioreflejos.com.ar\/2021\/wp-json\/wp\/v2\/tags?post=74956"}],"curies":[{"name":"wp","href":"https:\/\/api.w.org\/{rel}","templated":true}]}}