{"id":74920,"date":"2022-07-11T18:25:54","date_gmt":"2022-07-11T18:25:54","guid":{"rendered":"http:\/\/www.noticiasradioreflejos.com.ar\/2021\/?p=74920"},"modified":"2022-07-11T18:25:54","modified_gmt":"2022-07-11T18:25:54","slug":"estafaron-a-una-pareja-que-alquilo-una-casa-a-laura-palavecino-por-facebook","status":"publish","type":"post","link":"https:\/\/www.noticiasradioreflejos.com.ar\/2021\/estafaron-a-una-pareja-que-alquilo-una-casa-a-laura-palavecino-por-facebook\/","title":{"rendered":"Estafaron a una pareja que alquil\u00f3 una casa a Laura Palavecino por Facebook"},"content":{"rendered":"<p><strong>B\u00e1rbara Abraham<\/strong> fue la damnificada. \u201cMe clav\u00f3 el visto y me bloque\u00f3\u201d en pleno viaje. Har\u00e1 la denuncia para que \u201cno le pase a nadie m\u00e1s lo mismo\u201d.<!--more--><\/p>\n<p><a title=\"estafas en face (4)\" href=\"https:\/\/www.flickr.com\/photos\/182279889@N02\/52209828669\/in\/dateposted-public\/\" data-flickr-embed=\"true\"><img loading=\"lazy\" decoding=\"async\" class=\"alignleft\" src=\"https:\/\/live.staticflickr.com\/65535\/52209828669_5abbd39843_c.jpg\" alt=\"estafas en face (4)\" width=\"183\" height=\"407\" \/><\/a>Muchas veces la comodidad del Facebook juega malas pasadas, principalmente cuando se conjugan los estafadores con las personas que obran de buena fe. Eso es lo que le ocurri\u00f3 a una pareja de bahienses el \u00faltimo fin de semana.<\/p>\n<p>Al respecto B\u00e1rbara Abraham, la damnificada en cuesti\u00f3n, explic\u00f3 que \u201ceste fin de semana hab\u00edamos decidido alquilar algo en Sierra ya que hace muchos a\u00f1os no \u00edbamos. Vi una publicaci\u00f3n en market place, que se ven\u00eda repitiendo durante muchos d\u00edas. Hablo con una chica, la cual se mostr\u00f3 muy simp\u00e1tica. Me dijo que no hab\u00eda inconvenientes, me pasa la ubicaci\u00f3n, un tel\u00e9fono de un tal<strong> Rodrigo Palavecino<\/strong>, que deber\u00eda ser pariente porque ella era<strong> Laura Palavecino<\/strong>\u201d.<\/p>\n<p>Siguiendo con el relato cont\u00f3 que \u201cle coment\u00e9 todo a este Rodrigo por WhatsApp. Me dijo que no hab\u00eda problemas. Que ellos nos esperaban en la YPF de Sierra y nos llevaban hasta el lugar. Le dije que se lo se\u00f1aba o pagaba ya que por una noche me parec\u00eda lo m\u00e1s normal\u201d.<\/p>\n<p>Al mismo tiempo \u201c\u00e9l me dijo que si fuesen m\u00e1s d\u00edas no necesitaba toda la plata, pero como era una sola noche, me pidi\u00f3 los $5000. Se los transfer\u00ed por cuenta bancaria porque me pas\u00f3 su CBU. Me pidi\u00f3 que le avise cuando est\u00e9 saliendo\u201d.<\/p>\n<p>A partir de ese momento todo se torn\u00f3 turbio. \u201cEl s\u00e1bado por la tarde le mando un mensaje para poner la ubicaci\u00f3n real en el GPS. Veo que no me contesta. Sobre las 17:30, cuando nos est\u00e1bamos yendo, veo que me clava el visto y me bloquea. Busqu\u00e9 hablar con esa chica Laura por Facebook y tambi\u00e9n me bloque\u00f3\u201d record\u00f3 B\u00e1rbara.<\/p>\n<p><a title=\"estafas en face (10)\" href=\"https:\/\/www.flickr.com\/photos\/182279889@N02\/52209559466\/in\/dateposted-public\/\" data-flickr-embed=\"true\"><img loading=\"lazy\" decoding=\"async\" src=\"https:\/\/live.staticflickr.com\/65535\/52209559466_777b42a19c_c.jpg\" alt=\"estafas en face (10)\" width=\"360\" height=\"800\" \/><\/a><script async src=\"\/\/embedr.flickr.com\/assets\/client-code.js\" charset=\"utf-8\"><\/script><\/p>\n<p>Por \u00faltimo, \u201cya est\u00e1bamos en pleno viaje, as\u00ed que me agarr\u00f3 una crisis de nervios por la impotencia. Mi mam\u00e1 me consigui\u00f3 una caba\u00f1a, y les quiero agradecer a los due\u00f1os de Caba\u00f1as Maxi, porque me atendieron excelentemente bien y son s\u00faper recomendables\u201d.<\/p>\n<p>\u201cVoy a hacer la denuncia para que nadie m\u00e1s pase por esto\u201d termin\u00f3 diciendo la damnificada.<\/p>\n<p><iframe loading=\"lazy\" src=\"https:\/\/w.soundcloud.com\/player\/?url=https%3A\/\/api.soundcloud.com\/tracks\/1303335166&amp;color=%23ff5500&amp;auto_play=false&amp;hide_related=false&amp;show_comments=true&amp;show_user=true&amp;show_reposts=false&amp;show_teaser=true\" width=\"100%\" height=\"166\" frameborder=\"no\" scrolling=\"no\"><\/iframe><\/p>\n<div style=\"font-size: 10px; color: #cccccc; line-break: anywhere; word-break: normal; overflow: hidden; white-space: nowrap; text-overflow: ellipsis; font-family: Interstate,Lucida Grande,Lucida Sans Unicode,Lucida Sans,Garuda,Verdana,Tahoma,sans-serif; font-weight: 100;\"><a style=\"color: #cccccc; text-decoration: none;\" title=\"fmreflejos 103.7\" href=\"https:\/\/soundcloud.com\/fmreflejos-103-7\" target=\"_blank\" rel=\"noopener\">fmreflejos 103.7<\/a> \u00b7 <a style=\"color: #cccccc; text-decoration: none;\" title=\"Barbara Abraham - Estafada en Facebook\" href=\"https:\/\/soundcloud.com\/fmreflejos-103-7\/barbara-abraham\" target=\"_blank\" rel=\"noopener\">Barbara Abraham &#8211; Estafada en Facebook<\/a><\/div>\n<p><a title=\"estafas en face (9)\" href=\"https:\/\/www.flickr.com\/photos\/182279889@N02\/52209559516\/in\/dateposted-public\/\" data-flickr-embed=\"true\"><img loading=\"lazy\" decoding=\"async\" class=\"aligncenter\" src=\"https:\/\/live.staticflickr.com\/65535\/52209559516_f29fe5244c_c.jpg\" alt=\"estafas en face (9)\" width=\"360\" height=\"800\" \/><\/a><script async src=\"\/\/embedr.flickr.com\/assets\/client-code.js\" charset=\"utf-8\"><\/script><\/p>\n<p><a title=\"estafas en face (7)\" href=\"https:\/\/www.flickr.com\/photos\/182279889@N02\/52209580793\/in\/dateposted-public\/\" data-flickr-embed=\"true\"><img loading=\"lazy\" decoding=\"async\" class=\"aligncenter\" src=\"https:\/\/live.staticflickr.com\/65535\/52209580793_0825dfaa9b_c.jpg\" alt=\"estafas en face (7)\" width=\"360\" height=\"800\" \/><\/a><script async src=\"\/\/embedr.flickr.com\/assets\/client-code.js\" charset=\"utf-8\"><\/script><\/p>\n<p><a title=\"estafas en face (5)\" href=\"https:\/\/www.flickr.com\/photos\/182279889@N02\/52209580938\/in\/dateposted-public\/\" data-flickr-embed=\"true\"><img loading=\"lazy\" decoding=\"async\" class=\"aligncenter\" src=\"https:\/\/live.staticflickr.com\/65535\/52209580938_ef53bfa4cc_c.jpg\" alt=\"estafas en face (5)\" width=\"350\" height=\"800\" \/><\/a><script async src=\"\/\/embedr.flickr.com\/assets\/client-code.js\" charset=\"utf-8\"><\/script><\/p>\n<p><a data-flickr-embed=\"true\" href=\"https:\/\/www.flickr.com\/photos\/182279889@N02\/52209559451\/in\/dateposted-public\/\" title=\"estafas en face (1)\"><img loading=\"lazy\" decoding=\"async\" src=\"https:\/\/live.staticflickr.com\/65535\/52209559451_480a044744_c.jpg\" width=\"360\" height=\"800\" alt=\"estafas en face (1)\"><\/a><script async src=\"\/\/embedr.flickr.com\/assets\/client-code.js\" charset=\"utf-8\"><\/script><\/p>\n","protected":false},"excerpt":{"rendered":"<p>B\u00e1rbara Abraham fue la damnificada. \u201cMe clav\u00f3 el visto y me bloque\u00f3\u201d en pleno viaje. Har\u00e1 la denuncia para que \u201cno le pase a nadie m\u00e1s lo mismo\u201d.<\/p>\n","protected":false},"author":3,"featured_media":0,"comment_status":"closed","ping_status":"closed","sticky":false,"template":"","format":"standard","meta":{"footnotes":""},"categories":[29,26,33],"tags":[48],"class_list":["post-74920","post","type-post","status-publish","format-standard","hentry","category-policiales","category-sociedad","category-turismo","tag-destacada"],"yoast_head":"<!-- This site is optimized with the Yoast SEO plugin v25.9 - https:\/\/yoast.com\/wordpress\/plugins\/seo\/ -->\n<title>Estafaron a una pareja que alquil\u00f3 una casa a Laura Palavecino por Facebook - Noticias Radio Reflejos<\/title>\n<meta name=\"robots\" content=\"index, follow, max-snippet:-1, max-image-preview:large, max-video-preview:-1\" \/>\n<link rel=\"canonical\" href=\"https:\/\/www.noticiasradioreflejos.com.ar\/2021\/estafaron-a-una-pareja-que-alquilo-una-casa-a-laura-palavecino-por-facebook\/\" \/>\n<meta property=\"og:locale\" content=\"es_ES\" \/>\n<meta property=\"og:type\" content=\"article\" \/>\n<meta property=\"og:title\" content=\"Estafaron a una pareja que alquil\u00f3 una casa a Laura Palavecino por Facebook - Noticias Radio Reflejos\" \/>\n<meta property=\"og:description\" content=\"B\u00e1rbara Abraham fue la damnificada. \u201cMe clav\u00f3 el visto y me bloque\u00f3\u201d en pleno viaje. Har\u00e1 la denuncia para que \u201cno le pase a nadie m\u00e1s lo mismo\u201d.\" \/>\n<meta property=\"og:url\" content=\"https:\/\/www.noticiasradioreflejos.com.ar\/2021\/estafaron-a-una-pareja-que-alquilo-una-casa-a-laura-palavecino-por-facebook\/\" \/>\n<meta property=\"og:site_name\" content=\"Noticias Radio Reflejos\" \/>\n<meta property=\"article:published_time\" content=\"2022-07-11T18:25:54+00:00\" \/>\n<meta property=\"og:image\" content=\"https:\/\/live.staticflickr.com\/65535\/52209828669_5abbd39843_c.jpg\" \/>\n<meta name=\"author\" content=\"Arnaldo Botto\" \/>\n<meta name=\"twitter:card\" content=\"summary_large_image\" \/>\n<script type=\"application\/ld+json\" class=\"yoast-schema-graph\">{\"@context\":\"https:\/\/schema.org\",\"@graph\":[{\"@type\":\"WebPage\",\"@id\":\"https:\/\/www.noticiasradioreflejos.com.ar\/2021\/estafaron-a-una-pareja-que-alquilo-una-casa-a-laura-palavecino-por-facebook\/\",\"url\":\"https:\/\/www.noticiasradioreflejos.com.ar\/2021\/estafaron-a-una-pareja-que-alquilo-una-casa-a-laura-palavecino-por-facebook\/\",\"name\":\"Estafaron a una pareja que alquil\u00f3 una casa a Laura Palavecino por Facebook - Noticias Radio Reflejos\",\"isPartOf\":{\"@id\":\"https:\/\/www.noticiasradioreflejos.com.ar\/2021\/#website\"},\"primaryImageOfPage\":{\"@id\":\"https:\/\/www.noticiasradioreflejos.com.ar\/2021\/estafaron-a-una-pareja-que-alquilo-una-casa-a-laura-palavecino-por-facebook\/#primaryimage\"},\"image\":{\"@id\":\"https:\/\/www.noticiasradioreflejos.com.ar\/2021\/estafaron-a-una-pareja-que-alquilo-una-casa-a-laura-palavecino-por-facebook\/#primaryimage\"},\"thumbnailUrl\":\"https:\/\/live.staticflickr.com\/65535\/52209828669_5abbd39843_c.jpg\",\"datePublished\":\"2022-07-11T18:25:54+00:00\",\"author\":{\"@id\":\"https:\/\/www.noticiasradioreflejos.com.ar\/2021\/#\/schema\/person\/ad82545263dcc5ec0996818884fd5fb1\"},\"breadcrumb\":{\"@id\":\"https:\/\/www.noticiasradioreflejos.com.ar\/2021\/estafaron-a-una-pareja-que-alquilo-una-casa-a-laura-palavecino-por-facebook\/#breadcrumb\"},\"inLanguage\":\"es\",\"potentialAction\":[{\"@type\":\"ReadAction\",\"target\":[\"https:\/\/www.noticiasradioreflejos.com.ar\/2021\/estafaron-a-una-pareja-que-alquilo-una-casa-a-laura-palavecino-por-facebook\/\"]}]},{\"@type\":\"ImageObject\",\"inLanguage\":\"es\",\"@id\":\"https:\/\/www.noticiasradioreflejos.com.ar\/2021\/estafaron-a-una-pareja-que-alquilo-una-casa-a-laura-palavecino-por-facebook\/#primaryimage\",\"url\":\"https:\/\/live.staticflickr.com\/65535\/52209828669_5abbd39843_c.jpg\",\"contentUrl\":\"https:\/\/live.staticflickr.com\/65535\/52209828669_5abbd39843_c.jpg\"},{\"@type\":\"BreadcrumbList\",\"@id\":\"https:\/\/www.noticiasradioreflejos.com.ar\/2021\/estafaron-a-una-pareja-que-alquilo-una-casa-a-laura-palavecino-por-facebook\/#breadcrumb\",\"itemListElement\":[{\"@type\":\"ListItem\",\"position\":1,\"name\":\"Portada\",\"item\":\"https:\/\/www.noticiasradioreflejos.com.ar\/2021\/\"},{\"@type\":\"ListItem\",\"position\":2,\"name\":\"Estafaron a una pareja que alquil\u00f3 una casa a Laura Palavecino por Facebook\"}]},{\"@type\":\"WebSite\",\"@id\":\"https:\/\/www.noticiasradioreflejos.com.ar\/2021\/#website\",\"url\":\"https:\/\/www.noticiasradioreflejos.com.ar\/2021\/\",\"name\":\"Noticias Radio Reflejos\",\"description\":\"Las noticias de mi comarca\",\"potentialAction\":[{\"@type\":\"SearchAction\",\"target\":{\"@type\":\"EntryPoint\",\"urlTemplate\":\"https:\/\/www.noticiasradioreflejos.com.ar\/2021\/?s={search_term_string}\"},\"query-input\":{\"@type\":\"PropertyValueSpecification\",\"valueRequired\":true,\"valueName\":\"search_term_string\"}}],\"inLanguage\":\"es\"},{\"@type\":\"Person\",\"@id\":\"https:\/\/www.noticiasradioreflejos.com.ar\/2021\/#\/schema\/person\/ad82545263dcc5ec0996818884fd5fb1\",\"name\":\"Arnaldo Botto\",\"image\":{\"@type\":\"ImageObject\",\"inLanguage\":\"es\",\"@id\":\"https:\/\/www.noticiasradioreflejos.com.ar\/2021\/#\/schema\/person\/image\/\",\"url\":\"https:\/\/secure.gravatar.com\/avatar\/55cb5e37c1efa326397366e6974cb338056df65cb50e7d64d1cf314e87504837?s=96&d=mm&r=g\",\"contentUrl\":\"https:\/\/secure.gravatar.com\/avatar\/55cb5e37c1efa326397366e6974cb338056df65cb50e7d64d1cf314e87504837?s=96&d=mm&r=g\",\"caption\":\"Arnaldo Botto\"},\"url\":\"https:\/\/www.noticiasradioreflejos.com.ar\/2021\/author\/arnaldo\/\"}]}<\/script>\n<!-- \/ Yoast SEO plugin. -->","yoast_head_json":{"title":"Estafaron a una pareja que alquil\u00f3 una casa a Laura Palavecino por Facebook - Noticias Radio Reflejos","robots":{"index":"index","follow":"follow","max-snippet":"max-snippet:-1","max-image-preview":"max-image-preview:large","max-video-preview":"max-video-preview:-1"},"canonical":"https:\/\/www.noticiasradioreflejos.com.ar\/2021\/estafaron-a-una-pareja-que-alquilo-una-casa-a-laura-palavecino-por-facebook\/","og_locale":"es_ES","og_type":"article","og_title":"Estafaron a una pareja que alquil\u00f3 una casa a Laura Palavecino por Facebook - Noticias Radio Reflejos","og_description":"B\u00e1rbara Abraham fue la damnificada. \u201cMe clav\u00f3 el visto y me bloque\u00f3\u201d en pleno viaje. Har\u00e1 la denuncia para que \u201cno le pase a nadie m\u00e1s lo mismo\u201d.","og_url":"https:\/\/www.noticiasradioreflejos.com.ar\/2021\/estafaron-a-una-pareja-que-alquilo-una-casa-a-laura-palavecino-por-facebook\/","og_site_name":"Noticias Radio Reflejos","article_published_time":"2022-07-11T18:25:54+00:00","og_image":[{"url":"https:\/\/live.staticflickr.com\/65535\/52209828669_5abbd39843_c.jpg","type":"","width":"","height":""}],"author":"Arnaldo Botto","twitter_card":"summary_large_image","schema":{"@context":"https:\/\/schema.org","@graph":[{"@type":"WebPage","@id":"https:\/\/www.noticiasradioreflejos.com.ar\/2021\/estafaron-a-una-pareja-que-alquilo-una-casa-a-laura-palavecino-por-facebook\/","url":"https:\/\/www.noticiasradioreflejos.com.ar\/2021\/estafaron-a-una-pareja-que-alquilo-una-casa-a-laura-palavecino-por-facebook\/","name":"Estafaron a una pareja que alquil\u00f3 una casa a Laura Palavecino por Facebook - Noticias Radio Reflejos","isPartOf":{"@id":"https:\/\/www.noticiasradioreflejos.com.ar\/2021\/#website"},"primaryImageOfPage":{"@id":"https:\/\/www.noticiasradioreflejos.com.ar\/2021\/estafaron-a-una-pareja-que-alquilo-una-casa-a-laura-palavecino-por-facebook\/#primaryimage"},"image":{"@id":"https:\/\/www.noticiasradioreflejos.com.ar\/2021\/estafaron-a-una-pareja-que-alquilo-una-casa-a-laura-palavecino-por-facebook\/#primaryimage"},"thumbnailUrl":"https:\/\/live.staticflickr.com\/65535\/52209828669_5abbd39843_c.jpg","datePublished":"2022-07-11T18:25:54+00:00","author":{"@id":"https:\/\/www.noticiasradioreflejos.com.ar\/2021\/#\/schema\/person\/ad82545263dcc5ec0996818884fd5fb1"},"breadcrumb":{"@id":"https:\/\/www.noticiasradioreflejos.com.ar\/2021\/estafaron-a-una-pareja-que-alquilo-una-casa-a-laura-palavecino-por-facebook\/#breadcrumb"},"inLanguage":"es","potentialAction":[{"@type":"ReadAction","target":["https:\/\/www.noticiasradioreflejos.com.ar\/2021\/estafaron-a-una-pareja-que-alquilo-una-casa-a-laura-palavecino-por-facebook\/"]}]},{"@type":"ImageObject","inLanguage":"es","@id":"https:\/\/www.noticiasradioreflejos.com.ar\/2021\/estafaron-a-una-pareja-que-alquilo-una-casa-a-laura-palavecino-por-facebook\/#primaryimage","url":"https:\/\/live.staticflickr.com\/65535\/52209828669_5abbd39843_c.jpg","contentUrl":"https:\/\/live.staticflickr.com\/65535\/52209828669_5abbd39843_c.jpg"},{"@type":"BreadcrumbList","@id":"https:\/\/www.noticiasradioreflejos.com.ar\/2021\/estafaron-a-una-pareja-que-alquilo-una-casa-a-laura-palavecino-por-facebook\/#breadcrumb","itemListElement":[{"@type":"ListItem","position":1,"name":"Portada","item":"https:\/\/www.noticiasradioreflejos.com.ar\/2021\/"},{"@type":"ListItem","position":2,"name":"Estafaron a una pareja que alquil\u00f3 una casa a Laura Palavecino por Facebook"}]},{"@type":"WebSite","@id":"https:\/\/www.noticiasradioreflejos.com.ar\/2021\/#website","url":"https:\/\/www.noticiasradioreflejos.com.ar\/2021\/","name":"Noticias Radio Reflejos","description":"Las noticias de mi comarca","potentialAction":[{"@type":"SearchAction","target":{"@type":"EntryPoint","urlTemplate":"https:\/\/www.noticiasradioreflejos.com.ar\/2021\/?s={search_term_string}"},"query-input":{"@type":"PropertyValueSpecification","valueRequired":true,"valueName":"search_term_string"}}],"inLanguage":"es"},{"@type":"Person","@id":"https:\/\/www.noticiasradioreflejos.com.ar\/2021\/#\/schema\/person\/ad82545263dcc5ec0996818884fd5fb1","name":"Arnaldo Botto","image":{"@type":"ImageObject","inLanguage":"es","@id":"https:\/\/www.noticiasradioreflejos.com.ar\/2021\/#\/schema\/person\/image\/","url":"https:\/\/secure.gravatar.com\/avatar\/55cb5e37c1efa326397366e6974cb338056df65cb50e7d64d1cf314e87504837?s=96&d=mm&r=g","contentUrl":"https:\/\/secure.gravatar.com\/avatar\/55cb5e37c1efa326397366e6974cb338056df65cb50e7d64d1cf314e87504837?s=96&d=mm&r=g","caption":"Arnaldo Botto"},"url":"https:\/\/www.noticiasradioreflejos.com.ar\/2021\/author\/arnaldo\/"}]}},"_links":{"self":[{"href":"https:\/\/www.noticiasradioreflejos.com.ar\/2021\/wp-json\/wp\/v2\/posts\/74920","targetHints":{"allow":["GET"]}}],"collection":[{"href":"https:\/\/www.noticiasradioreflejos.com.ar\/2021\/wp-json\/wp\/v2\/posts"}],"about":[{"href":"https:\/\/www.noticiasradioreflejos.com.ar\/2021\/wp-json\/wp\/v2\/types\/post"}],"author":[{"embeddable":true,"href":"https:\/\/www.noticiasradioreflejos.com.ar\/2021\/wp-json\/wp\/v2\/users\/3"}],"replies":[{"embeddable":true,"href":"https:\/\/www.noticiasradioreflejos.com.ar\/2021\/wp-json\/wp\/v2\/comments?post=74920"}],"version-history":[{"count":2,"href":"https:\/\/www.noticiasradioreflejos.com.ar\/2021\/wp-json\/wp\/v2\/posts\/74920\/revisions"}],"predecessor-version":[{"id":74950,"href":"https:\/\/www.noticiasradioreflejos.com.ar\/2021\/wp-json\/wp\/v2\/posts\/74920\/revisions\/74950"}],"wp:attachment":[{"href":"https:\/\/www.noticiasradioreflejos.com.ar\/2021\/wp-json\/wp\/v2\/media?parent=74920"}],"wp:term":[{"taxonomy":"category","embeddable":true,"href":"https:\/\/www.noticiasradioreflejos.com.ar\/2021\/wp-json\/wp\/v2\/categories?post=74920"},{"taxonomy":"post_tag","embeddable":true,"href":"https:\/\/www.noticiasradioreflejos.com.ar\/2021\/wp-json\/wp\/v2\/tags?post=74920"}],"curies":[{"name":"wp","href":"https:\/\/api.w.org\/{rel}","templated":true}]}}