{"id":74918,"date":"2022-07-11T18:41:10","date_gmt":"2022-07-11T18:41:10","guid":{"rendered":"http:\/\/www.noticiasradioreflejos.com.ar\/2021\/?p=74918"},"modified":"2022-07-11T18:41:10","modified_gmt":"2022-07-11T18:41:10","slug":"tren-solidario-el-municipio-queria-quedarse-con-todas-las-donaciones","status":"publish","type":"post","link":"https:\/\/www.noticiasradioreflejos.com.ar\/2021\/tren-solidario-el-municipio-queria-quedarse-con-todas-las-donaciones\/","title":{"rendered":"Tren solidario: \u201cel municipio quer\u00eda quedarse con todas las donaciones\u201d"},"content":{"rendered":"<p><strong>Sergio Rojas,<\/strong> encargado de organizar el<strong> Tren Solidario<\/strong>, expuso lo que le afirmaron las distintas organizaciones que recibieron los m\u00e1s de cuatro mil kilos de elementos donados. <strong>\u201cEn los 42 trenes solidarios que hab\u00edamos realizado, nunca hab\u00edamos vivido una situaci\u00f3n as\u00ed\u201d.<\/strong><!--more--><\/p>\n<p><iframe loading=\"lazy\" title=\"Tren Solidario llegando a Sierra de la Ventana\" src=\"https:\/\/www.youtube.com\/embed\/IiVKTyjsuZo\" width=\"853\" height=\"480\" frameborder=\"0\" allowfullscreen=\"allowfullscreen\"><\/iframe><br \/>\n<span style=\"color: #ff0000;\"><em>El momento de la llegada de un tren de pasajeros a Sierra de la Ventana despu\u00e9s de 6 a\u00f1os que se levant\u00f3 el servicio.<\/em><\/span><\/p>\n<p>Una sensaci\u00f3n ambigua a\u00fan se sit\u00faa sobre aquellos que llevan adelante Tren Solidario. Es que la movida que acumula m\u00e1s de 20 a\u00f1os pas\u00f3 este \u00faltimo fin de semana por Sierra de la Ventana, y lamentablemente, dej\u00f3 una mancha dif\u00edcil de olvidar.<\/p>\n<p>Sergio Rojas, encargado de organizar el Tren Solidario, explic\u00f3 que \u201cpudimos cumplir los dos objetivos principales de este tren: hacer solidaridad y demostrar que el tren de pasajeros puede volver. Entregamos m\u00e1s de cuatro mil kilos de elementos a las cuatro instituciones\u201d.<\/p>\n<p>Sin embargo, no escondi\u00f3 que \u201cnos sorprendi\u00f3 y nos sigue sorprendiendo el destrato que hemos tenido por parte del municipio. Cuando definimos la llegada del tren solidario a un lugar, lo primero que hacemos es contactarnos con el municipio pertinente. Nos ponemos a disposici\u00f3n y que nos indiquen d\u00f3nde ser\u00eda bueno que vayan las donaciones. De esa forma vamos ordenando los elementos previos a cargarlos\u201d.<\/p>\n<p>Comenzando ese relato, aclar\u00f3 que \u201cven\u00edamos con dos semanas de tel\u00e9fono descompuesto. Nos pasaban de uno a otro, nunca nos defin\u00edan si hab\u00eda un inter\u00e9s claro. Despu\u00e9s de insistir por tel\u00e9fono, nos dieron el nombre de dos hogares tres d\u00edas antes. Y despu\u00e9s nos definir\u00edan c\u00f3mo se iba a desarrollar el acto. La \u00fanica bandera que tiene el Tren Solidario es la recuperaci\u00f3n del sistema ferroviario nacional y la solidaridad\u201d.<\/p>\n<p>Haciendo un alto a la cr\u00f3nica y aclarando ese punto, subray\u00f3 que<strong> \u201chemos ido a municipios de todos los colores pol\u00edticos. No tiene nada que ver con un tema pol\u00edtico. Eso siempre lo remarcamos. A todos los municipios les enviamos nuestra trayectoria para que vean que es real\u201d.<\/strong><\/p>\n<p>&nbsp;<\/p>\n<p><a title=\"Tren Solidario (1)\" href=\"https:\/\/www.flickr.com\/photos\/182279889@N02\/52207686147\/in\/dateposted-public\/\" data-flickr-embed=\"true\"><img loading=\"lazy\" decoding=\"async\" src=\"https:\/\/live.staticflickr.com\/65535\/52207686147_0fdfea1cd3_c.jpg\" alt=\"Tren Solidario (1)\" width=\"800\" height=\"800\" \/><\/a><script async src=\"\/\/embedr.flickr.com\/assets\/client-code.js\" charset=\"utf-8\"><\/script><\/p>\n<p>Siguiendo con lo vivido, mencion\u00f3 que \u201cel viernes habl\u00e9 por tel\u00e9fono con el intendente, por primera vez, para avisarle que est\u00e1bamos partiendo a horario desde plaza Constituci\u00f3n y que hab\u00edamos juntado m\u00e1s de cuatro mil kilos; y que est\u00e1bamos ansiosos por el acto que realizar\u00edamos\u201d.<\/p>\n<p>De igual forma \u201csupuestamente estaba todo coordinado. Llegamos una hora antes al casco urbano de Sierra. Hicimos tiempo. Mi se\u00f1ora estaba en di\u00e1logo con un funcionario, el cual hablaba como si estuviese en la estaci\u00f3n. Nos dio el OK para entrar y lo \u00fanico que hab\u00eda era un sonidista y los representantes de las instituciones\u201d.<\/p>\n<p>En ese momento de incertidumbre \u201cempezamos a llamar para ver c\u00f3mo hac\u00edamos el acto. No nos atend\u00eda nadie. El intendente me responde reci\u00e9n a media ma\u00f1ana. La secretaria nos dijo que estaba viendo qui\u00e9n pod\u00eda ir.<strong> El delegado municipal dijo que no estaba en la ciudad\u2026<\/strong> <strong>finalmente no fue nadie\u201d.<\/strong><\/p>\n<p>Como resultado \u201cobviamente desarrollamos igual el acto. Cantamos el himno. Hablaron los representantes de las instituciones ferroviarias. Entregamos las donaciones delante de todos y terminamos el acto\u201d.<\/p>\n<p>All\u00ed llegar\u00eda la mayor decepci\u00f3n para Rojas y todo su equipo. <strong>\u201cEl domingo a la ma\u00f1ana, antes de irnos, las instituciones se acercaron y nos dijeron que no quer\u00edan sumar m\u00e1s malas noticias, pero me contaron que el viernes las hab\u00edan contactado y les hab\u00edan dicho que no vayan a recibirnos, ya que el municipio se encargar\u00eda de repartir las donaciones. Eso nunca lo hacemos. Los municipios solo son un nexo\u201d.<\/strong><\/p>\n<p>Cerrando con una frase m\u00e1s que contundente: \u201cEn los 42 trenes solidarios que hab\u00edamos realizado, nunca hab\u00edamos vivido una situaci\u00f3n as\u00ed\u201d.<\/p>\n<p>&nbsp;<\/p>\n<p><iframe loading=\"lazy\" src=\"https:\/\/w.soundcloud.com\/player\/?url=https%3A\/\/api.soundcloud.com\/tracks\/1303300312&amp;color=%23ff5500&amp;auto_play=false&amp;hide_related=false&amp;show_comments=true&amp;show_user=true&amp;show_reposts=false&amp;show_teaser=true\" width=\"100%\" height=\"166\" frameborder=\"no\" scrolling=\"no\"><\/iframe><\/p>\n<div style=\"font-size: 10px; color: #cccccc; line-break: anywhere; word-break: normal; overflow: hidden; white-space: nowrap; text-overflow: ellipsis; font-family: Interstate,Lucida Grande,Lucida Sans Unicode,Lucida Sans,Garuda,Verdana,Tahoma,sans-serif; font-weight: 100;\"><a style=\"color: #cccccc; text-decoration: none;\" title=\"fmreflejos 103.7\" href=\"https:\/\/soundcloud.com\/fmreflejos-103-7\" target=\"_blank\" rel=\"noopener\">fmreflejos 103.7<\/a> \u00b7 <a style=\"color: #cccccc; text-decoration: none;\" title=\"Sergio Rojas\" href=\"https:\/\/soundcloud.com\/fmreflejos-103-7\/sergio-rojas-1\" target=\"_blank\" rel=\"noopener\">Sergio Rojas<\/a><\/div>\n<p>&nbsp;<\/p>\n","protected":false},"excerpt":{"rendered":"<p>Sergio Rojas, encargado de organizar el Tren Solidario, expuso lo que le afirmaron las distintas organizaciones que recibieron los m\u00e1s de cuatro mil kilos de elementos donados. \u201cEn los 42 trenes solidarios que hab\u00edamos realizado, nunca hab\u00edamos vivido una situaci\u00f3n as\u00ed\u201d.<\/p>\n","protected":false},"author":3,"featured_media":0,"comment_status":"closed","ping_status":"closed","sticky":false,"template":"","format":"standard","meta":{"footnotes":""},"categories":[28,24,26],"tags":[48],"class_list":["post-74918","post","type-post","status-publish","format-standard","hentry","category-municipales","category-politica","category-sociedad","tag-destacada"],"yoast_head":"<!-- This site is optimized with the Yoast SEO plugin v25.9 - https:\/\/yoast.com\/wordpress\/plugins\/seo\/ -->\n<title>Tren solidario: \u201cel municipio quer\u00eda quedarse con todas las donaciones\u201d - Noticias Radio Reflejos<\/title>\n<meta name=\"robots\" content=\"index, follow, max-snippet:-1, max-image-preview:large, max-video-preview:-1\" \/>\n<link rel=\"canonical\" href=\"https:\/\/www.noticiasradioreflejos.com.ar\/2021\/tren-solidario-el-municipio-queria-quedarse-con-todas-las-donaciones\/\" \/>\n<meta property=\"og:locale\" content=\"es_ES\" \/>\n<meta property=\"og:type\" content=\"article\" \/>\n<meta property=\"og:title\" content=\"Tren solidario: \u201cel municipio quer\u00eda quedarse con todas las donaciones\u201d - Noticias Radio Reflejos\" \/>\n<meta property=\"og:description\" content=\"Sergio Rojas, encargado de organizar el Tren Solidario, expuso lo que le afirmaron las distintas organizaciones que recibieron los m\u00e1s de cuatro mil kilos de elementos donados. \u201cEn los 42 trenes solidarios que hab\u00edamos realizado, nunca hab\u00edamos vivido una situaci\u00f3n as\u00ed\u201d.\" \/>\n<meta property=\"og:url\" content=\"https:\/\/www.noticiasradioreflejos.com.ar\/2021\/tren-solidario-el-municipio-queria-quedarse-con-todas-las-donaciones\/\" \/>\n<meta property=\"og:site_name\" content=\"Noticias Radio Reflejos\" \/>\n<meta property=\"article:published_time\" content=\"2022-07-11T18:41:10+00:00\" \/>\n<meta property=\"og:image\" content=\"https:\/\/live.staticflickr.com\/65535\/52207686147_0fdfea1cd3_c.jpg\" \/>\n<meta name=\"author\" content=\"Arnaldo Botto\" \/>\n<meta name=\"twitter:card\" content=\"summary_large_image\" \/>\n<script type=\"application\/ld+json\" class=\"yoast-schema-graph\">{\"@context\":\"https:\/\/schema.org\",\"@graph\":[{\"@type\":\"WebPage\",\"@id\":\"https:\/\/www.noticiasradioreflejos.com.ar\/2021\/tren-solidario-el-municipio-queria-quedarse-con-todas-las-donaciones\/\",\"url\":\"https:\/\/www.noticiasradioreflejos.com.ar\/2021\/tren-solidario-el-municipio-queria-quedarse-con-todas-las-donaciones\/\",\"name\":\"Tren solidario: \u201cel municipio quer\u00eda quedarse con todas las donaciones\u201d - Noticias Radio Reflejos\",\"isPartOf\":{\"@id\":\"https:\/\/www.noticiasradioreflejos.com.ar\/2021\/#website\"},\"primaryImageOfPage\":{\"@id\":\"https:\/\/www.noticiasradioreflejos.com.ar\/2021\/tren-solidario-el-municipio-queria-quedarse-con-todas-las-donaciones\/#primaryimage\"},\"image\":{\"@id\":\"https:\/\/www.noticiasradioreflejos.com.ar\/2021\/tren-solidario-el-municipio-queria-quedarse-con-todas-las-donaciones\/#primaryimage\"},\"thumbnailUrl\":\"https:\/\/live.staticflickr.com\/65535\/52207686147_0fdfea1cd3_c.jpg\",\"datePublished\":\"2022-07-11T18:41:10+00:00\",\"author\":{\"@id\":\"https:\/\/www.noticiasradioreflejos.com.ar\/2021\/#\/schema\/person\/ad82545263dcc5ec0996818884fd5fb1\"},\"breadcrumb\":{\"@id\":\"https:\/\/www.noticiasradioreflejos.com.ar\/2021\/tren-solidario-el-municipio-queria-quedarse-con-todas-las-donaciones\/#breadcrumb\"},\"inLanguage\":\"es\",\"potentialAction\":[{\"@type\":\"ReadAction\",\"target\":[\"https:\/\/www.noticiasradioreflejos.com.ar\/2021\/tren-solidario-el-municipio-queria-quedarse-con-todas-las-donaciones\/\"]}]},{\"@type\":\"ImageObject\",\"inLanguage\":\"es\",\"@id\":\"https:\/\/www.noticiasradioreflejos.com.ar\/2021\/tren-solidario-el-municipio-queria-quedarse-con-todas-las-donaciones\/#primaryimage\",\"url\":\"https:\/\/live.staticflickr.com\/65535\/52207686147_0fdfea1cd3_c.jpg\",\"contentUrl\":\"https:\/\/live.staticflickr.com\/65535\/52207686147_0fdfea1cd3_c.jpg\"},{\"@type\":\"BreadcrumbList\",\"@id\":\"https:\/\/www.noticiasradioreflejos.com.ar\/2021\/tren-solidario-el-municipio-queria-quedarse-con-todas-las-donaciones\/#breadcrumb\",\"itemListElement\":[{\"@type\":\"ListItem\",\"position\":1,\"name\":\"Portada\",\"item\":\"https:\/\/www.noticiasradioreflejos.com.ar\/2021\/\"},{\"@type\":\"ListItem\",\"position\":2,\"name\":\"Tren solidario: \u201cel municipio quer\u00eda quedarse con todas las donaciones\u201d\"}]},{\"@type\":\"WebSite\",\"@id\":\"https:\/\/www.noticiasradioreflejos.com.ar\/2021\/#website\",\"url\":\"https:\/\/www.noticiasradioreflejos.com.ar\/2021\/\",\"name\":\"Noticias Radio Reflejos\",\"description\":\"Las noticias de mi comarca\",\"potentialAction\":[{\"@type\":\"SearchAction\",\"target\":{\"@type\":\"EntryPoint\",\"urlTemplate\":\"https:\/\/www.noticiasradioreflejos.com.ar\/2021\/?s={search_term_string}\"},\"query-input\":{\"@type\":\"PropertyValueSpecification\",\"valueRequired\":true,\"valueName\":\"search_term_string\"}}],\"inLanguage\":\"es\"},{\"@type\":\"Person\",\"@id\":\"https:\/\/www.noticiasradioreflejos.com.ar\/2021\/#\/schema\/person\/ad82545263dcc5ec0996818884fd5fb1\",\"name\":\"Arnaldo Botto\",\"image\":{\"@type\":\"ImageObject\",\"inLanguage\":\"es\",\"@id\":\"https:\/\/www.noticiasradioreflejos.com.ar\/2021\/#\/schema\/person\/image\/\",\"url\":\"https:\/\/secure.gravatar.com\/avatar\/55cb5e37c1efa326397366e6974cb338056df65cb50e7d64d1cf314e87504837?s=96&d=mm&r=g\",\"contentUrl\":\"https:\/\/secure.gravatar.com\/avatar\/55cb5e37c1efa326397366e6974cb338056df65cb50e7d64d1cf314e87504837?s=96&d=mm&r=g\",\"caption\":\"Arnaldo Botto\"},\"url\":\"https:\/\/www.noticiasradioreflejos.com.ar\/2021\/author\/arnaldo\/\"}]}<\/script>\n<!-- \/ Yoast SEO plugin. -->","yoast_head_json":{"title":"Tren solidario: \u201cel municipio quer\u00eda quedarse con todas las donaciones\u201d - Noticias Radio Reflejos","robots":{"index":"index","follow":"follow","max-snippet":"max-snippet:-1","max-image-preview":"max-image-preview:large","max-video-preview":"max-video-preview:-1"},"canonical":"https:\/\/www.noticiasradioreflejos.com.ar\/2021\/tren-solidario-el-municipio-queria-quedarse-con-todas-las-donaciones\/","og_locale":"es_ES","og_type":"article","og_title":"Tren solidario: \u201cel municipio quer\u00eda quedarse con todas las donaciones\u201d - Noticias Radio Reflejos","og_description":"Sergio Rojas, encargado de organizar el Tren Solidario, expuso lo que le afirmaron las distintas organizaciones que recibieron los m\u00e1s de cuatro mil kilos de elementos donados. \u201cEn los 42 trenes solidarios que hab\u00edamos realizado, nunca hab\u00edamos vivido una situaci\u00f3n as\u00ed\u201d.","og_url":"https:\/\/www.noticiasradioreflejos.com.ar\/2021\/tren-solidario-el-municipio-queria-quedarse-con-todas-las-donaciones\/","og_site_name":"Noticias Radio Reflejos","article_published_time":"2022-07-11T18:41:10+00:00","og_image":[{"url":"https:\/\/live.staticflickr.com\/65535\/52207686147_0fdfea1cd3_c.jpg","type":"","width":"","height":""}],"author":"Arnaldo Botto","twitter_card":"summary_large_image","schema":{"@context":"https:\/\/schema.org","@graph":[{"@type":"WebPage","@id":"https:\/\/www.noticiasradioreflejos.com.ar\/2021\/tren-solidario-el-municipio-queria-quedarse-con-todas-las-donaciones\/","url":"https:\/\/www.noticiasradioreflejos.com.ar\/2021\/tren-solidario-el-municipio-queria-quedarse-con-todas-las-donaciones\/","name":"Tren solidario: \u201cel municipio quer\u00eda quedarse con todas las donaciones\u201d - Noticias Radio Reflejos","isPartOf":{"@id":"https:\/\/www.noticiasradioreflejos.com.ar\/2021\/#website"},"primaryImageOfPage":{"@id":"https:\/\/www.noticiasradioreflejos.com.ar\/2021\/tren-solidario-el-municipio-queria-quedarse-con-todas-las-donaciones\/#primaryimage"},"image":{"@id":"https:\/\/www.noticiasradioreflejos.com.ar\/2021\/tren-solidario-el-municipio-queria-quedarse-con-todas-las-donaciones\/#primaryimage"},"thumbnailUrl":"https:\/\/live.staticflickr.com\/65535\/52207686147_0fdfea1cd3_c.jpg","datePublished":"2022-07-11T18:41:10+00:00","author":{"@id":"https:\/\/www.noticiasradioreflejos.com.ar\/2021\/#\/schema\/person\/ad82545263dcc5ec0996818884fd5fb1"},"breadcrumb":{"@id":"https:\/\/www.noticiasradioreflejos.com.ar\/2021\/tren-solidario-el-municipio-queria-quedarse-con-todas-las-donaciones\/#breadcrumb"},"inLanguage":"es","potentialAction":[{"@type":"ReadAction","target":["https:\/\/www.noticiasradioreflejos.com.ar\/2021\/tren-solidario-el-municipio-queria-quedarse-con-todas-las-donaciones\/"]}]},{"@type":"ImageObject","inLanguage":"es","@id":"https:\/\/www.noticiasradioreflejos.com.ar\/2021\/tren-solidario-el-municipio-queria-quedarse-con-todas-las-donaciones\/#primaryimage","url":"https:\/\/live.staticflickr.com\/65535\/52207686147_0fdfea1cd3_c.jpg","contentUrl":"https:\/\/live.staticflickr.com\/65535\/52207686147_0fdfea1cd3_c.jpg"},{"@type":"BreadcrumbList","@id":"https:\/\/www.noticiasradioreflejos.com.ar\/2021\/tren-solidario-el-municipio-queria-quedarse-con-todas-las-donaciones\/#breadcrumb","itemListElement":[{"@type":"ListItem","position":1,"name":"Portada","item":"https:\/\/www.noticiasradioreflejos.com.ar\/2021\/"},{"@type":"ListItem","position":2,"name":"Tren solidario: \u201cel municipio quer\u00eda quedarse con todas las donaciones\u201d"}]},{"@type":"WebSite","@id":"https:\/\/www.noticiasradioreflejos.com.ar\/2021\/#website","url":"https:\/\/www.noticiasradioreflejos.com.ar\/2021\/","name":"Noticias Radio Reflejos","description":"Las noticias de mi comarca","potentialAction":[{"@type":"SearchAction","target":{"@type":"EntryPoint","urlTemplate":"https:\/\/www.noticiasradioreflejos.com.ar\/2021\/?s={search_term_string}"},"query-input":{"@type":"PropertyValueSpecification","valueRequired":true,"valueName":"search_term_string"}}],"inLanguage":"es"},{"@type":"Person","@id":"https:\/\/www.noticiasradioreflejos.com.ar\/2021\/#\/schema\/person\/ad82545263dcc5ec0996818884fd5fb1","name":"Arnaldo Botto","image":{"@type":"ImageObject","inLanguage":"es","@id":"https:\/\/www.noticiasradioreflejos.com.ar\/2021\/#\/schema\/person\/image\/","url":"https:\/\/secure.gravatar.com\/avatar\/55cb5e37c1efa326397366e6974cb338056df65cb50e7d64d1cf314e87504837?s=96&d=mm&r=g","contentUrl":"https:\/\/secure.gravatar.com\/avatar\/55cb5e37c1efa326397366e6974cb338056df65cb50e7d64d1cf314e87504837?s=96&d=mm&r=g","caption":"Arnaldo Botto"},"url":"https:\/\/www.noticiasradioreflejos.com.ar\/2021\/author\/arnaldo\/"}]}},"_links":{"self":[{"href":"https:\/\/www.noticiasradioreflejos.com.ar\/2021\/wp-json\/wp\/v2\/posts\/74918","targetHints":{"allow":["GET"]}}],"collection":[{"href":"https:\/\/www.noticiasradioreflejos.com.ar\/2021\/wp-json\/wp\/v2\/posts"}],"about":[{"href":"https:\/\/www.noticiasradioreflejos.com.ar\/2021\/wp-json\/wp\/v2\/types\/post"}],"author":[{"embeddable":true,"href":"https:\/\/www.noticiasradioreflejos.com.ar\/2021\/wp-json\/wp\/v2\/users\/3"}],"replies":[{"embeddable":true,"href":"https:\/\/www.noticiasradioreflejos.com.ar\/2021\/wp-json\/wp\/v2\/comments?post=74918"}],"version-history":[{"count":2,"href":"https:\/\/www.noticiasradioreflejos.com.ar\/2021\/wp-json\/wp\/v2\/posts\/74918\/revisions"}],"predecessor-version":[{"id":74952,"href":"https:\/\/www.noticiasradioreflejos.com.ar\/2021\/wp-json\/wp\/v2\/posts\/74918\/revisions\/74952"}],"wp:attachment":[{"href":"https:\/\/www.noticiasradioreflejos.com.ar\/2021\/wp-json\/wp\/v2\/media?parent=74918"}],"wp:term":[{"taxonomy":"category","embeddable":true,"href":"https:\/\/www.noticiasradioreflejos.com.ar\/2021\/wp-json\/wp\/v2\/categories?post=74918"},{"taxonomy":"post_tag","embeddable":true,"href":"https:\/\/www.noticiasradioreflejos.com.ar\/2021\/wp-json\/wp\/v2\/tags?post=74918"}],"curies":[{"name":"wp","href":"https:\/\/api.w.org\/{rel}","templated":true}]}}