{"id":74865,"date":"2022-07-10T14:52:52","date_gmt":"2022-07-10T14:52:52","guid":{"rendered":"http:\/\/www.noticiasradioreflejos.com.ar\/2021\/?p=74865"},"modified":"2022-07-10T14:52:52","modified_gmt":"2022-07-10T14:52:52","slug":"un-soldado-sufrio-graves-lesiones-y-el-ejercito-suspendio-a-15-militares-por-la-investigacion","status":"publish","type":"post","link":"https:\/\/www.noticiasradioreflejos.com.ar\/2021\/un-soldado-sufrio-graves-lesiones-y-el-ejercito-suspendio-a-15-militares-por-la-investigacion\/","title":{"rendered":"Un soldado sufri\u00f3 graves lesiones y el Ej\u00e9rcito suspendi\u00f3 a 15 militares por la investigaci\u00f3n"},"content":{"rendered":"<p>El joven lesionado fue identificado como Michel Natanael Ver\u00f3n, de 26 a\u00f1os, quien sufri\u00f3 el desplazamiento de dos v\u00e9rtebras tras participar de una ceremonia de bautismo en el Club de Suboficiales del Ej\u00e9rcito en Ap\u00f3stoles.<!--more--><\/p>\n<figure class=\"mb-3\"><img decoding=\"async\" src=\"https:\/\/www.telam.com.ar\/thumbs\/bluesteel\/advf\/imagenes\/2022\/07\/62cabac787b0d_900.jpg\" alt=\"El joven lesionado fue identificado como Michel Natanael Vern de 26 aos Foto Facebook\" width=\"100%\" height=\"100%\" \/><\/p>\n<div class=\"media-icons\"><\/div><figcaption>El joven lesionado fue identificado como Michel Natanael Ver\u00f3n, de 26 a\u00f1os. Foto: Facebook<\/figcaption><\/figure>\n<p>Un cabo reci\u00e9n egresado de la escuela militar sufri\u00f3 lesiones en su columna vertebral tras participar de una ceremonia de bautismo en el Club de Suboficiales de la localidad misionera de Ap\u00f3stoles, tras lo cual el Ej\u00e9rcito radic\u00f3 una denuncia en la justicia y suspendi\u00f3 en sus funciones a dos oficiales y 13 suboficiales.<\/p>\n<p><strong>El joven lesionado fue identificado como Michel Natanael Ver\u00f3n, de 26 a\u00f1os<\/strong>, quien\u00a0<strong>sufri\u00f3 el desplazamiento de dos v\u00e9rtebras<\/strong>\u00a0tras participar de un almuerzo en el Club de Suboficiales del Ej\u00e9rcito en Ap\u00f3stoles, donde, seg\u00fan lo denunciado por su madre, se realiz\u00f3 un bautismo a los cinco egresados que se iban a incorporar al Regimiento de Monte 30.<\/p>\n<p>La madre del joven, M\u00f3nica, revel\u00f3 en un mensaje por YouTube que a su hijo \u00able hicieron hacer un asado para todos pero no se lo dejaron comer\u00bb y \u00able hicieron tomar vino puro con fondo blanco. mezclado con chimichurri, lim\u00f3n y otras bebidas alcoh\u00f3licas\u00bb.<\/p>\n<p>\u00abEran cinco chicos los que egresaron, \u00e9l estaba tan feliz con su egreso por todo el esfuerzo que le demand\u00f3 y ahora le hacen un bautismo\u00bb lament\u00f3 la mujer.<\/p>\n<p>Y, asegur\u00f3 que\u00a0<strong>los superiores del regimiento \u00abestaban en ese bautismo\u00bb.<\/strong><\/p>\n<p>Sergio Jurczyszyn, comandante de la Brigada de Monte, dijo que un equipo de intervenci\u00f3n del Ej\u00e9rcito ya ha entrevistado a los testigos del hecho y apunt\u00f3 que \u00abson simplemente relatos pormenorizados, pero tienen bastantes certezas como para que me permitan resolver\u00a0<strong>comenzar con una instrucci\u00f3n por falta disciplinaria grav\u00edsima\u00bb.<\/strong><\/p>\n<p>\u00abHay una presunci\u00f3n de delito de abuso de autoridad, en el cual me voy a presentar ante la justicia federal para hacer la denuncia\u00bb, sostuvo, seg\u00fan la prensa misionera.<\/p>\n<p>A su vez, la Secretar\u00eda General del Ej\u00e9rcito inform\u00f3 el s\u00e1bado a la noche que se dispuso la suspensi\u00f3n de \u00abdos oficiales y trece suboficiales\u00bb que se desempe\u00f1aban en el Regimiento de Infanter\u00eda de Monte 30 seg\u00fan \u00ablo dispuesto en el C\u00f3digo de Disciplina de las Fuerzas Armadas\u00bb.<\/p>\n<p>Respecto de Ver\u00f3n, el Ej\u00e9rcito, indic\u00f3 que<strong>\u00a0\u00abfue intervenido quir\u00fargicamente como consecuencia de lesiones en la columna vertebral y actualmente se encuentra estable en el sanatorio Boratti de la ciudad de Posadas\u00bb.<\/strong><\/p>\n<p>\u00abLas causas de las lesiones sufridas est\u00e1n siendo investigadas y son motivo de una instrucci\u00f3n disciplinaria por presunci\u00f3n de faltas grav\u00edsimas que involucra a miembros de la unidad militar de pertenencia\u00bb, a\u00f1adi\u00f3 el Ej\u00e9rcito.<\/p>\n<p>Y, remarc\u00f3 que \u00ablos comportamientos que se alejan de las normas de convivencia establecidas en las prescripciones legales y reglamentos militares, constituyen potenciales inconductas que est\u00e1n tipificadas como delito en el C\u00f3digo Penal de la Naci\u00f3n\u00bb.<\/p>\n<p>Por eso, autoridades del Ej\u00e9rcito Argentino realizaron la denuncia correspondiente ante la Fiscal\u00eda Federal de la Ciudad de Posadas\u00bb.<\/p>\n<p>La madre del soldado se\u00f1al\u00f3: \u00abLo \u00fanico que pido es Justicia y que se investigue hasta las \u00faltimas consecuencias\u00bb porque, afirm\u00f3, \u00aba Michel lo humillaron, lo hicieron bailar y le hicieron tomar bebidas alcoh\u00f3licas de toda clase\u00bb.<\/p>\n<p><a href=\"https:\/\/www.telam.com.ar\/notas\/202206\/596177-subteniente-ejercito-fallecido-autopsia.html\" target=\"_blank\" rel=\"noopener\"><strong>Este caso se conoci\u00f3 semana despu\u00e9s de la muerte del subteniente Mat\u00edas Chirino durante una \u00abiniciaci\u00f3n\u00bb<\/strong><\/a>\u00a0en el regimiento de la localidad correntina de Paso de los Libres.<\/p>\n","protected":false},"excerpt":{"rendered":"<p>El joven lesionado fue identificado como Michel Natanael Ver\u00f3n, de 26 a\u00f1os, quien sufri\u00f3 el desplazamiento de dos v\u00e9rtebras tras participar de una ceremonia de bautismo en el Club de Suboficiales del Ej\u00e9rcito en Ap\u00f3stoles.<\/p>\n","protected":false},"author":3,"featured_media":0,"comment_status":"closed","ping_status":"closed","sticky":false,"template":"","format":"standard","meta":{"footnotes":""},"categories":[57,29],"tags":[],"class_list":["post-74865","post","type-post","status-publish","format-standard","hentry","category-judiciales","category-policiales"],"yoast_head":"<!-- This site is optimized with the Yoast SEO plugin v25.9 - https:\/\/yoast.com\/wordpress\/plugins\/seo\/ -->\n<title>Un soldado sufri\u00f3 graves lesiones y el Ej\u00e9rcito suspendi\u00f3 a 15 militares por la investigaci\u00f3n - Noticias Radio Reflejos<\/title>\n<meta name=\"robots\" content=\"index, follow, max-snippet:-1, max-image-preview:large, max-video-preview:-1\" \/>\n<link rel=\"canonical\" href=\"https:\/\/www.noticiasradioreflejos.com.ar\/2021\/un-soldado-sufrio-graves-lesiones-y-el-ejercito-suspendio-a-15-militares-por-la-investigacion\/\" \/>\n<meta property=\"og:locale\" content=\"es_ES\" \/>\n<meta property=\"og:type\" content=\"article\" \/>\n<meta property=\"og:title\" content=\"Un soldado sufri\u00f3 graves lesiones y el Ej\u00e9rcito suspendi\u00f3 a 15 militares por la investigaci\u00f3n - Noticias Radio Reflejos\" \/>\n<meta property=\"og:description\" content=\"El joven lesionado fue identificado como Michel Natanael Ver\u00f3n, de 26 a\u00f1os, quien sufri\u00f3 el desplazamiento de dos v\u00e9rtebras tras participar de una ceremonia de bautismo en el Club de Suboficiales del Ej\u00e9rcito en Ap\u00f3stoles.\" \/>\n<meta property=\"og:url\" content=\"https:\/\/www.noticiasradioreflejos.com.ar\/2021\/un-soldado-sufrio-graves-lesiones-y-el-ejercito-suspendio-a-15-militares-por-la-investigacion\/\" \/>\n<meta property=\"og:site_name\" content=\"Noticias Radio Reflejos\" \/>\n<meta property=\"article:published_time\" content=\"2022-07-10T14:52:52+00:00\" \/>\n<meta property=\"og:image\" content=\"https:\/\/www.telam.com.ar\/thumbs\/bluesteel\/advf\/imagenes\/2022\/07\/62cabac787b0d_900.jpg\" \/>\n<meta name=\"author\" content=\"Arnaldo Botto\" \/>\n<meta name=\"twitter:card\" content=\"summary_large_image\" \/>\n<script type=\"application\/ld+json\" class=\"yoast-schema-graph\">{\"@context\":\"https:\/\/schema.org\",\"@graph\":[{\"@type\":\"WebPage\",\"@id\":\"https:\/\/www.noticiasradioreflejos.com.ar\/2021\/un-soldado-sufrio-graves-lesiones-y-el-ejercito-suspendio-a-15-militares-por-la-investigacion\/\",\"url\":\"https:\/\/www.noticiasradioreflejos.com.ar\/2021\/un-soldado-sufrio-graves-lesiones-y-el-ejercito-suspendio-a-15-militares-por-la-investigacion\/\",\"name\":\"Un soldado sufri\u00f3 graves lesiones y el Ej\u00e9rcito suspendi\u00f3 a 15 militares por la investigaci\u00f3n - Noticias Radio Reflejos\",\"isPartOf\":{\"@id\":\"https:\/\/www.noticiasradioreflejos.com.ar\/2021\/#website\"},\"primaryImageOfPage\":{\"@id\":\"https:\/\/www.noticiasradioreflejos.com.ar\/2021\/un-soldado-sufrio-graves-lesiones-y-el-ejercito-suspendio-a-15-militares-por-la-investigacion\/#primaryimage\"},\"image\":{\"@id\":\"https:\/\/www.noticiasradioreflejos.com.ar\/2021\/un-soldado-sufrio-graves-lesiones-y-el-ejercito-suspendio-a-15-militares-por-la-investigacion\/#primaryimage\"},\"thumbnailUrl\":\"https:\/\/www.telam.com.ar\/thumbs\/bluesteel\/advf\/imagenes\/2022\/07\/62cabac787b0d_900.jpg\",\"datePublished\":\"2022-07-10T14:52:52+00:00\",\"author\":{\"@id\":\"https:\/\/www.noticiasradioreflejos.com.ar\/2021\/#\/schema\/person\/ad82545263dcc5ec0996818884fd5fb1\"},\"breadcrumb\":{\"@id\":\"https:\/\/www.noticiasradioreflejos.com.ar\/2021\/un-soldado-sufrio-graves-lesiones-y-el-ejercito-suspendio-a-15-militares-por-la-investigacion\/#breadcrumb\"},\"inLanguage\":\"es\",\"potentialAction\":[{\"@type\":\"ReadAction\",\"target\":[\"https:\/\/www.noticiasradioreflejos.com.ar\/2021\/un-soldado-sufrio-graves-lesiones-y-el-ejercito-suspendio-a-15-militares-por-la-investigacion\/\"]}]},{\"@type\":\"ImageObject\",\"inLanguage\":\"es\",\"@id\":\"https:\/\/www.noticiasradioreflejos.com.ar\/2021\/un-soldado-sufrio-graves-lesiones-y-el-ejercito-suspendio-a-15-militares-por-la-investigacion\/#primaryimage\",\"url\":\"https:\/\/www.telam.com.ar\/thumbs\/bluesteel\/advf\/imagenes\/2022\/07\/62cabac787b0d_900.jpg\",\"contentUrl\":\"https:\/\/www.telam.com.ar\/thumbs\/bluesteel\/advf\/imagenes\/2022\/07\/62cabac787b0d_900.jpg\"},{\"@type\":\"BreadcrumbList\",\"@id\":\"https:\/\/www.noticiasradioreflejos.com.ar\/2021\/un-soldado-sufrio-graves-lesiones-y-el-ejercito-suspendio-a-15-militares-por-la-investigacion\/#breadcrumb\",\"itemListElement\":[{\"@type\":\"ListItem\",\"position\":1,\"name\":\"Portada\",\"item\":\"https:\/\/www.noticiasradioreflejos.com.ar\/2021\/\"},{\"@type\":\"ListItem\",\"position\":2,\"name\":\"Un soldado sufri\u00f3 graves lesiones y el Ej\u00e9rcito suspendi\u00f3 a 15 militares por la investigaci\u00f3n\"}]},{\"@type\":\"WebSite\",\"@id\":\"https:\/\/www.noticiasradioreflejos.com.ar\/2021\/#website\",\"url\":\"https:\/\/www.noticiasradioreflejos.com.ar\/2021\/\",\"name\":\"Noticias Radio Reflejos\",\"description\":\"Las noticias de mi comarca\",\"potentialAction\":[{\"@type\":\"SearchAction\",\"target\":{\"@type\":\"EntryPoint\",\"urlTemplate\":\"https:\/\/www.noticiasradioreflejos.com.ar\/2021\/?s={search_term_string}\"},\"query-input\":{\"@type\":\"PropertyValueSpecification\",\"valueRequired\":true,\"valueName\":\"search_term_string\"}}],\"inLanguage\":\"es\"},{\"@type\":\"Person\",\"@id\":\"https:\/\/www.noticiasradioreflejos.com.ar\/2021\/#\/schema\/person\/ad82545263dcc5ec0996818884fd5fb1\",\"name\":\"Arnaldo Botto\",\"image\":{\"@type\":\"ImageObject\",\"inLanguage\":\"es\",\"@id\":\"https:\/\/www.noticiasradioreflejos.com.ar\/2021\/#\/schema\/person\/image\/\",\"url\":\"https:\/\/secure.gravatar.com\/avatar\/55cb5e37c1efa326397366e6974cb338056df65cb50e7d64d1cf314e87504837?s=96&d=mm&r=g\",\"contentUrl\":\"https:\/\/secure.gravatar.com\/avatar\/55cb5e37c1efa326397366e6974cb338056df65cb50e7d64d1cf314e87504837?s=96&d=mm&r=g\",\"caption\":\"Arnaldo Botto\"},\"url\":\"https:\/\/www.noticiasradioreflejos.com.ar\/2021\/author\/arnaldo\/\"}]}<\/script>\n<!-- \/ Yoast SEO plugin. -->","yoast_head_json":{"title":"Un soldado sufri\u00f3 graves lesiones y el Ej\u00e9rcito suspendi\u00f3 a 15 militares por la investigaci\u00f3n - Noticias Radio Reflejos","robots":{"index":"index","follow":"follow","max-snippet":"max-snippet:-1","max-image-preview":"max-image-preview:large","max-video-preview":"max-video-preview:-1"},"canonical":"https:\/\/www.noticiasradioreflejos.com.ar\/2021\/un-soldado-sufrio-graves-lesiones-y-el-ejercito-suspendio-a-15-militares-por-la-investigacion\/","og_locale":"es_ES","og_type":"article","og_title":"Un soldado sufri\u00f3 graves lesiones y el Ej\u00e9rcito suspendi\u00f3 a 15 militares por la investigaci\u00f3n - Noticias Radio Reflejos","og_description":"El joven lesionado fue identificado como Michel Natanael Ver\u00f3n, de 26 a\u00f1os, quien sufri\u00f3 el desplazamiento de dos v\u00e9rtebras tras participar de una ceremonia de bautismo en el Club de Suboficiales del Ej\u00e9rcito en Ap\u00f3stoles.","og_url":"https:\/\/www.noticiasradioreflejos.com.ar\/2021\/un-soldado-sufrio-graves-lesiones-y-el-ejercito-suspendio-a-15-militares-por-la-investigacion\/","og_site_name":"Noticias Radio Reflejos","article_published_time":"2022-07-10T14:52:52+00:00","og_image":[{"url":"https:\/\/www.telam.com.ar\/thumbs\/bluesteel\/advf\/imagenes\/2022\/07\/62cabac787b0d_900.jpg","type":"","width":"","height":""}],"author":"Arnaldo Botto","twitter_card":"summary_large_image","schema":{"@context":"https:\/\/schema.org","@graph":[{"@type":"WebPage","@id":"https:\/\/www.noticiasradioreflejos.com.ar\/2021\/un-soldado-sufrio-graves-lesiones-y-el-ejercito-suspendio-a-15-militares-por-la-investigacion\/","url":"https:\/\/www.noticiasradioreflejos.com.ar\/2021\/un-soldado-sufrio-graves-lesiones-y-el-ejercito-suspendio-a-15-militares-por-la-investigacion\/","name":"Un soldado sufri\u00f3 graves lesiones y el Ej\u00e9rcito suspendi\u00f3 a 15 militares por la investigaci\u00f3n - Noticias Radio Reflejos","isPartOf":{"@id":"https:\/\/www.noticiasradioreflejos.com.ar\/2021\/#website"},"primaryImageOfPage":{"@id":"https:\/\/www.noticiasradioreflejos.com.ar\/2021\/un-soldado-sufrio-graves-lesiones-y-el-ejercito-suspendio-a-15-militares-por-la-investigacion\/#primaryimage"},"image":{"@id":"https:\/\/www.noticiasradioreflejos.com.ar\/2021\/un-soldado-sufrio-graves-lesiones-y-el-ejercito-suspendio-a-15-militares-por-la-investigacion\/#primaryimage"},"thumbnailUrl":"https:\/\/www.telam.com.ar\/thumbs\/bluesteel\/advf\/imagenes\/2022\/07\/62cabac787b0d_900.jpg","datePublished":"2022-07-10T14:52:52+00:00","author":{"@id":"https:\/\/www.noticiasradioreflejos.com.ar\/2021\/#\/schema\/person\/ad82545263dcc5ec0996818884fd5fb1"},"breadcrumb":{"@id":"https:\/\/www.noticiasradioreflejos.com.ar\/2021\/un-soldado-sufrio-graves-lesiones-y-el-ejercito-suspendio-a-15-militares-por-la-investigacion\/#breadcrumb"},"inLanguage":"es","potentialAction":[{"@type":"ReadAction","target":["https:\/\/www.noticiasradioreflejos.com.ar\/2021\/un-soldado-sufrio-graves-lesiones-y-el-ejercito-suspendio-a-15-militares-por-la-investigacion\/"]}]},{"@type":"ImageObject","inLanguage":"es","@id":"https:\/\/www.noticiasradioreflejos.com.ar\/2021\/un-soldado-sufrio-graves-lesiones-y-el-ejercito-suspendio-a-15-militares-por-la-investigacion\/#primaryimage","url":"https:\/\/www.telam.com.ar\/thumbs\/bluesteel\/advf\/imagenes\/2022\/07\/62cabac787b0d_900.jpg","contentUrl":"https:\/\/www.telam.com.ar\/thumbs\/bluesteel\/advf\/imagenes\/2022\/07\/62cabac787b0d_900.jpg"},{"@type":"BreadcrumbList","@id":"https:\/\/www.noticiasradioreflejos.com.ar\/2021\/un-soldado-sufrio-graves-lesiones-y-el-ejercito-suspendio-a-15-militares-por-la-investigacion\/#breadcrumb","itemListElement":[{"@type":"ListItem","position":1,"name":"Portada","item":"https:\/\/www.noticiasradioreflejos.com.ar\/2021\/"},{"@type":"ListItem","position":2,"name":"Un soldado sufri\u00f3 graves lesiones y el Ej\u00e9rcito suspendi\u00f3 a 15 militares por la investigaci\u00f3n"}]},{"@type":"WebSite","@id":"https:\/\/www.noticiasradioreflejos.com.ar\/2021\/#website","url":"https:\/\/www.noticiasradioreflejos.com.ar\/2021\/","name":"Noticias Radio Reflejos","description":"Las noticias de mi comarca","potentialAction":[{"@type":"SearchAction","target":{"@type":"EntryPoint","urlTemplate":"https:\/\/www.noticiasradioreflejos.com.ar\/2021\/?s={search_term_string}"},"query-input":{"@type":"PropertyValueSpecification","valueRequired":true,"valueName":"search_term_string"}}],"inLanguage":"es"},{"@type":"Person","@id":"https:\/\/www.noticiasradioreflejos.com.ar\/2021\/#\/schema\/person\/ad82545263dcc5ec0996818884fd5fb1","name":"Arnaldo Botto","image":{"@type":"ImageObject","inLanguage":"es","@id":"https:\/\/www.noticiasradioreflejos.com.ar\/2021\/#\/schema\/person\/image\/","url":"https:\/\/secure.gravatar.com\/avatar\/55cb5e37c1efa326397366e6974cb338056df65cb50e7d64d1cf314e87504837?s=96&d=mm&r=g","contentUrl":"https:\/\/secure.gravatar.com\/avatar\/55cb5e37c1efa326397366e6974cb338056df65cb50e7d64d1cf314e87504837?s=96&d=mm&r=g","caption":"Arnaldo Botto"},"url":"https:\/\/www.noticiasradioreflejos.com.ar\/2021\/author\/arnaldo\/"}]}},"_links":{"self":[{"href":"https:\/\/www.noticiasradioreflejos.com.ar\/2021\/wp-json\/wp\/v2\/posts\/74865","targetHints":{"allow":["GET"]}}],"collection":[{"href":"https:\/\/www.noticiasradioreflejos.com.ar\/2021\/wp-json\/wp\/v2\/posts"}],"about":[{"href":"https:\/\/www.noticiasradioreflejos.com.ar\/2021\/wp-json\/wp\/v2\/types\/post"}],"author":[{"embeddable":true,"href":"https:\/\/www.noticiasradioreflejos.com.ar\/2021\/wp-json\/wp\/v2\/users\/3"}],"replies":[{"embeddable":true,"href":"https:\/\/www.noticiasradioreflejos.com.ar\/2021\/wp-json\/wp\/v2\/comments?post=74865"}],"version-history":[{"count":1,"href":"https:\/\/www.noticiasradioreflejos.com.ar\/2021\/wp-json\/wp\/v2\/posts\/74865\/revisions"}],"predecessor-version":[{"id":74867,"href":"https:\/\/www.noticiasradioreflejos.com.ar\/2021\/wp-json\/wp\/v2\/posts\/74865\/revisions\/74867"}],"wp:attachment":[{"href":"https:\/\/www.noticiasradioreflejos.com.ar\/2021\/wp-json\/wp\/v2\/media?parent=74865"}],"wp:term":[{"taxonomy":"category","embeddable":true,"href":"https:\/\/www.noticiasradioreflejos.com.ar\/2021\/wp-json\/wp\/v2\/categories?post=74865"},{"taxonomy":"post_tag","embeddable":true,"href":"https:\/\/www.noticiasradioreflejos.com.ar\/2021\/wp-json\/wp\/v2\/tags?post=74865"}],"curies":[{"name":"wp","href":"https:\/\/api.w.org\/{rel}","templated":true}]}}