{"id":74862,"date":"2022-07-10T14:50:20","date_gmt":"2022-07-10T14:50:20","guid":{"rendered":"http:\/\/www.noticiasradioreflejos.com.ar\/2021\/?p=74862"},"modified":"2022-07-10T14:50:20","modified_gmt":"2022-07-10T14:50:20","slug":"manana-empieza-el-receso-escolar-en-16-provincias","status":"publish","type":"post","link":"https:\/\/www.noticiasradioreflejos.com.ar\/2021\/manana-empieza-el-receso-escolar-en-16-provincias\/","title":{"rendered":"Ma\u00f1ana empieza el receso escolar en 16 provincias"},"content":{"rendered":"<p>Los distritos que tendr\u00e1n su receso invernal entre el 11 y el 22 de julio son Catamarca, Chubut, C\u00f3rdoba, Entre R\u00edos, Jujuy, La Pampa, La Rioja, Mendoza, Misiones, Neuqu\u00e9n, R\u00edo Negro, Salta, San Juan, San Luis, Santa Fe y Tucum\u00e1n.<!--more--><\/p>\n<figure class=\"mb-3\"><img decoding=\"async\" src=\"https:\/\/www.telam.com.ar\/thumbs\/bluesteel\/advf\/imagenes\/2022\/07\/62c62eef302b5_900.jpg\" alt=\"Familias comienzan a planificar las dos semanas de descanso de sus hijos e hijas Foto Prensa Tecnpolis\" width=\"100%\" height=\"100%\" \/><\/p>\n<div class=\"media-icons\"><\/div><figcaption>Familias comienzan a planificar las dos semanas de descanso de sus hijos e hijas \/ Foto Prensa Tecn\u00f3polis<\/figcaption><\/figure>\n<p>Las vacaciones escolares de invierno comenzar\u00e1n el lunes pr\u00f3ximo en 16 provincias, mientras en las ocho restantes el receso de dos semanas empezar\u00e1 el 18 de julio, de acuerdo con el cronograma oficial dispuesto por el Consejo Federal de Educaci\u00f3n para este a\u00f1o.<\/p>\n<p><strong>Los distritos que tendr\u00e1n su receso invernal entre el 11 y el 22 de julio son Catamarca, Chubut, C\u00f3rdoba, Entre R\u00edos, Jujuy, La Pampa, La Rioja, Mendoza, Misiones, Neuqu\u00e9n, R\u00edo Negro, Salta, San Juan, San Luis, Santa Fe y Tucum\u00e1n.<\/strong><\/p>\n<p><strong>En tanto, a partir del 18 y hasta el 29 de julio tendr\u00e1n sus vacaciones la ciudad y la provincia de Buenos Aires, Chaco, Corrientes, Formosa, Santa Cruz, Santiago del Estero y Tierra del Fuego.<\/strong>\u00a0Prev\u00e9n realizar jornadas de capacitaci\u00f3n docente en la segunda etapa del a\u00f1o y, seg\u00fan fuentes de los ministerios de Educaci\u00f3n de esas provincias, por estos d\u00edas se hizo foco en la entrega de notebooks para los alumnos de distintas localidades de la provincia.<\/p>\n<h2 class=\"\">C\u00f3rdoba<\/h2>\n<p>En C\u00f3rdoba el Ministerio de Educaci\u00f3n provincial prev\u00e9 dos semanas de completo descanso sin actividades para la comunidad estudiantil y docente, dado que los ex\u00e1menes, coloquios y evaluaci\u00f3n institucional se realizar\u00e1n entre el 20 y 29 de diciembre.<\/p>\n<h2 class=\"\">Santa Fe<\/h2>\n<p>Santa Fe tambi\u00e9n tendr\u00e1 receso absoluto del 11 al 22 de julio y, tras la pausa, el Ministerio de Educaci\u00f3n provincial dise\u00f1ar\u00e1 el esquema para comenzar a implementar la extensi\u00f3n horaria en sus escuelas primarias, cuyo objetivo es sumar m\u00e1s horas y d\u00edas de clases, tal como resolvi\u00f3 la 119\u00b0 Reuni\u00f3n del Consejo Federal de Educaci\u00f3n, celebrada en junio en Rosario.<\/p>\n<h2 class=\"\">Mendoza<\/h2>\n<p>En Mendoza, seg\u00fan la resoluci\u00f3n 4182 de la Direcci\u00f3n General de Escuelas (DGE), para este receso invernal el \u00faltimo d\u00eda de clases ser\u00e1 el viernes 8 de julio y se retornar\u00e1 el martes 26, ya que el 25 ser\u00e1 feriado provincial por el D\u00eda del Patrono Santiago.<\/p>\n<h2 class=\"\">Entre R\u00edos<\/h2>\n<p>Las autoridades de Entre R\u00edos se\u00f1alaron que durante las dos semanas de vacaciones las jornadas institucionales quedaron sin efecto para \u00abasegurar los 190 d\u00edas de clases\u00bb y el trabajo se va a realizar \u00abde otra manera, pero sin suspensi\u00f3n de clases\u00bb.<\/p>\n<h2 class=\"\">Catamarca<\/h2>\n<p>El gobierno de Catamarca confirm\u00f3 que el receso invernal en las escuelas coincidir\u00e1 con el de toda la administraci\u00f3n p\u00fablica de la provincia, seg\u00fan el decreto 1.535.<\/p>\n<h2 class=\"\">Chubut<\/h2>\n<p>Chubut planea el reinicio de clases el lunes 25, tras dos semanas de receso y, seg\u00fan fuentes gubernamentales, espera regularizar la situaci\u00f3n institucional del Ministerio de Educaci\u00f3n local tras la renuncia de la ministra Florencia Perata y la asunci\u00f3n de su reemplazante, Valeria Saunders, por lo que las autoridades interinas no brindaron informaci\u00f3n sobre otros aspectos a la espera de normalizar la cartera.<\/p>\n<h2 class=\"\">La Rioja<\/h2>\n<p>En La Rioja no hay ninguna jornada institucional, etapa de fortalecimiento ni capacitaciones docentes previstas para el receso escolar, que coincide con las vacaciones de invierno de los empleados estatales como todos los a\u00f1os.<\/p>\n<h2 class=\"\">Misiones<\/h2>\n<p>Misiones tambi\u00e9n dispuso el receso invernal del sector educativo en conjunto con el de la administraci\u00f3n p\u00fablica sin actividades especiales programadas.<\/p>\n<h2 class=\"\">Neuqu\u00e9n<\/h2>\n<p>En Neuqu\u00e9n las vacaciones escolares ser\u00e1n totales dado que, seg\u00fan indicaron fuentes del Consejo Provincial de Educaci\u00f3n (CPE), las jornadas institucionales que se realizar\u00e1n en la segunda mitad del a\u00f1o ser\u00e1n el 2 de agosto, el 21 de septiembre, el 25 de octubre y el 1 de diciembre.<\/p>\n<h2 class=\"\">R\u00edo Negro<\/h2>\n<p>En R\u00edo Negro hay, adem\u00e1s de las vacaciones formales del 11 al 22 de julio, un Receso Invernal Extendido (RIE) que comenz\u00f3 el 4 de julio y finalizar\u00e1 el 5 de agosto en las localidades rurales m\u00e1s afectadas por el fr\u00edo y la nieve que suelen cubrir a la provincia cada invierno.<\/p>\n<p>Fuentes de la cartera educativa confirmaron que para estos per\u00edodos no fueron programadas jornadas institucionales, ni de capacitaci\u00f3n.<\/p>\n<h2 class=\"\">Salta<\/h2>\n<p>En Salta, el receso invernal abarca a los niveles inicial, primario y secundario en un calendario al que se le suma una jornada pedag\u00f3gica que se realiza actualmente en la mayor\u00eda de los colegios, dado que algunos la programaron para el regreso a las clases.<\/p>\n<p>En el nivel secundario, si bien el receso termina el 22 de julio, el lunes 25, martes 26 y mi\u00e9rcoles 27 se destinar\u00e1n a ex\u00e1menes de materias previas y equivalencias, con suspensi\u00f3n de actividades, mientras que el jueves y viernes siguientes habr\u00e1 ex\u00e1menes pero sin suspensi\u00f3n de clases.<\/p>\n<h2 class=\"\">San Luis<\/h2>\n<p>En San Luis, donde ya se revincul\u00f3 al 64% de los estudiantes desvinculados por la pandemia de coronavirus, fuentes educativas dijeron que no se programaron etapas de fortalecimiento educativo durante el receso invernal.<\/p>\n<h2 class=\"\">Tierra del Fuego<\/h2>\n<p>Tierra del Fuego confirm\u00f3 que el receso escolar de invierno abarcar\u00e1 tanto a la comunidad educativa de los niveles inicial, primario y secundario como al personal administrativo.<\/p>\n<p>La ministra de Educaci\u00f3n, Cultura, Ciencia y Tecnolog\u00eda de la Tierra del Fuego, Anal\u00eda Cubino, ratific\u00f3 que la jurisdicci\u00f3n mantiene el objetivo de sumar 190 d\u00edas de clases en 2022 y record\u00f3 que el ciclo lectivo se reanudar\u00e1 el 1 de agosto hasta el 20 de diciembre.<\/p>\n<h2 class=\"\">Jujuy<\/h2>\n<p>En Jujuy, la Secretar\u00eda de Gesti\u00f3n Educativa indic\u00f3 que el receso escolar invernal se cumplir\u00e1 sin actividades de fortalecimiento o capacitaci\u00f3n programadas para los niveles de educaci\u00f3n Inicial, Primario, Secundario, Superior, T\u00e9cnico Profesional, Educaci\u00f3n para J\u00f3venes y Adultos y Educaci\u00f3n No Formal.<\/p>\n<h2 class=\"\">Santiago del Estero<\/h2>\n<p>En Santiago del Estero, el receso escolar de dos semanas en invierno tambi\u00e9n ser\u00e1 para todos los niveles educativos, confirmaron a T\u00e9lam fuentes del Ministerio de Educaci\u00f3n.<\/p>\n","protected":false},"excerpt":{"rendered":"<p>Los distritos que tendr\u00e1n su receso invernal entre el 11 y el 22 de julio son Catamarca, Chubut, C\u00f3rdoba, Entre R\u00edos, Jujuy, La Pampa, La Rioja, Mendoza, Misiones, Neuqu\u00e9n, R\u00edo Negro, Salta, San Juan, San Luis, Santa Fe y Tucum\u00e1n.<\/p>\n","protected":false},"author":3,"featured_media":0,"comment_status":"closed","ping_status":"closed","sticky":false,"template":"","format":"standard","meta":{"footnotes":""},"categories":[34,26,33],"tags":[48],"class_list":["post-74862","post","type-post","status-publish","format-standard","hentry","category-educacion","category-sociedad","category-turismo","tag-destacada"],"yoast_head":"<!-- This site is optimized with the Yoast SEO plugin v25.9 - https:\/\/yoast.com\/wordpress\/plugins\/seo\/ -->\n<title>Ma\u00f1ana empieza el receso escolar en 16 provincias - Noticias Radio Reflejos<\/title>\n<meta name=\"robots\" content=\"index, follow, max-snippet:-1, max-image-preview:large, max-video-preview:-1\" \/>\n<link rel=\"canonical\" href=\"https:\/\/www.noticiasradioreflejos.com.ar\/2021\/manana-empieza-el-receso-escolar-en-16-provincias\/\" \/>\n<meta property=\"og:locale\" content=\"es_ES\" \/>\n<meta property=\"og:type\" content=\"article\" \/>\n<meta property=\"og:title\" content=\"Ma\u00f1ana empieza el receso escolar en 16 provincias - Noticias Radio Reflejos\" \/>\n<meta property=\"og:description\" content=\"Los distritos que tendr\u00e1n su receso invernal entre el 11 y el 22 de julio son Catamarca, Chubut, C\u00f3rdoba, Entre R\u00edos, Jujuy, La Pampa, La Rioja, Mendoza, Misiones, Neuqu\u00e9n, R\u00edo Negro, Salta, San Juan, San Luis, Santa Fe y Tucum\u00e1n.\" \/>\n<meta property=\"og:url\" content=\"https:\/\/www.noticiasradioreflejos.com.ar\/2021\/manana-empieza-el-receso-escolar-en-16-provincias\/\" \/>\n<meta property=\"og:site_name\" content=\"Noticias Radio Reflejos\" \/>\n<meta property=\"article:published_time\" content=\"2022-07-10T14:50:20+00:00\" \/>\n<meta property=\"og:image\" content=\"https:\/\/www.telam.com.ar\/thumbs\/bluesteel\/advf\/imagenes\/2022\/07\/62c62eef302b5_900.jpg\" \/>\n<meta name=\"author\" content=\"Arnaldo Botto\" \/>\n<meta name=\"twitter:card\" content=\"summary_large_image\" \/>\n<script type=\"application\/ld+json\" class=\"yoast-schema-graph\">{\"@context\":\"https:\/\/schema.org\",\"@graph\":[{\"@type\":\"WebPage\",\"@id\":\"https:\/\/www.noticiasradioreflejos.com.ar\/2021\/manana-empieza-el-receso-escolar-en-16-provincias\/\",\"url\":\"https:\/\/www.noticiasradioreflejos.com.ar\/2021\/manana-empieza-el-receso-escolar-en-16-provincias\/\",\"name\":\"Ma\u00f1ana empieza el receso escolar en 16 provincias - Noticias Radio Reflejos\",\"isPartOf\":{\"@id\":\"https:\/\/www.noticiasradioreflejos.com.ar\/2021\/#website\"},\"primaryImageOfPage\":{\"@id\":\"https:\/\/www.noticiasradioreflejos.com.ar\/2021\/manana-empieza-el-receso-escolar-en-16-provincias\/#primaryimage\"},\"image\":{\"@id\":\"https:\/\/www.noticiasradioreflejos.com.ar\/2021\/manana-empieza-el-receso-escolar-en-16-provincias\/#primaryimage\"},\"thumbnailUrl\":\"https:\/\/www.telam.com.ar\/thumbs\/bluesteel\/advf\/imagenes\/2022\/07\/62c62eef302b5_900.jpg\",\"datePublished\":\"2022-07-10T14:50:20+00:00\",\"author\":{\"@id\":\"https:\/\/www.noticiasradioreflejos.com.ar\/2021\/#\/schema\/person\/ad82545263dcc5ec0996818884fd5fb1\"},\"breadcrumb\":{\"@id\":\"https:\/\/www.noticiasradioreflejos.com.ar\/2021\/manana-empieza-el-receso-escolar-en-16-provincias\/#breadcrumb\"},\"inLanguage\":\"es\",\"potentialAction\":[{\"@type\":\"ReadAction\",\"target\":[\"https:\/\/www.noticiasradioreflejos.com.ar\/2021\/manana-empieza-el-receso-escolar-en-16-provincias\/\"]}]},{\"@type\":\"ImageObject\",\"inLanguage\":\"es\",\"@id\":\"https:\/\/www.noticiasradioreflejos.com.ar\/2021\/manana-empieza-el-receso-escolar-en-16-provincias\/#primaryimage\",\"url\":\"https:\/\/www.telam.com.ar\/thumbs\/bluesteel\/advf\/imagenes\/2022\/07\/62c62eef302b5_900.jpg\",\"contentUrl\":\"https:\/\/www.telam.com.ar\/thumbs\/bluesteel\/advf\/imagenes\/2022\/07\/62c62eef302b5_900.jpg\"},{\"@type\":\"BreadcrumbList\",\"@id\":\"https:\/\/www.noticiasradioreflejos.com.ar\/2021\/manana-empieza-el-receso-escolar-en-16-provincias\/#breadcrumb\",\"itemListElement\":[{\"@type\":\"ListItem\",\"position\":1,\"name\":\"Portada\",\"item\":\"https:\/\/www.noticiasradioreflejos.com.ar\/2021\/\"},{\"@type\":\"ListItem\",\"position\":2,\"name\":\"Ma\u00f1ana empieza el receso escolar en 16 provincias\"}]},{\"@type\":\"WebSite\",\"@id\":\"https:\/\/www.noticiasradioreflejos.com.ar\/2021\/#website\",\"url\":\"https:\/\/www.noticiasradioreflejos.com.ar\/2021\/\",\"name\":\"Noticias Radio Reflejos\",\"description\":\"Las noticias de mi comarca\",\"potentialAction\":[{\"@type\":\"SearchAction\",\"target\":{\"@type\":\"EntryPoint\",\"urlTemplate\":\"https:\/\/www.noticiasradioreflejos.com.ar\/2021\/?s={search_term_string}\"},\"query-input\":{\"@type\":\"PropertyValueSpecification\",\"valueRequired\":true,\"valueName\":\"search_term_string\"}}],\"inLanguage\":\"es\"},{\"@type\":\"Person\",\"@id\":\"https:\/\/www.noticiasradioreflejos.com.ar\/2021\/#\/schema\/person\/ad82545263dcc5ec0996818884fd5fb1\",\"name\":\"Arnaldo Botto\",\"image\":{\"@type\":\"ImageObject\",\"inLanguage\":\"es\",\"@id\":\"https:\/\/www.noticiasradioreflejos.com.ar\/2021\/#\/schema\/person\/image\/\",\"url\":\"https:\/\/secure.gravatar.com\/avatar\/55cb5e37c1efa326397366e6974cb338056df65cb50e7d64d1cf314e87504837?s=96&d=mm&r=g\",\"contentUrl\":\"https:\/\/secure.gravatar.com\/avatar\/55cb5e37c1efa326397366e6974cb338056df65cb50e7d64d1cf314e87504837?s=96&d=mm&r=g\",\"caption\":\"Arnaldo Botto\"},\"url\":\"https:\/\/www.noticiasradioreflejos.com.ar\/2021\/author\/arnaldo\/\"}]}<\/script>\n<!-- \/ Yoast SEO plugin. -->","yoast_head_json":{"title":"Ma\u00f1ana empieza el receso escolar en 16 provincias - Noticias Radio Reflejos","robots":{"index":"index","follow":"follow","max-snippet":"max-snippet:-1","max-image-preview":"max-image-preview:large","max-video-preview":"max-video-preview:-1"},"canonical":"https:\/\/www.noticiasradioreflejos.com.ar\/2021\/manana-empieza-el-receso-escolar-en-16-provincias\/","og_locale":"es_ES","og_type":"article","og_title":"Ma\u00f1ana empieza el receso escolar en 16 provincias - Noticias Radio Reflejos","og_description":"Los distritos que tendr\u00e1n su receso invernal entre el 11 y el 22 de julio son Catamarca, Chubut, C\u00f3rdoba, Entre R\u00edos, Jujuy, La Pampa, La Rioja, Mendoza, Misiones, Neuqu\u00e9n, R\u00edo Negro, Salta, San Juan, San Luis, Santa Fe y Tucum\u00e1n.","og_url":"https:\/\/www.noticiasradioreflejos.com.ar\/2021\/manana-empieza-el-receso-escolar-en-16-provincias\/","og_site_name":"Noticias Radio Reflejos","article_published_time":"2022-07-10T14:50:20+00:00","og_image":[{"url":"https:\/\/www.telam.com.ar\/thumbs\/bluesteel\/advf\/imagenes\/2022\/07\/62c62eef302b5_900.jpg","type":"","width":"","height":""}],"author":"Arnaldo Botto","twitter_card":"summary_large_image","schema":{"@context":"https:\/\/schema.org","@graph":[{"@type":"WebPage","@id":"https:\/\/www.noticiasradioreflejos.com.ar\/2021\/manana-empieza-el-receso-escolar-en-16-provincias\/","url":"https:\/\/www.noticiasradioreflejos.com.ar\/2021\/manana-empieza-el-receso-escolar-en-16-provincias\/","name":"Ma\u00f1ana empieza el receso escolar en 16 provincias - Noticias Radio Reflejos","isPartOf":{"@id":"https:\/\/www.noticiasradioreflejos.com.ar\/2021\/#website"},"primaryImageOfPage":{"@id":"https:\/\/www.noticiasradioreflejos.com.ar\/2021\/manana-empieza-el-receso-escolar-en-16-provincias\/#primaryimage"},"image":{"@id":"https:\/\/www.noticiasradioreflejos.com.ar\/2021\/manana-empieza-el-receso-escolar-en-16-provincias\/#primaryimage"},"thumbnailUrl":"https:\/\/www.telam.com.ar\/thumbs\/bluesteel\/advf\/imagenes\/2022\/07\/62c62eef302b5_900.jpg","datePublished":"2022-07-10T14:50:20+00:00","author":{"@id":"https:\/\/www.noticiasradioreflejos.com.ar\/2021\/#\/schema\/person\/ad82545263dcc5ec0996818884fd5fb1"},"breadcrumb":{"@id":"https:\/\/www.noticiasradioreflejos.com.ar\/2021\/manana-empieza-el-receso-escolar-en-16-provincias\/#breadcrumb"},"inLanguage":"es","potentialAction":[{"@type":"ReadAction","target":["https:\/\/www.noticiasradioreflejos.com.ar\/2021\/manana-empieza-el-receso-escolar-en-16-provincias\/"]}]},{"@type":"ImageObject","inLanguage":"es","@id":"https:\/\/www.noticiasradioreflejos.com.ar\/2021\/manana-empieza-el-receso-escolar-en-16-provincias\/#primaryimage","url":"https:\/\/www.telam.com.ar\/thumbs\/bluesteel\/advf\/imagenes\/2022\/07\/62c62eef302b5_900.jpg","contentUrl":"https:\/\/www.telam.com.ar\/thumbs\/bluesteel\/advf\/imagenes\/2022\/07\/62c62eef302b5_900.jpg"},{"@type":"BreadcrumbList","@id":"https:\/\/www.noticiasradioreflejos.com.ar\/2021\/manana-empieza-el-receso-escolar-en-16-provincias\/#breadcrumb","itemListElement":[{"@type":"ListItem","position":1,"name":"Portada","item":"https:\/\/www.noticiasradioreflejos.com.ar\/2021\/"},{"@type":"ListItem","position":2,"name":"Ma\u00f1ana empieza el receso escolar en 16 provincias"}]},{"@type":"WebSite","@id":"https:\/\/www.noticiasradioreflejos.com.ar\/2021\/#website","url":"https:\/\/www.noticiasradioreflejos.com.ar\/2021\/","name":"Noticias Radio Reflejos","description":"Las noticias de mi comarca","potentialAction":[{"@type":"SearchAction","target":{"@type":"EntryPoint","urlTemplate":"https:\/\/www.noticiasradioreflejos.com.ar\/2021\/?s={search_term_string}"},"query-input":{"@type":"PropertyValueSpecification","valueRequired":true,"valueName":"search_term_string"}}],"inLanguage":"es"},{"@type":"Person","@id":"https:\/\/www.noticiasradioreflejos.com.ar\/2021\/#\/schema\/person\/ad82545263dcc5ec0996818884fd5fb1","name":"Arnaldo Botto","image":{"@type":"ImageObject","inLanguage":"es","@id":"https:\/\/www.noticiasradioreflejos.com.ar\/2021\/#\/schema\/person\/image\/","url":"https:\/\/secure.gravatar.com\/avatar\/55cb5e37c1efa326397366e6974cb338056df65cb50e7d64d1cf314e87504837?s=96&d=mm&r=g","contentUrl":"https:\/\/secure.gravatar.com\/avatar\/55cb5e37c1efa326397366e6974cb338056df65cb50e7d64d1cf314e87504837?s=96&d=mm&r=g","caption":"Arnaldo Botto"},"url":"https:\/\/www.noticiasradioreflejos.com.ar\/2021\/author\/arnaldo\/"}]}},"_links":{"self":[{"href":"https:\/\/www.noticiasradioreflejos.com.ar\/2021\/wp-json\/wp\/v2\/posts\/74862","targetHints":{"allow":["GET"]}}],"collection":[{"href":"https:\/\/www.noticiasradioreflejos.com.ar\/2021\/wp-json\/wp\/v2\/posts"}],"about":[{"href":"https:\/\/www.noticiasradioreflejos.com.ar\/2021\/wp-json\/wp\/v2\/types\/post"}],"author":[{"embeddable":true,"href":"https:\/\/www.noticiasradioreflejos.com.ar\/2021\/wp-json\/wp\/v2\/users\/3"}],"replies":[{"embeddable":true,"href":"https:\/\/www.noticiasradioreflejos.com.ar\/2021\/wp-json\/wp\/v2\/comments?post=74862"}],"version-history":[{"count":1,"href":"https:\/\/www.noticiasradioreflejos.com.ar\/2021\/wp-json\/wp\/v2\/posts\/74862\/revisions"}],"predecessor-version":[{"id":74864,"href":"https:\/\/www.noticiasradioreflejos.com.ar\/2021\/wp-json\/wp\/v2\/posts\/74862\/revisions\/74864"}],"wp:attachment":[{"href":"https:\/\/www.noticiasradioreflejos.com.ar\/2021\/wp-json\/wp\/v2\/media?parent=74862"}],"wp:term":[{"taxonomy":"category","embeddable":true,"href":"https:\/\/www.noticiasradioreflejos.com.ar\/2021\/wp-json\/wp\/v2\/categories?post=74862"},{"taxonomy":"post_tag","embeddable":true,"href":"https:\/\/www.noticiasradioreflejos.com.ar\/2021\/wp-json\/wp\/v2\/tags?post=74862"}],"curies":[{"name":"wp","href":"https:\/\/api.w.org\/{rel}","templated":true}]}}