{"id":74831,"date":"2022-07-08T18:34:30","date_gmt":"2022-07-08T18:34:30","guid":{"rendered":"http:\/\/www.noticiasradioreflejos.com.ar\/2021\/?p=74831"},"modified":"2022-07-08T18:34:30","modified_gmt":"2022-07-08T18:34:30","slug":"ministerio-de-las-mujeres-politicas-de-genero-y-diversidad-sexual-pba-consejo-de-municipios","status":"publish","type":"post","link":"https:\/\/www.noticiasradioreflejos.com.ar\/2021\/ministerio-de-las-mujeres-politicas-de-genero-y-diversidad-sexual-pba-consejo-de-municipios\/","title":{"rendered":"Ministerio de las Mujeres, Pol\u00edticas de G\u00e9nero y Diversidad Sexual PBA: Consejo de Municipios"},"content":{"rendered":"<p>Continuando con el trabajo de apoyo y acompa\u00f1amiento que el Ministerio de las Mujeres, Pol\u00edticas de g\u00e9nero y Diversidad Sexual PBA, viene realizando con los 22 distritos de la regi\u00f3n sexta, se reuni\u00f3 el consejo de articulaci\u00f3n de Pol\u00edticas de G\u00e9nero y Diversidad Sexual.<!--more--><\/p>\n<p>La apertura del encuentro estuvo a cargo de la Subsecretaria de Pol\u00edticas Transversales de G\u00e9nero, Lidia Fernandez acompa\u00f1ada por la Directora Provincial de Pol\u00edticas Transversales de G\u00e9nero, Cintia Nucifora y la Directora Regional,  Silvia Zaballa.<\/p>\n<p>El Consejo de Articulaci\u00f3n organizado por el Ministerio de las Mujeres, Pol\u00ecticas de G\u00e9nero y Diversidad Sexual es una herramienta que tiene por objetivo profundizar y enriquecer la construcci\u00f3n conjunta de pol\u00edticas de g\u00e9nero entre los municipios y el gobierno provincial. <\/p>\n<p>Durante el encuentro se abord\u00f3 el marco de actuaci\u00f3n y funcionamiento de la l\u00ednea 144 y la implementaci\u00f3n y seguimiento de la ley de cupo laboral travesti trans a nivel municipal.<\/p>\n<p>Respecto de la l\u00ednea 144, la Supervisora interna, Nadina Rodriguez, hizo especial \u00e9nfasis en que se trata de un servicio de atenci\u00f3n primaria de la violencia de g\u00e9nero que a partir de la escucha activa permite evaluar indicadores de riesgo para codise\u00f1ar una estrategia de salida y acciones necesarias para el abordaje con otras \u00e1reas y organismos. Se acompa\u00f1a desde la autonom\u00eda de la PSVG, funciona las 24 hs y es de car\u00e1cter confidencial. <\/p>\n<p>La segunda parte del encuentro, estuvo a cargo de Lorena Medel, Directora de Promoci\u00f3n y Protecci\u00f3n de Derechos de Trabajo, Salud y Educaci\u00f3n, quien expuso \u201cestrategias para el abordaje del cupo laboral travesti trans\u201d. En este sentido el objetivo es intercambiar experiencias entre los municipios de la regi\u00f3n sexta  y evaluar de manera articulada posibles acciones a llevar a cabo para, conjuntamente, remover obst\u00e1culos en la implementaci\u00f3n de la ley de cupo laboral travesti trans. <\/p>\n<p>Participaron del encuentro virtual los municipios de Adolfo Alsina, A.G.Chaves, Bah\u00eda Blanca, Benito Ju\u00e1rez, Carmen de Patagones, Coronel Dorrego, Coronel Pringles, Coronel Rosales, Coronel Su\u00e1rez, Daireaux, Gral. La Madrid, Guamin\u00ec, Laprida, Pellegrini, Pu\u00e1n, Saavedra, Salliquel\u00f2, Tornquist, Tres Arroyos, Tres Lomas y Villarino. <\/p>\n","protected":false},"excerpt":{"rendered":"<p>Continuando con el trabajo de apoyo y acompa\u00f1amiento que el Ministerio de las Mujeres, Pol\u00edticas de g\u00e9nero y Diversidad Sexual PBA, viene realizando con los 22 distritos de la regi\u00f3n sexta, se reuni\u00f3 el consejo de articulaci\u00f3n de Pol\u00edticas de G\u00e9nero y Diversidad Sexual.<\/p>\n","protected":false},"author":3,"featured_media":0,"comment_status":"closed","ping_status":"closed","sticky":false,"template":"","format":"standard","meta":{"footnotes":""},"categories":[26],"tags":[],"class_list":["post-74831","post","type-post","status-publish","format-standard","hentry","category-sociedad"],"yoast_head":"<!-- This site is optimized with the Yoast SEO plugin v25.9 - https:\/\/yoast.com\/wordpress\/plugins\/seo\/ -->\n<title>Ministerio de las Mujeres, Pol\u00edticas de G\u00e9nero y Diversidad Sexual PBA: Consejo de Municipios - Noticias Radio Reflejos<\/title>\n<meta name=\"robots\" content=\"index, follow, max-snippet:-1, max-image-preview:large, max-video-preview:-1\" \/>\n<link rel=\"canonical\" href=\"https:\/\/www.noticiasradioreflejos.com.ar\/2021\/ministerio-de-las-mujeres-politicas-de-genero-y-diversidad-sexual-pba-consejo-de-municipios\/\" \/>\n<meta property=\"og:locale\" content=\"es_ES\" \/>\n<meta property=\"og:type\" content=\"article\" \/>\n<meta property=\"og:title\" content=\"Ministerio de las Mujeres, Pol\u00edticas de G\u00e9nero y Diversidad Sexual PBA: Consejo de Municipios - Noticias Radio Reflejos\" \/>\n<meta property=\"og:description\" content=\"Continuando con el trabajo de apoyo y acompa\u00f1amiento que el Ministerio de las Mujeres, Pol\u00edticas de g\u00e9nero y Diversidad Sexual PBA, viene realizando con los 22 distritos de la regi\u00f3n sexta, se reuni\u00f3 el consejo de articulaci\u00f3n de Pol\u00edticas de G\u00e9nero y Diversidad Sexual.\" \/>\n<meta property=\"og:url\" content=\"https:\/\/www.noticiasradioreflejos.com.ar\/2021\/ministerio-de-las-mujeres-politicas-de-genero-y-diversidad-sexual-pba-consejo-de-municipios\/\" \/>\n<meta property=\"og:site_name\" content=\"Noticias Radio Reflejos\" \/>\n<meta property=\"article:published_time\" content=\"2022-07-08T18:34:30+00:00\" \/>\n<meta property=\"og:image\" content=\"https:\/\/www.noticiasradioreflejos.com.ar\/2021\/wp-content\/uploads\/2021\/07\/logosol300x200.png\" \/>\n\t<meta property=\"og:image:width\" content=\"300\" \/>\n\t<meta property=\"og:image:height\" content=\"200\" \/>\n\t<meta property=\"og:image:type\" content=\"image\/png\" \/>\n<meta name=\"author\" content=\"Arnaldo Botto\" \/>\n<meta name=\"twitter:card\" content=\"summary_large_image\" \/>\n<script type=\"application\/ld+json\" class=\"yoast-schema-graph\">{\"@context\":\"https:\/\/schema.org\",\"@graph\":[{\"@type\":\"WebPage\",\"@id\":\"https:\/\/www.noticiasradioreflejos.com.ar\/2021\/ministerio-de-las-mujeres-politicas-de-genero-y-diversidad-sexual-pba-consejo-de-municipios\/\",\"url\":\"https:\/\/www.noticiasradioreflejos.com.ar\/2021\/ministerio-de-las-mujeres-politicas-de-genero-y-diversidad-sexual-pba-consejo-de-municipios\/\",\"name\":\"Ministerio de las Mujeres, Pol\u00edticas de G\u00e9nero y Diversidad Sexual PBA: Consejo de Municipios - Noticias Radio Reflejos\",\"isPartOf\":{\"@id\":\"https:\/\/www.noticiasradioreflejos.com.ar\/2021\/#website\"},\"datePublished\":\"2022-07-08T18:34:30+00:00\",\"author\":{\"@id\":\"https:\/\/www.noticiasradioreflejos.com.ar\/2021\/#\/schema\/person\/ad82545263dcc5ec0996818884fd5fb1\"},\"breadcrumb\":{\"@id\":\"https:\/\/www.noticiasradioreflejos.com.ar\/2021\/ministerio-de-las-mujeres-politicas-de-genero-y-diversidad-sexual-pba-consejo-de-municipios\/#breadcrumb\"},\"inLanguage\":\"es\",\"potentialAction\":[{\"@type\":\"ReadAction\",\"target\":[\"https:\/\/www.noticiasradioreflejos.com.ar\/2021\/ministerio-de-las-mujeres-politicas-de-genero-y-diversidad-sexual-pba-consejo-de-municipios\/\"]}]},{\"@type\":\"BreadcrumbList\",\"@id\":\"https:\/\/www.noticiasradioreflejos.com.ar\/2021\/ministerio-de-las-mujeres-politicas-de-genero-y-diversidad-sexual-pba-consejo-de-municipios\/#breadcrumb\",\"itemListElement\":[{\"@type\":\"ListItem\",\"position\":1,\"name\":\"Portada\",\"item\":\"https:\/\/www.noticiasradioreflejos.com.ar\/2021\/\"},{\"@type\":\"ListItem\",\"position\":2,\"name\":\"Ministerio de las Mujeres, Pol\u00edticas de G\u00e9nero y Diversidad Sexual PBA: Consejo de Municipios\"}]},{\"@type\":\"WebSite\",\"@id\":\"https:\/\/www.noticiasradioreflejos.com.ar\/2021\/#website\",\"url\":\"https:\/\/www.noticiasradioreflejos.com.ar\/2021\/\",\"name\":\"Noticias Radio Reflejos\",\"description\":\"Las noticias de mi comarca\",\"potentialAction\":[{\"@type\":\"SearchAction\",\"target\":{\"@type\":\"EntryPoint\",\"urlTemplate\":\"https:\/\/www.noticiasradioreflejos.com.ar\/2021\/?s={search_term_string}\"},\"query-input\":{\"@type\":\"PropertyValueSpecification\",\"valueRequired\":true,\"valueName\":\"search_term_string\"}}],\"inLanguage\":\"es\"},{\"@type\":\"Person\",\"@id\":\"https:\/\/www.noticiasradioreflejos.com.ar\/2021\/#\/schema\/person\/ad82545263dcc5ec0996818884fd5fb1\",\"name\":\"Arnaldo Botto\",\"image\":{\"@type\":\"ImageObject\",\"inLanguage\":\"es\",\"@id\":\"https:\/\/www.noticiasradioreflejos.com.ar\/2021\/#\/schema\/person\/image\/\",\"url\":\"https:\/\/secure.gravatar.com\/avatar\/55cb5e37c1efa326397366e6974cb338056df65cb50e7d64d1cf314e87504837?s=96&d=mm&r=g\",\"contentUrl\":\"https:\/\/secure.gravatar.com\/avatar\/55cb5e37c1efa326397366e6974cb338056df65cb50e7d64d1cf314e87504837?s=96&d=mm&r=g\",\"caption\":\"Arnaldo Botto\"},\"url\":\"https:\/\/www.noticiasradioreflejos.com.ar\/2021\/author\/arnaldo\/\"}]}<\/script>\n<!-- \/ Yoast SEO plugin. -->","yoast_head_json":{"title":"Ministerio de las Mujeres, Pol\u00edticas de G\u00e9nero y Diversidad Sexual PBA: Consejo de Municipios - Noticias Radio Reflejos","robots":{"index":"index","follow":"follow","max-snippet":"max-snippet:-1","max-image-preview":"max-image-preview:large","max-video-preview":"max-video-preview:-1"},"canonical":"https:\/\/www.noticiasradioreflejos.com.ar\/2021\/ministerio-de-las-mujeres-politicas-de-genero-y-diversidad-sexual-pba-consejo-de-municipios\/","og_locale":"es_ES","og_type":"article","og_title":"Ministerio de las Mujeres, Pol\u00edticas de G\u00e9nero y Diversidad Sexual PBA: Consejo de Municipios - Noticias Radio Reflejos","og_description":"Continuando con el trabajo de apoyo y acompa\u00f1amiento que el Ministerio de las Mujeres, Pol\u00edticas de g\u00e9nero y Diversidad Sexual PBA, viene realizando con los 22 distritos de la regi\u00f3n sexta, se reuni\u00f3 el consejo de articulaci\u00f3n de Pol\u00edticas de G\u00e9nero y Diversidad Sexual.","og_url":"https:\/\/www.noticiasradioreflejos.com.ar\/2021\/ministerio-de-las-mujeres-politicas-de-genero-y-diversidad-sexual-pba-consejo-de-municipios\/","og_site_name":"Noticias Radio Reflejos","article_published_time":"2022-07-08T18:34:30+00:00","og_image":[{"width":300,"height":200,"url":"https:\/\/www.noticiasradioreflejos.com.ar\/2021\/wp-content\/uploads\/2021\/07\/logosol300x200.png","type":"image\/png"}],"author":"Arnaldo Botto","twitter_card":"summary_large_image","schema":{"@context":"https:\/\/schema.org","@graph":[{"@type":"WebPage","@id":"https:\/\/www.noticiasradioreflejos.com.ar\/2021\/ministerio-de-las-mujeres-politicas-de-genero-y-diversidad-sexual-pba-consejo-de-municipios\/","url":"https:\/\/www.noticiasradioreflejos.com.ar\/2021\/ministerio-de-las-mujeres-politicas-de-genero-y-diversidad-sexual-pba-consejo-de-municipios\/","name":"Ministerio de las Mujeres, Pol\u00edticas de G\u00e9nero y Diversidad Sexual PBA: Consejo de Municipios - Noticias Radio Reflejos","isPartOf":{"@id":"https:\/\/www.noticiasradioreflejos.com.ar\/2021\/#website"},"datePublished":"2022-07-08T18:34:30+00:00","author":{"@id":"https:\/\/www.noticiasradioreflejos.com.ar\/2021\/#\/schema\/person\/ad82545263dcc5ec0996818884fd5fb1"},"breadcrumb":{"@id":"https:\/\/www.noticiasradioreflejos.com.ar\/2021\/ministerio-de-las-mujeres-politicas-de-genero-y-diversidad-sexual-pba-consejo-de-municipios\/#breadcrumb"},"inLanguage":"es","potentialAction":[{"@type":"ReadAction","target":["https:\/\/www.noticiasradioreflejos.com.ar\/2021\/ministerio-de-las-mujeres-politicas-de-genero-y-diversidad-sexual-pba-consejo-de-municipios\/"]}]},{"@type":"BreadcrumbList","@id":"https:\/\/www.noticiasradioreflejos.com.ar\/2021\/ministerio-de-las-mujeres-politicas-de-genero-y-diversidad-sexual-pba-consejo-de-municipios\/#breadcrumb","itemListElement":[{"@type":"ListItem","position":1,"name":"Portada","item":"https:\/\/www.noticiasradioreflejos.com.ar\/2021\/"},{"@type":"ListItem","position":2,"name":"Ministerio de las Mujeres, Pol\u00edticas de G\u00e9nero y Diversidad Sexual PBA: Consejo de Municipios"}]},{"@type":"WebSite","@id":"https:\/\/www.noticiasradioreflejos.com.ar\/2021\/#website","url":"https:\/\/www.noticiasradioreflejos.com.ar\/2021\/","name":"Noticias Radio Reflejos","description":"Las noticias de mi comarca","potentialAction":[{"@type":"SearchAction","target":{"@type":"EntryPoint","urlTemplate":"https:\/\/www.noticiasradioreflejos.com.ar\/2021\/?s={search_term_string}"},"query-input":{"@type":"PropertyValueSpecification","valueRequired":true,"valueName":"search_term_string"}}],"inLanguage":"es"},{"@type":"Person","@id":"https:\/\/www.noticiasradioreflejos.com.ar\/2021\/#\/schema\/person\/ad82545263dcc5ec0996818884fd5fb1","name":"Arnaldo Botto","image":{"@type":"ImageObject","inLanguage":"es","@id":"https:\/\/www.noticiasradioreflejos.com.ar\/2021\/#\/schema\/person\/image\/","url":"https:\/\/secure.gravatar.com\/avatar\/55cb5e37c1efa326397366e6974cb338056df65cb50e7d64d1cf314e87504837?s=96&d=mm&r=g","contentUrl":"https:\/\/secure.gravatar.com\/avatar\/55cb5e37c1efa326397366e6974cb338056df65cb50e7d64d1cf314e87504837?s=96&d=mm&r=g","caption":"Arnaldo Botto"},"url":"https:\/\/www.noticiasradioreflejos.com.ar\/2021\/author\/arnaldo\/"}]}},"_links":{"self":[{"href":"https:\/\/www.noticiasradioreflejos.com.ar\/2021\/wp-json\/wp\/v2\/posts\/74831","targetHints":{"allow":["GET"]}}],"collection":[{"href":"https:\/\/www.noticiasradioreflejos.com.ar\/2021\/wp-json\/wp\/v2\/posts"}],"about":[{"href":"https:\/\/www.noticiasradioreflejos.com.ar\/2021\/wp-json\/wp\/v2\/types\/post"}],"author":[{"embeddable":true,"href":"https:\/\/www.noticiasradioreflejos.com.ar\/2021\/wp-json\/wp\/v2\/users\/3"}],"replies":[{"embeddable":true,"href":"https:\/\/www.noticiasradioreflejos.com.ar\/2021\/wp-json\/wp\/v2\/comments?post=74831"}],"version-history":[{"count":1,"href":"https:\/\/www.noticiasradioreflejos.com.ar\/2021\/wp-json\/wp\/v2\/posts\/74831\/revisions"}],"predecessor-version":[{"id":74833,"href":"https:\/\/www.noticiasradioreflejos.com.ar\/2021\/wp-json\/wp\/v2\/posts\/74831\/revisions\/74833"}],"wp:attachment":[{"href":"https:\/\/www.noticiasradioreflejos.com.ar\/2021\/wp-json\/wp\/v2\/media?parent=74831"}],"wp:term":[{"taxonomy":"category","embeddable":true,"href":"https:\/\/www.noticiasradioreflejos.com.ar\/2021\/wp-json\/wp\/v2\/categories?post=74831"},{"taxonomy":"post_tag","embeddable":true,"href":"https:\/\/www.noticiasradioreflejos.com.ar\/2021\/wp-json\/wp\/v2\/tags?post=74831"}],"curies":[{"name":"wp","href":"https:\/\/api.w.org\/{rel}","templated":true}]}}