{"id":74804,"date":"2022-07-08T15:36:28","date_gmt":"2022-07-08T15:36:28","guid":{"rendered":"http:\/\/www.noticiasradioreflejos.com.ar\/2021\/?p=74804"},"modified":"2022-07-08T15:36:28","modified_gmt":"2022-07-08T15:36:28","slug":"proyecto-la-trochita-se-debe-tomar-como-una-politica-de-desarrollo-regional","status":"publish","type":"post","link":"https:\/\/www.noticiasradioreflejos.com.ar\/2021\/proyecto-la-trochita-se-debe-tomar-como-una-politica-de-desarrollo-regional\/","title":{"rendered":"Proyecto La Trochita: \u201cSe debe tomar como una pol\u00edtica de desarrollo regional\u201d"},"content":{"rendered":"<p><strong>Jorge Tesan,<\/strong> integrante de la <strong>Asociaci\u00f3n Civil Trochita Sierra de la Ventana ex Club Hotel<\/strong>, brind\u00f3 detalles del proyecto en el cual trabajan hace mucho tiempo y en los \u00faltimos d\u00edas oficializaron por invitaci\u00f3n del ente mixto.<!--more--><\/p>\n<p>Jorge Tesan, integrante de la Asociaci\u00f3n Civil Trochita Sierra de la Ventana ex Club Hotel, busc\u00f3 guardar mesura pero de igual forma cierto tono de felicidad logr\u00f3 escabullirse entre sus palabras y no es para menos. En parte, porque presentaron oficialmente el proyecto de reactivaci\u00f3n, y en parte tambi\u00e9n porque cada vez falta menos para que se concreten las obras.<\/p>\n<p>Al respecto comenz\u00f3 la charla agradeciendo \u201cla invitaci\u00f3n del ente mixto. Pudimos hacer la presentaci\u00f3n oficial ante los prestadores y ante las instituciones de lo que es proyecto La Trochita. Al comienzo se llam\u00f3 Amigos de La Trochita. Pero en 2015 cuando se oficializa la Asociaci\u00f3n, pas\u00f3 a llamarse Asociaci\u00f3n Civil Trochita Sierra de la Ventana ex Club Hotel\u201d.<\/p>\n<p>De igual forma confirm\u00f3 que \u201cel proyecto va caminando muy bien, con mucha firmeza. Estamos en la etapa final para poder usar el suelo, en la zona que pertenece a provincia. Es lo que va desde el Parque Provincial a la escuela. Son tierras que no pertenecen a las instituciones, pero con el paso del tiempo han corrido los alambrados y entonces pareciera ser que es un solo terreno. Pero no. Es propio de la traza. Figura del ferrocarril. Ahora se est\u00e1 determinando si es de naci\u00f3n o de provincia. Pero nunca fue de privados o de alguna instituci\u00f3n\u201d.<\/p>\n<p>En esa l\u00ednea remarc\u00f3 que \u201cel \u00fanico espacio de los 18km que no es de \u00f3rbita municipal o provincial, es el sector que afecta a Vialidad, que va por el costado de la ruta 72. Y despu\u00e9s hay 2km que fueron comprados por el due\u00f1o de aquel momento, que hoy pertenecen a Cerro de la Cruz. En ninguno de los dos casos tenemos inter\u00e9s de usar esos tramos\u201d.<\/p>\n<p>&nbsp;<\/p>\n<p><a href=\"http:\/\/www.noticiasradioreflejos.com.ar\/2021\/la-trochita-un-proyecto-institucional-y-turistico-de-desarrollo-regional\/trochita\/\" rel=\"attachment wp-att-74743\"><img loading=\"lazy\" decoding=\"async\" class=\"aligncenter size-full wp-image-74743\" src=\"http:\/\/www.noticiasradioreflejos.com.ar\/2021\/wp-content\/uploads\/2022\/07\/trochita.jpg\" alt=\"\" width=\"1024\" height=\"683\" \/><\/a><\/p>\n<p>&nbsp;<\/p>\n<p>Mientras que \u201ca partir del kil\u00f3metro 7, eso s\u00ed pertenece al municipio. Eso s\u00ed atraviesa tres propietarios pero lindan con la traza. No hay usucapi\u00f3n ni nada por el estilo. Lo que s\u00ed interesa para el proyecto es del Club Hotel hasta el kil\u00f3metro 10. Es en el l\u00edmite con el Parque Provincial. Nos interesa ese tramo porque son 8km que el tren recorre a muy baja velocidad ese sector, entonces es un tiempo m\u00e1s que prudencial para poder circular, tanto de ida como de vuelta\u201d.<\/p>\n<p>En otro pasaje de la conversaci\u00f3n sostuvo que \u201cse debe tomar como \u201cuna pol\u00edtica de desarrollo regional para la comarca. As\u00ed lo van a llevar adelante distintas generaciones. Nosotros el otro d\u00eda pusimos mucho \u00e9nfasis en esa parte. Que la comunidad lo entienda como un salto de calidad para el turismo. Es fundamental que la poblaci\u00f3n lo tome como propio y lo lleve adelante para que no claudique con el tiempo\u201d.<\/p>\n<p>En tanto que \u201cla idea de este proyecto es darle un valor agregado a la oferta del turismo. Es como ocurre en Ushuaia en el tren de la prisi\u00f3n, viene turismo internacional para viajar ah\u00ed. Lo mismo sucede con Esquel. Eso es lo que diferencia a este tipo de servicios con otros que est\u00e1n adentro de Parques Nacionales o Provinciales\u201d.<\/p>\n<p>&nbsp;<\/p>\n<p>&nbsp;<\/p>\n<p><iframe loading=\"lazy\" src=\"https:\/\/w.soundcloud.com\/player\/?url=https%3A\/\/api.soundcloud.com\/tracks\/1301881273&amp;color=%23ff5500&amp;auto_play=false&amp;hide_related=false&amp;show_comments=true&amp;show_user=true&amp;show_reposts=false&amp;show_teaser=true\" width=\"100%\" height=\"166\" frameborder=\"no\" scrolling=\"no\"><\/iframe><\/p>\n<div style=\"font-size: 10px; color: #cccccc; line-break: anywhere; word-break: normal; overflow: hidden; white-space: nowrap; text-overflow: ellipsis; font-family: Interstate,Lucida Grande,Lucida Sans Unicode,Lucida Sans,Garuda,Verdana,Tahoma,sans-serif; font-weight: 100;\"><a style=\"color: #cccccc; text-decoration: none;\" title=\"fmreflejos 103.7\" href=\"https:\/\/soundcloud.com\/fmreflejos-103-7\" target=\"_blank\" rel=\"noopener\">fmreflejos 103.7<\/a> \u00b7 <a style=\"color: #cccccc; text-decoration: none;\" title=\"Jorge Tesan\" href=\"https:\/\/soundcloud.com\/fmreflejos-103-7\/jorge-tesan-6\" target=\"_blank\" rel=\"noopener\">Jorge Tesan<\/a><\/div>\n","protected":false},"excerpt":{"rendered":"<p>Jorge Tesan, integrante de la Asociaci\u00f3n Civil Trochita Sierra de la Ventana ex Club Hotel, brind\u00f3 detalles del proyecto en el cual trabajan hace mucho tiempo y en los \u00faltimos d\u00edas oficializaron por invitaci\u00f3n del ente mixto.<\/p>\n","protected":false},"author":3,"featured_media":74812,"comment_status":"closed","ping_status":"closed","sticky":false,"template":"","format":"standard","meta":{"footnotes":""},"categories":[26,33],"tags":[48],"class_list":["post-74804","post","type-post","status-publish","format-standard","has-post-thumbnail","hentry","category-sociedad","category-turismo","tag-destacada"],"yoast_head":"<!-- This site is optimized with the Yoast SEO plugin v25.9 - https:\/\/yoast.com\/wordpress\/plugins\/seo\/ -->\n<title>Proyecto La Trochita: \u201cSe debe tomar como una pol\u00edtica de desarrollo regional\u201d - Noticias Radio Reflejos<\/title>\n<meta name=\"robots\" content=\"index, follow, max-snippet:-1, max-image-preview:large, max-video-preview:-1\" \/>\n<link rel=\"canonical\" href=\"https:\/\/www.noticiasradioreflejos.com.ar\/2021\/proyecto-la-trochita-se-debe-tomar-como-una-politica-de-desarrollo-regional\/\" \/>\n<meta property=\"og:locale\" content=\"es_ES\" \/>\n<meta property=\"og:type\" content=\"article\" \/>\n<meta property=\"og:title\" content=\"Proyecto La Trochita: \u201cSe debe tomar como una pol\u00edtica de desarrollo regional\u201d - Noticias Radio Reflejos\" \/>\n<meta property=\"og:description\" content=\"Jorge Tesan, integrante de la Asociaci\u00f3n Civil Trochita Sierra de la Ventana ex Club Hotel, brind\u00f3 detalles del proyecto en el cual trabajan hace mucho tiempo y en los \u00faltimos d\u00edas oficializaron por invitaci\u00f3n del ente mixto.\" \/>\n<meta property=\"og:url\" content=\"https:\/\/www.noticiasradioreflejos.com.ar\/2021\/proyecto-la-trochita-se-debe-tomar-como-una-politica-de-desarrollo-regional\/\" \/>\n<meta property=\"og:site_name\" content=\"Noticias Radio Reflejos\" \/>\n<meta property=\"article:published_time\" content=\"2022-07-08T15:36:28+00:00\" \/>\n<meta property=\"og:image\" content=\"https:\/\/www.noticiasradioreflejos.com.ar\/2021\/wp-content\/uploads\/2022\/07\/tren-Trochita.jpg\" \/>\n\t<meta property=\"og:image:width\" content=\"700\" \/>\n\t<meta property=\"og:image:height\" content=\"387\" \/>\n\t<meta property=\"og:image:type\" content=\"image\/jpeg\" \/>\n<meta name=\"author\" content=\"Arnaldo Botto\" \/>\n<meta name=\"twitter:card\" content=\"summary_large_image\" \/>\n<script type=\"application\/ld+json\" class=\"yoast-schema-graph\">{\"@context\":\"https:\/\/schema.org\",\"@graph\":[{\"@type\":\"WebPage\",\"@id\":\"https:\/\/www.noticiasradioreflejos.com.ar\/2021\/proyecto-la-trochita-se-debe-tomar-como-una-politica-de-desarrollo-regional\/\",\"url\":\"https:\/\/www.noticiasradioreflejos.com.ar\/2021\/proyecto-la-trochita-se-debe-tomar-como-una-politica-de-desarrollo-regional\/\",\"name\":\"Proyecto La Trochita: \u201cSe debe tomar como una pol\u00edtica de desarrollo regional\u201d - Noticias Radio Reflejos\",\"isPartOf\":{\"@id\":\"https:\/\/www.noticiasradioreflejos.com.ar\/2021\/#website\"},\"primaryImageOfPage\":{\"@id\":\"https:\/\/www.noticiasradioreflejos.com.ar\/2021\/proyecto-la-trochita-se-debe-tomar-como-una-politica-de-desarrollo-regional\/#primaryimage\"},\"image\":{\"@id\":\"https:\/\/www.noticiasradioreflejos.com.ar\/2021\/proyecto-la-trochita-se-debe-tomar-como-una-politica-de-desarrollo-regional\/#primaryimage\"},\"thumbnailUrl\":\"https:\/\/www.noticiasradioreflejos.com.ar\/2021\/wp-content\/uploads\/2022\/07\/tren-Trochita.jpg\",\"datePublished\":\"2022-07-08T15:36:28+00:00\",\"author\":{\"@id\":\"https:\/\/www.noticiasradioreflejos.com.ar\/2021\/#\/schema\/person\/ad82545263dcc5ec0996818884fd5fb1\"},\"breadcrumb\":{\"@id\":\"https:\/\/www.noticiasradioreflejos.com.ar\/2021\/proyecto-la-trochita-se-debe-tomar-como-una-politica-de-desarrollo-regional\/#breadcrumb\"},\"inLanguage\":\"es\",\"potentialAction\":[{\"@type\":\"ReadAction\",\"target\":[\"https:\/\/www.noticiasradioreflejos.com.ar\/2021\/proyecto-la-trochita-se-debe-tomar-como-una-politica-de-desarrollo-regional\/\"]}]},{\"@type\":\"ImageObject\",\"inLanguage\":\"es\",\"@id\":\"https:\/\/www.noticiasradioreflejos.com.ar\/2021\/proyecto-la-trochita-se-debe-tomar-como-una-politica-de-desarrollo-regional\/#primaryimage\",\"url\":\"https:\/\/www.noticiasradioreflejos.com.ar\/2021\/wp-content\/uploads\/2022\/07\/tren-Trochita.jpg\",\"contentUrl\":\"https:\/\/www.noticiasradioreflejos.com.ar\/2021\/wp-content\/uploads\/2022\/07\/tren-Trochita.jpg\",\"width\":700,\"height\":387},{\"@type\":\"BreadcrumbList\",\"@id\":\"https:\/\/www.noticiasradioreflejos.com.ar\/2021\/proyecto-la-trochita-se-debe-tomar-como-una-politica-de-desarrollo-regional\/#breadcrumb\",\"itemListElement\":[{\"@type\":\"ListItem\",\"position\":1,\"name\":\"Portada\",\"item\":\"https:\/\/www.noticiasradioreflejos.com.ar\/2021\/\"},{\"@type\":\"ListItem\",\"position\":2,\"name\":\"Proyecto La Trochita: \u201cSe debe tomar como una pol\u00edtica de desarrollo regional\u201d\"}]},{\"@type\":\"WebSite\",\"@id\":\"https:\/\/www.noticiasradioreflejos.com.ar\/2021\/#website\",\"url\":\"https:\/\/www.noticiasradioreflejos.com.ar\/2021\/\",\"name\":\"Noticias Radio Reflejos\",\"description\":\"Las noticias de mi comarca\",\"potentialAction\":[{\"@type\":\"SearchAction\",\"target\":{\"@type\":\"EntryPoint\",\"urlTemplate\":\"https:\/\/www.noticiasradioreflejos.com.ar\/2021\/?s={search_term_string}\"},\"query-input\":{\"@type\":\"PropertyValueSpecification\",\"valueRequired\":true,\"valueName\":\"search_term_string\"}}],\"inLanguage\":\"es\"},{\"@type\":\"Person\",\"@id\":\"https:\/\/www.noticiasradioreflejos.com.ar\/2021\/#\/schema\/person\/ad82545263dcc5ec0996818884fd5fb1\",\"name\":\"Arnaldo Botto\",\"image\":{\"@type\":\"ImageObject\",\"inLanguage\":\"es\",\"@id\":\"https:\/\/www.noticiasradioreflejos.com.ar\/2021\/#\/schema\/person\/image\/\",\"url\":\"https:\/\/secure.gravatar.com\/avatar\/55cb5e37c1efa326397366e6974cb338056df65cb50e7d64d1cf314e87504837?s=96&d=mm&r=g\",\"contentUrl\":\"https:\/\/secure.gravatar.com\/avatar\/55cb5e37c1efa326397366e6974cb338056df65cb50e7d64d1cf314e87504837?s=96&d=mm&r=g\",\"caption\":\"Arnaldo Botto\"},\"url\":\"https:\/\/www.noticiasradioreflejos.com.ar\/2021\/author\/arnaldo\/\"}]}<\/script>\n<!-- \/ Yoast SEO plugin. -->","yoast_head_json":{"title":"Proyecto La Trochita: \u201cSe debe tomar como una pol\u00edtica de desarrollo regional\u201d - Noticias Radio Reflejos","robots":{"index":"index","follow":"follow","max-snippet":"max-snippet:-1","max-image-preview":"max-image-preview:large","max-video-preview":"max-video-preview:-1"},"canonical":"https:\/\/www.noticiasradioreflejos.com.ar\/2021\/proyecto-la-trochita-se-debe-tomar-como-una-politica-de-desarrollo-regional\/","og_locale":"es_ES","og_type":"article","og_title":"Proyecto La Trochita: \u201cSe debe tomar como una pol\u00edtica de desarrollo regional\u201d - Noticias Radio Reflejos","og_description":"Jorge Tesan, integrante de la Asociaci\u00f3n Civil Trochita Sierra de la Ventana ex Club Hotel, brind\u00f3 detalles del proyecto en el cual trabajan hace mucho tiempo y en los \u00faltimos d\u00edas oficializaron por invitaci\u00f3n del ente mixto.","og_url":"https:\/\/www.noticiasradioreflejos.com.ar\/2021\/proyecto-la-trochita-se-debe-tomar-como-una-politica-de-desarrollo-regional\/","og_site_name":"Noticias Radio Reflejos","article_published_time":"2022-07-08T15:36:28+00:00","og_image":[{"width":700,"height":387,"url":"https:\/\/www.noticiasradioreflejos.com.ar\/2021\/wp-content\/uploads\/2022\/07\/tren-Trochita.jpg","type":"image\/jpeg"}],"author":"Arnaldo Botto","twitter_card":"summary_large_image","schema":{"@context":"https:\/\/schema.org","@graph":[{"@type":"WebPage","@id":"https:\/\/www.noticiasradioreflejos.com.ar\/2021\/proyecto-la-trochita-se-debe-tomar-como-una-politica-de-desarrollo-regional\/","url":"https:\/\/www.noticiasradioreflejos.com.ar\/2021\/proyecto-la-trochita-se-debe-tomar-como-una-politica-de-desarrollo-regional\/","name":"Proyecto La Trochita: \u201cSe debe tomar como una pol\u00edtica de desarrollo regional\u201d - Noticias Radio Reflejos","isPartOf":{"@id":"https:\/\/www.noticiasradioreflejos.com.ar\/2021\/#website"},"primaryImageOfPage":{"@id":"https:\/\/www.noticiasradioreflejos.com.ar\/2021\/proyecto-la-trochita-se-debe-tomar-como-una-politica-de-desarrollo-regional\/#primaryimage"},"image":{"@id":"https:\/\/www.noticiasradioreflejos.com.ar\/2021\/proyecto-la-trochita-se-debe-tomar-como-una-politica-de-desarrollo-regional\/#primaryimage"},"thumbnailUrl":"https:\/\/www.noticiasradioreflejos.com.ar\/2021\/wp-content\/uploads\/2022\/07\/tren-Trochita.jpg","datePublished":"2022-07-08T15:36:28+00:00","author":{"@id":"https:\/\/www.noticiasradioreflejos.com.ar\/2021\/#\/schema\/person\/ad82545263dcc5ec0996818884fd5fb1"},"breadcrumb":{"@id":"https:\/\/www.noticiasradioreflejos.com.ar\/2021\/proyecto-la-trochita-se-debe-tomar-como-una-politica-de-desarrollo-regional\/#breadcrumb"},"inLanguage":"es","potentialAction":[{"@type":"ReadAction","target":["https:\/\/www.noticiasradioreflejos.com.ar\/2021\/proyecto-la-trochita-se-debe-tomar-como-una-politica-de-desarrollo-regional\/"]}]},{"@type":"ImageObject","inLanguage":"es","@id":"https:\/\/www.noticiasradioreflejos.com.ar\/2021\/proyecto-la-trochita-se-debe-tomar-como-una-politica-de-desarrollo-regional\/#primaryimage","url":"https:\/\/www.noticiasradioreflejos.com.ar\/2021\/wp-content\/uploads\/2022\/07\/tren-Trochita.jpg","contentUrl":"https:\/\/www.noticiasradioreflejos.com.ar\/2021\/wp-content\/uploads\/2022\/07\/tren-Trochita.jpg","width":700,"height":387},{"@type":"BreadcrumbList","@id":"https:\/\/www.noticiasradioreflejos.com.ar\/2021\/proyecto-la-trochita-se-debe-tomar-como-una-politica-de-desarrollo-regional\/#breadcrumb","itemListElement":[{"@type":"ListItem","position":1,"name":"Portada","item":"https:\/\/www.noticiasradioreflejos.com.ar\/2021\/"},{"@type":"ListItem","position":2,"name":"Proyecto La Trochita: \u201cSe debe tomar como una pol\u00edtica de desarrollo regional\u201d"}]},{"@type":"WebSite","@id":"https:\/\/www.noticiasradioreflejos.com.ar\/2021\/#website","url":"https:\/\/www.noticiasradioreflejos.com.ar\/2021\/","name":"Noticias Radio Reflejos","description":"Las noticias de mi comarca","potentialAction":[{"@type":"SearchAction","target":{"@type":"EntryPoint","urlTemplate":"https:\/\/www.noticiasradioreflejos.com.ar\/2021\/?s={search_term_string}"},"query-input":{"@type":"PropertyValueSpecification","valueRequired":true,"valueName":"search_term_string"}}],"inLanguage":"es"},{"@type":"Person","@id":"https:\/\/www.noticiasradioreflejos.com.ar\/2021\/#\/schema\/person\/ad82545263dcc5ec0996818884fd5fb1","name":"Arnaldo Botto","image":{"@type":"ImageObject","inLanguage":"es","@id":"https:\/\/www.noticiasradioreflejos.com.ar\/2021\/#\/schema\/person\/image\/","url":"https:\/\/secure.gravatar.com\/avatar\/55cb5e37c1efa326397366e6974cb338056df65cb50e7d64d1cf314e87504837?s=96&d=mm&r=g","contentUrl":"https:\/\/secure.gravatar.com\/avatar\/55cb5e37c1efa326397366e6974cb338056df65cb50e7d64d1cf314e87504837?s=96&d=mm&r=g","caption":"Arnaldo Botto"},"url":"https:\/\/www.noticiasradioreflejos.com.ar\/2021\/author\/arnaldo\/"}]}},"_links":{"self":[{"href":"https:\/\/www.noticiasradioreflejos.com.ar\/2021\/wp-json\/wp\/v2\/posts\/74804","targetHints":{"allow":["GET"]}}],"collection":[{"href":"https:\/\/www.noticiasradioreflejos.com.ar\/2021\/wp-json\/wp\/v2\/posts"}],"about":[{"href":"https:\/\/www.noticiasradioreflejos.com.ar\/2021\/wp-json\/wp\/v2\/types\/post"}],"author":[{"embeddable":true,"href":"https:\/\/www.noticiasradioreflejos.com.ar\/2021\/wp-json\/wp\/v2\/users\/3"}],"replies":[{"embeddable":true,"href":"https:\/\/www.noticiasradioreflejos.com.ar\/2021\/wp-json\/wp\/v2\/comments?post=74804"}],"version-history":[{"count":2,"href":"https:\/\/www.noticiasradioreflejos.com.ar\/2021\/wp-json\/wp\/v2\/posts\/74804\/revisions"}],"predecessor-version":[{"id":74813,"href":"https:\/\/www.noticiasradioreflejos.com.ar\/2021\/wp-json\/wp\/v2\/posts\/74804\/revisions\/74813"}],"wp:featuredmedia":[{"embeddable":true,"href":"https:\/\/www.noticiasradioreflejos.com.ar\/2021\/wp-json\/wp\/v2\/media\/74812"}],"wp:attachment":[{"href":"https:\/\/www.noticiasradioreflejos.com.ar\/2021\/wp-json\/wp\/v2\/media?parent=74804"}],"wp:term":[{"taxonomy":"category","embeddable":true,"href":"https:\/\/www.noticiasradioreflejos.com.ar\/2021\/wp-json\/wp\/v2\/categories?post=74804"},{"taxonomy":"post_tag","embeddable":true,"href":"https:\/\/www.noticiasradioreflejos.com.ar\/2021\/wp-json\/wp\/v2\/tags?post=74804"}],"curies":[{"name":"wp","href":"https:\/\/api.w.org\/{rel}","templated":true}]}}