{"id":74802,"date":"2022-07-08T15:08:24","date_gmt":"2022-07-08T15:08:24","guid":{"rendered":"http:\/\/www.noticiasradioreflejos.com.ar\/2021\/?p=74802"},"modified":"2022-07-08T15:08:24","modified_gmt":"2022-07-08T15:08:24","slug":"llevan-la-hidrovia-a-la-justicia-para-frenar-la-destruccion-del-parana","status":"publish","type":"post","link":"https:\/\/www.noticiasradioreflejos.com.ar\/2021\/llevan-la-hidrovia-a-la-justicia-para-frenar-la-destruccion-del-parana\/","title":{"rendered":"Llevan la hidrov\u00eda a la justicia para frenar la destrucci\u00f3n del PARAN\u00c1"},"content":{"rendered":"<p dir=\"ltr\">\u00abLa Asociaci\u00f3n Civil \u00abUnidos por la Vida y el Ambiente\u00bb -UPVA- y la \u00abAsociaci\u00f3n Argentina de Abogados\/as Ambientalistas\u00bb interpusieron una Acci\u00f3n de Amparo Ambiental contra el Estado Nacional para que la justicia federal suspenda las obras de dragados ejecutadas y por ejecutarse en los pasos cr\u00edticos de la Hidrov\u00eda Paran\u00e1 Paraguay, especialmente en el denominado \u201cPaso Las Hermanas y Paso abajo las Hermanas\u201d, frente a la localidad de Ramallo (Pcia. de Buenos Aires). <!--more--><\/p>\n<p dir=\"ltr\">\u201cResulta injustificable, y absolutamente contrario a derecho, realizar obras de estas caracter\u00edsticas frente a la enorme crisis ecol\u00f3gica, clim\u00e1tica e h\u00eddrica que atraviesa la cuenca de agua dulce m\u00e1s importante de nuestro pa\u00eds, sin contar con una Evaluaci\u00f3n Ambiental Estrat\u00e9gica del mal llamado proyecto Hidrov\u00eda en el tramo Argentino de la cuenca\u201d, sostuvo Enrique Viale, firmante de la acci\u00f3n en car\u00e1cter de Presidente de la Asociaci\u00f3n Argentina de Abogados\/as Ambientalistas (AAdeAA).<\/p>\n<p dir=\"ltr\">Las organizaciones afirman que estas obras deben suspenderse urgentemente por ejecutarse sin la realizaci\u00f3n previa, oportuna y participativa de los estudios de impacto ambiental, conforme el procedimiento legal obligatorio, de toda iniciativa de cambio de trazas en pasos cr\u00edticos del r\u00edo Paran\u00e1, profundizaciones del calado, sobre-dragados y ensanchamientos del cauce de navegaci\u00f3n. Por tal raz\u00f3n, solicitaron preventivamente una medida cautelar que ordene al estado Nacional, suspender toda intervenci\u00f3n ingenieril y artificial de estas caracter\u00edsticas sin EIA puntual, hasta tanto se dicte sentencia conforme lo peticionado.<\/p>\n<p dir=\"ltr\">Los abogados patrocinantes de ambas organizaciones, Jorge Daneri, Lucas Micheloud y Fabian Maggi, sostienen que la presente acci\u00f3n es la traducci\u00f3n judicial de un conflicto socioambiental que lleva d\u00e9cadas y est\u00e1 caracterizado por la desambientalizacion y falta de controles estatales que tiene el proyecto de la Hidrov\u00eda.<\/p>\n<p dir=\"ltr\">Los cambios globales concretados en el r\u00edo Paran\u00e1 en las \u00faltimas d\u00e9cadas por el proyecto de la Hidrov\u00eda, en conjunto con los impactos clim\u00e1ticos e hidrol\u00f3gicos est\u00e1n desestabilizando todo el sistema de humedales, sitios de valor paleontol\u00f3gico y sus ecosistemas asociados en la regi\u00f3n de la cuenca, pero tambi\u00e9n a las comunidades ribere\u00f1as, frente al acceso al agua de forma segura y adecuada.<\/p>\n<p dir=\"ltr\">En raz\u00f3n del cambio de traza realizado frente a Ramallo, ambas organizaciones solicitaron a la Justicia, disponga que no se concreten m\u00e1s este tipo de intervenciones en el r\u00edo y sus valles de inundaci\u00f3n, como cauce principal, sin cumplir con la aplicaci\u00f3n y cumplimiento de las herramientas b\u00e1sicas de la democracia ambiental expuestas. A su vez, denunciaron que la auditor\u00eda contratada por la Administraci\u00f3n General de Puertos a la empresa SERMAN S.A. no reviste la categor\u00eda de Estudio de Impacto Ambiental ni tiene una Declaraci\u00f3n de Impacto Ambiental, adem\u00e1s de representar un grave conflicto de inter\u00e9s.<\/p>\n<p dir=\"ltr\">Finalmente frente a la inexistente perspectiva de cuencas del proyecto HPP y la escandalosa mercantilizaci\u00f3n realizada sobre el r\u00edo Paran\u00e1 y sus reinos de vida que hace el complejo agroportuario y el sistema de navegaci\u00f3n comercial, las organizaciones amparistas solicitaron a la Justicia Federal que adopte la l\u00ednea jurisprudencial de la Corte Suprema de Justicia de la Naci\u00f3n, en casos de gesti\u00f3n democr\u00e1tica de cuenca, y disponga en el marco de la licitaci\u00f3n internacional en curso, un plazo preciso para que el Estado Nacional en conjunto con las provincias y con la debida participaci\u00f3n ciudadana, conformen el \u201cComit\u00e9 de Cuenca del r\u00edo Paran\u00e1\u201d, la mayor deuda de la democracia ambiental a\u00fan incumplida, en el mayor r\u00edo de la Rep\u00fablica.<\/p>\n","protected":false},"excerpt":{"rendered":"<p>\u00abLa Asociaci\u00f3n Civil \u00abUnidos por la Vida y el Ambiente\u00bb -UPVA- y la \u00abAsociaci\u00f3n Argentina de Abogados\/as Ambientalistas\u00bb interpusieron una Acci\u00f3n de Amparo Ambiental contra el Estado Nacional para que la justicia federal suspenda las obras de dragados ejecutadas y por ejecutarse en los pasos cr\u00edticos de la Hidrov\u00eda Paran\u00e1 Paraguay, especialmente en el denominado [&hellip;]<\/p>\n","protected":false},"author":3,"featured_media":0,"comment_status":"closed","ping_status":"closed","sticky":false,"template":"","format":"standard","meta":{"footnotes":""},"categories":[57],"tags":[],"class_list":["post-74802","post","type-post","status-publish","format-standard","hentry","category-judiciales"],"yoast_head":"<!-- This site is optimized with the Yoast SEO plugin v25.9 - https:\/\/yoast.com\/wordpress\/plugins\/seo\/ -->\n<title>Llevan la hidrov\u00eda a la justicia para frenar la destrucci\u00f3n del PARAN\u00c1 - Noticias Radio Reflejos<\/title>\n<meta name=\"robots\" content=\"index, follow, max-snippet:-1, max-image-preview:large, max-video-preview:-1\" \/>\n<link rel=\"canonical\" href=\"https:\/\/www.noticiasradioreflejos.com.ar\/2021\/llevan-la-hidrovia-a-la-justicia-para-frenar-la-destruccion-del-parana\/\" \/>\n<meta property=\"og:locale\" content=\"es_ES\" \/>\n<meta property=\"og:type\" content=\"article\" \/>\n<meta property=\"og:title\" content=\"Llevan la hidrov\u00eda a la justicia para frenar la destrucci\u00f3n del PARAN\u00c1 - Noticias Radio Reflejos\" \/>\n<meta property=\"og:description\" content=\"\u00abLa Asociaci\u00f3n Civil \u00abUnidos por la Vida y el Ambiente\u00bb -UPVA- y la \u00abAsociaci\u00f3n Argentina de Abogados\/as Ambientalistas\u00bb interpusieron una Acci\u00f3n de Amparo Ambiental contra el Estado Nacional para que la justicia federal suspenda las obras de dragados ejecutadas y por ejecutarse en los pasos cr\u00edticos de la Hidrov\u00eda Paran\u00e1 Paraguay, especialmente en el denominado [&hellip;]\" \/>\n<meta property=\"og:url\" content=\"https:\/\/www.noticiasradioreflejos.com.ar\/2021\/llevan-la-hidrovia-a-la-justicia-para-frenar-la-destruccion-del-parana\/\" \/>\n<meta property=\"og:site_name\" content=\"Noticias Radio Reflejos\" \/>\n<meta property=\"article:published_time\" content=\"2022-07-08T15:08:24+00:00\" \/>\n<meta property=\"og:image\" content=\"https:\/\/www.noticiasradioreflejos.com.ar\/2021\/wp-content\/uploads\/2021\/07\/logosol300x200.png\" \/>\n\t<meta property=\"og:image:width\" content=\"300\" \/>\n\t<meta property=\"og:image:height\" content=\"200\" \/>\n\t<meta property=\"og:image:type\" content=\"image\/png\" \/>\n<meta name=\"author\" content=\"Arnaldo Botto\" \/>\n<meta name=\"twitter:card\" content=\"summary_large_image\" \/>\n<script type=\"application\/ld+json\" class=\"yoast-schema-graph\">{\"@context\":\"https:\/\/schema.org\",\"@graph\":[{\"@type\":\"WebPage\",\"@id\":\"https:\/\/www.noticiasradioreflejos.com.ar\/2021\/llevan-la-hidrovia-a-la-justicia-para-frenar-la-destruccion-del-parana\/\",\"url\":\"https:\/\/www.noticiasradioreflejos.com.ar\/2021\/llevan-la-hidrovia-a-la-justicia-para-frenar-la-destruccion-del-parana\/\",\"name\":\"Llevan la hidrov\u00eda a la justicia para frenar la destrucci\u00f3n del PARAN\u00c1 - Noticias Radio Reflejos\",\"isPartOf\":{\"@id\":\"https:\/\/www.noticiasradioreflejos.com.ar\/2021\/#website\"},\"datePublished\":\"2022-07-08T15:08:24+00:00\",\"author\":{\"@id\":\"https:\/\/www.noticiasradioreflejos.com.ar\/2021\/#\/schema\/person\/ad82545263dcc5ec0996818884fd5fb1\"},\"breadcrumb\":{\"@id\":\"https:\/\/www.noticiasradioreflejos.com.ar\/2021\/llevan-la-hidrovia-a-la-justicia-para-frenar-la-destruccion-del-parana\/#breadcrumb\"},\"inLanguage\":\"es\",\"potentialAction\":[{\"@type\":\"ReadAction\",\"target\":[\"https:\/\/www.noticiasradioreflejos.com.ar\/2021\/llevan-la-hidrovia-a-la-justicia-para-frenar-la-destruccion-del-parana\/\"]}]},{\"@type\":\"BreadcrumbList\",\"@id\":\"https:\/\/www.noticiasradioreflejos.com.ar\/2021\/llevan-la-hidrovia-a-la-justicia-para-frenar-la-destruccion-del-parana\/#breadcrumb\",\"itemListElement\":[{\"@type\":\"ListItem\",\"position\":1,\"name\":\"Portada\",\"item\":\"https:\/\/www.noticiasradioreflejos.com.ar\/2021\/\"},{\"@type\":\"ListItem\",\"position\":2,\"name\":\"Llevan la hidrov\u00eda a la justicia para frenar la destrucci\u00f3n del PARAN\u00c1\"}]},{\"@type\":\"WebSite\",\"@id\":\"https:\/\/www.noticiasradioreflejos.com.ar\/2021\/#website\",\"url\":\"https:\/\/www.noticiasradioreflejos.com.ar\/2021\/\",\"name\":\"Noticias Radio Reflejos\",\"description\":\"Las noticias de mi comarca\",\"potentialAction\":[{\"@type\":\"SearchAction\",\"target\":{\"@type\":\"EntryPoint\",\"urlTemplate\":\"https:\/\/www.noticiasradioreflejos.com.ar\/2021\/?s={search_term_string}\"},\"query-input\":{\"@type\":\"PropertyValueSpecification\",\"valueRequired\":true,\"valueName\":\"search_term_string\"}}],\"inLanguage\":\"es\"},{\"@type\":\"Person\",\"@id\":\"https:\/\/www.noticiasradioreflejos.com.ar\/2021\/#\/schema\/person\/ad82545263dcc5ec0996818884fd5fb1\",\"name\":\"Arnaldo Botto\",\"image\":{\"@type\":\"ImageObject\",\"inLanguage\":\"es\",\"@id\":\"https:\/\/www.noticiasradioreflejos.com.ar\/2021\/#\/schema\/person\/image\/\",\"url\":\"https:\/\/secure.gravatar.com\/avatar\/55cb5e37c1efa326397366e6974cb338056df65cb50e7d64d1cf314e87504837?s=96&d=mm&r=g\",\"contentUrl\":\"https:\/\/secure.gravatar.com\/avatar\/55cb5e37c1efa326397366e6974cb338056df65cb50e7d64d1cf314e87504837?s=96&d=mm&r=g\",\"caption\":\"Arnaldo Botto\"},\"url\":\"https:\/\/www.noticiasradioreflejos.com.ar\/2021\/author\/arnaldo\/\"}]}<\/script>\n<!-- \/ Yoast SEO plugin. -->","yoast_head_json":{"title":"Llevan la hidrov\u00eda a la justicia para frenar la destrucci\u00f3n del PARAN\u00c1 - Noticias Radio Reflejos","robots":{"index":"index","follow":"follow","max-snippet":"max-snippet:-1","max-image-preview":"max-image-preview:large","max-video-preview":"max-video-preview:-1"},"canonical":"https:\/\/www.noticiasradioreflejos.com.ar\/2021\/llevan-la-hidrovia-a-la-justicia-para-frenar-la-destruccion-del-parana\/","og_locale":"es_ES","og_type":"article","og_title":"Llevan la hidrov\u00eda a la justicia para frenar la destrucci\u00f3n del PARAN\u00c1 - Noticias Radio Reflejos","og_description":"\u00abLa Asociaci\u00f3n Civil \u00abUnidos por la Vida y el Ambiente\u00bb -UPVA- y la \u00abAsociaci\u00f3n Argentina de Abogados\/as Ambientalistas\u00bb interpusieron una Acci\u00f3n de Amparo Ambiental contra el Estado Nacional para que la justicia federal suspenda las obras de dragados ejecutadas y por ejecutarse en los pasos cr\u00edticos de la Hidrov\u00eda Paran\u00e1 Paraguay, especialmente en el denominado [&hellip;]","og_url":"https:\/\/www.noticiasradioreflejos.com.ar\/2021\/llevan-la-hidrovia-a-la-justicia-para-frenar-la-destruccion-del-parana\/","og_site_name":"Noticias Radio Reflejos","article_published_time":"2022-07-08T15:08:24+00:00","og_image":[{"width":300,"height":200,"url":"https:\/\/www.noticiasradioreflejos.com.ar\/2021\/wp-content\/uploads\/2021\/07\/logosol300x200.png","type":"image\/png"}],"author":"Arnaldo Botto","twitter_card":"summary_large_image","schema":{"@context":"https:\/\/schema.org","@graph":[{"@type":"WebPage","@id":"https:\/\/www.noticiasradioreflejos.com.ar\/2021\/llevan-la-hidrovia-a-la-justicia-para-frenar-la-destruccion-del-parana\/","url":"https:\/\/www.noticiasradioreflejos.com.ar\/2021\/llevan-la-hidrovia-a-la-justicia-para-frenar-la-destruccion-del-parana\/","name":"Llevan la hidrov\u00eda a la justicia para frenar la destrucci\u00f3n del PARAN\u00c1 - Noticias Radio Reflejos","isPartOf":{"@id":"https:\/\/www.noticiasradioreflejos.com.ar\/2021\/#website"},"datePublished":"2022-07-08T15:08:24+00:00","author":{"@id":"https:\/\/www.noticiasradioreflejos.com.ar\/2021\/#\/schema\/person\/ad82545263dcc5ec0996818884fd5fb1"},"breadcrumb":{"@id":"https:\/\/www.noticiasradioreflejos.com.ar\/2021\/llevan-la-hidrovia-a-la-justicia-para-frenar-la-destruccion-del-parana\/#breadcrumb"},"inLanguage":"es","potentialAction":[{"@type":"ReadAction","target":["https:\/\/www.noticiasradioreflejos.com.ar\/2021\/llevan-la-hidrovia-a-la-justicia-para-frenar-la-destruccion-del-parana\/"]}]},{"@type":"BreadcrumbList","@id":"https:\/\/www.noticiasradioreflejos.com.ar\/2021\/llevan-la-hidrovia-a-la-justicia-para-frenar-la-destruccion-del-parana\/#breadcrumb","itemListElement":[{"@type":"ListItem","position":1,"name":"Portada","item":"https:\/\/www.noticiasradioreflejos.com.ar\/2021\/"},{"@type":"ListItem","position":2,"name":"Llevan la hidrov\u00eda a la justicia para frenar la destrucci\u00f3n del PARAN\u00c1"}]},{"@type":"WebSite","@id":"https:\/\/www.noticiasradioreflejos.com.ar\/2021\/#website","url":"https:\/\/www.noticiasradioreflejos.com.ar\/2021\/","name":"Noticias Radio Reflejos","description":"Las noticias de mi comarca","potentialAction":[{"@type":"SearchAction","target":{"@type":"EntryPoint","urlTemplate":"https:\/\/www.noticiasradioreflejos.com.ar\/2021\/?s={search_term_string}"},"query-input":{"@type":"PropertyValueSpecification","valueRequired":true,"valueName":"search_term_string"}}],"inLanguage":"es"},{"@type":"Person","@id":"https:\/\/www.noticiasradioreflejos.com.ar\/2021\/#\/schema\/person\/ad82545263dcc5ec0996818884fd5fb1","name":"Arnaldo Botto","image":{"@type":"ImageObject","inLanguage":"es","@id":"https:\/\/www.noticiasradioreflejos.com.ar\/2021\/#\/schema\/person\/image\/","url":"https:\/\/secure.gravatar.com\/avatar\/55cb5e37c1efa326397366e6974cb338056df65cb50e7d64d1cf314e87504837?s=96&d=mm&r=g","contentUrl":"https:\/\/secure.gravatar.com\/avatar\/55cb5e37c1efa326397366e6974cb338056df65cb50e7d64d1cf314e87504837?s=96&d=mm&r=g","caption":"Arnaldo Botto"},"url":"https:\/\/www.noticiasradioreflejos.com.ar\/2021\/author\/arnaldo\/"}]}},"_links":{"self":[{"href":"https:\/\/www.noticiasradioreflejos.com.ar\/2021\/wp-json\/wp\/v2\/posts\/74802","targetHints":{"allow":["GET"]}}],"collection":[{"href":"https:\/\/www.noticiasradioreflejos.com.ar\/2021\/wp-json\/wp\/v2\/posts"}],"about":[{"href":"https:\/\/www.noticiasradioreflejos.com.ar\/2021\/wp-json\/wp\/v2\/types\/post"}],"author":[{"embeddable":true,"href":"https:\/\/www.noticiasradioreflejos.com.ar\/2021\/wp-json\/wp\/v2\/users\/3"}],"replies":[{"embeddable":true,"href":"https:\/\/www.noticiasradioreflejos.com.ar\/2021\/wp-json\/wp\/v2\/comments?post=74802"}],"version-history":[{"count":1,"href":"https:\/\/www.noticiasradioreflejos.com.ar\/2021\/wp-json\/wp\/v2\/posts\/74802\/revisions"}],"predecessor-version":[{"id":74806,"href":"https:\/\/www.noticiasradioreflejos.com.ar\/2021\/wp-json\/wp\/v2\/posts\/74802\/revisions\/74806"}],"wp:attachment":[{"href":"https:\/\/www.noticiasradioreflejos.com.ar\/2021\/wp-json\/wp\/v2\/media?parent=74802"}],"wp:term":[{"taxonomy":"category","embeddable":true,"href":"https:\/\/www.noticiasradioreflejos.com.ar\/2021\/wp-json\/wp\/v2\/categories?post=74802"},{"taxonomy":"post_tag","embeddable":true,"href":"https:\/\/www.noticiasradioreflejos.com.ar\/2021\/wp-json\/wp\/v2\/tags?post=74802"}],"curies":[{"name":"wp","href":"https:\/\/api.w.org\/{rel}","templated":true}]}}