{"id":74800,"date":"2022-07-08T15:20:10","date_gmt":"2022-07-08T15:20:10","guid":{"rendered":"http:\/\/www.noticiasradioreflejos.com.ar\/2021\/?p=74800"},"modified":"2022-07-08T15:20:28","modified_gmt":"2022-07-08T15:20:28","slug":"incendio-del-club-hotel-es-raro-que-se-quemara-por-cinco-puntas-al-mismo-tiempo","status":"publish","type":"post","link":"https:\/\/www.noticiasradioreflejos.com.ar\/2021\/incendio-del-club-hotel-es-raro-que-se-quemara-por-cinco-puntas-al-mismo-tiempo\/","title":{"rendered":"Incendio del Club Hotel: \u201cEs raro que se quemara por cinco puntas al mismo tiempo\u201d"},"content":{"rendered":"<p>La vecina, ex docente y apasionada de la historia local, Mercedes Willich, revivi\u00f3 aquel d\u00eda tr\u00e1gico en el cual un emblema del turismo internacional se vio reducido a cenizas. \u201cSospechas hay muchas pero pruebas no\u201d.<!--more--><br \/>\n<a href=\"http:\/\/www.noticiasradioreflejos.com.ar\/2021\/se-cumplen-39-anos-del-incendio-que-destruyo-el-hotel-mas-lujoso-del-mundo-y-que-estaba-en-argentina\/incendio-del-club-hotel-de-la-ventana\/\" rel=\"attachment wp-att-74794\"><img loading=\"lazy\" decoding=\"async\" class=\"aligncenter wp-image-74794\" src=\"http:\/\/www.noticiasradioreflejos.com.ar\/2021\/wp-content\/uploads\/2022\/07\/incendio-del-Club-Hotel-de-la-Ventana.jpg\" alt=\"\" width=\"746\" height=\"420\" srcset=\"https:\/\/www.noticiasradioreflejos.com.ar\/2021\/wp-content\/uploads\/2022\/07\/incendio-del-Club-Hotel-de-la-Ventana.jpg 600w, https:\/\/www.noticiasradioreflejos.com.ar\/2021\/wp-content\/uploads\/2022\/07\/incendio-del-Club-Hotel-de-la-Ventana-300x169.jpg 300w\" sizes=\"auto, (max-width: 746px) 100vw, 746px\" \/><\/a><\/p>\n<p>Mercedes Willich es m\u00e1s que una simple vecina de la comarca. Su coraz\u00f3n indomable y esa pasi\u00f3n por lo propio la vuelven indefectiblemente una referente de cada espacio de la regi\u00f3n; m\u00e1s si de historia se trata.<\/p>\n<p>De all\u00ed que ante una nueva fecha de aquel tr\u00e1gico incendio del Club Hotel, su testimonio cobra otro valor, y pone detalles a ese fat\u00eddico d\u00eda.<\/p>\n<p>\u201cA lo largo del siglo la historia del Club Hotel fue atravesada por una gran tensi\u00f3n, entre devolverle su esplendor original o si se le daba otro destino. Y por debajo de eso, lo que pas\u00f3 es que lo consumi\u00f3 la decadencia, el saqueo, la desidia y finalmente el fuego\u201d comenz\u00f3 diciendo.<\/p>\n<p>De igual manera, y proyectando, asegur\u00f3 que \u201cese lugar podr\u00eda haberse convertido en algo importante para el desarrollo de la regi\u00f3n si todos nos hubi\u00e9semos involucrado m\u00e1s, y se hubiesen visto a tiempo las posibilidades tur\u00edsticas del lugar. Los visionarios del otro siglo, como La\u00ednez, Tornquist, vieron que esta zona era muy buena para el turismo, luego se construy\u00f3 el Club Hotel, y lamentablemente dur\u00f3 muy poco\u201d.<\/p>\n<p>Tras realizar citas textuales a publicaciones realizadas por varios medios regionales, incluido el diario La Nueva Provincia, Mercedes confirm\u00f3 que \u201chubo peritajes, pero a m\u00ed me parece raro que se queme por cinco puntas al mismo tiempo. Adem\u00e1s hay declaraciones de gente que estuvo ah\u00ed en ese momento, y todos concluyen en que es medio raro que se queme al mismo tiempo por cinco puntas. Adem\u00e1s se despiertan por el ruido de un veh\u00edculo que se alejaba. Encontraron en esas puntas bidones de combustible\u201d.<\/p>\n<p>En esa l\u00ednea cont\u00f3 que \u201ctampoco hay pruebas que la propia empresa que estaba a cargo de la reconstrucci\u00f3n haya generado el incendio. Sospechas hay muchas pero pruebas no las hay. Tambi\u00e9n corre el rumor de que nunca cobraron el seguro\u201d.<\/p>\n<p>Por \u00faltimo, y ante la posibilidad de que los Amigos de la Trochita refloten parte de la v\u00eda, Willich mencion\u00f3 que \u201ctodos deber\u00edamos hacer una toma de conciencia sobre la importancia que tiene eso para la regi\u00f3n. Podr\u00edamos tener un gesto de grandeza y decir, por donde era la traza, que bueno que vuelva a pasar el tren\u201d.<\/p>\n<p>&nbsp;<\/p>\n<p><iframe loading=\"lazy\" src=\"https:\/\/w.soundcloud.com\/player\/?url=https%3A\/\/api.soundcloud.com\/tracks\/1301869771&amp;color=%23ff5500&amp;auto_play=false&amp;hide_related=false&amp;show_comments=true&amp;show_user=true&amp;show_reposts=false&amp;show_teaser=true\" width=\"100%\" height=\"166\" frameborder=\"no\" scrolling=\"no\"><\/iframe><\/p>\n<div style=\"font-size: 10px; color: #cccccc; line-break: anywhere; word-break: normal; overflow: hidden; white-space: nowrap; text-overflow: ellipsis; font-family: Interstate,Lucida Grande,Lucida Sans Unicode,Lucida Sans,Garuda,Verdana,Tahoma,sans-serif; font-weight: 100;\"><a style=\"color: #cccccc; text-decoration: none;\" title=\"fmreflejos 103.7\" href=\"https:\/\/soundcloud.com\/fmreflejos-103-7\" target=\"_blank\" rel=\"noopener\">fmreflejos 103.7<\/a> \u00b7 <a style=\"color: #cccccc; text-decoration: none;\" title=\"Mercedes Willich\" href=\"https:\/\/soundcloud.com\/fmreflejos-103-7\/mercedes-willich-5\" target=\"_blank\" rel=\"noopener\">Mercedes Willich<\/a><\/div>\n","protected":false},"excerpt":{"rendered":"<p>La vecina, ex docente y apasionada de la historia local, Mercedes Willich, revivi\u00f3 aquel d\u00eda tr\u00e1gico en el cual un emblema del turismo internacional se vio reducido a cenizas. \u201cSospechas hay muchas pero pruebas no\u201d.<\/p>\n","protected":false},"author":3,"featured_media":74807,"comment_status":"closed","ping_status":"closed","sticky":false,"template":"","format":"standard","meta":{"footnotes":""},"categories":[35,26],"tags":[48],"class_list":["post-74800","post","type-post","status-publish","format-standard","has-post-thumbnail","hentry","category-cultura","category-sociedad","tag-destacada"],"yoast_head":"<!-- This site is optimized with the Yoast SEO plugin v25.9 - https:\/\/yoast.com\/wordpress\/plugins\/seo\/ -->\n<title>Incendio del Club Hotel: \u201cEs raro que se quemara por cinco puntas al mismo tiempo\u201d - Noticias Radio Reflejos<\/title>\n<meta name=\"robots\" content=\"index, follow, max-snippet:-1, max-image-preview:large, max-video-preview:-1\" \/>\n<link rel=\"canonical\" href=\"https:\/\/www.noticiasradioreflejos.com.ar\/2021\/incendio-del-club-hotel-es-raro-que-se-quemara-por-cinco-puntas-al-mismo-tiempo\/\" \/>\n<meta property=\"og:locale\" content=\"es_ES\" \/>\n<meta property=\"og:type\" content=\"article\" \/>\n<meta property=\"og:title\" content=\"Incendio del Club Hotel: \u201cEs raro que se quemara por cinco puntas al mismo tiempo\u201d - Noticias Radio Reflejos\" \/>\n<meta property=\"og:description\" content=\"La vecina, ex docente y apasionada de la historia local, Mercedes Willich, revivi\u00f3 aquel d\u00eda tr\u00e1gico en el cual un emblema del turismo internacional se vio reducido a cenizas. \u201cSospechas hay muchas pero pruebas no\u201d.\" \/>\n<meta property=\"og:url\" content=\"https:\/\/www.noticiasradioreflejos.com.ar\/2021\/incendio-del-club-hotel-es-raro-que-se-quemara-por-cinco-puntas-al-mismo-tiempo\/\" \/>\n<meta property=\"og:site_name\" content=\"Noticias Radio Reflejos\" \/>\n<meta property=\"article:published_time\" content=\"2022-07-08T15:20:10+00:00\" \/>\n<meta property=\"article:modified_time\" content=\"2022-07-08T15:20:28+00:00\" \/>\n<meta property=\"og:image\" content=\"https:\/\/www.noticiasradioreflejos.com.ar\/2021\/wp-content\/uploads\/2022\/07\/EX-club-.png\" \/>\n\t<meta property=\"og:image:width\" content=\"1337\" \/>\n\t<meta property=\"og:image:height\" content=\"564\" \/>\n\t<meta property=\"og:image:type\" content=\"image\/png\" \/>\n<meta name=\"author\" content=\"Arnaldo Botto\" \/>\n<meta name=\"twitter:card\" content=\"summary_large_image\" \/>\n<script type=\"application\/ld+json\" class=\"yoast-schema-graph\">{\"@context\":\"https:\/\/schema.org\",\"@graph\":[{\"@type\":\"WebPage\",\"@id\":\"https:\/\/www.noticiasradioreflejos.com.ar\/2021\/incendio-del-club-hotel-es-raro-que-se-quemara-por-cinco-puntas-al-mismo-tiempo\/\",\"url\":\"https:\/\/www.noticiasradioreflejos.com.ar\/2021\/incendio-del-club-hotel-es-raro-que-se-quemara-por-cinco-puntas-al-mismo-tiempo\/\",\"name\":\"Incendio del Club Hotel: \u201cEs raro que se quemara por cinco puntas al mismo tiempo\u201d - Noticias Radio Reflejos\",\"isPartOf\":{\"@id\":\"https:\/\/www.noticiasradioreflejos.com.ar\/2021\/#website\"},\"primaryImageOfPage\":{\"@id\":\"https:\/\/www.noticiasradioreflejos.com.ar\/2021\/incendio-del-club-hotel-es-raro-que-se-quemara-por-cinco-puntas-al-mismo-tiempo\/#primaryimage\"},\"image\":{\"@id\":\"https:\/\/www.noticiasradioreflejos.com.ar\/2021\/incendio-del-club-hotel-es-raro-que-se-quemara-por-cinco-puntas-al-mismo-tiempo\/#primaryimage\"},\"thumbnailUrl\":\"https:\/\/www.noticiasradioreflejos.com.ar\/2021\/wp-content\/uploads\/2022\/07\/EX-club-.png\",\"datePublished\":\"2022-07-08T15:20:10+00:00\",\"dateModified\":\"2022-07-08T15:20:28+00:00\",\"author\":{\"@id\":\"https:\/\/www.noticiasradioreflejos.com.ar\/2021\/#\/schema\/person\/ad82545263dcc5ec0996818884fd5fb1\"},\"breadcrumb\":{\"@id\":\"https:\/\/www.noticiasradioreflejos.com.ar\/2021\/incendio-del-club-hotel-es-raro-que-se-quemara-por-cinco-puntas-al-mismo-tiempo\/#breadcrumb\"},\"inLanguage\":\"es\",\"potentialAction\":[{\"@type\":\"ReadAction\",\"target\":[\"https:\/\/www.noticiasradioreflejos.com.ar\/2021\/incendio-del-club-hotel-es-raro-que-se-quemara-por-cinco-puntas-al-mismo-tiempo\/\"]}]},{\"@type\":\"ImageObject\",\"inLanguage\":\"es\",\"@id\":\"https:\/\/www.noticiasradioreflejos.com.ar\/2021\/incendio-del-club-hotel-es-raro-que-se-quemara-por-cinco-puntas-al-mismo-tiempo\/#primaryimage\",\"url\":\"https:\/\/www.noticiasradioreflejos.com.ar\/2021\/wp-content\/uploads\/2022\/07\/EX-club-.png\",\"contentUrl\":\"https:\/\/www.noticiasradioreflejos.com.ar\/2021\/wp-content\/uploads\/2022\/07\/EX-club-.png\",\"width\":1337,\"height\":564},{\"@type\":\"BreadcrumbList\",\"@id\":\"https:\/\/www.noticiasradioreflejos.com.ar\/2021\/incendio-del-club-hotel-es-raro-que-se-quemara-por-cinco-puntas-al-mismo-tiempo\/#breadcrumb\",\"itemListElement\":[{\"@type\":\"ListItem\",\"position\":1,\"name\":\"Portada\",\"item\":\"https:\/\/www.noticiasradioreflejos.com.ar\/2021\/\"},{\"@type\":\"ListItem\",\"position\":2,\"name\":\"Incendio del Club Hotel: \u201cEs raro que se quemara por cinco puntas al mismo tiempo\u201d\"}]},{\"@type\":\"WebSite\",\"@id\":\"https:\/\/www.noticiasradioreflejos.com.ar\/2021\/#website\",\"url\":\"https:\/\/www.noticiasradioreflejos.com.ar\/2021\/\",\"name\":\"Noticias Radio Reflejos\",\"description\":\"Las noticias de mi comarca\",\"potentialAction\":[{\"@type\":\"SearchAction\",\"target\":{\"@type\":\"EntryPoint\",\"urlTemplate\":\"https:\/\/www.noticiasradioreflejos.com.ar\/2021\/?s={search_term_string}\"},\"query-input\":{\"@type\":\"PropertyValueSpecification\",\"valueRequired\":true,\"valueName\":\"search_term_string\"}}],\"inLanguage\":\"es\"},{\"@type\":\"Person\",\"@id\":\"https:\/\/www.noticiasradioreflejos.com.ar\/2021\/#\/schema\/person\/ad82545263dcc5ec0996818884fd5fb1\",\"name\":\"Arnaldo Botto\",\"image\":{\"@type\":\"ImageObject\",\"inLanguage\":\"es\",\"@id\":\"https:\/\/www.noticiasradioreflejos.com.ar\/2021\/#\/schema\/person\/image\/\",\"url\":\"https:\/\/secure.gravatar.com\/avatar\/55cb5e37c1efa326397366e6974cb338056df65cb50e7d64d1cf314e87504837?s=96&d=mm&r=g\",\"contentUrl\":\"https:\/\/secure.gravatar.com\/avatar\/55cb5e37c1efa326397366e6974cb338056df65cb50e7d64d1cf314e87504837?s=96&d=mm&r=g\",\"caption\":\"Arnaldo Botto\"},\"url\":\"https:\/\/www.noticiasradioreflejos.com.ar\/2021\/author\/arnaldo\/\"}]}<\/script>\n<!-- \/ Yoast SEO plugin. -->","yoast_head_json":{"title":"Incendio del Club Hotel: \u201cEs raro que se quemara por cinco puntas al mismo tiempo\u201d - Noticias Radio Reflejos","robots":{"index":"index","follow":"follow","max-snippet":"max-snippet:-1","max-image-preview":"max-image-preview:large","max-video-preview":"max-video-preview:-1"},"canonical":"https:\/\/www.noticiasradioreflejos.com.ar\/2021\/incendio-del-club-hotel-es-raro-que-se-quemara-por-cinco-puntas-al-mismo-tiempo\/","og_locale":"es_ES","og_type":"article","og_title":"Incendio del Club Hotel: \u201cEs raro que se quemara por cinco puntas al mismo tiempo\u201d - Noticias Radio Reflejos","og_description":"La vecina, ex docente y apasionada de la historia local, Mercedes Willich, revivi\u00f3 aquel d\u00eda tr\u00e1gico en el cual un emblema del turismo internacional se vio reducido a cenizas. \u201cSospechas hay muchas pero pruebas no\u201d.","og_url":"https:\/\/www.noticiasradioreflejos.com.ar\/2021\/incendio-del-club-hotel-es-raro-que-se-quemara-por-cinco-puntas-al-mismo-tiempo\/","og_site_name":"Noticias Radio Reflejos","article_published_time":"2022-07-08T15:20:10+00:00","article_modified_time":"2022-07-08T15:20:28+00:00","og_image":[{"width":1337,"height":564,"url":"https:\/\/www.noticiasradioreflejos.com.ar\/2021\/wp-content\/uploads\/2022\/07\/EX-club-.png","type":"image\/png"}],"author":"Arnaldo Botto","twitter_card":"summary_large_image","schema":{"@context":"https:\/\/schema.org","@graph":[{"@type":"WebPage","@id":"https:\/\/www.noticiasradioreflejos.com.ar\/2021\/incendio-del-club-hotel-es-raro-que-se-quemara-por-cinco-puntas-al-mismo-tiempo\/","url":"https:\/\/www.noticiasradioreflejos.com.ar\/2021\/incendio-del-club-hotel-es-raro-que-se-quemara-por-cinco-puntas-al-mismo-tiempo\/","name":"Incendio del Club Hotel: \u201cEs raro que se quemara por cinco puntas al mismo tiempo\u201d - Noticias Radio Reflejos","isPartOf":{"@id":"https:\/\/www.noticiasradioreflejos.com.ar\/2021\/#website"},"primaryImageOfPage":{"@id":"https:\/\/www.noticiasradioreflejos.com.ar\/2021\/incendio-del-club-hotel-es-raro-que-se-quemara-por-cinco-puntas-al-mismo-tiempo\/#primaryimage"},"image":{"@id":"https:\/\/www.noticiasradioreflejos.com.ar\/2021\/incendio-del-club-hotel-es-raro-que-se-quemara-por-cinco-puntas-al-mismo-tiempo\/#primaryimage"},"thumbnailUrl":"https:\/\/www.noticiasradioreflejos.com.ar\/2021\/wp-content\/uploads\/2022\/07\/EX-club-.png","datePublished":"2022-07-08T15:20:10+00:00","dateModified":"2022-07-08T15:20:28+00:00","author":{"@id":"https:\/\/www.noticiasradioreflejos.com.ar\/2021\/#\/schema\/person\/ad82545263dcc5ec0996818884fd5fb1"},"breadcrumb":{"@id":"https:\/\/www.noticiasradioreflejos.com.ar\/2021\/incendio-del-club-hotel-es-raro-que-se-quemara-por-cinco-puntas-al-mismo-tiempo\/#breadcrumb"},"inLanguage":"es","potentialAction":[{"@type":"ReadAction","target":["https:\/\/www.noticiasradioreflejos.com.ar\/2021\/incendio-del-club-hotel-es-raro-que-se-quemara-por-cinco-puntas-al-mismo-tiempo\/"]}]},{"@type":"ImageObject","inLanguage":"es","@id":"https:\/\/www.noticiasradioreflejos.com.ar\/2021\/incendio-del-club-hotel-es-raro-que-se-quemara-por-cinco-puntas-al-mismo-tiempo\/#primaryimage","url":"https:\/\/www.noticiasradioreflejos.com.ar\/2021\/wp-content\/uploads\/2022\/07\/EX-club-.png","contentUrl":"https:\/\/www.noticiasradioreflejos.com.ar\/2021\/wp-content\/uploads\/2022\/07\/EX-club-.png","width":1337,"height":564},{"@type":"BreadcrumbList","@id":"https:\/\/www.noticiasradioreflejos.com.ar\/2021\/incendio-del-club-hotel-es-raro-que-se-quemara-por-cinco-puntas-al-mismo-tiempo\/#breadcrumb","itemListElement":[{"@type":"ListItem","position":1,"name":"Portada","item":"https:\/\/www.noticiasradioreflejos.com.ar\/2021\/"},{"@type":"ListItem","position":2,"name":"Incendio del Club Hotel: \u201cEs raro que se quemara por cinco puntas al mismo tiempo\u201d"}]},{"@type":"WebSite","@id":"https:\/\/www.noticiasradioreflejos.com.ar\/2021\/#website","url":"https:\/\/www.noticiasradioreflejos.com.ar\/2021\/","name":"Noticias Radio Reflejos","description":"Las noticias de mi comarca","potentialAction":[{"@type":"SearchAction","target":{"@type":"EntryPoint","urlTemplate":"https:\/\/www.noticiasradioreflejos.com.ar\/2021\/?s={search_term_string}"},"query-input":{"@type":"PropertyValueSpecification","valueRequired":true,"valueName":"search_term_string"}}],"inLanguage":"es"},{"@type":"Person","@id":"https:\/\/www.noticiasradioreflejos.com.ar\/2021\/#\/schema\/person\/ad82545263dcc5ec0996818884fd5fb1","name":"Arnaldo Botto","image":{"@type":"ImageObject","inLanguage":"es","@id":"https:\/\/www.noticiasradioreflejos.com.ar\/2021\/#\/schema\/person\/image\/","url":"https:\/\/secure.gravatar.com\/avatar\/55cb5e37c1efa326397366e6974cb338056df65cb50e7d64d1cf314e87504837?s=96&d=mm&r=g","contentUrl":"https:\/\/secure.gravatar.com\/avatar\/55cb5e37c1efa326397366e6974cb338056df65cb50e7d64d1cf314e87504837?s=96&d=mm&r=g","caption":"Arnaldo Botto"},"url":"https:\/\/www.noticiasradioreflejos.com.ar\/2021\/author\/arnaldo\/"}]}},"_links":{"self":[{"href":"https:\/\/www.noticiasradioreflejos.com.ar\/2021\/wp-json\/wp\/v2\/posts\/74800","targetHints":{"allow":["GET"]}}],"collection":[{"href":"https:\/\/www.noticiasradioreflejos.com.ar\/2021\/wp-json\/wp\/v2\/posts"}],"about":[{"href":"https:\/\/www.noticiasradioreflejos.com.ar\/2021\/wp-json\/wp\/v2\/types\/post"}],"author":[{"embeddable":true,"href":"https:\/\/www.noticiasradioreflejos.com.ar\/2021\/wp-json\/wp\/v2\/users\/3"}],"replies":[{"embeddable":true,"href":"https:\/\/www.noticiasradioreflejos.com.ar\/2021\/wp-json\/wp\/v2\/comments?post=74800"}],"version-history":[{"count":3,"href":"https:\/\/www.noticiasradioreflejos.com.ar\/2021\/wp-json\/wp\/v2\/posts\/74800\/revisions"}],"predecessor-version":[{"id":74809,"href":"https:\/\/www.noticiasradioreflejos.com.ar\/2021\/wp-json\/wp\/v2\/posts\/74800\/revisions\/74809"}],"wp:featuredmedia":[{"embeddable":true,"href":"https:\/\/www.noticiasradioreflejos.com.ar\/2021\/wp-json\/wp\/v2\/media\/74807"}],"wp:attachment":[{"href":"https:\/\/www.noticiasradioreflejos.com.ar\/2021\/wp-json\/wp\/v2\/media?parent=74800"}],"wp:term":[{"taxonomy":"category","embeddable":true,"href":"https:\/\/www.noticiasradioreflejos.com.ar\/2021\/wp-json\/wp\/v2\/categories?post=74800"},{"taxonomy":"post_tag","embeddable":true,"href":"https:\/\/www.noticiasradioreflejos.com.ar\/2021\/wp-json\/wp\/v2\/tags?post=74800"}],"curies":[{"name":"wp","href":"https:\/\/api.w.org\/{rel}","templated":true}]}}