{"id":74798,"date":"2022-07-08T15:25:43","date_gmt":"2022-07-08T15:25:43","guid":{"rendered":"http:\/\/www.noticiasradioreflejos.com.ar\/2021\/?p=74798"},"modified":"2022-07-08T15:26:01","modified_gmt":"2022-07-08T15:26:01","slug":"reclamos-por-falta-de-servicios-el-delegado-de-villa-la-arcadia-es-un-atorrante","status":"publish","type":"post","link":"https:\/\/www.noticiasradioreflejos.com.ar\/2021\/reclamos-por-falta-de-servicios-el-delegado-de-villa-la-arcadia-es-un-atorrante\/","title":{"rendered":"Reclamos por falta de servicios: \u201cEl delegado de Villa La Arcadia es un atorrante\u201d"},"content":{"rendered":"<p>Indignado, un vecino de calle Indio Rico al 400 carg\u00f3 tanto contra ese funcionario como con el intendente, ya que hace un mes no pasa el recolector de residuos ni el regador. Encima, seg\u00fan cont\u00f3, durante varias semanas no le pudieron cobrar los servicios por un problema en el sistema, y cuando por fin lo hicieron, fue con recargo.<!--more--><\/p>\n<p>Eduardo Catrich est\u00e1 harto y as\u00ed lo hizo saber. A trav\u00e9s de un mensaje de voz, el vecino que reside en calle Indio Rico al 400 de Villa La Arcadia, carg\u00f3 fuerte contra el delegado y el intendente, por servicios que hace un mes que no recibe, y por cobros con recargos tras problemas con el sistema.<\/p>\n<p>A continuaci\u00f3n, la desgravaci\u00f3n textual de su reclamo:<\/p>\n<p>\u201cHace cinco semanas que no tengo recolecci\u00f3n de residuos y tampoco pasa el regador. En el mes de junio fui a pagar los impuestos y no me los quisieron cobrar. Fui esta semana, me lo cobraron y con recargo\u201d.<\/p>\n<p>\u201cNo me prestaron el servicio, no me lo quer\u00edan cobrar y hoy viernes a\u00fan tengo la basura en la puerta de mi casa. Sigo diciendo tanto como el intendente como el delegado de Villa La Arcadia son dos atorrantes. Me siento robado\u201d.<\/p>\n<p>\u201cYo pagu\u00e9 y encima me cobran con recargo. No me prestaron ning\u00fan servicio. Me siento estafado y robado. Son unos atorrantes. El delegado es un se\u00f1or atorrante. Y se lo dije en la cara. Habl\u00e9 varias veces y no sirve para nada\u201d.<\/p>\n<p>\u201c\u00bfPor qu\u00e9 no se va? Est\u00e1 cobrando un sueldo que lo pagamos nosotros y no sirve para nada. Y el intendente que no da la cara. Vive viajando y nos sigue robando a todos\u201d.<\/p>\n<p><iframe loading=\"lazy\" width=\"100%\" height=\"166\" scrolling=\"no\" frameborder=\"no\" allow=\"autoplay\" src=\"https:\/\/w.soundcloud.com\/player\/?url=https%3A\/\/api.soundcloud.com\/tracks\/1301873494&#038;color=%23ff5500&#038;auto_play=false&#038;hide_related=false&#038;show_comments=true&#038;show_user=true&#038;show_reposts=false&#038;show_teaser=true\"><\/iframe><\/p>\n<div style=\"font-size: 10px; color: #cccccc;line-break: anywhere;word-break: normal;overflow: hidden;white-space: nowrap;text-overflow: ellipsis; font-family: Interstate,Lucida Grande,Lucida Sans Unicode,Lucida Sans,Garuda,Verdana,Tahoma,sans-serif;font-weight: 100;\"><a href=\"https:\/\/soundcloud.com\/fmreflejos-103-7\" title=\"fmreflejos 103.7\" target=\"_blank\" style=\"color: #cccccc; text-decoration: none;\" rel=\"noopener\">fmreflejos 103.7<\/a> \u00b7 <a href=\"https:\/\/soundcloud.com\/fmreflejos-103-7\/eduardo-catrich\" title=\"Eduardo Catrich\" target=\"_blank\" style=\"color: #cccccc; text-decoration: none;\" rel=\"noopener\">Eduardo Catrich<\/a><\/div>\n","protected":false},"excerpt":{"rendered":"<p>Indignado, un vecino de calle Indio Rico al 400 carg\u00f3 tanto contra ese funcionario como con el intendente, ya que hace un mes no pasa el recolector de residuos ni el regador. Encima, seg\u00fan cont\u00f3, durante varias semanas no le pudieron cobrar los servicios por un problema en el sistema, y cuando por fin lo [&hellip;]<\/p>\n","protected":false},"author":3,"featured_media":74810,"comment_status":"closed","ping_status":"closed","sticky":false,"template":"","format":"standard","meta":{"footnotes":""},"categories":[24,26],"tags":[48],"class_list":["post-74798","post","type-post","status-publish","format-standard","has-post-thumbnail","hentry","category-politica","category-sociedad","tag-destacada"],"yoast_head":"<!-- This site is optimized with the Yoast SEO plugin v25.9 - https:\/\/yoast.com\/wordpress\/plugins\/seo\/ -->\n<title>Reclamos por falta de servicios: \u201cEl delegado de Villa La Arcadia es un atorrante\u201d - Noticias Radio Reflejos<\/title>\n<meta name=\"robots\" content=\"index, follow, max-snippet:-1, max-image-preview:large, max-video-preview:-1\" \/>\n<link rel=\"canonical\" href=\"https:\/\/www.noticiasradioreflejos.com.ar\/2021\/reclamos-por-falta-de-servicios-el-delegado-de-villa-la-arcadia-es-un-atorrante\/\" \/>\n<meta property=\"og:locale\" content=\"es_ES\" \/>\n<meta property=\"og:type\" content=\"article\" \/>\n<meta property=\"og:title\" content=\"Reclamos por falta de servicios: \u201cEl delegado de Villa La Arcadia es un atorrante\u201d - Noticias Radio Reflejos\" \/>\n<meta property=\"og:description\" content=\"Indignado, un vecino de calle Indio Rico al 400 carg\u00f3 tanto contra ese funcionario como con el intendente, ya que hace un mes no pasa el recolector de residuos ni el regador. Encima, seg\u00fan cont\u00f3, durante varias semanas no le pudieron cobrar los servicios por un problema en el sistema, y cuando por fin lo [&hellip;]\" \/>\n<meta property=\"og:url\" content=\"https:\/\/www.noticiasradioreflejos.com.ar\/2021\/reclamos-por-falta-de-servicios-el-delegado-de-villa-la-arcadia-es-un-atorrante\/\" \/>\n<meta property=\"og:site_name\" content=\"Noticias Radio Reflejos\" \/>\n<meta property=\"article:published_time\" content=\"2022-07-08T15:25:43+00:00\" \/>\n<meta property=\"article:modified_time\" content=\"2022-07-08T15:26:01+00:00\" \/>\n<meta property=\"og:image\" content=\"https:\/\/www.noticiasradioreflejos.com.ar\/2021\/wp-content\/uploads\/2022\/07\/villa-la-arcadia.jpeg\" \/>\n\t<meta property=\"og:image:width\" content=\"696\" \/>\n\t<meta property=\"og:image:height\" content=\"464\" \/>\n\t<meta property=\"og:image:type\" content=\"image\/jpeg\" \/>\n<meta name=\"author\" content=\"Arnaldo Botto\" \/>\n<meta name=\"twitter:card\" content=\"summary_large_image\" \/>\n<script type=\"application\/ld+json\" class=\"yoast-schema-graph\">{\"@context\":\"https:\/\/schema.org\",\"@graph\":[{\"@type\":\"WebPage\",\"@id\":\"https:\/\/www.noticiasradioreflejos.com.ar\/2021\/reclamos-por-falta-de-servicios-el-delegado-de-villa-la-arcadia-es-un-atorrante\/\",\"url\":\"https:\/\/www.noticiasradioreflejos.com.ar\/2021\/reclamos-por-falta-de-servicios-el-delegado-de-villa-la-arcadia-es-un-atorrante\/\",\"name\":\"Reclamos por falta de servicios: \u201cEl delegado de Villa La Arcadia es un atorrante\u201d - Noticias Radio Reflejos\",\"isPartOf\":{\"@id\":\"https:\/\/www.noticiasradioreflejos.com.ar\/2021\/#website\"},\"primaryImageOfPage\":{\"@id\":\"https:\/\/www.noticiasradioreflejos.com.ar\/2021\/reclamos-por-falta-de-servicios-el-delegado-de-villa-la-arcadia-es-un-atorrante\/#primaryimage\"},\"image\":{\"@id\":\"https:\/\/www.noticiasradioreflejos.com.ar\/2021\/reclamos-por-falta-de-servicios-el-delegado-de-villa-la-arcadia-es-un-atorrante\/#primaryimage\"},\"thumbnailUrl\":\"https:\/\/www.noticiasradioreflejos.com.ar\/2021\/wp-content\/uploads\/2022\/07\/villa-la-arcadia.jpeg\",\"datePublished\":\"2022-07-08T15:25:43+00:00\",\"dateModified\":\"2022-07-08T15:26:01+00:00\",\"author\":{\"@id\":\"https:\/\/www.noticiasradioreflejos.com.ar\/2021\/#\/schema\/person\/ad82545263dcc5ec0996818884fd5fb1\"},\"breadcrumb\":{\"@id\":\"https:\/\/www.noticiasradioreflejos.com.ar\/2021\/reclamos-por-falta-de-servicios-el-delegado-de-villa-la-arcadia-es-un-atorrante\/#breadcrumb\"},\"inLanguage\":\"es\",\"potentialAction\":[{\"@type\":\"ReadAction\",\"target\":[\"https:\/\/www.noticiasradioreflejos.com.ar\/2021\/reclamos-por-falta-de-servicios-el-delegado-de-villa-la-arcadia-es-un-atorrante\/\"]}]},{\"@type\":\"ImageObject\",\"inLanguage\":\"es\",\"@id\":\"https:\/\/www.noticiasradioreflejos.com.ar\/2021\/reclamos-por-falta-de-servicios-el-delegado-de-villa-la-arcadia-es-un-atorrante\/#primaryimage\",\"url\":\"https:\/\/www.noticiasradioreflejos.com.ar\/2021\/wp-content\/uploads\/2022\/07\/villa-la-arcadia.jpeg\",\"contentUrl\":\"https:\/\/www.noticiasradioreflejos.com.ar\/2021\/wp-content\/uploads\/2022\/07\/villa-la-arcadia.jpeg\",\"width\":696,\"height\":464},{\"@type\":\"BreadcrumbList\",\"@id\":\"https:\/\/www.noticiasradioreflejos.com.ar\/2021\/reclamos-por-falta-de-servicios-el-delegado-de-villa-la-arcadia-es-un-atorrante\/#breadcrumb\",\"itemListElement\":[{\"@type\":\"ListItem\",\"position\":1,\"name\":\"Portada\",\"item\":\"https:\/\/www.noticiasradioreflejos.com.ar\/2021\/\"},{\"@type\":\"ListItem\",\"position\":2,\"name\":\"Reclamos por falta de servicios: \u201cEl delegado de Villa La Arcadia es un atorrante\u201d\"}]},{\"@type\":\"WebSite\",\"@id\":\"https:\/\/www.noticiasradioreflejos.com.ar\/2021\/#website\",\"url\":\"https:\/\/www.noticiasradioreflejos.com.ar\/2021\/\",\"name\":\"Noticias Radio Reflejos\",\"description\":\"Las noticias de mi comarca\",\"potentialAction\":[{\"@type\":\"SearchAction\",\"target\":{\"@type\":\"EntryPoint\",\"urlTemplate\":\"https:\/\/www.noticiasradioreflejos.com.ar\/2021\/?s={search_term_string}\"},\"query-input\":{\"@type\":\"PropertyValueSpecification\",\"valueRequired\":true,\"valueName\":\"search_term_string\"}}],\"inLanguage\":\"es\"},{\"@type\":\"Person\",\"@id\":\"https:\/\/www.noticiasradioreflejos.com.ar\/2021\/#\/schema\/person\/ad82545263dcc5ec0996818884fd5fb1\",\"name\":\"Arnaldo Botto\",\"image\":{\"@type\":\"ImageObject\",\"inLanguage\":\"es\",\"@id\":\"https:\/\/www.noticiasradioreflejos.com.ar\/2021\/#\/schema\/person\/image\/\",\"url\":\"https:\/\/secure.gravatar.com\/avatar\/55cb5e37c1efa326397366e6974cb338056df65cb50e7d64d1cf314e87504837?s=96&d=mm&r=g\",\"contentUrl\":\"https:\/\/secure.gravatar.com\/avatar\/55cb5e37c1efa326397366e6974cb338056df65cb50e7d64d1cf314e87504837?s=96&d=mm&r=g\",\"caption\":\"Arnaldo Botto\"},\"url\":\"https:\/\/www.noticiasradioreflejos.com.ar\/2021\/author\/arnaldo\/\"}]}<\/script>\n<!-- \/ Yoast SEO plugin. -->","yoast_head_json":{"title":"Reclamos por falta de servicios: \u201cEl delegado de Villa La Arcadia es un atorrante\u201d - Noticias Radio Reflejos","robots":{"index":"index","follow":"follow","max-snippet":"max-snippet:-1","max-image-preview":"max-image-preview:large","max-video-preview":"max-video-preview:-1"},"canonical":"https:\/\/www.noticiasradioreflejos.com.ar\/2021\/reclamos-por-falta-de-servicios-el-delegado-de-villa-la-arcadia-es-un-atorrante\/","og_locale":"es_ES","og_type":"article","og_title":"Reclamos por falta de servicios: \u201cEl delegado de Villa La Arcadia es un atorrante\u201d - Noticias Radio Reflejos","og_description":"Indignado, un vecino de calle Indio Rico al 400 carg\u00f3 tanto contra ese funcionario como con el intendente, ya que hace un mes no pasa el recolector de residuos ni el regador. Encima, seg\u00fan cont\u00f3, durante varias semanas no le pudieron cobrar los servicios por un problema en el sistema, y cuando por fin lo [&hellip;]","og_url":"https:\/\/www.noticiasradioreflejos.com.ar\/2021\/reclamos-por-falta-de-servicios-el-delegado-de-villa-la-arcadia-es-un-atorrante\/","og_site_name":"Noticias Radio Reflejos","article_published_time":"2022-07-08T15:25:43+00:00","article_modified_time":"2022-07-08T15:26:01+00:00","og_image":[{"width":696,"height":464,"url":"https:\/\/www.noticiasradioreflejos.com.ar\/2021\/wp-content\/uploads\/2022\/07\/villa-la-arcadia.jpeg","type":"image\/jpeg"}],"author":"Arnaldo Botto","twitter_card":"summary_large_image","schema":{"@context":"https:\/\/schema.org","@graph":[{"@type":"WebPage","@id":"https:\/\/www.noticiasradioreflejos.com.ar\/2021\/reclamos-por-falta-de-servicios-el-delegado-de-villa-la-arcadia-es-un-atorrante\/","url":"https:\/\/www.noticiasradioreflejos.com.ar\/2021\/reclamos-por-falta-de-servicios-el-delegado-de-villa-la-arcadia-es-un-atorrante\/","name":"Reclamos por falta de servicios: \u201cEl delegado de Villa La Arcadia es un atorrante\u201d - Noticias Radio Reflejos","isPartOf":{"@id":"https:\/\/www.noticiasradioreflejos.com.ar\/2021\/#website"},"primaryImageOfPage":{"@id":"https:\/\/www.noticiasradioreflejos.com.ar\/2021\/reclamos-por-falta-de-servicios-el-delegado-de-villa-la-arcadia-es-un-atorrante\/#primaryimage"},"image":{"@id":"https:\/\/www.noticiasradioreflejos.com.ar\/2021\/reclamos-por-falta-de-servicios-el-delegado-de-villa-la-arcadia-es-un-atorrante\/#primaryimage"},"thumbnailUrl":"https:\/\/www.noticiasradioreflejos.com.ar\/2021\/wp-content\/uploads\/2022\/07\/villa-la-arcadia.jpeg","datePublished":"2022-07-08T15:25:43+00:00","dateModified":"2022-07-08T15:26:01+00:00","author":{"@id":"https:\/\/www.noticiasradioreflejos.com.ar\/2021\/#\/schema\/person\/ad82545263dcc5ec0996818884fd5fb1"},"breadcrumb":{"@id":"https:\/\/www.noticiasradioreflejos.com.ar\/2021\/reclamos-por-falta-de-servicios-el-delegado-de-villa-la-arcadia-es-un-atorrante\/#breadcrumb"},"inLanguage":"es","potentialAction":[{"@type":"ReadAction","target":["https:\/\/www.noticiasradioreflejos.com.ar\/2021\/reclamos-por-falta-de-servicios-el-delegado-de-villa-la-arcadia-es-un-atorrante\/"]}]},{"@type":"ImageObject","inLanguage":"es","@id":"https:\/\/www.noticiasradioreflejos.com.ar\/2021\/reclamos-por-falta-de-servicios-el-delegado-de-villa-la-arcadia-es-un-atorrante\/#primaryimage","url":"https:\/\/www.noticiasradioreflejos.com.ar\/2021\/wp-content\/uploads\/2022\/07\/villa-la-arcadia.jpeg","contentUrl":"https:\/\/www.noticiasradioreflejos.com.ar\/2021\/wp-content\/uploads\/2022\/07\/villa-la-arcadia.jpeg","width":696,"height":464},{"@type":"BreadcrumbList","@id":"https:\/\/www.noticiasradioreflejos.com.ar\/2021\/reclamos-por-falta-de-servicios-el-delegado-de-villa-la-arcadia-es-un-atorrante\/#breadcrumb","itemListElement":[{"@type":"ListItem","position":1,"name":"Portada","item":"https:\/\/www.noticiasradioreflejos.com.ar\/2021\/"},{"@type":"ListItem","position":2,"name":"Reclamos por falta de servicios: \u201cEl delegado de Villa La Arcadia es un atorrante\u201d"}]},{"@type":"WebSite","@id":"https:\/\/www.noticiasradioreflejos.com.ar\/2021\/#website","url":"https:\/\/www.noticiasradioreflejos.com.ar\/2021\/","name":"Noticias Radio Reflejos","description":"Las noticias de mi comarca","potentialAction":[{"@type":"SearchAction","target":{"@type":"EntryPoint","urlTemplate":"https:\/\/www.noticiasradioreflejos.com.ar\/2021\/?s={search_term_string}"},"query-input":{"@type":"PropertyValueSpecification","valueRequired":true,"valueName":"search_term_string"}}],"inLanguage":"es"},{"@type":"Person","@id":"https:\/\/www.noticiasradioreflejos.com.ar\/2021\/#\/schema\/person\/ad82545263dcc5ec0996818884fd5fb1","name":"Arnaldo Botto","image":{"@type":"ImageObject","inLanguage":"es","@id":"https:\/\/www.noticiasradioreflejos.com.ar\/2021\/#\/schema\/person\/image\/","url":"https:\/\/secure.gravatar.com\/avatar\/55cb5e37c1efa326397366e6974cb338056df65cb50e7d64d1cf314e87504837?s=96&d=mm&r=g","contentUrl":"https:\/\/secure.gravatar.com\/avatar\/55cb5e37c1efa326397366e6974cb338056df65cb50e7d64d1cf314e87504837?s=96&d=mm&r=g","caption":"Arnaldo Botto"},"url":"https:\/\/www.noticiasradioreflejos.com.ar\/2021\/author\/arnaldo\/"}]}},"_links":{"self":[{"href":"https:\/\/www.noticiasradioreflejos.com.ar\/2021\/wp-json\/wp\/v2\/posts\/74798","targetHints":{"allow":["GET"]}}],"collection":[{"href":"https:\/\/www.noticiasradioreflejos.com.ar\/2021\/wp-json\/wp\/v2\/posts"}],"about":[{"href":"https:\/\/www.noticiasradioreflejos.com.ar\/2021\/wp-json\/wp\/v2\/types\/post"}],"author":[{"embeddable":true,"href":"https:\/\/www.noticiasradioreflejos.com.ar\/2021\/wp-json\/wp\/v2\/users\/3"}],"replies":[{"embeddable":true,"href":"https:\/\/www.noticiasradioreflejos.com.ar\/2021\/wp-json\/wp\/v2\/comments?post=74798"}],"version-history":[{"count":2,"href":"https:\/\/www.noticiasradioreflejos.com.ar\/2021\/wp-json\/wp\/v2\/posts\/74798\/revisions"}],"predecessor-version":[{"id":74811,"href":"https:\/\/www.noticiasradioreflejos.com.ar\/2021\/wp-json\/wp\/v2\/posts\/74798\/revisions\/74811"}],"wp:featuredmedia":[{"embeddable":true,"href":"https:\/\/www.noticiasradioreflejos.com.ar\/2021\/wp-json\/wp\/v2\/media\/74810"}],"wp:attachment":[{"href":"https:\/\/www.noticiasradioreflejos.com.ar\/2021\/wp-json\/wp\/v2\/media?parent=74798"}],"wp:term":[{"taxonomy":"category","embeddable":true,"href":"https:\/\/www.noticiasradioreflejos.com.ar\/2021\/wp-json\/wp\/v2\/categories?post=74798"},{"taxonomy":"post_tag","embeddable":true,"href":"https:\/\/www.noticiasradioreflejos.com.ar\/2021\/wp-json\/wp\/v2\/tags?post=74798"}],"curies":[{"name":"wp","href":"https:\/\/api.w.org\/{rel}","templated":true}]}}