{"id":74793,"date":"2022-07-08T13:26:15","date_gmt":"2022-07-08T13:26:15","guid":{"rendered":"http:\/\/www.noticiasradioreflejos.com.ar\/2021\/?p=74793"},"modified":"2022-07-08T13:34:24","modified_gmt":"2022-07-08T13:34:24","slug":"se-cumplen-39-anos-del-incendio-que-destruyo-el-hotel-mas-lujoso-del-mundo-y-que-estaba-en-argentina","status":"publish","type":"post","link":"https:\/\/www.noticiasradioreflejos.com.ar\/2021\/se-cumplen-39-anos-del-incendio-que-destruyo-el-hotel-mas-lujoso-del-mundo-y-que-estaba-en-argentina\/","title":{"rendered":"Se cumplen 39 a\u00f1os del incendio que destruy\u00f3 el hotel m\u00e1s lujoso del mundo y que estaba en Argentina"},"content":{"rendered":"<p class=\"description separatorlines\">Aristocracia, lujos, y m\u00e1s de 70 hect\u00e1reas de terreno: la historia de la creaci\u00f3n del hotel m\u00e1s lujoso de Am\u00e9rica del Sur, con un final inesperado. Qu\u00e9 pas\u00f3 y qu\u00e9 es hoy el Club Hotel de la Ventana.<!--more--><\/p>\n<p><a title=\"EX club\" href=\"https:\/\/www.flickr.com\/photos\/182279889@N02\/52201214062\/in\/dateposted-public\/\" data-flickr-embed=\"true\"><img loading=\"lazy\" decoding=\"async\" class=\"aligncenter\" src=\"https:\/\/live.staticflickr.com\/65535\/52201214062_fb1709b5bb_c.jpg\" alt=\"EX club\" width=\"800\" height=\"337\" \/><\/a><\/p>\n<p>&nbsp;<\/p>\n<p>A pesar de su aspecto fantasmal y sus muchos a\u00f1os de abandono, las ruinas del <b>Club Hotel de la Ventana<\/b>, en\u00a0Sierra de la Ventana, tambi\u00e9n llamadas\u00a0<u>\u00abEl Titanic de las Sierras\u00bb<\/u>, siguen siendo un centro de atenci\u00f3n tur\u00edstico con incre\u00edbles visitas guiadas.<\/p>\n<div id=\"vsmcontent\" class=\"content vsmcontent\">\n<p>El emblem\u00e1tico edificio\u00a0<u>hab\u00eda sido construido con capitales ingleses y todas las innovaciones de la Belle Epoque, con el foco puesto sobre la aristocracia nacional que era caracter\u00edstica de los veranos marplatenses<\/u>, y tambi\u00e9n son la mira en las figuras de la alta sociedad europea.<\/p>\n<p>El d\u00eda de su\u00a0<b>inauguraci\u00f3n<\/b>,\u00a0<u>el 11 de noviembre de 1911<\/u>, el expresidente\u00a0<u>Julio Argentino Roca lo defini\u00f3 como la \u00abmaravilla del siglo\u00bb<\/u>. Se lo considera el\u00a0<b>primer complejo hotelero de Sudam\u00e9rica<\/b>\u00a0y uno de los primeros casinos argentinos, sin mencionar que\u00a0<u>f<\/u><u>ue nombrado hotel hotel m\u00e1s lujoso de Am\u00e9rica del Sur<\/u>.<\/p>\n<p>La construcci\u00f3n de\u00a0<b>6400 m\u00b2<\/b>, el complejo contaba con\u00a0<u>136 habitaciones, 56 ba\u00f1os y cuatro suites compuestas por dos dormitorios, cocina, comedor y ba\u00f1o con grifer\u00edas de oro y plata<\/u>. Los muebles de roble hab\u00edan sido importados desde Par\u00eds, las s\u00e1banas y acolchados eran de hilo italiano y los colchones de tela de brin.<\/p>\n<div class=\"zone \"><\/div>\n<figure class=\"vsmimage\" contenteditable=\"false\"><img loading=\"lazy\" decoding=\"async\" id=\"imgv86198v42\" src=\"https:\/\/www.cronista.com\/files\/image\/344\/344677\/6102e1e03e046_700_521!.webp?s=be7a071cba55b08a12926eec469ef365&amp;d=1627578849&amp;oe=jpg\" width=\"700\" height=\"521\" data-vsmid=\"344677\" data-owidth=\"720\" data-oheight=\"537\" data-index=\"0\" \/><\/figure>\n<p>&nbsp;<\/p>\n<p>Como si fuera poco,\u00a0<u>ten\u00eda tambi\u00e9n galer\u00eda solarium, un restaurante estilo Luis 16, un jard\u00edn de invierno, un sal\u00f3n de fiestas para 150 personas, tres salas de casino, un entrepiso club de noche, dos peluquer\u00edas, una torre mirador, una sala de m\u00fasica para conciertos, biblioteca, cancha para deportes h\u00edpicos, canchas de golf y canchas de tenis, entre sus tantas instalaciones<\/u>. Exist\u00eda tambi\u00e9n panader\u00eda, granja y huertas propias, adem\u00e1s de herrer\u00eda, carpinter\u00eda, sala de m\u00e1quinas, usina, taller mec\u00e1nico, dos lavander\u00edas y sastrer\u00eda.<\/p>\n<p>Sin embargo, y a pesar de sus incontables lujos,\u00a0<u>el complejo de Club Hotel de la Ventana s\u00f3lo funcion\u00f3 por seis a\u00f1os: se inaugur\u00f3 el 11 de noviembre de 1911 y cerr\u00f3 sus puertas el 14 de marzo de 1920<\/u>. Hoy en d\u00eda, los vestigios y ruinas del complejo impactan por su magnitud y es un recorrido imperdible al visitar Sierra de la Ventana.<\/p>\n<p>&nbsp;<\/p>\n<figure class=\"vsmimage\" contenteditable=\"false\"><img loading=\"lazy\" decoding=\"async\" id=\"imgv86198v43\" src=\"https:\/\/www.cronista.com\/files\/image\/344\/344678\/6102e1fb849a3_700_387!.webp?s=60207161d6593147be517cce539d815b&amp;d=1627578876&amp;oe=jpg\" width=\"700\" height=\"387\" data-vsmid=\"344678\" data-owidth=\"1920\" data-oheight=\"1080\" data-index=\"1\" \/><\/figure>\n<p>&nbsp;<\/p>\n<h4 class=\"ptitle\">C\u00d3MO NACI\u00d3 EL CLUB HOTEL DE LA VENTANA<\/h4>\n<p><u>Todo se remonta a los comienzos del siglo 20 y la medicina<\/u>: el m\u00e9dico\u00a0<b>F\u00e9lix Mu\u00f1oz<\/b>\u00a0ve\u00eda en la zona un buen sitio para la cura de enfermedades respiratorias y nerviosas, pens\u00f3 en construir un hospital o centro especializado para tratar enfermedades de esa \u00edndole. Pero necesitaba inversores. Junto con\u00a0<b>Manuel L\u00e1inez<\/b>, due\u00f1o de tierras en la zona, tocaron la puerta de la compa\u00f1\u00eda brit\u00e1nica\u00a0<b>Ferrocarril del Sud<\/b>, que administraba un exitoso ramal de ferrocarril.\u00a0<u>La compa\u00f1\u00eda vio en la propuesta una buena oportunidad para incrementar el tr\u00e1fico de pasajeros en la forma de un gigantesco complejo hotelero y vacacional<\/u>.<\/p>\n<p>&nbsp;<\/p>\n<p>De las hect\u00e1reas cedidas en acciones por\u00a0<b>L\u00e1inez<\/b>,\u00a0<u>la empresa seleccion\u00f3 aproximadamente 70 de ellas destinadas a construir el famoso hotel de descanso y placer para la aristocracia argentina y los altos funcionarios dedicados a la construcci\u00f3n de las redes ferroviarias de la Argentina, Brasil, Paraguay y Bolivia<\/u>.<\/p>\n<p>&nbsp;<\/p>\n<p class=\"ptitle\"><strong>LUJO PURO: UN FERROCARRIL EXCLUSIVO PARA EL CLUB HOTEL DE LA VENTANA<\/strong><\/p>\n<figure class=\"vsmimage\" contenteditable=\"false\"><img loading=\"lazy\" decoding=\"async\" id=\"imgv86198v44\" src=\"https:\/\/www.cronista.com\/files\/image\/344\/344679\/6102e276d7907_700_387!.webp?s=9ea1443eca654c8ff89728e6950ad4c1&amp;d=1627579000&amp;oe=jpg\" width=\"700\" height=\"387\" data-vsmid=\"344679\" data-owidth=\"1500\" data-oheight=\"843\" data-index=\"2\" \/><\/figure>\n<p>&nbsp;<\/p>\n<p>Cuando el complejo abri\u00f3 sus puertas, en pos de ofrecer una comodidad mayor para sus visitantes, hab\u00edan dispuesto autom\u00f3viles que llevaban a los pasajeros y su equipaje desde la estaci\u00f3n de\u00a0<b>Sauce Grande<\/b>, construida en 1903, hasta las puertas del hotel,\u00a0<b>19 km m\u00e1s adelante<\/b>. Pero\u00a0<u>la demanda creci\u00f3 y segu\u00eda creciendo, los autos ya no alcanzaban y era necesaria la creaci\u00f3n de una nueva soluci\u00f3n<\/u>.<\/p>\n<p><u>Se decidi\u00f3 construir un ramal ferroviario exclusivo para el complejo y sus clientes. Era un ramal de 19 km en medio de las sierras marplatenses que se inaugur\u00f3 el 30 de noviembre de 1914 y, a partir de entonces, aumentaron los lujos del complejo<\/u>.<\/p>\n<p>&nbsp;<\/p>\n<p class=\"ptitle\"><strong>TUMULTOS ECON\u00d3MICOS<\/strong><\/p>\n<p>No era todo color de rosas: si bien la demanda era buena, el contexto mundial y nacional econ\u00f3mico no lo eran.\u00a0<u>En 1913 ya se notaban los efectos de una gran depresi\u00f3n econ\u00f3mica y en 1914 lleg\u00f3 la Primera Guerra Mundial para complicar a\u00fan m\u00e1s el panorama e implic\u00f3 reajustes del presupuesto<\/u>. El complejo comenz\u00f3 a trabajar a p\u00e9rdida, pero no cerr\u00f3 sus puertas.<\/p>\n<p>&nbsp;<\/p>\n<p>Incluso, el 9 de julio de 1916 celebr\u00f3 el centenario de la independencia con una fiesta incre\u00edble, donde algunos de los participantes fueron\u00a0<u>la princesa Isabel de Borb\u00f3n, el Pr\u00edncipe de Gales, el presidente de Brasil y cientos de invitados especiales<\/u>.<\/p>\n<p>Sin embargo, y\u00a0<u>aunque todav\u00eda hab\u00edan aires de esperanza, faltaba poco para el golpe letal que significar\u00eda el principio del fin: en 1917, una ley sobre \u00abprohibici\u00f3n de juegos de azar\u00bb dispuso el cese de actividades de todas las salas de juego en el territorio nacional<\/u>. El\u00a0<b>Club Hotel de la Ventana<\/b>\u00a0<u>cerr\u00f3 al p\u00fablico, y sus propietarios, mayormente ingleses, dispusieron su liquidaci\u00f3n poco despu\u00e9s, el 14 de marzo de 1920<\/u>. El ramal de trocha angosta cerr\u00f3 una semana despu\u00e9s, el 21 de marzo.<\/p>\n<p>&nbsp;<\/p>\n<p class=\"ptitle\"><strong>ILUSI\u00d3N: UNA SALVACI\u00d3N INESPERADA<\/strong><\/p>\n<p>El\u00a0<b>gobierno<\/b>\u00a0de la\u00a0<a href=\"https:\/\/www.cronista.com\/tema\/provincia-de-buenos-aires\/\" target=\"_blank\" rel=\"noopener\">Provincia de Buenos Aires<\/a>\u00a0<u>se hizo cargo del edificio en\u00a0<\/u><u>1924<\/u><u>\u00a0con la intenci\u00f3n de instalar en \u00e9l una colonia de vacaciones<\/u>, pero el proyecto no prosper\u00f3. A\u00f1os m\u00e1s tarde, en\u00a0<b>1939<\/b>, un curioso episodio de la\u00a0<b>Segunda Guerra Mundial<\/b>\u00a0brind\u00f3 esperanza al hotel: el acorazado alem\u00e1n Admiral Graf Spee lleg\u00f3 al\u00a0<b>R\u00edo de la Plata<\/b>\u00a0perseguido por tres cruceros brit\u00e1nicos.<\/p>\n<p>Un d\u00eda despu\u00e9s, 1055 marinos del buque alem\u00e1n ingresaron a la Argentina por el puerto de Buenos Aires. El capit\u00e1n Langsdorff se suicid\u00f3 el 20 de diciembre, y los marinos fueron enviados por el gobierno nacional a distintos puntos del pa\u00eds: 250 a C\u00f3rdoba; 200 a Santa Fe, 100 a Mendoza, 50 a San Juan, y el resto a la isla Mart\u00edn Garc\u00eda.<\/p>\n<p>En diciembre de\u00a0<b>1943<\/b>,\u00a0<u>350 de ellos fueron trasladados en un tren especial hasta Coronel Pringles, y de all\u00ed en camiones del Ej\u00e9rcito hasta el Club Hotel de la Ventana, donde se dedicaron a trabajar para reacondicionar las instalaciones<\/u>. Pero la guerra termin\u00f3, y\u00a0<u>en febrero de\u00a0<\/u><u>1946<\/u><u>, los tripulantes fueron llevados nuevamente a Buenos Aires y de all\u00ed a Alemania<\/u>, en car\u00e1cter de prisioneros de guerra.\u00a0<u>El hotel volv\u00eda a estar en las sombras<\/u>.<\/p>\n<p>&nbsp;<\/p>\n<p class=\"ptitle\"><strong>SE CAY\u00d3 LA ILUSI\u00d3N: EL FINAL<\/strong><\/p>\n<p>En\u00a0<b>1961<\/b>, la\u00a0<u>Congregaci\u00f3n Salesiana obtuvo una concesi\u00f3n para instalar all\u00ed un centro recreativo, pero este dur\u00f3 poco<\/u>. Luego, se estableci\u00f3 el I<b>nstituto de Ordenamiento de Vertientes e Ingenier\u00eda Forestal Florentino Ameghino<\/b>, y hubo algunas obras de refacci\u00f3n. Se habl\u00f3 de rehabilitaci\u00f3n, hubo planes y hasta se llam\u00f3 a una licitaci\u00f3n, a la que se presentaron varias empresas, pero\u00a0<u>nunca se adjudic\u00f3 ning\u00fan trabajo, y jam\u00e1s comenz\u00f3 obra alguna<\/u>.<\/p>\n<p>M\u00e1s tarde, en\u00a0<b>1974<\/b>, el complejo fue ocupado, durante poco tiempo, por unidades del\u00a0<b>Comando del V Cuerpo<\/b>, que hac\u00edan ejercicios por la zona. En\u00a0<b>1978<\/b>, el entonces subsecretario de asuntos agrarios de la provincia de Buenos Aires, el ingeniero Salas,\u00a0<u>dijo que el hotel deb\u00eda ser demolido, porque no ten\u00eda ning\u00fan inter\u00e9s ni valor hist\u00f3rico y no se justificaba el mantenimiento. Eso tampoco se cumpli<\/u><u>\u00f3<\/u>.<\/p>\n<p>En\u00a0<b>1980<\/b>\u00a0la<b>\u00a0Sociedad An\u00f3nima Comercial e Industrial Frigor\u00edfico Guaran\u00ed<\/b>\u00a0compr\u00f3 el terreno, con la intenci\u00f3n de invertir cinco millones de d\u00f3lares para rehabilitarlo como centro tur\u00edstico, con un proyecto elaborado por un estudio de arquitectura de La Plata.<\/p>\n<p>Sin embargo,\u00a0<b>el 8 de julio de 1983<\/b>, cuando se hablaba de restauraci\u00f3n y reapertura,\u00a0<u>el legendario hotel fue asesinado por un incendio, un fuego accidental producto del golpe de un rayo en medio de una tormenta, aunque muchos cre\u00edan que el incendio hab\u00eda sido intencional<\/u>.<\/p>\n<\/div>\n<p>&nbsp;<\/p>\n<p><strong>Fuentes propias y del Cronista.<\/strong><\/p>\n","protected":false},"excerpt":{"rendered":"<p>Aristocracia, lujos, y m\u00e1s de 70 hect\u00e1reas de terreno: la historia de la creaci\u00f3n del hotel m\u00e1s lujoso de Am\u00e9rica del Sur, con un final inesperado. Qu\u00e9 pas\u00f3 y qu\u00e9 es hoy el Club Hotel de la Ventana.<\/p>\n","protected":false},"author":3,"featured_media":74794,"comment_status":"closed","ping_status":"closed","sticky":false,"template":"","format":"standard","meta":{"footnotes":""},"categories":[35,26,33],"tags":[48],"class_list":["post-74793","post","type-post","status-publish","format-standard","has-post-thumbnail","hentry","category-cultura","category-sociedad","category-turismo","tag-destacada"],"yoast_head":"<!-- This site is optimized with the Yoast SEO plugin v25.9 - https:\/\/yoast.com\/wordpress\/plugins\/seo\/ -->\n<title>Se cumplen 39 a\u00f1os del incendio que destruy\u00f3 el hotel m\u00e1s lujoso del mundo y que estaba en Argentina - Noticias Radio Reflejos<\/title>\n<meta name=\"robots\" content=\"index, follow, max-snippet:-1, max-image-preview:large, max-video-preview:-1\" \/>\n<link rel=\"canonical\" href=\"https:\/\/www.noticiasradioreflejos.com.ar\/2021\/se-cumplen-39-anos-del-incendio-que-destruyo-el-hotel-mas-lujoso-del-mundo-y-que-estaba-en-argentina\/\" \/>\n<meta property=\"og:locale\" content=\"es_ES\" \/>\n<meta property=\"og:type\" content=\"article\" \/>\n<meta property=\"og:title\" content=\"Se cumplen 39 a\u00f1os del incendio que destruy\u00f3 el hotel m\u00e1s lujoso del mundo y que estaba en Argentina - Noticias Radio Reflejos\" \/>\n<meta property=\"og:description\" content=\"Aristocracia, lujos, y m\u00e1s de 70 hect\u00e1reas de terreno: la historia de la creaci\u00f3n del hotel m\u00e1s lujoso de Am\u00e9rica del Sur, con un final inesperado. Qu\u00e9 pas\u00f3 y qu\u00e9 es hoy el Club Hotel de la Ventana.\" \/>\n<meta property=\"og:url\" content=\"https:\/\/www.noticiasradioreflejos.com.ar\/2021\/se-cumplen-39-anos-del-incendio-que-destruyo-el-hotel-mas-lujoso-del-mundo-y-que-estaba-en-argentina\/\" \/>\n<meta property=\"og:site_name\" content=\"Noticias Radio Reflejos\" \/>\n<meta property=\"article:published_time\" content=\"2022-07-08T13:26:15+00:00\" \/>\n<meta property=\"article:modified_time\" content=\"2022-07-08T13:34:24+00:00\" \/>\n<meta property=\"og:image\" content=\"https:\/\/www.noticiasradioreflejos.com.ar\/2021\/wp-content\/uploads\/2022\/07\/incendio-del-Club-Hotel-de-la-Ventana.jpg\" \/>\n\t<meta property=\"og:image:width\" content=\"600\" \/>\n\t<meta property=\"og:image:height\" content=\"338\" \/>\n\t<meta property=\"og:image:type\" content=\"image\/jpeg\" \/>\n<meta name=\"author\" content=\"Arnaldo Botto\" \/>\n<meta name=\"twitter:card\" content=\"summary_large_image\" \/>\n<script type=\"application\/ld+json\" class=\"yoast-schema-graph\">{\"@context\":\"https:\/\/schema.org\",\"@graph\":[{\"@type\":\"WebPage\",\"@id\":\"https:\/\/www.noticiasradioreflejos.com.ar\/2021\/se-cumplen-39-anos-del-incendio-que-destruyo-el-hotel-mas-lujoso-del-mundo-y-que-estaba-en-argentina\/\",\"url\":\"https:\/\/www.noticiasradioreflejos.com.ar\/2021\/se-cumplen-39-anos-del-incendio-que-destruyo-el-hotel-mas-lujoso-del-mundo-y-que-estaba-en-argentina\/\",\"name\":\"Se cumplen 39 a\u00f1os del incendio que destruy\u00f3 el hotel m\u00e1s lujoso del mundo y que estaba en Argentina - Noticias Radio Reflejos\",\"isPartOf\":{\"@id\":\"https:\/\/www.noticiasradioreflejos.com.ar\/2021\/#website\"},\"primaryImageOfPage\":{\"@id\":\"https:\/\/www.noticiasradioreflejos.com.ar\/2021\/se-cumplen-39-anos-del-incendio-que-destruyo-el-hotel-mas-lujoso-del-mundo-y-que-estaba-en-argentina\/#primaryimage\"},\"image\":{\"@id\":\"https:\/\/www.noticiasradioreflejos.com.ar\/2021\/se-cumplen-39-anos-del-incendio-que-destruyo-el-hotel-mas-lujoso-del-mundo-y-que-estaba-en-argentina\/#primaryimage\"},\"thumbnailUrl\":\"https:\/\/www.noticiasradioreflejos.com.ar\/2021\/wp-content\/uploads\/2022\/07\/incendio-del-Club-Hotel-de-la-Ventana.jpg\",\"datePublished\":\"2022-07-08T13:26:15+00:00\",\"dateModified\":\"2022-07-08T13:34:24+00:00\",\"author\":{\"@id\":\"https:\/\/www.noticiasradioreflejos.com.ar\/2021\/#\/schema\/person\/ad82545263dcc5ec0996818884fd5fb1\"},\"breadcrumb\":{\"@id\":\"https:\/\/www.noticiasradioreflejos.com.ar\/2021\/se-cumplen-39-anos-del-incendio-que-destruyo-el-hotel-mas-lujoso-del-mundo-y-que-estaba-en-argentina\/#breadcrumb\"},\"inLanguage\":\"es\",\"potentialAction\":[{\"@type\":\"ReadAction\",\"target\":[\"https:\/\/www.noticiasradioreflejos.com.ar\/2021\/se-cumplen-39-anos-del-incendio-que-destruyo-el-hotel-mas-lujoso-del-mundo-y-que-estaba-en-argentina\/\"]}]},{\"@type\":\"ImageObject\",\"inLanguage\":\"es\",\"@id\":\"https:\/\/www.noticiasradioreflejos.com.ar\/2021\/se-cumplen-39-anos-del-incendio-que-destruyo-el-hotel-mas-lujoso-del-mundo-y-que-estaba-en-argentina\/#primaryimage\",\"url\":\"https:\/\/www.noticiasradioreflejos.com.ar\/2021\/wp-content\/uploads\/2022\/07\/incendio-del-Club-Hotel-de-la-Ventana.jpg\",\"contentUrl\":\"https:\/\/www.noticiasradioreflejos.com.ar\/2021\/wp-content\/uploads\/2022\/07\/incendio-del-Club-Hotel-de-la-Ventana.jpg\",\"width\":600,\"height\":338},{\"@type\":\"BreadcrumbList\",\"@id\":\"https:\/\/www.noticiasradioreflejos.com.ar\/2021\/se-cumplen-39-anos-del-incendio-que-destruyo-el-hotel-mas-lujoso-del-mundo-y-que-estaba-en-argentina\/#breadcrumb\",\"itemListElement\":[{\"@type\":\"ListItem\",\"position\":1,\"name\":\"Portada\",\"item\":\"https:\/\/www.noticiasradioreflejos.com.ar\/2021\/\"},{\"@type\":\"ListItem\",\"position\":2,\"name\":\"Se cumplen 39 a\u00f1os del incendio que destruy\u00f3 el hotel m\u00e1s lujoso del mundo y que estaba en Argentina\"}]},{\"@type\":\"WebSite\",\"@id\":\"https:\/\/www.noticiasradioreflejos.com.ar\/2021\/#website\",\"url\":\"https:\/\/www.noticiasradioreflejos.com.ar\/2021\/\",\"name\":\"Noticias Radio Reflejos\",\"description\":\"Las noticias de mi comarca\",\"potentialAction\":[{\"@type\":\"SearchAction\",\"target\":{\"@type\":\"EntryPoint\",\"urlTemplate\":\"https:\/\/www.noticiasradioreflejos.com.ar\/2021\/?s={search_term_string}\"},\"query-input\":{\"@type\":\"PropertyValueSpecification\",\"valueRequired\":true,\"valueName\":\"search_term_string\"}}],\"inLanguage\":\"es\"},{\"@type\":\"Person\",\"@id\":\"https:\/\/www.noticiasradioreflejos.com.ar\/2021\/#\/schema\/person\/ad82545263dcc5ec0996818884fd5fb1\",\"name\":\"Arnaldo Botto\",\"image\":{\"@type\":\"ImageObject\",\"inLanguage\":\"es\",\"@id\":\"https:\/\/www.noticiasradioreflejos.com.ar\/2021\/#\/schema\/person\/image\/\",\"url\":\"https:\/\/secure.gravatar.com\/avatar\/55cb5e37c1efa326397366e6974cb338056df65cb50e7d64d1cf314e87504837?s=96&d=mm&r=g\",\"contentUrl\":\"https:\/\/secure.gravatar.com\/avatar\/55cb5e37c1efa326397366e6974cb338056df65cb50e7d64d1cf314e87504837?s=96&d=mm&r=g\",\"caption\":\"Arnaldo Botto\"},\"url\":\"https:\/\/www.noticiasradioreflejos.com.ar\/2021\/author\/arnaldo\/\"}]}<\/script>\n<!-- \/ Yoast SEO plugin. -->","yoast_head_json":{"title":"Se cumplen 39 a\u00f1os del incendio que destruy\u00f3 el hotel m\u00e1s lujoso del mundo y que estaba en Argentina - Noticias Radio Reflejos","robots":{"index":"index","follow":"follow","max-snippet":"max-snippet:-1","max-image-preview":"max-image-preview:large","max-video-preview":"max-video-preview:-1"},"canonical":"https:\/\/www.noticiasradioreflejos.com.ar\/2021\/se-cumplen-39-anos-del-incendio-que-destruyo-el-hotel-mas-lujoso-del-mundo-y-que-estaba-en-argentina\/","og_locale":"es_ES","og_type":"article","og_title":"Se cumplen 39 a\u00f1os del incendio que destruy\u00f3 el hotel m\u00e1s lujoso del mundo y que estaba en Argentina - Noticias Radio Reflejos","og_description":"Aristocracia, lujos, y m\u00e1s de 70 hect\u00e1reas de terreno: la historia de la creaci\u00f3n del hotel m\u00e1s lujoso de Am\u00e9rica del Sur, con un final inesperado. Qu\u00e9 pas\u00f3 y qu\u00e9 es hoy el Club Hotel de la Ventana.","og_url":"https:\/\/www.noticiasradioreflejos.com.ar\/2021\/se-cumplen-39-anos-del-incendio-que-destruyo-el-hotel-mas-lujoso-del-mundo-y-que-estaba-en-argentina\/","og_site_name":"Noticias Radio Reflejos","article_published_time":"2022-07-08T13:26:15+00:00","article_modified_time":"2022-07-08T13:34:24+00:00","og_image":[{"width":600,"height":338,"url":"https:\/\/www.noticiasradioreflejos.com.ar\/2021\/wp-content\/uploads\/2022\/07\/incendio-del-Club-Hotel-de-la-Ventana.jpg","type":"image\/jpeg"}],"author":"Arnaldo Botto","twitter_card":"summary_large_image","schema":{"@context":"https:\/\/schema.org","@graph":[{"@type":"WebPage","@id":"https:\/\/www.noticiasradioreflejos.com.ar\/2021\/se-cumplen-39-anos-del-incendio-que-destruyo-el-hotel-mas-lujoso-del-mundo-y-que-estaba-en-argentina\/","url":"https:\/\/www.noticiasradioreflejos.com.ar\/2021\/se-cumplen-39-anos-del-incendio-que-destruyo-el-hotel-mas-lujoso-del-mundo-y-que-estaba-en-argentina\/","name":"Se cumplen 39 a\u00f1os del incendio que destruy\u00f3 el hotel m\u00e1s lujoso del mundo y que estaba en Argentina - Noticias Radio Reflejos","isPartOf":{"@id":"https:\/\/www.noticiasradioreflejos.com.ar\/2021\/#website"},"primaryImageOfPage":{"@id":"https:\/\/www.noticiasradioreflejos.com.ar\/2021\/se-cumplen-39-anos-del-incendio-que-destruyo-el-hotel-mas-lujoso-del-mundo-y-que-estaba-en-argentina\/#primaryimage"},"image":{"@id":"https:\/\/www.noticiasradioreflejos.com.ar\/2021\/se-cumplen-39-anos-del-incendio-que-destruyo-el-hotel-mas-lujoso-del-mundo-y-que-estaba-en-argentina\/#primaryimage"},"thumbnailUrl":"https:\/\/www.noticiasradioreflejos.com.ar\/2021\/wp-content\/uploads\/2022\/07\/incendio-del-Club-Hotel-de-la-Ventana.jpg","datePublished":"2022-07-08T13:26:15+00:00","dateModified":"2022-07-08T13:34:24+00:00","author":{"@id":"https:\/\/www.noticiasradioreflejos.com.ar\/2021\/#\/schema\/person\/ad82545263dcc5ec0996818884fd5fb1"},"breadcrumb":{"@id":"https:\/\/www.noticiasradioreflejos.com.ar\/2021\/se-cumplen-39-anos-del-incendio-que-destruyo-el-hotel-mas-lujoso-del-mundo-y-que-estaba-en-argentina\/#breadcrumb"},"inLanguage":"es","potentialAction":[{"@type":"ReadAction","target":["https:\/\/www.noticiasradioreflejos.com.ar\/2021\/se-cumplen-39-anos-del-incendio-que-destruyo-el-hotel-mas-lujoso-del-mundo-y-que-estaba-en-argentina\/"]}]},{"@type":"ImageObject","inLanguage":"es","@id":"https:\/\/www.noticiasradioreflejos.com.ar\/2021\/se-cumplen-39-anos-del-incendio-que-destruyo-el-hotel-mas-lujoso-del-mundo-y-que-estaba-en-argentina\/#primaryimage","url":"https:\/\/www.noticiasradioreflejos.com.ar\/2021\/wp-content\/uploads\/2022\/07\/incendio-del-Club-Hotel-de-la-Ventana.jpg","contentUrl":"https:\/\/www.noticiasradioreflejos.com.ar\/2021\/wp-content\/uploads\/2022\/07\/incendio-del-Club-Hotel-de-la-Ventana.jpg","width":600,"height":338},{"@type":"BreadcrumbList","@id":"https:\/\/www.noticiasradioreflejos.com.ar\/2021\/se-cumplen-39-anos-del-incendio-que-destruyo-el-hotel-mas-lujoso-del-mundo-y-que-estaba-en-argentina\/#breadcrumb","itemListElement":[{"@type":"ListItem","position":1,"name":"Portada","item":"https:\/\/www.noticiasradioreflejos.com.ar\/2021\/"},{"@type":"ListItem","position":2,"name":"Se cumplen 39 a\u00f1os del incendio que destruy\u00f3 el hotel m\u00e1s lujoso del mundo y que estaba en Argentina"}]},{"@type":"WebSite","@id":"https:\/\/www.noticiasradioreflejos.com.ar\/2021\/#website","url":"https:\/\/www.noticiasradioreflejos.com.ar\/2021\/","name":"Noticias Radio Reflejos","description":"Las noticias de mi comarca","potentialAction":[{"@type":"SearchAction","target":{"@type":"EntryPoint","urlTemplate":"https:\/\/www.noticiasradioreflejos.com.ar\/2021\/?s={search_term_string}"},"query-input":{"@type":"PropertyValueSpecification","valueRequired":true,"valueName":"search_term_string"}}],"inLanguage":"es"},{"@type":"Person","@id":"https:\/\/www.noticiasradioreflejos.com.ar\/2021\/#\/schema\/person\/ad82545263dcc5ec0996818884fd5fb1","name":"Arnaldo Botto","image":{"@type":"ImageObject","inLanguage":"es","@id":"https:\/\/www.noticiasradioreflejos.com.ar\/2021\/#\/schema\/person\/image\/","url":"https:\/\/secure.gravatar.com\/avatar\/55cb5e37c1efa326397366e6974cb338056df65cb50e7d64d1cf314e87504837?s=96&d=mm&r=g","contentUrl":"https:\/\/secure.gravatar.com\/avatar\/55cb5e37c1efa326397366e6974cb338056df65cb50e7d64d1cf314e87504837?s=96&d=mm&r=g","caption":"Arnaldo Botto"},"url":"https:\/\/www.noticiasradioreflejos.com.ar\/2021\/author\/arnaldo\/"}]}},"_links":{"self":[{"href":"https:\/\/www.noticiasradioreflejos.com.ar\/2021\/wp-json\/wp\/v2\/posts\/74793","targetHints":{"allow":["GET"]}}],"collection":[{"href":"https:\/\/www.noticiasradioreflejos.com.ar\/2021\/wp-json\/wp\/v2\/posts"}],"about":[{"href":"https:\/\/www.noticiasradioreflejos.com.ar\/2021\/wp-json\/wp\/v2\/types\/post"}],"author":[{"embeddable":true,"href":"https:\/\/www.noticiasradioreflejos.com.ar\/2021\/wp-json\/wp\/v2\/users\/3"}],"replies":[{"embeddable":true,"href":"https:\/\/www.noticiasradioreflejos.com.ar\/2021\/wp-json\/wp\/v2\/comments?post=74793"}],"version-history":[{"count":3,"href":"https:\/\/www.noticiasradioreflejos.com.ar\/2021\/wp-json\/wp\/v2\/posts\/74793\/revisions"}],"predecessor-version":[{"id":74797,"href":"https:\/\/www.noticiasradioreflejos.com.ar\/2021\/wp-json\/wp\/v2\/posts\/74793\/revisions\/74797"}],"wp:featuredmedia":[{"embeddable":true,"href":"https:\/\/www.noticiasradioreflejos.com.ar\/2021\/wp-json\/wp\/v2\/media\/74794"}],"wp:attachment":[{"href":"https:\/\/www.noticiasradioreflejos.com.ar\/2021\/wp-json\/wp\/v2\/media?parent=74793"}],"wp:term":[{"taxonomy":"category","embeddable":true,"href":"https:\/\/www.noticiasradioreflejos.com.ar\/2021\/wp-json\/wp\/v2\/categories?post=74793"},{"taxonomy":"post_tag","embeddable":true,"href":"https:\/\/www.noticiasradioreflejos.com.ar\/2021\/wp-json\/wp\/v2\/tags?post=74793"}],"curies":[{"name":"wp","href":"https:\/\/api.w.org\/{rel}","templated":true}]}}