{"id":74783,"date":"2022-07-08T12:28:26","date_gmt":"2022-07-08T12:28:26","guid":{"rendered":"http:\/\/www.noticiasradioreflejos.com.ar\/2021\/?p=74783"},"modified":"2022-07-08T13:12:41","modified_gmt":"2022-07-08T13:12:41","slug":"coronel-suarez-sin-acuerdo-los-empleados-municipales-efectuaron-protestas-quemando-cubiertas-y-ramas","status":"publish","type":"post","link":"https:\/\/www.noticiasradioreflejos.com.ar\/2021\/coronel-suarez-sin-acuerdo-los-empleados-municipales-efectuaron-protestas-quemando-cubiertas-y-ramas\/","title":{"rendered":"Coronel Suarez: Sin acuerdo los empleados municipales efectuaron protestas quemando cubiertas y ramas."},"content":{"rendered":"<div class=\"td-post-header\">\n<header class=\"td-post-title\">\n<div class=\"td-module-meta-info\">El secretario del Sindicato de Trabajadores mMunicipales Rub\u00e9n Allende asegur\u00f3 en conversaci\u00f3n con Nuevo D\u00eda que el Intendente manipula la informaci\u00f3n sobre las negociaciones al manifestar una realidad distorsionada de los hechos, tratando de desvirtuar \u201cel leg\u00edtimo reclamo que los trabajadores municipales vienen realizando\u201d.<\/div>\n<\/header>\n<\/div>\n<p><!--more--><\/p>\n<div class=\"td-post-content tagdiv-type\">\n<p>Adem\u00e1s nuevamente Allende se\u00f1al\u00f3 que el Ejecutivo viene realizando pr\u00e1cticas ilegales y desleales al anunciar p\u00fablicamente que piensa tercerizar el servicio de recolecci\u00f3n de residuos en la ciudad por los medios, aumentando el costo para los contribuyentes, siendo que desde la municipalidad se poseen los recursos humanos y materiales para brindar correctamente el servicio, como as\u00ed tambi\u00e9n al ofrecer bonificaciones a algunos empleados y a realizarle quitas en sus haberes a otros, marcando que no se entiende el accionar del Ejecutivo al violentar el derecho constitucional de las asambleas.<\/p>\n<p><img loading=\"lazy\" decoding=\"async\" class=\"size-large wp-image-48984 aligncenter\" src=\"https:\/\/www.diarionuevodia.com.ar\/wp-content\/uploads\/2022\/07\/quemas-1-1024x768.jpg\" sizes=\"auto, (max-width: 696px) 100vw, 696px\" srcset=\"https:\/\/www.diarionuevodia.com.ar\/wp-content\/uploads\/2022\/07\/quemas-1.jpg 1024w, https:\/\/www.diarionuevodia.com.ar\/wp-content\/uploads\/2022\/07\/quemas-1-300x225.jpg 300w, https:\/\/www.diarionuevodia.com.ar\/wp-content\/uploads\/2022\/07\/quemas-1-768x576.jpg 768w, https:\/\/www.diarionuevodia.com.ar\/wp-content\/uploads\/2022\/07\/quemas-1-80x60.jpg 80w, https:\/\/www.diarionuevodia.com.ar\/wp-content\/uploads\/2022\/07\/quemas-1-265x198.jpg 265w, https:\/\/www.diarionuevodia.com.ar\/wp-content\/uploads\/2022\/07\/quemas-1-696x522.jpg 696w, https:\/\/www.diarionuevodia.com.ar\/wp-content\/uploads\/2022\/07\/quemas-1-560x420.jpg 560w, https:\/\/www.diarionuevodia.com.ar\/wp-content\/uploads\/2022\/07\/quemas-1-128x96.jpg 128w, https:\/\/www.diarionuevodia.com.ar\/wp-content\/uploads\/2022\/07\/quemas-1-32x24.jpg 32w\" alt=\"\" width=\"696\" height=\"522\" \/><\/p>\n<p>Por otra parte marc\u00f3 que si bien la \u00faltima propuesta resulta insuficiente, desde el sindicato elevaron por mesa de entrada una nota ante el Ministerio de Trabajo solicitando al Ejecutivo, entre otras cosas, que se levanten las sanciones y los descuentos sobre los haberes de los trabajadores como as\u00ed tambi\u00e9n se restituya los descuentos que los trabajadores percib\u00edan (incluyendo la mercader\u00eda que ya retirada de los comercios locales) motivo por el cual desde la agrupaci\u00f3n sindical hab\u00edan manifestado su descontento y la preocupaci\u00f3n hace algunas semanas al no poder contar con los fondos depositados para abonar a los comerciantes afectados. Y que sobre esa propuesta del 60 % con un 10% a julio que a su entender resulta mentirosa dado que est\u00e1n plasmados sobre los salarios de marzo del presente a\u00f1o, con lo cual el aumento representa a julio s\u00f3lo un 7,5%, pero dependiendo de la restituci\u00f3n de dichas condiciones llamar\u00edan a asamblea para poder ah\u00ed si debatir sobre las medidas a seguir sobre la propuesta pudiendo ser aceptada o no por los trabajadores. Sobre este punto al cierre de la presente edici\u00f3n se confirm\u00f3 que desde el Tribunal de Trabajo N\u00b02 de Bah\u00eda Blanca, dictaron una medida cautelar a favor del sindicato municipal a fines de suspender el Decreto 1324\/2022 del Ejecutivo por el cual se dispon\u00eda dejar sin efecto todos los bonos descuentos en los recibos de sueldo de los trabajadores municipales.<\/p>\n<p>Al ser consultado Rub\u00e9n Allende sobre el tema expres\u00f3 que \u201cnunca presentaron acto administrativo alguno por el descuento que efectuaron es por eso que lo consideramos una medida desleal m\u00e1s para dilatar un conflicto que deber\u00eda estar solucionado desde el pasado 16 de junio\u201d.<\/p>\n<p><img loading=\"lazy\" decoding=\"async\" class=\"size-large wp-image-48985 aligncenter\" src=\"https:\/\/www.diarionuevodia.com.ar\/wp-content\/uploads\/2022\/07\/quema-TAPA-2-1024x768.jpg\" sizes=\"auto, (max-width: 696px) 100vw, 696px\" srcset=\"https:\/\/www.diarionuevodia.com.ar\/wp-content\/uploads\/2022\/07\/quema-TAPA-2.jpg 1024w, https:\/\/www.diarionuevodia.com.ar\/wp-content\/uploads\/2022\/07\/quema-TAPA-2-300x225.jpg 300w, https:\/\/www.diarionuevodia.com.ar\/wp-content\/uploads\/2022\/07\/quema-TAPA-2-768x576.jpg 768w, https:\/\/www.diarionuevodia.com.ar\/wp-content\/uploads\/2022\/07\/quema-TAPA-2-80x60.jpg 80w, https:\/\/www.diarionuevodia.com.ar\/wp-content\/uploads\/2022\/07\/quema-TAPA-2-265x198.jpg 265w, https:\/\/www.diarionuevodia.com.ar\/wp-content\/uploads\/2022\/07\/quema-TAPA-2-696x522.jpg 696w, https:\/\/www.diarionuevodia.com.ar\/wp-content\/uploads\/2022\/07\/quema-TAPA-2-560x420.jpg 560w, https:\/\/www.diarionuevodia.com.ar\/wp-content\/uploads\/2022\/07\/quema-TAPA-2-128x96.jpg 128w, https:\/\/www.diarionuevodia.com.ar\/wp-content\/uploads\/2022\/07\/quema-TAPA-2-32x24.jpg 32w\" alt=\"\" width=\"696\" height=\"522\" \/><\/p>\n<p>Adem\u00e1s especific\u00f3 que la respuesta por parte del ejecutivo a dicha nota que ingres\u00f3 por mesa de entrada solicitando las restituciones se\u00f1aladas era condici\u00f3n necesaria para que desde el gremio puedan convocar a una asamblea entre los trabajadores a fin de analizar la \u00faltima propuesta antes de la audiencia virtual fijada para el d\u00eda de hoy -v\u00eda zoom- para las 14:00 ante el Ministerio de Trabajo y, al no llegar respuesta, se llega a una nueva audiencia sin tener un propuesta para ser presentada en asamblea y que as\u00ed los trabajadores puedan votar por s\u00ed o por no.<\/p>\n<p>&nbsp;<\/p>\n<h4><strong>Sobre lo que dijo Ricardo Moccero<\/strong><\/h4>\n<p>Al ser consultado, Rub\u00e9n Allende se\u00f1al\u00f3 enf\u00e1ticamente que \u201cla quema del d\u00eda de ayer fue iniciada por el Intendente Municipal con las declaraciones que realiz\u00f3 p\u00fablicamente\u201d y al ser consultado sobre por qu\u00e9 lo entend\u00eda de esta manera, resalt\u00f3 \u201ceste conflicto deber\u00eda estar resuelto hace rato, los vecinos nos piden que solucionemos el conflicto, pero las declaraciones de Moccero (Ricardo) se\u00f1alando que iba a tercerizar el servicio de recolecci\u00f3n, adem\u00e1s de anunciar bonificaciones a quienes trabajaron, deslegitimando el reclamo, muestran que no existe una vocaci\u00f3n de soluci\u00f3n al conflicto y que se apela a la dilataci\u00f3n del mismo para generar un desgaste en los trabajadores y esto genera situaciones como las que se vivieron en el d\u00eda de ayer con diversas quemas tanto de ramas como de neum\u00e1ticos en diferentes puntos de la ciudad\u201d ante trabajadores que a su entender no toleran m\u00e1s la postura del Intendente.<\/p>\n<p><img loading=\"lazy\" decoding=\"async\" class=\"size-large wp-image-48986 aligncenter\" src=\"https:\/\/www.diarionuevodia.com.ar\/wp-content\/uploads\/2022\/07\/quema-3-1024x768.jpeg\" sizes=\"auto, (max-width: 696px) 100vw, 696px\" srcset=\"https:\/\/www.diarionuevodia.com.ar\/wp-content\/uploads\/2022\/07\/quema-3.jpeg 1024w, https:\/\/www.diarionuevodia.com.ar\/wp-content\/uploads\/2022\/07\/quema-3-300x225.jpeg 300w, https:\/\/www.diarionuevodia.com.ar\/wp-content\/uploads\/2022\/07\/quema-3-768x576.jpeg 768w, https:\/\/www.diarionuevodia.com.ar\/wp-content\/uploads\/2022\/07\/quema-3-80x60.jpeg 80w, https:\/\/www.diarionuevodia.com.ar\/wp-content\/uploads\/2022\/07\/quema-3-265x198.jpeg 265w, https:\/\/www.diarionuevodia.com.ar\/wp-content\/uploads\/2022\/07\/quema-3-696x522.jpeg 696w, https:\/\/www.diarionuevodia.com.ar\/wp-content\/uploads\/2022\/07\/quema-3-560x420.jpeg 560w, https:\/\/www.diarionuevodia.com.ar\/wp-content\/uploads\/2022\/07\/quema-3-128x96.jpeg 128w, https:\/\/www.diarionuevodia.com.ar\/wp-content\/uploads\/2022\/07\/quema-3-32x24.jpeg 32w\" alt=\"\" width=\"696\" height=\"522\" \/><\/p>\n<p>Seguidamente aclar\u00f3 que no existi\u00f3 una actitud org\u00e1nica desde el Sindicato exigi\u00e9ndoles a los trabajadores realizar dichas quemas, pero que la actitud prepotente del Intendente Moccero, fue el detonante en muchos trabajadores que solamente est\u00e1n ejerciendo su derecho constitucional a asamblea, y que ven con cierto hartazgo la falta de avances en la situaci\u00f3n.<\/p>\n<\/div>\n","protected":false},"excerpt":{"rendered":"<p>El secretario del Sindicato de Trabajadores mMunicipales Rub\u00e9n Allende asegur\u00f3 en conversaci\u00f3n con Nuevo D\u00eda que el Intendente manipula la informaci\u00f3n sobre las negociaciones al manifestar una realidad distorsionada de los hechos, tratando de desvirtuar \u201cel leg\u00edtimo reclamo que los trabajadores municipales vienen realizando\u201d.<\/p>\n","protected":false},"author":3,"featured_media":0,"comment_status":"closed","ping_status":"closed","sticky":false,"template":"","format":"standard","meta":{"footnotes":""},"categories":[24],"tags":[],"class_list":["post-74783","post","type-post","status-publish","format-standard","hentry","category-politica"],"yoast_head":"<!-- This site is optimized with the Yoast SEO plugin v25.9 - https:\/\/yoast.com\/wordpress\/plugins\/seo\/ -->\n<title>Coronel Suarez: Sin acuerdo los empleados municipales efectuaron protestas quemando cubiertas y ramas. - Noticias Radio Reflejos<\/title>\n<meta name=\"robots\" content=\"index, follow, max-snippet:-1, max-image-preview:large, max-video-preview:-1\" \/>\n<link rel=\"canonical\" href=\"https:\/\/www.noticiasradioreflejos.com.ar\/2021\/coronel-suarez-sin-acuerdo-los-empleados-municipales-efectuaron-protestas-quemando-cubiertas-y-ramas\/\" \/>\n<meta property=\"og:locale\" content=\"es_ES\" \/>\n<meta property=\"og:type\" content=\"article\" \/>\n<meta property=\"og:title\" content=\"Coronel Suarez: Sin acuerdo los empleados municipales efectuaron protestas quemando cubiertas y ramas. - Noticias Radio Reflejos\" \/>\n<meta property=\"og:description\" content=\"El secretario del Sindicato de Trabajadores mMunicipales Rub\u00e9n Allende asegur\u00f3 en conversaci\u00f3n con Nuevo D\u00eda que el Intendente manipula la informaci\u00f3n sobre las negociaciones al manifestar una realidad distorsionada de los hechos, tratando de desvirtuar \u201cel leg\u00edtimo reclamo que los trabajadores municipales vienen realizando\u201d.\" \/>\n<meta property=\"og:url\" content=\"https:\/\/www.noticiasradioreflejos.com.ar\/2021\/coronel-suarez-sin-acuerdo-los-empleados-municipales-efectuaron-protestas-quemando-cubiertas-y-ramas\/\" \/>\n<meta property=\"og:site_name\" content=\"Noticias Radio Reflejos\" \/>\n<meta property=\"article:published_time\" content=\"2022-07-08T12:28:26+00:00\" \/>\n<meta property=\"article:modified_time\" content=\"2022-07-08T13:12:41+00:00\" \/>\n<meta property=\"og:image\" content=\"https:\/\/www.diarionuevodia.com.ar\/wp-content\/uploads\/2022\/07\/quemas-1-1024x768.jpg\" \/>\n<meta name=\"author\" content=\"Arnaldo Botto\" \/>\n<meta name=\"twitter:card\" content=\"summary_large_image\" \/>\n<script type=\"application\/ld+json\" class=\"yoast-schema-graph\">{\"@context\":\"https:\/\/schema.org\",\"@graph\":[{\"@type\":\"WebPage\",\"@id\":\"https:\/\/www.noticiasradioreflejos.com.ar\/2021\/coronel-suarez-sin-acuerdo-los-empleados-municipales-efectuaron-protestas-quemando-cubiertas-y-ramas\/\",\"url\":\"https:\/\/www.noticiasradioreflejos.com.ar\/2021\/coronel-suarez-sin-acuerdo-los-empleados-municipales-efectuaron-protestas-quemando-cubiertas-y-ramas\/\",\"name\":\"Coronel Suarez: Sin acuerdo los empleados municipales efectuaron protestas quemando cubiertas y ramas. - Noticias Radio Reflejos\",\"isPartOf\":{\"@id\":\"https:\/\/www.noticiasradioreflejos.com.ar\/2021\/#website\"},\"primaryImageOfPage\":{\"@id\":\"https:\/\/www.noticiasradioreflejos.com.ar\/2021\/coronel-suarez-sin-acuerdo-los-empleados-municipales-efectuaron-protestas-quemando-cubiertas-y-ramas\/#primaryimage\"},\"image\":{\"@id\":\"https:\/\/www.noticiasradioreflejos.com.ar\/2021\/coronel-suarez-sin-acuerdo-los-empleados-municipales-efectuaron-protestas-quemando-cubiertas-y-ramas\/#primaryimage\"},\"thumbnailUrl\":\"https:\/\/www.diarionuevodia.com.ar\/wp-content\/uploads\/2022\/07\/quemas-1-1024x768.jpg\",\"datePublished\":\"2022-07-08T12:28:26+00:00\",\"dateModified\":\"2022-07-08T13:12:41+00:00\",\"author\":{\"@id\":\"https:\/\/www.noticiasradioreflejos.com.ar\/2021\/#\/schema\/person\/ad82545263dcc5ec0996818884fd5fb1\"},\"breadcrumb\":{\"@id\":\"https:\/\/www.noticiasradioreflejos.com.ar\/2021\/coronel-suarez-sin-acuerdo-los-empleados-municipales-efectuaron-protestas-quemando-cubiertas-y-ramas\/#breadcrumb\"},\"inLanguage\":\"es\",\"potentialAction\":[{\"@type\":\"ReadAction\",\"target\":[\"https:\/\/www.noticiasradioreflejos.com.ar\/2021\/coronel-suarez-sin-acuerdo-los-empleados-municipales-efectuaron-protestas-quemando-cubiertas-y-ramas\/\"]}]},{\"@type\":\"ImageObject\",\"inLanguage\":\"es\",\"@id\":\"https:\/\/www.noticiasradioreflejos.com.ar\/2021\/coronel-suarez-sin-acuerdo-los-empleados-municipales-efectuaron-protestas-quemando-cubiertas-y-ramas\/#primaryimage\",\"url\":\"https:\/\/www.diarionuevodia.com.ar\/wp-content\/uploads\/2022\/07\/quemas-1-1024x768.jpg\",\"contentUrl\":\"https:\/\/www.diarionuevodia.com.ar\/wp-content\/uploads\/2022\/07\/quemas-1-1024x768.jpg\"},{\"@type\":\"BreadcrumbList\",\"@id\":\"https:\/\/www.noticiasradioreflejos.com.ar\/2021\/coronel-suarez-sin-acuerdo-los-empleados-municipales-efectuaron-protestas-quemando-cubiertas-y-ramas\/#breadcrumb\",\"itemListElement\":[{\"@type\":\"ListItem\",\"position\":1,\"name\":\"Portada\",\"item\":\"https:\/\/www.noticiasradioreflejos.com.ar\/2021\/\"},{\"@type\":\"ListItem\",\"position\":2,\"name\":\"Coronel Suarez: Sin acuerdo los empleados municipales efectuaron protestas quemando cubiertas y ramas.\"}]},{\"@type\":\"WebSite\",\"@id\":\"https:\/\/www.noticiasradioreflejos.com.ar\/2021\/#website\",\"url\":\"https:\/\/www.noticiasradioreflejos.com.ar\/2021\/\",\"name\":\"Noticias Radio Reflejos\",\"description\":\"Las noticias de mi comarca\",\"potentialAction\":[{\"@type\":\"SearchAction\",\"target\":{\"@type\":\"EntryPoint\",\"urlTemplate\":\"https:\/\/www.noticiasradioreflejos.com.ar\/2021\/?s={search_term_string}\"},\"query-input\":{\"@type\":\"PropertyValueSpecification\",\"valueRequired\":true,\"valueName\":\"search_term_string\"}}],\"inLanguage\":\"es\"},{\"@type\":\"Person\",\"@id\":\"https:\/\/www.noticiasradioreflejos.com.ar\/2021\/#\/schema\/person\/ad82545263dcc5ec0996818884fd5fb1\",\"name\":\"Arnaldo Botto\",\"image\":{\"@type\":\"ImageObject\",\"inLanguage\":\"es\",\"@id\":\"https:\/\/www.noticiasradioreflejos.com.ar\/2021\/#\/schema\/person\/image\/\",\"url\":\"https:\/\/secure.gravatar.com\/avatar\/55cb5e37c1efa326397366e6974cb338056df65cb50e7d64d1cf314e87504837?s=96&d=mm&r=g\",\"contentUrl\":\"https:\/\/secure.gravatar.com\/avatar\/55cb5e37c1efa326397366e6974cb338056df65cb50e7d64d1cf314e87504837?s=96&d=mm&r=g\",\"caption\":\"Arnaldo Botto\"},\"url\":\"https:\/\/www.noticiasradioreflejos.com.ar\/2021\/author\/arnaldo\/\"}]}<\/script>\n<!-- \/ Yoast SEO plugin. -->","yoast_head_json":{"title":"Coronel Suarez: Sin acuerdo los empleados municipales efectuaron protestas quemando cubiertas y ramas. - Noticias Radio Reflejos","robots":{"index":"index","follow":"follow","max-snippet":"max-snippet:-1","max-image-preview":"max-image-preview:large","max-video-preview":"max-video-preview:-1"},"canonical":"https:\/\/www.noticiasradioreflejos.com.ar\/2021\/coronel-suarez-sin-acuerdo-los-empleados-municipales-efectuaron-protestas-quemando-cubiertas-y-ramas\/","og_locale":"es_ES","og_type":"article","og_title":"Coronel Suarez: Sin acuerdo los empleados municipales efectuaron protestas quemando cubiertas y ramas. - Noticias Radio Reflejos","og_description":"El secretario del Sindicato de Trabajadores mMunicipales Rub\u00e9n Allende asegur\u00f3 en conversaci\u00f3n con Nuevo D\u00eda que el Intendente manipula la informaci\u00f3n sobre las negociaciones al manifestar una realidad distorsionada de los hechos, tratando de desvirtuar \u201cel leg\u00edtimo reclamo que los trabajadores municipales vienen realizando\u201d.","og_url":"https:\/\/www.noticiasradioreflejos.com.ar\/2021\/coronel-suarez-sin-acuerdo-los-empleados-municipales-efectuaron-protestas-quemando-cubiertas-y-ramas\/","og_site_name":"Noticias Radio Reflejos","article_published_time":"2022-07-08T12:28:26+00:00","article_modified_time":"2022-07-08T13:12:41+00:00","og_image":[{"url":"https:\/\/www.diarionuevodia.com.ar\/wp-content\/uploads\/2022\/07\/quemas-1-1024x768.jpg","type":"","width":"","height":""}],"author":"Arnaldo Botto","twitter_card":"summary_large_image","schema":{"@context":"https:\/\/schema.org","@graph":[{"@type":"WebPage","@id":"https:\/\/www.noticiasradioreflejos.com.ar\/2021\/coronel-suarez-sin-acuerdo-los-empleados-municipales-efectuaron-protestas-quemando-cubiertas-y-ramas\/","url":"https:\/\/www.noticiasradioreflejos.com.ar\/2021\/coronel-suarez-sin-acuerdo-los-empleados-municipales-efectuaron-protestas-quemando-cubiertas-y-ramas\/","name":"Coronel Suarez: Sin acuerdo los empleados municipales efectuaron protestas quemando cubiertas y ramas. - Noticias Radio Reflejos","isPartOf":{"@id":"https:\/\/www.noticiasradioreflejos.com.ar\/2021\/#website"},"primaryImageOfPage":{"@id":"https:\/\/www.noticiasradioreflejos.com.ar\/2021\/coronel-suarez-sin-acuerdo-los-empleados-municipales-efectuaron-protestas-quemando-cubiertas-y-ramas\/#primaryimage"},"image":{"@id":"https:\/\/www.noticiasradioreflejos.com.ar\/2021\/coronel-suarez-sin-acuerdo-los-empleados-municipales-efectuaron-protestas-quemando-cubiertas-y-ramas\/#primaryimage"},"thumbnailUrl":"https:\/\/www.diarionuevodia.com.ar\/wp-content\/uploads\/2022\/07\/quemas-1-1024x768.jpg","datePublished":"2022-07-08T12:28:26+00:00","dateModified":"2022-07-08T13:12:41+00:00","author":{"@id":"https:\/\/www.noticiasradioreflejos.com.ar\/2021\/#\/schema\/person\/ad82545263dcc5ec0996818884fd5fb1"},"breadcrumb":{"@id":"https:\/\/www.noticiasradioreflejos.com.ar\/2021\/coronel-suarez-sin-acuerdo-los-empleados-municipales-efectuaron-protestas-quemando-cubiertas-y-ramas\/#breadcrumb"},"inLanguage":"es","potentialAction":[{"@type":"ReadAction","target":["https:\/\/www.noticiasradioreflejos.com.ar\/2021\/coronel-suarez-sin-acuerdo-los-empleados-municipales-efectuaron-protestas-quemando-cubiertas-y-ramas\/"]}]},{"@type":"ImageObject","inLanguage":"es","@id":"https:\/\/www.noticiasradioreflejos.com.ar\/2021\/coronel-suarez-sin-acuerdo-los-empleados-municipales-efectuaron-protestas-quemando-cubiertas-y-ramas\/#primaryimage","url":"https:\/\/www.diarionuevodia.com.ar\/wp-content\/uploads\/2022\/07\/quemas-1-1024x768.jpg","contentUrl":"https:\/\/www.diarionuevodia.com.ar\/wp-content\/uploads\/2022\/07\/quemas-1-1024x768.jpg"},{"@type":"BreadcrumbList","@id":"https:\/\/www.noticiasradioreflejos.com.ar\/2021\/coronel-suarez-sin-acuerdo-los-empleados-municipales-efectuaron-protestas-quemando-cubiertas-y-ramas\/#breadcrumb","itemListElement":[{"@type":"ListItem","position":1,"name":"Portada","item":"https:\/\/www.noticiasradioreflejos.com.ar\/2021\/"},{"@type":"ListItem","position":2,"name":"Coronel Suarez: Sin acuerdo los empleados municipales efectuaron protestas quemando cubiertas y ramas."}]},{"@type":"WebSite","@id":"https:\/\/www.noticiasradioreflejos.com.ar\/2021\/#website","url":"https:\/\/www.noticiasradioreflejos.com.ar\/2021\/","name":"Noticias Radio Reflejos","description":"Las noticias de mi comarca","potentialAction":[{"@type":"SearchAction","target":{"@type":"EntryPoint","urlTemplate":"https:\/\/www.noticiasradioreflejos.com.ar\/2021\/?s={search_term_string}"},"query-input":{"@type":"PropertyValueSpecification","valueRequired":true,"valueName":"search_term_string"}}],"inLanguage":"es"},{"@type":"Person","@id":"https:\/\/www.noticiasradioreflejos.com.ar\/2021\/#\/schema\/person\/ad82545263dcc5ec0996818884fd5fb1","name":"Arnaldo Botto","image":{"@type":"ImageObject","inLanguage":"es","@id":"https:\/\/www.noticiasradioreflejos.com.ar\/2021\/#\/schema\/person\/image\/","url":"https:\/\/secure.gravatar.com\/avatar\/55cb5e37c1efa326397366e6974cb338056df65cb50e7d64d1cf314e87504837?s=96&d=mm&r=g","contentUrl":"https:\/\/secure.gravatar.com\/avatar\/55cb5e37c1efa326397366e6974cb338056df65cb50e7d64d1cf314e87504837?s=96&d=mm&r=g","caption":"Arnaldo Botto"},"url":"https:\/\/www.noticiasradioreflejos.com.ar\/2021\/author\/arnaldo\/"}]}},"_links":{"self":[{"href":"https:\/\/www.noticiasradioreflejos.com.ar\/2021\/wp-json\/wp\/v2\/posts\/74783","targetHints":{"allow":["GET"]}}],"collection":[{"href":"https:\/\/www.noticiasradioreflejos.com.ar\/2021\/wp-json\/wp\/v2\/posts"}],"about":[{"href":"https:\/\/www.noticiasradioreflejos.com.ar\/2021\/wp-json\/wp\/v2\/types\/post"}],"author":[{"embeddable":true,"href":"https:\/\/www.noticiasradioreflejos.com.ar\/2021\/wp-json\/wp\/v2\/users\/3"}],"replies":[{"embeddable":true,"href":"https:\/\/www.noticiasradioreflejos.com.ar\/2021\/wp-json\/wp\/v2\/comments?post=74783"}],"version-history":[{"count":3,"href":"https:\/\/www.noticiasradioreflejos.com.ar\/2021\/wp-json\/wp\/v2\/posts\/74783\/revisions"}],"predecessor-version":[{"id":74792,"href":"https:\/\/www.noticiasradioreflejos.com.ar\/2021\/wp-json\/wp\/v2\/posts\/74783\/revisions\/74792"}],"wp:attachment":[{"href":"https:\/\/www.noticiasradioreflejos.com.ar\/2021\/wp-json\/wp\/v2\/media?parent=74783"}],"wp:term":[{"taxonomy":"category","embeddable":true,"href":"https:\/\/www.noticiasradioreflejos.com.ar\/2021\/wp-json\/wp\/v2\/categories?post=74783"},{"taxonomy":"post_tag","embeddable":true,"href":"https:\/\/www.noticiasradioreflejos.com.ar\/2021\/wp-json\/wp\/v2\/tags?post=74783"}],"curies":[{"name":"wp","href":"https:\/\/api.w.org\/{rel}","templated":true}]}}