{"id":74778,"date":"2022-07-08T11:59:17","date_gmt":"2022-07-08T11:59:17","guid":{"rendered":"http:\/\/www.noticiasradioreflejos.com.ar\/2021\/?p=74778"},"modified":"2022-07-08T11:59:17","modified_gmt":"2022-07-08T11:59:17","slug":"juicio-por-jurados-10-anos-de-prision-para-un-pastor-evangelico-que-abuso-de-una-menor","status":"publish","type":"post","link":"https:\/\/www.noticiasradioreflejos.com.ar\/2021\/juicio-por-jurados-10-anos-de-prision-para-un-pastor-evangelico-que-abuso-de-una-menor\/","title":{"rendered":"Juicio por jurados: 10 a\u00f1os de prisi\u00f3n para un pastor evang\u00e9lico que abus\u00f3 de una menor"},"content":{"rendered":"<p>Luego de que un jurado popular declarara culpable a un pastor evang\u00e9lico acusado de abusar sexualmente de una ni\u00f1a menor de edad, hija de su pareja, la Jueza T\u00e9cnica Dra. Claudia Fortunatti -integrante del Tribunal en lo Criminal N\u00b02- le impuso la pena de 10 a\u00f1os de prisi\u00f3n.<!--more--><\/p>\n<p>El acusado fue encontrado autor penalmente responsable de los delitos de abuso sexual gravemente ultrajante reiterado y agravado por el aprovechamiento de la situaci\u00f3n de convivencia preexistente, en concurso real de delitos.<\/p>\n<p>Seg\u00fan la investigaci\u00f3n realizada por la\u00a0<strong>fiscal Marina Lara, titular de la UFIJ N.\u00ba 14,\u00a0<\/strong>los hechos sucedieron entre el 2009 y 2010, en el domicilio que compart\u00edan en Bah\u00eda Blanca, cuando en reiteradas oportunidades el hombre le efectu\u00f3 tocamientos a la ni\u00f1a \u2013 quien ten\u00eda 10 a\u00f1os- aprovechando la ausencia de su mam\u00e1.<\/p>\n<p>La v\u00edctima logr\u00f3 contar lo sucedido 5 a\u00f1os despu\u00e9s, cuando su madre se separ\u00f3 del hombre y pudo relatar varios sucesos de abuso donde el imputado la tocaba por encima y debajo de la ropa de manera recurrente, le colocaba el miembro en el rostro e intent\u00f3 accederla carnalmente.<\/p>\n","protected":false},"excerpt":{"rendered":"<p>Luego de que un jurado popular declarara culpable a un pastor evang\u00e9lico acusado de abusar sexualmente de una ni\u00f1a menor de edad, hija de su pareja, la Jueza T\u00e9cnica Dra. Claudia Fortunatti -integrante del Tribunal en lo Criminal N\u00b02- le impuso la pena de 10 a\u00f1os de prisi\u00f3n.<\/p>\n","protected":false},"author":3,"featured_media":0,"comment_status":"closed","ping_status":"closed","sticky":false,"template":"","format":"standard","meta":{"footnotes":""},"categories":[57],"tags":[],"class_list":["post-74778","post","type-post","status-publish","format-standard","hentry","category-judiciales"],"yoast_head":"<!-- This site is optimized with the Yoast SEO plugin v25.9 - https:\/\/yoast.com\/wordpress\/plugins\/seo\/ -->\n<title>Juicio por jurados: 10 a\u00f1os de prisi\u00f3n para un pastor evang\u00e9lico que abus\u00f3 de una menor - Noticias Radio Reflejos<\/title>\n<meta name=\"robots\" content=\"index, follow, max-snippet:-1, max-image-preview:large, max-video-preview:-1\" \/>\n<link rel=\"canonical\" href=\"https:\/\/www.noticiasradioreflejos.com.ar\/2021\/juicio-por-jurados-10-anos-de-prision-para-un-pastor-evangelico-que-abuso-de-una-menor\/\" \/>\n<meta property=\"og:locale\" content=\"es_ES\" \/>\n<meta property=\"og:type\" content=\"article\" \/>\n<meta property=\"og:title\" content=\"Juicio por jurados: 10 a\u00f1os de prisi\u00f3n para un pastor evang\u00e9lico que abus\u00f3 de una menor - Noticias Radio Reflejos\" \/>\n<meta property=\"og:description\" content=\"Luego de que un jurado popular declarara culpable a un pastor evang\u00e9lico acusado de abusar sexualmente de una ni\u00f1a menor de edad, hija de su pareja, la Jueza T\u00e9cnica Dra. Claudia Fortunatti -integrante del Tribunal en lo Criminal N\u00b02- le impuso la pena de 10 a\u00f1os de prisi\u00f3n.\" \/>\n<meta property=\"og:url\" content=\"https:\/\/www.noticiasradioreflejos.com.ar\/2021\/juicio-por-jurados-10-anos-de-prision-para-un-pastor-evangelico-que-abuso-de-una-menor\/\" \/>\n<meta property=\"og:site_name\" content=\"Noticias Radio Reflejos\" \/>\n<meta property=\"article:published_time\" content=\"2022-07-08T11:59:17+00:00\" \/>\n<meta property=\"og:image\" content=\"https:\/\/www.noticiasradioreflejos.com.ar\/2021\/wp-content\/uploads\/2021\/07\/logosol300x200.png\" \/>\n\t<meta property=\"og:image:width\" content=\"300\" \/>\n\t<meta property=\"og:image:height\" content=\"200\" \/>\n\t<meta property=\"og:image:type\" content=\"image\/png\" \/>\n<meta name=\"author\" content=\"Arnaldo Botto\" \/>\n<meta name=\"twitter:card\" content=\"summary_large_image\" \/>\n<script type=\"application\/ld+json\" class=\"yoast-schema-graph\">{\"@context\":\"https:\/\/schema.org\",\"@graph\":[{\"@type\":\"WebPage\",\"@id\":\"https:\/\/www.noticiasradioreflejos.com.ar\/2021\/juicio-por-jurados-10-anos-de-prision-para-un-pastor-evangelico-que-abuso-de-una-menor\/\",\"url\":\"https:\/\/www.noticiasradioreflejos.com.ar\/2021\/juicio-por-jurados-10-anos-de-prision-para-un-pastor-evangelico-que-abuso-de-una-menor\/\",\"name\":\"Juicio por jurados: 10 a\u00f1os de prisi\u00f3n para un pastor evang\u00e9lico que abus\u00f3 de una menor - Noticias Radio Reflejos\",\"isPartOf\":{\"@id\":\"https:\/\/www.noticiasradioreflejos.com.ar\/2021\/#website\"},\"datePublished\":\"2022-07-08T11:59:17+00:00\",\"author\":{\"@id\":\"https:\/\/www.noticiasradioreflejos.com.ar\/2021\/#\/schema\/person\/ad82545263dcc5ec0996818884fd5fb1\"},\"breadcrumb\":{\"@id\":\"https:\/\/www.noticiasradioreflejos.com.ar\/2021\/juicio-por-jurados-10-anos-de-prision-para-un-pastor-evangelico-que-abuso-de-una-menor\/#breadcrumb\"},\"inLanguage\":\"es\",\"potentialAction\":[{\"@type\":\"ReadAction\",\"target\":[\"https:\/\/www.noticiasradioreflejos.com.ar\/2021\/juicio-por-jurados-10-anos-de-prision-para-un-pastor-evangelico-que-abuso-de-una-menor\/\"]}]},{\"@type\":\"BreadcrumbList\",\"@id\":\"https:\/\/www.noticiasradioreflejos.com.ar\/2021\/juicio-por-jurados-10-anos-de-prision-para-un-pastor-evangelico-que-abuso-de-una-menor\/#breadcrumb\",\"itemListElement\":[{\"@type\":\"ListItem\",\"position\":1,\"name\":\"Portada\",\"item\":\"https:\/\/www.noticiasradioreflejos.com.ar\/2021\/\"},{\"@type\":\"ListItem\",\"position\":2,\"name\":\"Juicio por jurados: 10 a\u00f1os de prisi\u00f3n para un pastor evang\u00e9lico que abus\u00f3 de una menor\"}]},{\"@type\":\"WebSite\",\"@id\":\"https:\/\/www.noticiasradioreflejos.com.ar\/2021\/#website\",\"url\":\"https:\/\/www.noticiasradioreflejos.com.ar\/2021\/\",\"name\":\"Noticias Radio Reflejos\",\"description\":\"Las noticias de mi comarca\",\"potentialAction\":[{\"@type\":\"SearchAction\",\"target\":{\"@type\":\"EntryPoint\",\"urlTemplate\":\"https:\/\/www.noticiasradioreflejos.com.ar\/2021\/?s={search_term_string}\"},\"query-input\":{\"@type\":\"PropertyValueSpecification\",\"valueRequired\":true,\"valueName\":\"search_term_string\"}}],\"inLanguage\":\"es\"},{\"@type\":\"Person\",\"@id\":\"https:\/\/www.noticiasradioreflejos.com.ar\/2021\/#\/schema\/person\/ad82545263dcc5ec0996818884fd5fb1\",\"name\":\"Arnaldo Botto\",\"image\":{\"@type\":\"ImageObject\",\"inLanguage\":\"es\",\"@id\":\"https:\/\/www.noticiasradioreflejos.com.ar\/2021\/#\/schema\/person\/image\/\",\"url\":\"https:\/\/secure.gravatar.com\/avatar\/55cb5e37c1efa326397366e6974cb338056df65cb50e7d64d1cf314e87504837?s=96&d=mm&r=g\",\"contentUrl\":\"https:\/\/secure.gravatar.com\/avatar\/55cb5e37c1efa326397366e6974cb338056df65cb50e7d64d1cf314e87504837?s=96&d=mm&r=g\",\"caption\":\"Arnaldo Botto\"},\"url\":\"https:\/\/www.noticiasradioreflejos.com.ar\/2021\/author\/arnaldo\/\"}]}<\/script>\n<!-- \/ Yoast SEO plugin. -->","yoast_head_json":{"title":"Juicio por jurados: 10 a\u00f1os de prisi\u00f3n para un pastor evang\u00e9lico que abus\u00f3 de una menor - Noticias Radio Reflejos","robots":{"index":"index","follow":"follow","max-snippet":"max-snippet:-1","max-image-preview":"max-image-preview:large","max-video-preview":"max-video-preview:-1"},"canonical":"https:\/\/www.noticiasradioreflejos.com.ar\/2021\/juicio-por-jurados-10-anos-de-prision-para-un-pastor-evangelico-que-abuso-de-una-menor\/","og_locale":"es_ES","og_type":"article","og_title":"Juicio por jurados: 10 a\u00f1os de prisi\u00f3n para un pastor evang\u00e9lico que abus\u00f3 de una menor - Noticias Radio Reflejos","og_description":"Luego de que un jurado popular declarara culpable a un pastor evang\u00e9lico acusado de abusar sexualmente de una ni\u00f1a menor de edad, hija de su pareja, la Jueza T\u00e9cnica Dra. Claudia Fortunatti -integrante del Tribunal en lo Criminal N\u00b02- le impuso la pena de 10 a\u00f1os de prisi\u00f3n.","og_url":"https:\/\/www.noticiasradioreflejos.com.ar\/2021\/juicio-por-jurados-10-anos-de-prision-para-un-pastor-evangelico-que-abuso-de-una-menor\/","og_site_name":"Noticias Radio Reflejos","article_published_time":"2022-07-08T11:59:17+00:00","og_image":[{"width":300,"height":200,"url":"https:\/\/www.noticiasradioreflejos.com.ar\/2021\/wp-content\/uploads\/2021\/07\/logosol300x200.png","type":"image\/png"}],"author":"Arnaldo Botto","twitter_card":"summary_large_image","schema":{"@context":"https:\/\/schema.org","@graph":[{"@type":"WebPage","@id":"https:\/\/www.noticiasradioreflejos.com.ar\/2021\/juicio-por-jurados-10-anos-de-prision-para-un-pastor-evangelico-que-abuso-de-una-menor\/","url":"https:\/\/www.noticiasradioreflejos.com.ar\/2021\/juicio-por-jurados-10-anos-de-prision-para-un-pastor-evangelico-que-abuso-de-una-menor\/","name":"Juicio por jurados: 10 a\u00f1os de prisi\u00f3n para un pastor evang\u00e9lico que abus\u00f3 de una menor - Noticias Radio Reflejos","isPartOf":{"@id":"https:\/\/www.noticiasradioreflejos.com.ar\/2021\/#website"},"datePublished":"2022-07-08T11:59:17+00:00","author":{"@id":"https:\/\/www.noticiasradioreflejos.com.ar\/2021\/#\/schema\/person\/ad82545263dcc5ec0996818884fd5fb1"},"breadcrumb":{"@id":"https:\/\/www.noticiasradioreflejos.com.ar\/2021\/juicio-por-jurados-10-anos-de-prision-para-un-pastor-evangelico-que-abuso-de-una-menor\/#breadcrumb"},"inLanguage":"es","potentialAction":[{"@type":"ReadAction","target":["https:\/\/www.noticiasradioreflejos.com.ar\/2021\/juicio-por-jurados-10-anos-de-prision-para-un-pastor-evangelico-que-abuso-de-una-menor\/"]}]},{"@type":"BreadcrumbList","@id":"https:\/\/www.noticiasradioreflejos.com.ar\/2021\/juicio-por-jurados-10-anos-de-prision-para-un-pastor-evangelico-que-abuso-de-una-menor\/#breadcrumb","itemListElement":[{"@type":"ListItem","position":1,"name":"Portada","item":"https:\/\/www.noticiasradioreflejos.com.ar\/2021\/"},{"@type":"ListItem","position":2,"name":"Juicio por jurados: 10 a\u00f1os de prisi\u00f3n para un pastor evang\u00e9lico que abus\u00f3 de una menor"}]},{"@type":"WebSite","@id":"https:\/\/www.noticiasradioreflejos.com.ar\/2021\/#website","url":"https:\/\/www.noticiasradioreflejos.com.ar\/2021\/","name":"Noticias Radio Reflejos","description":"Las noticias de mi comarca","potentialAction":[{"@type":"SearchAction","target":{"@type":"EntryPoint","urlTemplate":"https:\/\/www.noticiasradioreflejos.com.ar\/2021\/?s={search_term_string}"},"query-input":{"@type":"PropertyValueSpecification","valueRequired":true,"valueName":"search_term_string"}}],"inLanguage":"es"},{"@type":"Person","@id":"https:\/\/www.noticiasradioreflejos.com.ar\/2021\/#\/schema\/person\/ad82545263dcc5ec0996818884fd5fb1","name":"Arnaldo Botto","image":{"@type":"ImageObject","inLanguage":"es","@id":"https:\/\/www.noticiasradioreflejos.com.ar\/2021\/#\/schema\/person\/image\/","url":"https:\/\/secure.gravatar.com\/avatar\/55cb5e37c1efa326397366e6974cb338056df65cb50e7d64d1cf314e87504837?s=96&d=mm&r=g","contentUrl":"https:\/\/secure.gravatar.com\/avatar\/55cb5e37c1efa326397366e6974cb338056df65cb50e7d64d1cf314e87504837?s=96&d=mm&r=g","caption":"Arnaldo Botto"},"url":"https:\/\/www.noticiasradioreflejos.com.ar\/2021\/author\/arnaldo\/"}]}},"_links":{"self":[{"href":"https:\/\/www.noticiasradioreflejos.com.ar\/2021\/wp-json\/wp\/v2\/posts\/74778","targetHints":{"allow":["GET"]}}],"collection":[{"href":"https:\/\/www.noticiasradioreflejos.com.ar\/2021\/wp-json\/wp\/v2\/posts"}],"about":[{"href":"https:\/\/www.noticiasradioreflejos.com.ar\/2021\/wp-json\/wp\/v2\/types\/post"}],"author":[{"embeddable":true,"href":"https:\/\/www.noticiasradioreflejos.com.ar\/2021\/wp-json\/wp\/v2\/users\/3"}],"replies":[{"embeddable":true,"href":"https:\/\/www.noticiasradioreflejos.com.ar\/2021\/wp-json\/wp\/v2\/comments?post=74778"}],"version-history":[{"count":1,"href":"https:\/\/www.noticiasradioreflejos.com.ar\/2021\/wp-json\/wp\/v2\/posts\/74778\/revisions"}],"predecessor-version":[{"id":74780,"href":"https:\/\/www.noticiasradioreflejos.com.ar\/2021\/wp-json\/wp\/v2\/posts\/74778\/revisions\/74780"}],"wp:attachment":[{"href":"https:\/\/www.noticiasradioreflejos.com.ar\/2021\/wp-json\/wp\/v2\/media?parent=74778"}],"wp:term":[{"taxonomy":"category","embeddable":true,"href":"https:\/\/www.noticiasradioreflejos.com.ar\/2021\/wp-json\/wp\/v2\/categories?post=74778"},{"taxonomy":"post_tag","embeddable":true,"href":"https:\/\/www.noticiasradioreflejos.com.ar\/2021\/wp-json\/wp\/v2\/tags?post=74778"}],"curies":[{"name":"wp","href":"https:\/\/api.w.org\/{rel}","templated":true}]}}