{"id":74772,"date":"2022-07-08T11:32:26","date_gmt":"2022-07-08T11:32:26","guid":{"rendered":"http:\/\/www.noticiasradioreflejos.com.ar\/2021\/?p=74772"},"modified":"2022-07-08T11:32:26","modified_gmt":"2022-07-08T11:32:26","slug":"chubut-y-buenos-aires-las-provincias-con-mayor-generacion-de-energia-eolica","status":"publish","type":"post","link":"https:\/\/www.noticiasradioreflejos.com.ar\/2021\/chubut-y-buenos-aires-las-provincias-con-mayor-generacion-de-energia-eolica\/","title":{"rendered":"Chubut y Buenos Aires, las provincias con mayor generaci\u00f3n de energ\u00eda e\u00f3lica"},"content":{"rendered":"<p>La C\u00e1mara E\u00f3lica Argentina detall\u00f3 que en la actualidad \u00abhay 57 parques e\u00f3licos en operaci\u00f3n\u00bb distribuidos a lo largo y ancho del pa\u00eds, con proyectos en marcha tanto de construcci\u00f3n como de ampliaci\u00f3n.<!--more--><\/p>\n<figure class=\"mb-3\"><img decoding=\"async\" src=\"https:\/\/www.telam.com.ar\/thumbs\/bluesteel\/advf\/imagenes\/2021\/12\/61a7f47c895bb_900.jpg\" alt=\"Esta forma de energa renovable reduce la huella de carbono y conduce a economas ms sustentables Foto Prensa YPF\" width=\"100%\" height=\"100%\" \/><\/p>\n<div class=\"media-icons\"><\/div><figcaption>Esta forma de energ\u00eda renovable reduce la huella de carbono y conduce a econom\u00edas m\u00e1s sustentables \/ Foto: Prensa YPF.<\/figcaption><\/figure>\n<p>Chubut y Buenos Aires son las provincias argentinas con m\u00e1s cantidad de aerogeneradores en funcionamiento en el pa\u00eds, seg\u00fan un relevamiento de la C\u00e1mara E\u00f3lica Argentina (CEA).<\/p>\n<p>\u00abHoy en d\u00eda, hay 57 parques e\u00f3licos en operaci\u00f3n distribuidos a lo largo y ancho de Argentina que suman un total de 3.292 MW de potencia instalada gracias al funcionamiento de m\u00e1s de 900 aerogeneradores\u00bb, precis\u00f3 la CEA en un comunicado.<\/p>\n<p>La existencia de vientos frecuentes e intensos en buena parte del pa\u00eds hace que la Argentina cuente con un potencial superlativo en, al menos, 70% de su territorio, resalt\u00f3 la entidad.<\/p>\n<p>Si bien\u00a0<strong>la Patagonia se destaca por ser una de las zonas con mayor potencial e\u00f3lico del planeta\u00a0<\/strong>gracias a la persistencia y velocidad de sus vientos, este recurso natural es adecuado y aprovechable en otras geograf\u00edas, permitiendo altos rendimientos, agreg\u00f3.<\/p>\n<p>La Argentina cuenta con 3.292 MW de potencia e\u00f3lica instalada distribuida en las distintas regiones: En el Noroeste hay 158 MW; en el Centro, 128 MW; en Comahue, 253 MW; el \u00e1rea de Buenos Aires y Gran Buenos Aires, 1.177 MW y la Patagonia, 1.576 MW.<\/p>\n<p><strong>El mayor n\u00famero de aerogeneradores se encuentra en Chubut, que cuenta con 365<\/strong>; seguido por la provincia de Buenos Aires, con 334; Santa Cruz, 91; en La Rioja, 37; C\u00f3rdoba, 36; Neuqu\u00e9n y R\u00edo Negro, 29 cada una; La Pampa, 11; y Santiago del Estero, 4.<\/p>\n<figure class=\"mb-3\"><img decoding=\"async\" src=\"https:\/\/www.telam.com.ar\/thumbs\/bluesteel\/advf\/imagenes\/2021\/10\/617e7c8bbbee0_900.jpg\" alt=\"La Patagonia se destaca por ser una de las zonas con mayor potencial elico del planeta gracias a la persistencia y velocidad de sus vientos\" width=\"100%\" height=\"100%\" \/><\/p>\n<div class=\"media-icons\"><\/div><figcaption>La Patagonia se destaca por ser una de las zonas con mayor potencial e\u00f3lico del planeta gracias a la persistencia y velocidad de sus vientos.<\/figcaption><\/figure>\n<p>Actualmente,\u00a0<strong>son 57 los parques e\u00f3licos en operaci\u00f3n en nuestro territorio<\/strong>, pero hay proyectos en marcha, tanto de construcci\u00f3n como de ampliaci\u00f3n, que redundar\u00e1n en un mayor n\u00famero de aerogeneradores y, en consecuencia, en una mayor producci\u00f3n energ\u00e9tica.<\/p>\n<p>Entre ellos, el\u00a0<strong>Parque E\u00f3lico La Elbita<\/strong>, en la provincia de Buenos Aires; el\u00a0<strong>Parque E\u00f3lico San Luis Norte<\/strong>, en San Luis, y el\u00a0<strong>Parque Vivorat\u00e1<\/strong>, en Buenos Aires; el\u00a0<strong>Parque E\u00f3lico Aluar<\/strong>, en Puerto Madryn; y el\u00a0<strong>Parque E\u00f3lico Arauco<\/strong>, en La Rioja.<\/p>\n<p>\u201cEl a\u00f1o pasado los aerogeneradores instalados en el pa\u00eds generaron 12.915,8 gigavatios hora (GWh), el equivalente a abastecer m\u00e1s de 2,7 millones de hogares\u201d, indic\u00f3 el gerente general de la entidad, H\u00e9ctor Ruiz Moreno.<\/p>\n<p>La Argentina \u201ccuenta con un gran potencial gracias a sus factores de capacidad, condiciones topogr\u00e1ficas \u00f3ptimas y personal t\u00e9cnico calificado\u201d y que\u00a0<strong>\u201cla industria e\u00f3lica puede competir con cualquier alternativa t\u00e9rmica\u201d<\/strong>, agreg\u00f3.<\/p>\n<p>Adem\u00e1s del impacto ambiental positivo de esta forma de energ\u00eda renovable, que reduce la huella de carbono y conduce a econom\u00edas m\u00e1s sustentables, \u201cen este 2022 se estima que la energ\u00eda e\u00f3lica producir\u00e1 un ahorro para el pa\u00eds de US$ 3.250 millones en divisas\u201d, concluy\u00f3.<\/p>\n","protected":false},"excerpt":{"rendered":"<p>La C\u00e1mara E\u00f3lica Argentina detall\u00f3 que en la actualidad \u00abhay 57 parques e\u00f3licos en operaci\u00f3n\u00bb distribuidos a lo largo y ancho del pa\u00eds, con proyectos en marcha tanto de construcci\u00f3n como de ampliaci\u00f3n.<\/p>\n","protected":false},"author":3,"featured_media":74773,"comment_status":"closed","ping_status":"closed","sticky":false,"template":"","format":"standard","meta":{"footnotes":""},"categories":[46,36],"tags":[],"class_list":["post-74772","post","type-post","status-publish","format-standard","has-post-thumbnail","hentry","category-ciencia-y-tecnologia","category-economia"],"yoast_head":"<!-- This site is optimized with the Yoast SEO plugin v25.9 - https:\/\/yoast.com\/wordpress\/plugins\/seo\/ -->\n<title>Chubut y Buenos Aires, las provincias con mayor generaci\u00f3n de energ\u00eda e\u00f3lica - Noticias Radio Reflejos<\/title>\n<meta name=\"robots\" content=\"index, follow, max-snippet:-1, max-image-preview:large, max-video-preview:-1\" \/>\n<link rel=\"canonical\" href=\"https:\/\/www.noticiasradioreflejos.com.ar\/2021\/chubut-y-buenos-aires-las-provincias-con-mayor-generacion-de-energia-eolica\/\" \/>\n<meta property=\"og:locale\" content=\"es_ES\" \/>\n<meta property=\"og:type\" content=\"article\" \/>\n<meta property=\"og:title\" content=\"Chubut y Buenos Aires, las provincias con mayor generaci\u00f3n de energ\u00eda e\u00f3lica - Noticias Radio Reflejos\" \/>\n<meta property=\"og:description\" content=\"La C\u00e1mara E\u00f3lica Argentina detall\u00f3 que en la actualidad \u00abhay 57 parques e\u00f3licos en operaci\u00f3n\u00bb distribuidos a lo largo y ancho del pa\u00eds, con proyectos en marcha tanto de construcci\u00f3n como de ampliaci\u00f3n.\" \/>\n<meta property=\"og:url\" content=\"https:\/\/www.noticiasradioreflejos.com.ar\/2021\/chubut-y-buenos-aires-las-provincias-con-mayor-generacion-de-energia-eolica\/\" \/>\n<meta property=\"og:site_name\" content=\"Noticias Radio Reflejos\" \/>\n<meta property=\"article:published_time\" content=\"2022-07-08T11:32:26+00:00\" \/>\n<meta property=\"og:image\" content=\"https:\/\/www.noticiasradioreflejos.com.ar\/2021\/wp-content\/uploads\/2022\/07\/Molinos-eolicos.jpg\" \/>\n\t<meta property=\"og:image:width\" content=\"880\" \/>\n\t<meta property=\"og:image:height\" content=\"586\" \/>\n\t<meta property=\"og:image:type\" content=\"image\/jpeg\" \/>\n<meta name=\"author\" content=\"Arnaldo Botto\" \/>\n<meta name=\"twitter:card\" content=\"summary_large_image\" \/>\n<script type=\"application\/ld+json\" class=\"yoast-schema-graph\">{\"@context\":\"https:\/\/schema.org\",\"@graph\":[{\"@type\":\"WebPage\",\"@id\":\"https:\/\/www.noticiasradioreflejos.com.ar\/2021\/chubut-y-buenos-aires-las-provincias-con-mayor-generacion-de-energia-eolica\/\",\"url\":\"https:\/\/www.noticiasradioreflejos.com.ar\/2021\/chubut-y-buenos-aires-las-provincias-con-mayor-generacion-de-energia-eolica\/\",\"name\":\"Chubut y Buenos Aires, las provincias con mayor generaci\u00f3n de energ\u00eda e\u00f3lica - Noticias Radio Reflejos\",\"isPartOf\":{\"@id\":\"https:\/\/www.noticiasradioreflejos.com.ar\/2021\/#website\"},\"primaryImageOfPage\":{\"@id\":\"https:\/\/www.noticiasradioreflejos.com.ar\/2021\/chubut-y-buenos-aires-las-provincias-con-mayor-generacion-de-energia-eolica\/#primaryimage\"},\"image\":{\"@id\":\"https:\/\/www.noticiasradioreflejos.com.ar\/2021\/chubut-y-buenos-aires-las-provincias-con-mayor-generacion-de-energia-eolica\/#primaryimage\"},\"thumbnailUrl\":\"https:\/\/www.noticiasradioreflejos.com.ar\/2021\/wp-content\/uploads\/2022\/07\/Molinos-eolicos.jpg\",\"datePublished\":\"2022-07-08T11:32:26+00:00\",\"author\":{\"@id\":\"https:\/\/www.noticiasradioreflejos.com.ar\/2021\/#\/schema\/person\/ad82545263dcc5ec0996818884fd5fb1\"},\"breadcrumb\":{\"@id\":\"https:\/\/www.noticiasradioreflejos.com.ar\/2021\/chubut-y-buenos-aires-las-provincias-con-mayor-generacion-de-energia-eolica\/#breadcrumb\"},\"inLanguage\":\"es\",\"potentialAction\":[{\"@type\":\"ReadAction\",\"target\":[\"https:\/\/www.noticiasradioreflejos.com.ar\/2021\/chubut-y-buenos-aires-las-provincias-con-mayor-generacion-de-energia-eolica\/\"]}]},{\"@type\":\"ImageObject\",\"inLanguage\":\"es\",\"@id\":\"https:\/\/www.noticiasradioreflejos.com.ar\/2021\/chubut-y-buenos-aires-las-provincias-con-mayor-generacion-de-energia-eolica\/#primaryimage\",\"url\":\"https:\/\/www.noticiasradioreflejos.com.ar\/2021\/wp-content\/uploads\/2022\/07\/Molinos-eolicos.jpg\",\"contentUrl\":\"https:\/\/www.noticiasradioreflejos.com.ar\/2021\/wp-content\/uploads\/2022\/07\/Molinos-eolicos.jpg\",\"width\":880,\"height\":586},{\"@type\":\"BreadcrumbList\",\"@id\":\"https:\/\/www.noticiasradioreflejos.com.ar\/2021\/chubut-y-buenos-aires-las-provincias-con-mayor-generacion-de-energia-eolica\/#breadcrumb\",\"itemListElement\":[{\"@type\":\"ListItem\",\"position\":1,\"name\":\"Portada\",\"item\":\"https:\/\/www.noticiasradioreflejos.com.ar\/2021\/\"},{\"@type\":\"ListItem\",\"position\":2,\"name\":\"Chubut y Buenos Aires, las provincias con mayor generaci\u00f3n de energ\u00eda e\u00f3lica\"}]},{\"@type\":\"WebSite\",\"@id\":\"https:\/\/www.noticiasradioreflejos.com.ar\/2021\/#website\",\"url\":\"https:\/\/www.noticiasradioreflejos.com.ar\/2021\/\",\"name\":\"Noticias Radio Reflejos\",\"description\":\"Las noticias de mi comarca\",\"potentialAction\":[{\"@type\":\"SearchAction\",\"target\":{\"@type\":\"EntryPoint\",\"urlTemplate\":\"https:\/\/www.noticiasradioreflejos.com.ar\/2021\/?s={search_term_string}\"},\"query-input\":{\"@type\":\"PropertyValueSpecification\",\"valueRequired\":true,\"valueName\":\"search_term_string\"}}],\"inLanguage\":\"es\"},{\"@type\":\"Person\",\"@id\":\"https:\/\/www.noticiasradioreflejos.com.ar\/2021\/#\/schema\/person\/ad82545263dcc5ec0996818884fd5fb1\",\"name\":\"Arnaldo Botto\",\"image\":{\"@type\":\"ImageObject\",\"inLanguage\":\"es\",\"@id\":\"https:\/\/www.noticiasradioreflejos.com.ar\/2021\/#\/schema\/person\/image\/\",\"url\":\"https:\/\/secure.gravatar.com\/avatar\/55cb5e37c1efa326397366e6974cb338056df65cb50e7d64d1cf314e87504837?s=96&d=mm&r=g\",\"contentUrl\":\"https:\/\/secure.gravatar.com\/avatar\/55cb5e37c1efa326397366e6974cb338056df65cb50e7d64d1cf314e87504837?s=96&d=mm&r=g\",\"caption\":\"Arnaldo Botto\"},\"url\":\"https:\/\/www.noticiasradioreflejos.com.ar\/2021\/author\/arnaldo\/\"}]}<\/script>\n<!-- \/ Yoast SEO plugin. -->","yoast_head_json":{"title":"Chubut y Buenos Aires, las provincias con mayor generaci\u00f3n de energ\u00eda e\u00f3lica - Noticias Radio Reflejos","robots":{"index":"index","follow":"follow","max-snippet":"max-snippet:-1","max-image-preview":"max-image-preview:large","max-video-preview":"max-video-preview:-1"},"canonical":"https:\/\/www.noticiasradioreflejos.com.ar\/2021\/chubut-y-buenos-aires-las-provincias-con-mayor-generacion-de-energia-eolica\/","og_locale":"es_ES","og_type":"article","og_title":"Chubut y Buenos Aires, las provincias con mayor generaci\u00f3n de energ\u00eda e\u00f3lica - Noticias Radio Reflejos","og_description":"La C\u00e1mara E\u00f3lica Argentina detall\u00f3 que en la actualidad \u00abhay 57 parques e\u00f3licos en operaci\u00f3n\u00bb distribuidos a lo largo y ancho del pa\u00eds, con proyectos en marcha tanto de construcci\u00f3n como de ampliaci\u00f3n.","og_url":"https:\/\/www.noticiasradioreflejos.com.ar\/2021\/chubut-y-buenos-aires-las-provincias-con-mayor-generacion-de-energia-eolica\/","og_site_name":"Noticias Radio Reflejos","article_published_time":"2022-07-08T11:32:26+00:00","og_image":[{"width":880,"height":586,"url":"https:\/\/www.noticiasradioreflejos.com.ar\/2021\/wp-content\/uploads\/2022\/07\/Molinos-eolicos.jpg","type":"image\/jpeg"}],"author":"Arnaldo Botto","twitter_card":"summary_large_image","schema":{"@context":"https:\/\/schema.org","@graph":[{"@type":"WebPage","@id":"https:\/\/www.noticiasradioreflejos.com.ar\/2021\/chubut-y-buenos-aires-las-provincias-con-mayor-generacion-de-energia-eolica\/","url":"https:\/\/www.noticiasradioreflejos.com.ar\/2021\/chubut-y-buenos-aires-las-provincias-con-mayor-generacion-de-energia-eolica\/","name":"Chubut y Buenos Aires, las provincias con mayor generaci\u00f3n de energ\u00eda e\u00f3lica - Noticias Radio Reflejos","isPartOf":{"@id":"https:\/\/www.noticiasradioreflejos.com.ar\/2021\/#website"},"primaryImageOfPage":{"@id":"https:\/\/www.noticiasradioreflejos.com.ar\/2021\/chubut-y-buenos-aires-las-provincias-con-mayor-generacion-de-energia-eolica\/#primaryimage"},"image":{"@id":"https:\/\/www.noticiasradioreflejos.com.ar\/2021\/chubut-y-buenos-aires-las-provincias-con-mayor-generacion-de-energia-eolica\/#primaryimage"},"thumbnailUrl":"https:\/\/www.noticiasradioreflejos.com.ar\/2021\/wp-content\/uploads\/2022\/07\/Molinos-eolicos.jpg","datePublished":"2022-07-08T11:32:26+00:00","author":{"@id":"https:\/\/www.noticiasradioreflejos.com.ar\/2021\/#\/schema\/person\/ad82545263dcc5ec0996818884fd5fb1"},"breadcrumb":{"@id":"https:\/\/www.noticiasradioreflejos.com.ar\/2021\/chubut-y-buenos-aires-las-provincias-con-mayor-generacion-de-energia-eolica\/#breadcrumb"},"inLanguage":"es","potentialAction":[{"@type":"ReadAction","target":["https:\/\/www.noticiasradioreflejos.com.ar\/2021\/chubut-y-buenos-aires-las-provincias-con-mayor-generacion-de-energia-eolica\/"]}]},{"@type":"ImageObject","inLanguage":"es","@id":"https:\/\/www.noticiasradioreflejos.com.ar\/2021\/chubut-y-buenos-aires-las-provincias-con-mayor-generacion-de-energia-eolica\/#primaryimage","url":"https:\/\/www.noticiasradioreflejos.com.ar\/2021\/wp-content\/uploads\/2022\/07\/Molinos-eolicos.jpg","contentUrl":"https:\/\/www.noticiasradioreflejos.com.ar\/2021\/wp-content\/uploads\/2022\/07\/Molinos-eolicos.jpg","width":880,"height":586},{"@type":"BreadcrumbList","@id":"https:\/\/www.noticiasradioreflejos.com.ar\/2021\/chubut-y-buenos-aires-las-provincias-con-mayor-generacion-de-energia-eolica\/#breadcrumb","itemListElement":[{"@type":"ListItem","position":1,"name":"Portada","item":"https:\/\/www.noticiasradioreflejos.com.ar\/2021\/"},{"@type":"ListItem","position":2,"name":"Chubut y Buenos Aires, las provincias con mayor generaci\u00f3n de energ\u00eda e\u00f3lica"}]},{"@type":"WebSite","@id":"https:\/\/www.noticiasradioreflejos.com.ar\/2021\/#website","url":"https:\/\/www.noticiasradioreflejos.com.ar\/2021\/","name":"Noticias Radio Reflejos","description":"Las noticias de mi comarca","potentialAction":[{"@type":"SearchAction","target":{"@type":"EntryPoint","urlTemplate":"https:\/\/www.noticiasradioreflejos.com.ar\/2021\/?s={search_term_string}"},"query-input":{"@type":"PropertyValueSpecification","valueRequired":true,"valueName":"search_term_string"}}],"inLanguage":"es"},{"@type":"Person","@id":"https:\/\/www.noticiasradioreflejos.com.ar\/2021\/#\/schema\/person\/ad82545263dcc5ec0996818884fd5fb1","name":"Arnaldo Botto","image":{"@type":"ImageObject","inLanguage":"es","@id":"https:\/\/www.noticiasradioreflejos.com.ar\/2021\/#\/schema\/person\/image\/","url":"https:\/\/secure.gravatar.com\/avatar\/55cb5e37c1efa326397366e6974cb338056df65cb50e7d64d1cf314e87504837?s=96&d=mm&r=g","contentUrl":"https:\/\/secure.gravatar.com\/avatar\/55cb5e37c1efa326397366e6974cb338056df65cb50e7d64d1cf314e87504837?s=96&d=mm&r=g","caption":"Arnaldo Botto"},"url":"https:\/\/www.noticiasradioreflejos.com.ar\/2021\/author\/arnaldo\/"}]}},"_links":{"self":[{"href":"https:\/\/www.noticiasradioreflejos.com.ar\/2021\/wp-json\/wp\/v2\/posts\/74772","targetHints":{"allow":["GET"]}}],"collection":[{"href":"https:\/\/www.noticiasradioreflejos.com.ar\/2021\/wp-json\/wp\/v2\/posts"}],"about":[{"href":"https:\/\/www.noticiasradioreflejos.com.ar\/2021\/wp-json\/wp\/v2\/types\/post"}],"author":[{"embeddable":true,"href":"https:\/\/www.noticiasradioreflejos.com.ar\/2021\/wp-json\/wp\/v2\/users\/3"}],"replies":[{"embeddable":true,"href":"https:\/\/www.noticiasradioreflejos.com.ar\/2021\/wp-json\/wp\/v2\/comments?post=74772"}],"version-history":[{"count":1,"href":"https:\/\/www.noticiasradioreflejos.com.ar\/2021\/wp-json\/wp\/v2\/posts\/74772\/revisions"}],"predecessor-version":[{"id":74774,"href":"https:\/\/www.noticiasradioreflejos.com.ar\/2021\/wp-json\/wp\/v2\/posts\/74772\/revisions\/74774"}],"wp:featuredmedia":[{"embeddable":true,"href":"https:\/\/www.noticiasradioreflejos.com.ar\/2021\/wp-json\/wp\/v2\/media\/74773"}],"wp:attachment":[{"href":"https:\/\/www.noticiasradioreflejos.com.ar\/2021\/wp-json\/wp\/v2\/media?parent=74772"}],"wp:term":[{"taxonomy":"category","embeddable":true,"href":"https:\/\/www.noticiasradioreflejos.com.ar\/2021\/wp-json\/wp\/v2\/categories?post=74772"},{"taxonomy":"post_tag","embeddable":true,"href":"https:\/\/www.noticiasradioreflejos.com.ar\/2021\/wp-json\/wp\/v2\/tags?post=74772"}],"curies":[{"name":"wp","href":"https:\/\/api.w.org\/{rel}","templated":true}]}}