{"id":74767,"date":"2022-07-08T11:02:32","date_gmt":"2022-07-08T11:02:32","guid":{"rendered":"http:\/\/www.noticiasradioreflejos.com.ar\/2021\/?p=74767"},"modified":"2022-07-08T11:02:32","modified_gmt":"2022-07-08T11:02:32","slug":"un-camion-recorre-cuatro-provincias-y-caba-para-realizar-mamografias-gratuitas","status":"publish","type":"post","link":"https:\/\/www.noticiasradioreflejos.com.ar\/2021\/un-camion-recorre-cuatro-provincias-y-caba-para-realizar-mamografias-gratuitas\/","title":{"rendered":"Un cami\u00f3n recorre cuatro provincias y CABA para realizar mamograf\u00edas gratuitas"},"content":{"rendered":"<p>Bajo el lema \u201cpoder llegar a donde nadie llega\u201d, recorre Buenos Aires, C\u00f3rdoba, La Pampa, R\u00edo Negro, y realiza controles mamarios a personas a partir de los 40 a\u00f1os y sin cobertura m\u00e9dica.<!--more--><\/p>\n<figure class=\"mb-3\"><img decoding=\"async\" src=\"https:\/\/www.telam.com.ar\/thumbs\/bluesteel\/advf\/imagenes\/2021\/05\/60b13dc3162f9_900.jpg\" alt=\"El camin ya realiz ms de 164000 estudios gratuitos en lo que del ao\" width=\"100%\" height=\"100%\" \/><\/p>\n<div class=\"media-icons\"><\/div><figcaption>El cami\u00f3n ya realiz\u00f3 m\u00e1s de 164.000 estudios gratuitos en lo que del a\u00f1o.<\/figcaption><\/figure>\n<p>Un cami\u00f3n comenz\u00f3 este a recorrer las provincias de Buenos Aires, C\u00f3rdoba, La Pampa, R\u00edo Negro y la CABA para realizar mamograf\u00edas gratuitas a personas en edad de riesgo y sin cobertura m\u00e9dica, inform\u00f3 la\u00a0<strong>Liga Argentina de Lucha contra el C\u00e1ncer (Lalcec).<\/strong><\/p>\n<p>Bajo el lema \u201cpoder llegar a donde nadie llega\u201d, la iniciativa, de la que tambi\u00e9n participa la Fundaci\u00f3n Avon,\u00a0<strong>ya realiz\u00f3 m\u00e1s de 164.000 estudios gratuitos en lo que del a\u00f1o.<\/strong><\/p>\n<p>El mam\u00f3grafo m\u00f3vil recorre cada semana distintas localidades del pa\u00eds realizando\u00a0<strong>controles mamarios a personas a partir de los 40 a\u00f1os y sin cobertura m\u00e9dica.<\/strong><\/p>\n<p>La acci\u00f3n busca \u00ab<strong>la equidad en el acceso a la salud<\/strong>\u00bb y busca \u00abconcientizar sobre la importancia de la realizaci\u00f3n de los controles mamarios anuales\u00bb.<\/p>\n<p>https:\/\/twitter.com\/FundacionAvon\/status\/1544804381622763520?ref_src=twsrc%5Etfw%7Ctwcamp%5Etweetembed%7Ctwterm%5E1544804381622763520%7Ctwgr%5E%7Ctwcon%5Es1_c10&#038;ref_url=https%3A%2F%2Fwww.telam.com.ar%2Fnotas%2F202207%2F597874-camion-provincias-caba-mamografias-gratuitas-salud.html<\/p>\n<p>Los organizadores indicaron adem\u00e1s que debido a estas acciones preventivas,\u00a0<strong>m\u00e1s de 4.500 personas fueron diagnosticadas a tiempo e iniciaron un tratamiento.<\/strong><\/p>\n<p>Los organizadores informaron que\u00a0<strong>cada semana\u00a0<\/strong>se<strong>\u00a0anunciar\u00e1 en las redes sociales\u00a0<\/strong>de<a href=\"https:\/\/twitter.com\/lalcecargentina\" target=\"_blank\" rel=\"noopener\">\u00a0Lalcec<\/a>\u00a0y Fundaci\u00f3n AVON las\u00a0<strong>localidades en las que estar\u00e1 y c\u00f3mo obtener un turno para el estudio.<\/strong><\/p>\n<p>Si bien las probabilidades de tener c\u00e1ncer de mama aumentan con la edad, quienes tienen antecedentes familiares de primer grado, deben realizar las consultas pertinentes con el m\u00e9dico y comenzar antes a hacerse los controles.<\/p>\n<p>La mamograf\u00eda permite\u00a0<strong>detectar, adem\u00e1s de lesiones benignas<\/strong>, el c\u00e1ncer de mama cuando a\u00fan no se palpa (puede manifestarse como un n\u00f3dulo, microcalcificaciones, asimetr\u00edas). Por lo tanto, el autoexamen -si bien es \u00fatil- no debe reemplazarla.<\/p>\n","protected":false},"excerpt":{"rendered":"<p>Bajo el lema \u201cpoder llegar a donde nadie llega\u201d, recorre Buenos Aires, C\u00f3rdoba, La Pampa, R\u00edo Negro, y realiza controles mamarios a personas a partir de los 40 a\u00f1os y sin cobertura m\u00e9dica.<\/p>\n","protected":false},"author":3,"featured_media":0,"comment_status":"closed","ping_status":"closed","sticky":false,"template":"","format":"standard","meta":{"footnotes":""},"categories":[24,30],"tags":[],"class_list":["post-74767","post","type-post","status-publish","format-standard","hentry","category-politica","category-salud"],"yoast_head":"<!-- This site is optimized with the Yoast SEO plugin v25.9 - https:\/\/yoast.com\/wordpress\/plugins\/seo\/ -->\n<title>Un cami\u00f3n recorre cuatro provincias y CABA para realizar mamograf\u00edas gratuitas - Noticias Radio Reflejos<\/title>\n<meta name=\"robots\" content=\"index, follow, max-snippet:-1, max-image-preview:large, max-video-preview:-1\" \/>\n<link rel=\"canonical\" href=\"https:\/\/www.noticiasradioreflejos.com.ar\/2021\/un-camion-recorre-cuatro-provincias-y-caba-para-realizar-mamografias-gratuitas\/\" \/>\n<meta property=\"og:locale\" content=\"es_ES\" \/>\n<meta property=\"og:type\" content=\"article\" \/>\n<meta property=\"og:title\" content=\"Un cami\u00f3n recorre cuatro provincias y CABA para realizar mamograf\u00edas gratuitas - Noticias Radio Reflejos\" \/>\n<meta property=\"og:description\" content=\"Bajo el lema \u201cpoder llegar a donde nadie llega\u201d, recorre Buenos Aires, C\u00f3rdoba, La Pampa, R\u00edo Negro, y realiza controles mamarios a personas a partir de los 40 a\u00f1os y sin cobertura m\u00e9dica.\" \/>\n<meta property=\"og:url\" content=\"https:\/\/www.noticiasradioreflejos.com.ar\/2021\/un-camion-recorre-cuatro-provincias-y-caba-para-realizar-mamografias-gratuitas\/\" \/>\n<meta property=\"og:site_name\" content=\"Noticias Radio Reflejos\" \/>\n<meta property=\"article:published_time\" content=\"2022-07-08T11:02:32+00:00\" \/>\n<meta property=\"og:image\" content=\"https:\/\/www.telam.com.ar\/thumbs\/bluesteel\/advf\/imagenes\/2021\/05\/60b13dc3162f9_900.jpg\" \/>\n<meta name=\"author\" content=\"Arnaldo Botto\" \/>\n<meta name=\"twitter:card\" content=\"summary_large_image\" \/>\n<script type=\"application\/ld+json\" class=\"yoast-schema-graph\">{\"@context\":\"https:\/\/schema.org\",\"@graph\":[{\"@type\":\"WebPage\",\"@id\":\"https:\/\/www.noticiasradioreflejos.com.ar\/2021\/un-camion-recorre-cuatro-provincias-y-caba-para-realizar-mamografias-gratuitas\/\",\"url\":\"https:\/\/www.noticiasradioreflejos.com.ar\/2021\/un-camion-recorre-cuatro-provincias-y-caba-para-realizar-mamografias-gratuitas\/\",\"name\":\"Un cami\u00f3n recorre cuatro provincias y CABA para realizar mamograf\u00edas gratuitas - Noticias Radio Reflejos\",\"isPartOf\":{\"@id\":\"https:\/\/www.noticiasradioreflejos.com.ar\/2021\/#website\"},\"primaryImageOfPage\":{\"@id\":\"https:\/\/www.noticiasradioreflejos.com.ar\/2021\/un-camion-recorre-cuatro-provincias-y-caba-para-realizar-mamografias-gratuitas\/#primaryimage\"},\"image\":{\"@id\":\"https:\/\/www.noticiasradioreflejos.com.ar\/2021\/un-camion-recorre-cuatro-provincias-y-caba-para-realizar-mamografias-gratuitas\/#primaryimage\"},\"thumbnailUrl\":\"https:\/\/www.telam.com.ar\/thumbs\/bluesteel\/advf\/imagenes\/2021\/05\/60b13dc3162f9_900.jpg\",\"datePublished\":\"2022-07-08T11:02:32+00:00\",\"author\":{\"@id\":\"https:\/\/www.noticiasradioreflejos.com.ar\/2021\/#\/schema\/person\/ad82545263dcc5ec0996818884fd5fb1\"},\"breadcrumb\":{\"@id\":\"https:\/\/www.noticiasradioreflejos.com.ar\/2021\/un-camion-recorre-cuatro-provincias-y-caba-para-realizar-mamografias-gratuitas\/#breadcrumb\"},\"inLanguage\":\"es\",\"potentialAction\":[{\"@type\":\"ReadAction\",\"target\":[\"https:\/\/www.noticiasradioreflejos.com.ar\/2021\/un-camion-recorre-cuatro-provincias-y-caba-para-realizar-mamografias-gratuitas\/\"]}]},{\"@type\":\"ImageObject\",\"inLanguage\":\"es\",\"@id\":\"https:\/\/www.noticiasradioreflejos.com.ar\/2021\/un-camion-recorre-cuatro-provincias-y-caba-para-realizar-mamografias-gratuitas\/#primaryimage\",\"url\":\"https:\/\/www.telam.com.ar\/thumbs\/bluesteel\/advf\/imagenes\/2021\/05\/60b13dc3162f9_900.jpg\",\"contentUrl\":\"https:\/\/www.telam.com.ar\/thumbs\/bluesteel\/advf\/imagenes\/2021\/05\/60b13dc3162f9_900.jpg\"},{\"@type\":\"BreadcrumbList\",\"@id\":\"https:\/\/www.noticiasradioreflejos.com.ar\/2021\/un-camion-recorre-cuatro-provincias-y-caba-para-realizar-mamografias-gratuitas\/#breadcrumb\",\"itemListElement\":[{\"@type\":\"ListItem\",\"position\":1,\"name\":\"Portada\",\"item\":\"https:\/\/www.noticiasradioreflejos.com.ar\/2021\/\"},{\"@type\":\"ListItem\",\"position\":2,\"name\":\"Un cami\u00f3n recorre cuatro provincias y CABA para realizar mamograf\u00edas gratuitas\"}]},{\"@type\":\"WebSite\",\"@id\":\"https:\/\/www.noticiasradioreflejos.com.ar\/2021\/#website\",\"url\":\"https:\/\/www.noticiasradioreflejos.com.ar\/2021\/\",\"name\":\"Noticias Radio Reflejos\",\"description\":\"Las noticias de mi comarca\",\"potentialAction\":[{\"@type\":\"SearchAction\",\"target\":{\"@type\":\"EntryPoint\",\"urlTemplate\":\"https:\/\/www.noticiasradioreflejos.com.ar\/2021\/?s={search_term_string}\"},\"query-input\":{\"@type\":\"PropertyValueSpecification\",\"valueRequired\":true,\"valueName\":\"search_term_string\"}}],\"inLanguage\":\"es\"},{\"@type\":\"Person\",\"@id\":\"https:\/\/www.noticiasradioreflejos.com.ar\/2021\/#\/schema\/person\/ad82545263dcc5ec0996818884fd5fb1\",\"name\":\"Arnaldo Botto\",\"image\":{\"@type\":\"ImageObject\",\"inLanguage\":\"es\",\"@id\":\"https:\/\/www.noticiasradioreflejos.com.ar\/2021\/#\/schema\/person\/image\/\",\"url\":\"https:\/\/secure.gravatar.com\/avatar\/55cb5e37c1efa326397366e6974cb338056df65cb50e7d64d1cf314e87504837?s=96&d=mm&r=g\",\"contentUrl\":\"https:\/\/secure.gravatar.com\/avatar\/55cb5e37c1efa326397366e6974cb338056df65cb50e7d64d1cf314e87504837?s=96&d=mm&r=g\",\"caption\":\"Arnaldo Botto\"},\"url\":\"https:\/\/www.noticiasradioreflejos.com.ar\/2021\/author\/arnaldo\/\"}]}<\/script>\n<!-- \/ Yoast SEO plugin. -->","yoast_head_json":{"title":"Un cami\u00f3n recorre cuatro provincias y CABA para realizar mamograf\u00edas gratuitas - Noticias Radio Reflejos","robots":{"index":"index","follow":"follow","max-snippet":"max-snippet:-1","max-image-preview":"max-image-preview:large","max-video-preview":"max-video-preview:-1"},"canonical":"https:\/\/www.noticiasradioreflejos.com.ar\/2021\/un-camion-recorre-cuatro-provincias-y-caba-para-realizar-mamografias-gratuitas\/","og_locale":"es_ES","og_type":"article","og_title":"Un cami\u00f3n recorre cuatro provincias y CABA para realizar mamograf\u00edas gratuitas - Noticias Radio Reflejos","og_description":"Bajo el lema \u201cpoder llegar a donde nadie llega\u201d, recorre Buenos Aires, C\u00f3rdoba, La Pampa, R\u00edo Negro, y realiza controles mamarios a personas a partir de los 40 a\u00f1os y sin cobertura m\u00e9dica.","og_url":"https:\/\/www.noticiasradioreflejos.com.ar\/2021\/un-camion-recorre-cuatro-provincias-y-caba-para-realizar-mamografias-gratuitas\/","og_site_name":"Noticias Radio Reflejos","article_published_time":"2022-07-08T11:02:32+00:00","og_image":[{"url":"https:\/\/www.telam.com.ar\/thumbs\/bluesteel\/advf\/imagenes\/2021\/05\/60b13dc3162f9_900.jpg","type":"","width":"","height":""}],"author":"Arnaldo Botto","twitter_card":"summary_large_image","schema":{"@context":"https:\/\/schema.org","@graph":[{"@type":"WebPage","@id":"https:\/\/www.noticiasradioreflejos.com.ar\/2021\/un-camion-recorre-cuatro-provincias-y-caba-para-realizar-mamografias-gratuitas\/","url":"https:\/\/www.noticiasradioreflejos.com.ar\/2021\/un-camion-recorre-cuatro-provincias-y-caba-para-realizar-mamografias-gratuitas\/","name":"Un cami\u00f3n recorre cuatro provincias y CABA para realizar mamograf\u00edas gratuitas - Noticias Radio Reflejos","isPartOf":{"@id":"https:\/\/www.noticiasradioreflejos.com.ar\/2021\/#website"},"primaryImageOfPage":{"@id":"https:\/\/www.noticiasradioreflejos.com.ar\/2021\/un-camion-recorre-cuatro-provincias-y-caba-para-realizar-mamografias-gratuitas\/#primaryimage"},"image":{"@id":"https:\/\/www.noticiasradioreflejos.com.ar\/2021\/un-camion-recorre-cuatro-provincias-y-caba-para-realizar-mamografias-gratuitas\/#primaryimage"},"thumbnailUrl":"https:\/\/www.telam.com.ar\/thumbs\/bluesteel\/advf\/imagenes\/2021\/05\/60b13dc3162f9_900.jpg","datePublished":"2022-07-08T11:02:32+00:00","author":{"@id":"https:\/\/www.noticiasradioreflejos.com.ar\/2021\/#\/schema\/person\/ad82545263dcc5ec0996818884fd5fb1"},"breadcrumb":{"@id":"https:\/\/www.noticiasradioreflejos.com.ar\/2021\/un-camion-recorre-cuatro-provincias-y-caba-para-realizar-mamografias-gratuitas\/#breadcrumb"},"inLanguage":"es","potentialAction":[{"@type":"ReadAction","target":["https:\/\/www.noticiasradioreflejos.com.ar\/2021\/un-camion-recorre-cuatro-provincias-y-caba-para-realizar-mamografias-gratuitas\/"]}]},{"@type":"ImageObject","inLanguage":"es","@id":"https:\/\/www.noticiasradioreflejos.com.ar\/2021\/un-camion-recorre-cuatro-provincias-y-caba-para-realizar-mamografias-gratuitas\/#primaryimage","url":"https:\/\/www.telam.com.ar\/thumbs\/bluesteel\/advf\/imagenes\/2021\/05\/60b13dc3162f9_900.jpg","contentUrl":"https:\/\/www.telam.com.ar\/thumbs\/bluesteel\/advf\/imagenes\/2021\/05\/60b13dc3162f9_900.jpg"},{"@type":"BreadcrumbList","@id":"https:\/\/www.noticiasradioreflejos.com.ar\/2021\/un-camion-recorre-cuatro-provincias-y-caba-para-realizar-mamografias-gratuitas\/#breadcrumb","itemListElement":[{"@type":"ListItem","position":1,"name":"Portada","item":"https:\/\/www.noticiasradioreflejos.com.ar\/2021\/"},{"@type":"ListItem","position":2,"name":"Un cami\u00f3n recorre cuatro provincias y CABA para realizar mamograf\u00edas gratuitas"}]},{"@type":"WebSite","@id":"https:\/\/www.noticiasradioreflejos.com.ar\/2021\/#website","url":"https:\/\/www.noticiasradioreflejos.com.ar\/2021\/","name":"Noticias Radio Reflejos","description":"Las noticias de mi comarca","potentialAction":[{"@type":"SearchAction","target":{"@type":"EntryPoint","urlTemplate":"https:\/\/www.noticiasradioreflejos.com.ar\/2021\/?s={search_term_string}"},"query-input":{"@type":"PropertyValueSpecification","valueRequired":true,"valueName":"search_term_string"}}],"inLanguage":"es"},{"@type":"Person","@id":"https:\/\/www.noticiasradioreflejos.com.ar\/2021\/#\/schema\/person\/ad82545263dcc5ec0996818884fd5fb1","name":"Arnaldo Botto","image":{"@type":"ImageObject","inLanguage":"es","@id":"https:\/\/www.noticiasradioreflejos.com.ar\/2021\/#\/schema\/person\/image\/","url":"https:\/\/secure.gravatar.com\/avatar\/55cb5e37c1efa326397366e6974cb338056df65cb50e7d64d1cf314e87504837?s=96&d=mm&r=g","contentUrl":"https:\/\/secure.gravatar.com\/avatar\/55cb5e37c1efa326397366e6974cb338056df65cb50e7d64d1cf314e87504837?s=96&d=mm&r=g","caption":"Arnaldo Botto"},"url":"https:\/\/www.noticiasradioreflejos.com.ar\/2021\/author\/arnaldo\/"}]}},"_links":{"self":[{"href":"https:\/\/www.noticiasradioreflejos.com.ar\/2021\/wp-json\/wp\/v2\/posts\/74767","targetHints":{"allow":["GET"]}}],"collection":[{"href":"https:\/\/www.noticiasradioreflejos.com.ar\/2021\/wp-json\/wp\/v2\/posts"}],"about":[{"href":"https:\/\/www.noticiasradioreflejos.com.ar\/2021\/wp-json\/wp\/v2\/types\/post"}],"author":[{"embeddable":true,"href":"https:\/\/www.noticiasradioreflejos.com.ar\/2021\/wp-json\/wp\/v2\/users\/3"}],"replies":[{"embeddable":true,"href":"https:\/\/www.noticiasradioreflejos.com.ar\/2021\/wp-json\/wp\/v2\/comments?post=74767"}],"version-history":[{"count":1,"href":"https:\/\/www.noticiasradioreflejos.com.ar\/2021\/wp-json\/wp\/v2\/posts\/74767\/revisions"}],"predecessor-version":[{"id":74769,"href":"https:\/\/www.noticiasradioreflejos.com.ar\/2021\/wp-json\/wp\/v2\/posts\/74767\/revisions\/74769"}],"wp:attachment":[{"href":"https:\/\/www.noticiasradioreflejos.com.ar\/2021\/wp-json\/wp\/v2\/media?parent=74767"}],"wp:term":[{"taxonomy":"category","embeddable":true,"href":"https:\/\/www.noticiasradioreflejos.com.ar\/2021\/wp-json\/wp\/v2\/categories?post=74767"},{"taxonomy":"post_tag","embeddable":true,"href":"https:\/\/www.noticiasradioreflejos.com.ar\/2021\/wp-json\/wp\/v2\/tags?post=74767"}],"curies":[{"name":"wp","href":"https:\/\/api.w.org\/{rel}","templated":true}]}}