{"id":74752,"date":"2022-07-08T10:29:52","date_gmt":"2022-07-08T10:29:52","guid":{"rendered":"http:\/\/www.noticiasradioreflejos.com.ar\/2021\/?p=74752"},"modified":"2022-07-08T10:29:52","modified_gmt":"2022-07-08T10:29:52","slug":"el-telescopio-james-webb-ofrecio-un-primer-vistazo-del-origen-del-universo","status":"publish","type":"post","link":"https:\/\/www.noticiasradioreflejos.com.ar\/2021\/el-telescopio-james-webb-ofrecio-un-primer-vistazo-del-origen-del-universo\/","title":{"rendered":"El telescopio James Webb ofreci\u00f3 un primer vistazo del origen del universo"},"content":{"rendered":"<p>El dispositivo que orbita el Sol a 1,5 millones de kil\u00f3metros de la Tierra mostraron un conjunto de estrellas y galaxias lejanas.<!--more--><\/p>\n<figure class=\"mb-3\"><img decoding=\"async\" src=\"https:\/\/www.telam.com.ar\/thumbs\/bluesteel\/advf\/imagenes\/2022\/07\/62c7ffdf06a8e_900.jpg\" alt=\"Imagen obtenida gracias al telescopio James Webb Foto AFP\" width=\"100%\" height=\"100%\" \/><\/p>\n<div class=\"media-icons\"><\/div><figcaption>Imagen obtenida gracias al telescopio James Webb. Foto: AFP<\/figcaption><\/figure>\n<p>El telescopio James Webb capt\u00f3 una foto de prueba del espacio profundo, en v\u00edsperas de que la NASA publique las primeras im\u00e1genes tomadas por este dispositivo, tan potente que puede remontarse a los or\u00edgenes del universo, se inform\u00f3 este jueves.<\/p>\n<p>El telescopio de 10.000 millones de d\u00f3lares -lanzado en diciembre del a\u00f1o pasado y que ahora orbita el Sol a 1,5 millones de kil\u00f3metros de la Tierra- puede indagar donde ning\u00fan telescopio ha llegado antes, gracias a su enorme espejo principal y a los instrumentos que enfocan mediante infrarrojos, lo que permite ver a trav\u00e9s del polvo y el gas.<\/p>\n<p>Las primeras im\u00e1genes completamente formadas se publicar\u00e1n el 12 de julio, pero la NASA proporcion\u00f3 una foto de prueba de ingenier\u00eda, resultado de 72 exposiciones a lo largo de 32 horas, que muestran un conjunto de estrellas y galaxias lejanas, inform\u00f3 la agencia de noticias AFP .<\/p>\n<p><strong>La foto tiene algunas cualidades \u00abtoscas\u00bb<\/strong>, dijo la NASA en un comunicado, sin embargo est\u00e1 \u00abentre las im\u00e1genes m\u00e1s profundas del universo jam\u00e1s tomadas\u00bb y ofrece un \u00abprometedor vistazo\u00bb a lo que se revelar\u00e1 en las pr\u00f3ximas semanas, meses y a\u00f1os.<\/p>\n<p>\u00abCuando se tom\u00f3 la imagen, estaba entusiasmado por ver de forma clara la estructura detallada de esas tenues galaxias\u00bb, coment\u00f3 Neil Rowlands, cient\u00edfico del programa del sensor de orientaci\u00f3n del telescopio en Honeywell Aerospace.<\/p>\n<p>Las \u00abmanchas borrosas de esta imagen son exactamente los tipos de galaxias lejanas que Webb estudiar\u00e1 en su primer a\u00f1o de operaciones cient\u00edficas\u00bb, afirma Jane Rigby, cient\u00edfica de operaciones del Webb en el Centro de Vuelo Espacial Goddard de la NASA.<\/p>\n<p>Bill Nelson, administrador de la NASA, anunci\u00f3 la semana pasada que el James Webb es capaz de escudri\u00f1ar en el cosmos m\u00e1s que cualquier otro telescopio.<\/p>\n<p>\u00abExplorar\u00e1 objetos del sistema solar y de la atm\u00f3sfera de exoplanetas que orbitan otras estrellas, revelando hasta qu\u00e9 punto estas atm\u00f3sferas son similares a la nuestra\u00bb, apunt\u00f3 Nelson.<\/p>\n<p>\u00abSe resolver\u00e1n algunas preguntas como: \u00bfDe d\u00f3nde venimos? \u00bfQu\u00e9 m\u00e1s hay all\u00ed fuera? \u00bfQui\u00e9nes somos? Y, por supuesto, responder\u00e1 a cuestiones de las cuales ni siquiera hemos formulado las preguntas\u00bb.<\/p>\n<p>Las capacidades infrarrojas de Webb le permiten ver hacia atr\u00e1s en el tiempo hacia el Big Bang, que ocurri\u00f3 hace 13.800 millones de a\u00f1os.<\/p>\n<p>Las primeras observaciones cosmol\u00f3gicas datan de 330 millones de a\u00f1os despu\u00e9s del Big Bang, pero con las capacidades de Webb, los astr\u00f3nomos creen que se superar\u00e1 f\u00e1cilmente este r\u00e9cord.<\/p>\n","protected":false},"excerpt":{"rendered":"<p>El dispositivo que orbita el Sol a 1,5 millones de kil\u00f3metros de la Tierra mostraron un conjunto de estrellas y galaxias lejanas.<\/p>\n","protected":false},"author":3,"featured_media":74753,"comment_status":"closed","ping_status":"closed","sticky":false,"template":"","format":"standard","meta":{"footnotes":""},"categories":[46],"tags":[],"class_list":["post-74752","post","type-post","status-publish","format-standard","has-post-thumbnail","hentry","category-ciencia-y-tecnologia"],"yoast_head":"<!-- This site is optimized with the Yoast SEO plugin v25.9 - https:\/\/yoast.com\/wordpress\/plugins\/seo\/ -->\n<title>El telescopio James Webb ofreci\u00f3 un primer vistazo del origen del universo - Noticias Radio Reflejos<\/title>\n<meta name=\"robots\" content=\"index, follow, max-snippet:-1, max-image-preview:large, max-video-preview:-1\" \/>\n<link rel=\"canonical\" href=\"https:\/\/www.noticiasradioreflejos.com.ar\/2021\/el-telescopio-james-webb-ofrecio-un-primer-vistazo-del-origen-del-universo\/\" \/>\n<meta property=\"og:locale\" content=\"es_ES\" \/>\n<meta property=\"og:type\" content=\"article\" \/>\n<meta property=\"og:title\" content=\"El telescopio James Webb ofreci\u00f3 un primer vistazo del origen del universo - Noticias Radio Reflejos\" \/>\n<meta property=\"og:description\" content=\"El dispositivo que orbita el Sol a 1,5 millones de kil\u00f3metros de la Tierra mostraron un conjunto de estrellas y galaxias lejanas.\" \/>\n<meta property=\"og:url\" content=\"https:\/\/www.noticiasradioreflejos.com.ar\/2021\/el-telescopio-james-webb-ofrecio-un-primer-vistazo-del-origen-del-universo\/\" \/>\n<meta property=\"og:site_name\" content=\"Noticias Radio Reflejos\" \/>\n<meta property=\"article:published_time\" content=\"2022-07-08T10:29:52+00:00\" \/>\n<meta property=\"og:image\" content=\"https:\/\/www.noticiasradioreflejos.com.ar\/2021\/wp-content\/uploads\/2022\/07\/universo.jpg\" \/>\n\t<meta property=\"og:image:width\" content=\"900\" \/>\n\t<meta property=\"og:image:height\" content=\"506\" \/>\n\t<meta property=\"og:image:type\" content=\"image\/jpeg\" \/>\n<meta name=\"author\" content=\"Arnaldo Botto\" \/>\n<meta name=\"twitter:card\" content=\"summary_large_image\" \/>\n<script type=\"application\/ld+json\" class=\"yoast-schema-graph\">{\"@context\":\"https:\/\/schema.org\",\"@graph\":[{\"@type\":\"WebPage\",\"@id\":\"https:\/\/www.noticiasradioreflejos.com.ar\/2021\/el-telescopio-james-webb-ofrecio-un-primer-vistazo-del-origen-del-universo\/\",\"url\":\"https:\/\/www.noticiasradioreflejos.com.ar\/2021\/el-telescopio-james-webb-ofrecio-un-primer-vistazo-del-origen-del-universo\/\",\"name\":\"El telescopio James Webb ofreci\u00f3 un primer vistazo del origen del universo - Noticias Radio Reflejos\",\"isPartOf\":{\"@id\":\"https:\/\/www.noticiasradioreflejos.com.ar\/2021\/#website\"},\"primaryImageOfPage\":{\"@id\":\"https:\/\/www.noticiasradioreflejos.com.ar\/2021\/el-telescopio-james-webb-ofrecio-un-primer-vistazo-del-origen-del-universo\/#primaryimage\"},\"image\":{\"@id\":\"https:\/\/www.noticiasradioreflejos.com.ar\/2021\/el-telescopio-james-webb-ofrecio-un-primer-vistazo-del-origen-del-universo\/#primaryimage\"},\"thumbnailUrl\":\"https:\/\/www.noticiasradioreflejos.com.ar\/2021\/wp-content\/uploads\/2022\/07\/universo.jpg\",\"datePublished\":\"2022-07-08T10:29:52+00:00\",\"author\":{\"@id\":\"https:\/\/www.noticiasradioreflejos.com.ar\/2021\/#\/schema\/person\/ad82545263dcc5ec0996818884fd5fb1\"},\"breadcrumb\":{\"@id\":\"https:\/\/www.noticiasradioreflejos.com.ar\/2021\/el-telescopio-james-webb-ofrecio-un-primer-vistazo-del-origen-del-universo\/#breadcrumb\"},\"inLanguage\":\"es\",\"potentialAction\":[{\"@type\":\"ReadAction\",\"target\":[\"https:\/\/www.noticiasradioreflejos.com.ar\/2021\/el-telescopio-james-webb-ofrecio-un-primer-vistazo-del-origen-del-universo\/\"]}]},{\"@type\":\"ImageObject\",\"inLanguage\":\"es\",\"@id\":\"https:\/\/www.noticiasradioreflejos.com.ar\/2021\/el-telescopio-james-webb-ofrecio-un-primer-vistazo-del-origen-del-universo\/#primaryimage\",\"url\":\"https:\/\/www.noticiasradioreflejos.com.ar\/2021\/wp-content\/uploads\/2022\/07\/universo.jpg\",\"contentUrl\":\"https:\/\/www.noticiasradioreflejos.com.ar\/2021\/wp-content\/uploads\/2022\/07\/universo.jpg\",\"width\":900,\"height\":506},{\"@type\":\"BreadcrumbList\",\"@id\":\"https:\/\/www.noticiasradioreflejos.com.ar\/2021\/el-telescopio-james-webb-ofrecio-un-primer-vistazo-del-origen-del-universo\/#breadcrumb\",\"itemListElement\":[{\"@type\":\"ListItem\",\"position\":1,\"name\":\"Portada\",\"item\":\"https:\/\/www.noticiasradioreflejos.com.ar\/2021\/\"},{\"@type\":\"ListItem\",\"position\":2,\"name\":\"El telescopio James Webb ofreci\u00f3 un primer vistazo del origen del universo\"}]},{\"@type\":\"WebSite\",\"@id\":\"https:\/\/www.noticiasradioreflejos.com.ar\/2021\/#website\",\"url\":\"https:\/\/www.noticiasradioreflejos.com.ar\/2021\/\",\"name\":\"Noticias Radio Reflejos\",\"description\":\"Las noticias de mi comarca\",\"potentialAction\":[{\"@type\":\"SearchAction\",\"target\":{\"@type\":\"EntryPoint\",\"urlTemplate\":\"https:\/\/www.noticiasradioreflejos.com.ar\/2021\/?s={search_term_string}\"},\"query-input\":{\"@type\":\"PropertyValueSpecification\",\"valueRequired\":true,\"valueName\":\"search_term_string\"}}],\"inLanguage\":\"es\"},{\"@type\":\"Person\",\"@id\":\"https:\/\/www.noticiasradioreflejos.com.ar\/2021\/#\/schema\/person\/ad82545263dcc5ec0996818884fd5fb1\",\"name\":\"Arnaldo Botto\",\"image\":{\"@type\":\"ImageObject\",\"inLanguage\":\"es\",\"@id\":\"https:\/\/www.noticiasradioreflejos.com.ar\/2021\/#\/schema\/person\/image\/\",\"url\":\"https:\/\/secure.gravatar.com\/avatar\/55cb5e37c1efa326397366e6974cb338056df65cb50e7d64d1cf314e87504837?s=96&d=mm&r=g\",\"contentUrl\":\"https:\/\/secure.gravatar.com\/avatar\/55cb5e37c1efa326397366e6974cb338056df65cb50e7d64d1cf314e87504837?s=96&d=mm&r=g\",\"caption\":\"Arnaldo Botto\"},\"url\":\"https:\/\/www.noticiasradioreflejos.com.ar\/2021\/author\/arnaldo\/\"}]}<\/script>\n<!-- \/ Yoast SEO plugin. -->","yoast_head_json":{"title":"El telescopio James Webb ofreci\u00f3 un primer vistazo del origen del universo - Noticias Radio Reflejos","robots":{"index":"index","follow":"follow","max-snippet":"max-snippet:-1","max-image-preview":"max-image-preview:large","max-video-preview":"max-video-preview:-1"},"canonical":"https:\/\/www.noticiasradioreflejos.com.ar\/2021\/el-telescopio-james-webb-ofrecio-un-primer-vistazo-del-origen-del-universo\/","og_locale":"es_ES","og_type":"article","og_title":"El telescopio James Webb ofreci\u00f3 un primer vistazo del origen del universo - Noticias Radio Reflejos","og_description":"El dispositivo que orbita el Sol a 1,5 millones de kil\u00f3metros de la Tierra mostraron un conjunto de estrellas y galaxias lejanas.","og_url":"https:\/\/www.noticiasradioreflejos.com.ar\/2021\/el-telescopio-james-webb-ofrecio-un-primer-vistazo-del-origen-del-universo\/","og_site_name":"Noticias Radio Reflejos","article_published_time":"2022-07-08T10:29:52+00:00","og_image":[{"width":900,"height":506,"url":"https:\/\/www.noticiasradioreflejos.com.ar\/2021\/wp-content\/uploads\/2022\/07\/universo.jpg","type":"image\/jpeg"}],"author":"Arnaldo Botto","twitter_card":"summary_large_image","schema":{"@context":"https:\/\/schema.org","@graph":[{"@type":"WebPage","@id":"https:\/\/www.noticiasradioreflejos.com.ar\/2021\/el-telescopio-james-webb-ofrecio-un-primer-vistazo-del-origen-del-universo\/","url":"https:\/\/www.noticiasradioreflejos.com.ar\/2021\/el-telescopio-james-webb-ofrecio-un-primer-vistazo-del-origen-del-universo\/","name":"El telescopio James Webb ofreci\u00f3 un primer vistazo del origen del universo - Noticias Radio Reflejos","isPartOf":{"@id":"https:\/\/www.noticiasradioreflejos.com.ar\/2021\/#website"},"primaryImageOfPage":{"@id":"https:\/\/www.noticiasradioreflejos.com.ar\/2021\/el-telescopio-james-webb-ofrecio-un-primer-vistazo-del-origen-del-universo\/#primaryimage"},"image":{"@id":"https:\/\/www.noticiasradioreflejos.com.ar\/2021\/el-telescopio-james-webb-ofrecio-un-primer-vistazo-del-origen-del-universo\/#primaryimage"},"thumbnailUrl":"https:\/\/www.noticiasradioreflejos.com.ar\/2021\/wp-content\/uploads\/2022\/07\/universo.jpg","datePublished":"2022-07-08T10:29:52+00:00","author":{"@id":"https:\/\/www.noticiasradioreflejos.com.ar\/2021\/#\/schema\/person\/ad82545263dcc5ec0996818884fd5fb1"},"breadcrumb":{"@id":"https:\/\/www.noticiasradioreflejos.com.ar\/2021\/el-telescopio-james-webb-ofrecio-un-primer-vistazo-del-origen-del-universo\/#breadcrumb"},"inLanguage":"es","potentialAction":[{"@type":"ReadAction","target":["https:\/\/www.noticiasradioreflejos.com.ar\/2021\/el-telescopio-james-webb-ofrecio-un-primer-vistazo-del-origen-del-universo\/"]}]},{"@type":"ImageObject","inLanguage":"es","@id":"https:\/\/www.noticiasradioreflejos.com.ar\/2021\/el-telescopio-james-webb-ofrecio-un-primer-vistazo-del-origen-del-universo\/#primaryimage","url":"https:\/\/www.noticiasradioreflejos.com.ar\/2021\/wp-content\/uploads\/2022\/07\/universo.jpg","contentUrl":"https:\/\/www.noticiasradioreflejos.com.ar\/2021\/wp-content\/uploads\/2022\/07\/universo.jpg","width":900,"height":506},{"@type":"BreadcrumbList","@id":"https:\/\/www.noticiasradioreflejos.com.ar\/2021\/el-telescopio-james-webb-ofrecio-un-primer-vistazo-del-origen-del-universo\/#breadcrumb","itemListElement":[{"@type":"ListItem","position":1,"name":"Portada","item":"https:\/\/www.noticiasradioreflejos.com.ar\/2021\/"},{"@type":"ListItem","position":2,"name":"El telescopio James Webb ofreci\u00f3 un primer vistazo del origen del universo"}]},{"@type":"WebSite","@id":"https:\/\/www.noticiasradioreflejos.com.ar\/2021\/#website","url":"https:\/\/www.noticiasradioreflejos.com.ar\/2021\/","name":"Noticias Radio Reflejos","description":"Las noticias de mi comarca","potentialAction":[{"@type":"SearchAction","target":{"@type":"EntryPoint","urlTemplate":"https:\/\/www.noticiasradioreflejos.com.ar\/2021\/?s={search_term_string}"},"query-input":{"@type":"PropertyValueSpecification","valueRequired":true,"valueName":"search_term_string"}}],"inLanguage":"es"},{"@type":"Person","@id":"https:\/\/www.noticiasradioreflejos.com.ar\/2021\/#\/schema\/person\/ad82545263dcc5ec0996818884fd5fb1","name":"Arnaldo Botto","image":{"@type":"ImageObject","inLanguage":"es","@id":"https:\/\/www.noticiasradioreflejos.com.ar\/2021\/#\/schema\/person\/image\/","url":"https:\/\/secure.gravatar.com\/avatar\/55cb5e37c1efa326397366e6974cb338056df65cb50e7d64d1cf314e87504837?s=96&d=mm&r=g","contentUrl":"https:\/\/secure.gravatar.com\/avatar\/55cb5e37c1efa326397366e6974cb338056df65cb50e7d64d1cf314e87504837?s=96&d=mm&r=g","caption":"Arnaldo Botto"},"url":"https:\/\/www.noticiasradioreflejos.com.ar\/2021\/author\/arnaldo\/"}]}},"_links":{"self":[{"href":"https:\/\/www.noticiasradioreflejos.com.ar\/2021\/wp-json\/wp\/v2\/posts\/74752","targetHints":{"allow":["GET"]}}],"collection":[{"href":"https:\/\/www.noticiasradioreflejos.com.ar\/2021\/wp-json\/wp\/v2\/posts"}],"about":[{"href":"https:\/\/www.noticiasradioreflejos.com.ar\/2021\/wp-json\/wp\/v2\/types\/post"}],"author":[{"embeddable":true,"href":"https:\/\/www.noticiasradioreflejos.com.ar\/2021\/wp-json\/wp\/v2\/users\/3"}],"replies":[{"embeddable":true,"href":"https:\/\/www.noticiasradioreflejos.com.ar\/2021\/wp-json\/wp\/v2\/comments?post=74752"}],"version-history":[{"count":1,"href":"https:\/\/www.noticiasradioreflejos.com.ar\/2021\/wp-json\/wp\/v2\/posts\/74752\/revisions"}],"predecessor-version":[{"id":74754,"href":"https:\/\/www.noticiasradioreflejos.com.ar\/2021\/wp-json\/wp\/v2\/posts\/74752\/revisions\/74754"}],"wp:featuredmedia":[{"embeddable":true,"href":"https:\/\/www.noticiasradioreflejos.com.ar\/2021\/wp-json\/wp\/v2\/media\/74753"}],"wp:attachment":[{"href":"https:\/\/www.noticiasradioreflejos.com.ar\/2021\/wp-json\/wp\/v2\/media?parent=74752"}],"wp:term":[{"taxonomy":"category","embeddable":true,"href":"https:\/\/www.noticiasradioreflejos.com.ar\/2021\/wp-json\/wp\/v2\/categories?post=74752"},{"taxonomy":"post_tag","embeddable":true,"href":"https:\/\/www.noticiasradioreflejos.com.ar\/2021\/wp-json\/wp\/v2\/tags?post=74752"}],"curies":[{"name":"wp","href":"https:\/\/api.w.org\/{rel}","templated":true}]}}