{"id":74740,"date":"2022-07-07T14:08:12","date_gmt":"2022-07-07T14:08:12","guid":{"rendered":"http:\/\/www.noticiasradioreflejos.com.ar\/2021\/?p=74740"},"modified":"2022-07-07T14:11:51","modified_gmt":"2022-07-07T14:11:51","slug":"la-trochita-un-proyecto-institucional-y-turistico-de-desarrollo-regional","status":"publish","type":"post","link":"https:\/\/www.noticiasradioreflejos.com.ar\/2021\/la-trochita-un-proyecto-institucional-y-turistico-de-desarrollo-regional\/","title":{"rendered":"La Trochita: \u201cUn proyecto institucional y tur\u00edstico de desarrollo regional\u201d"},"content":{"rendered":"<p>\u201cUn proyecto institucional y tur\u00edstico de desarrollo regional\u201d As\u00ed lo defin\u00eda Jorge Tesan uno de los entusiastas que desde hace varios a\u00f1os vienen trabajando y formando parte del grupo que algunos identifican como \u201cLos locos de la trochita\u201d.<!--more--><\/p>\n<p>La presentaci\u00f3n, organizada por invitaci\u00f3n del Ente Mixto de Turismo, se desarroll\u00f3, ante una buena concurrencia, en el Centro Cultural de Sierra de la Ventana.<br \/>\nEstuvieron presentes, adem\u00e1s del grupo de Amigos de La Trochita, el Intendente Sergio Bordoni, miembros de su gabinete, concejales y prestadores tur\u00edsticos.<br \/>\nEl secretario de Turismo Gustavo Sandobal destac\u00f3, en su introducci\u00f3n de la jornada, la tarea que silenciosamente ha venido desarrollando este grupo de trabajo denominado \u201cLos Amigos de la Trochita\u201d, quienes empujan esto que puede parecer una utop\u00eda, convencidos de que pronto se har\u00e1 realidad.<\/p>\n<p>Dardo Fernandez, presidente de esta comisi\u00f3n, tuvo palabras de agradecimiento para todos los presentes y de inmediato traslad\u00f3 el micr\u00f3fono a Jorge Tesan quien comenz\u00f3 con un detallado informe de todo lo conseguido a trav\u00e9s de las gestiones y el trabajo realizado.<\/p>\n<p>Jorge Tesan defini\u00f3 al proyecto de La Trochita como \u201cUn proyecto institucional y tur\u00edstico de desarrollo regional\u201d<br \/>\n\u201cEl proyecto se est\u00e1 encarrilando, hemos logrado mucho y ya empieza a ser parte de una realidad, pero lo mas importante es contarle a la comunidad en que consiste el proyecto, para que la comunidad lo tome como una pol\u00edtica regional de turismo, para que mas all\u00e1 de las autoridades que est\u00e9n, tanto en lo municipal, provincial o nacional; como nosotros como integrantes del grupo de la trochita, lo pueda tener como objetivo a cumplir a lo largo del tiempo y que est\u00e9 funcionando porque esto es desarrollo para toda la comunidad\u201d se\u00f1al\u00f3 a CELTTv Noticias Jorge Tesan, minutos antes de comenzar con el concurrido encuentro donde despleg\u00f3 toda la informaci\u00f3n sobre los pasos dados hasta el momento.<br \/>\n\u201cEsto no es un producto de un grupo reducido, es el producto y el beneficio para toda la comarca, que va desde Frapal hasta Chasic\u00f3 y toda la comarca se ve beneficiada con esto\u201d sostuvo Tesan.<br \/>\n\u201cNo va a ser el \u00fanico proyecto que tengamos que desarrollar pero por sus caracter\u00edsticas geogr\u00e1ficas y por la no existencia en el resto del pa\u00eds y nosotros tenemos la posibilidad de tener un producto diferencial y lo tenemos ac\u00e1\u201d destac\u00f3 Jorge Tesan.<\/p>\n<figure class=\"wp-block-embed is-type-video is-provider-youtube wp-block-embed-youtube wp-embed-aspect-16-9 wp-has-aspect-ratio\">\n<div class=\"wp-block-embed__wrapper\"><iframe loading=\"lazy\" title=\"2022 07 06 ALOCUCION DE JORGE TESAN\" src=\"https:\/\/www.youtube.com\/embed\/Z6mk8O_VeLw?feature=oembed\" width=\"870\" height=\"489\" frameborder=\"0\" allowfullscreen=\"allowfullscreen\" data-mce-fragment=\"1\"><\/iframe><\/div>\n<\/figure>\n<figure class=\"wp-block-embed is-type-video is-provider-youtube wp-block-embed-youtube wp-embed-aspect-16-9 wp-has-aspect-ratio\">\n<div class=\"wp-block-embed__wrapper\"><iframe loading=\"lazy\" title=\"Propuesta del Museo de La Trochita de Sierra de la Ventana\" src=\"https:\/\/www.youtube.com\/embed\/VB1X_CG-E88?feature=oembed\" width=\"870\" height=\"489\" frameborder=\"0\" allowfullscreen=\"allowfullscreen\" data-mce-fragment=\"1\"><\/iframe><\/div>\n<\/figure>\n<figure class=\"wp-block-embed is-type-video is-provider-youtube wp-block-embed-youtube wp-embed-aspect-16-9 wp-has-aspect-ratio\">\n<div class=\"wp-block-embed__wrapper\"><iframe loading=\"lazy\" title=\"2022 07 06 ALOCUCION DE GUSTAVO SANDOBAL\" src=\"https:\/\/www.youtube.com\/embed\/zYCawchuLMs?feature=oembed\" width=\"870\" height=\"489\" frameborder=\"0\" allowfullscreen=\"allowfullscreen\" data-mce-fragment=\"1\"><\/iframe><\/div>\n<\/figure>\n<figure class=\"wp-block-embed is-type-video is-provider-youtube wp-block-embed-youtube wp-embed-aspect-16-9 wp-has-aspect-ratio\">\n<div class=\"wp-block-embed__wrapper\"><iframe loading=\"lazy\" title=\"2022 07 06 ALOCUCION DE DARDO FERNANDEZ\" src=\"https:\/\/www.youtube.com\/embed\/waiKeZ1BZFg?feature=oembed\" width=\"870\" height=\"489\" frameborder=\"0\" allowfullscreen=\"allowfullscreen\" data-mce-fragment=\"1\"><\/iframe><\/div>\n<\/figure>\n<figure class=\"wp-block-embed is-type-video is-provider-youtube wp-block-embed-youtube wp-embed-aspect-16-9 wp-has-aspect-ratio\">\n<div class=\"wp-block-embed__wrapper\"><iframe loading=\"lazy\" title=\"2022 07 07 PROYECTO LA TROCHITA 2 JORGE TESAN\" src=\"https:\/\/www.youtube.com\/embed\/E1aCf8SRCPM?feature=oembed\" width=\"870\" height=\"489\" frameborder=\"0\" allowfullscreen=\"allowfullscreen\" data-mce-fragment=\"1\"><\/iframe><\/div>\n<\/figure>\n<figure class=\"wp-block-embed is-type-video is-provider-youtube wp-block-embed-youtube wp-embed-aspect-16-9 wp-has-aspect-ratio\">\n<div class=\"wp-block-embed__wrapper\"><iframe loading=\"lazy\" title=\"2022 07 07 PROYECTO LA TROCHITA 4 DARDO FERNANDEZ\" src=\"https:\/\/www.youtube.com\/embed\/r7ezXO6sxrw?feature=oembed\" width=\"870\" height=\"489\" frameborder=\"0\" allowfullscreen=\"allowfullscreen\" data-mce-fragment=\"1\"><\/iframe><\/div>\n<\/figure>\n<figure class=\"wp-block-embed is-type-video is-provider-youtube wp-block-embed-youtube wp-embed-aspect-16-9 wp-has-aspect-ratio\">\n<div class=\"wp-block-embed__wrapper\"><iframe loading=\"lazy\" title=\"2022 07 07 PROYECTO LA TROCHITA 3 SERGIO BORDONI\" src=\"https:\/\/www.youtube.com\/embed\/wPg1clOv4Dw?feature=oembed\" width=\"870\" height=\"489\" frameborder=\"0\" allowfullscreen=\"allowfullscreen\" data-mce-fragment=\"1\"><\/iframe><\/div>\n<\/figure>\n<figure class=\"wp-block-embed is-type-video is-provider-youtube wp-block-embed-youtube wp-embed-aspect-16-9 wp-has-aspect-ratio\">\n<div class=\"wp-block-embed__wrapper\"><iframe loading=\"lazy\" title=\"2022 07 07 PROYECTO LA TROCHITA 5 SANDRA KIFER\" src=\"https:\/\/www.youtube.com\/embed\/ZLBjqXp9WIY?feature=oembed\" width=\"870\" height=\"489\" frameborder=\"0\" allowfullscreen=\"allowfullscreen\" data-mce-fragment=\"1\"><\/iframe><\/div>\n<\/figure>\n<figure class=\"wp-block-embed is-type-video is-provider-youtube wp-block-embed-youtube wp-embed-aspect-16-9 wp-has-aspect-ratio\">\n<div class=\"wp-block-embed__wrapper\"><iframe loading=\"lazy\" title=\"2022 07 07 PROYECTO LA TROCHITA 6 GUSTAVO SANDOBAL\" src=\"https:\/\/www.youtube.com\/embed\/bsx1ghKosW0?feature=oembed\" width=\"870\" height=\"489\" frameborder=\"0\" allowfullscreen=\"allowfullscreen\" data-mce-fragment=\"1\"><\/iframe><\/div>\n<\/figure>\n<figure class=\"wp-block-embed is-type-video is-provider-youtube wp-block-embed-youtube wp-embed-aspect-16-9 wp-has-aspect-ratio\">\n<div class=\"wp-block-embed__wrapper\"><iframe loading=\"lazy\" title=\"2022 07 07 PROYECTO LA TROCHITA 1 GUILLERMO BECK\" src=\"https:\/\/www.youtube.com\/embed\/g1AoKnjpPQs?feature=oembed\" width=\"870\" height=\"489\" frameborder=\"0\" allowfullscreen=\"allowfullscreen\" data-mce-fragment=\"1\"><\/iframe><\/div>\n<\/figure>\n<figure class=\"wp-block-gallery columns-3 is-cropped\">\n<ul class=\"blocks-gallery-grid\">\n<li class=\"blocks-gallery-item\">\n<figure><img loading=\"lazy\" decoding=\"async\" class=\"wp-image-67487\" src=\"http:\/\/www.celttv.com.ar\/wp-content\/uploads\/2022\/07\/IMG_8345-Medium-1024x683.jpg\" sizes=\"auto, (max-width: 1024px) 100vw, 1024px\" srcset=\"http:\/\/www.celttv.com.ar\/wp-content\/uploads\/2022\/07\/IMG_8345-Medium-1024x683.jpg 1024w, http:\/\/www.celttv.com.ar\/wp-content\/uploads\/2022\/07\/IMG_8345-Medium-780x520.jpg 780w, http:\/\/www.celttv.com.ar\/wp-content\/uploads\/2022\/07\/IMG_8345-Medium-768x512.jpg 768w, http:\/\/www.celttv.com.ar\/wp-content\/uploads\/2022\/07\/IMG_8345-Medium.jpg 1152w\" alt=\"\" width=\"1024\" height=\"683\" data-id=\"67487\" data-full-url=\"http:\/\/www.celttv.com.ar\/wp-content\/uploads\/2022\/07\/IMG_8345-Medium.jpg\" data-link=\"http:\/\/www.celttv.com.ar\/?attachment_id=67487\" \/><\/figure>\n<\/li>\n<li class=\"blocks-gallery-item\">\n<figure><img loading=\"lazy\" decoding=\"async\" class=\"wp-image-67488\" src=\"http:\/\/www.celttv.com.ar\/wp-content\/uploads\/2022\/07\/IMG_8347-Medium-1024x683.jpg\" sizes=\"auto, (max-width: 1024px) 100vw, 1024px\" srcset=\"http:\/\/www.celttv.com.ar\/wp-content\/uploads\/2022\/07\/IMG_8347-Medium-1024x683.jpg 1024w, http:\/\/www.celttv.com.ar\/wp-content\/uploads\/2022\/07\/IMG_8347-Medium-780x520.jpg 780w, http:\/\/www.celttv.com.ar\/wp-content\/uploads\/2022\/07\/IMG_8347-Medium-768x512.jpg 768w, http:\/\/www.celttv.com.ar\/wp-content\/uploads\/2022\/07\/IMG_8347-Medium.jpg 1152w\" alt=\"\" width=\"1024\" height=\"683\" data-id=\"67488\" data-full-url=\"http:\/\/www.celttv.com.ar\/wp-content\/uploads\/2022\/07\/IMG_8347-Medium.jpg\" data-link=\"http:\/\/www.celttv.com.ar\/?attachment_id=67488\" \/><\/figure>\n<\/li>\n<li class=\"blocks-gallery-item\">\n<figure><img loading=\"lazy\" decoding=\"async\" class=\"wp-image-67489\" src=\"http:\/\/www.celttv.com.ar\/wp-content\/uploads\/2022\/07\/IMG_8348-Medium-1024x683.jpg\" sizes=\"auto, (max-width: 1024px) 100vw, 1024px\" srcset=\"http:\/\/www.celttv.com.ar\/wp-content\/uploads\/2022\/07\/IMG_8348-Medium-1024x683.jpg 1024w, http:\/\/www.celttv.com.ar\/wp-content\/uploads\/2022\/07\/IMG_8348-Medium-780x520.jpg 780w, http:\/\/www.celttv.com.ar\/wp-content\/uploads\/2022\/07\/IMG_8348-Medium-768x512.jpg 768w, http:\/\/www.celttv.com.ar\/wp-content\/uploads\/2022\/07\/IMG_8348-Medium.jpg 1152w\" alt=\"\" width=\"1024\" height=\"683\" data-id=\"67489\" data-full-url=\"http:\/\/www.celttv.com.ar\/wp-content\/uploads\/2022\/07\/IMG_8348-Medium.jpg\" data-link=\"http:\/\/www.celttv.com.ar\/?attachment_id=67489\" \/><\/figure>\n<\/li>\n<li class=\"blocks-gallery-item\">\n<figure><img loading=\"lazy\" decoding=\"async\" class=\"wp-image-67490\" src=\"http:\/\/www.celttv.com.ar\/wp-content\/uploads\/2022\/07\/IMG_8349-Medium-1024x683.jpg\" sizes=\"auto, (max-width: 1024px) 100vw, 1024px\" srcset=\"http:\/\/www.celttv.com.ar\/wp-content\/uploads\/2022\/07\/IMG_8349-Medium-1024x683.jpg 1024w, http:\/\/www.celttv.com.ar\/wp-content\/uploads\/2022\/07\/IMG_8349-Medium-780x520.jpg 780w, http:\/\/www.celttv.com.ar\/wp-content\/uploads\/2022\/07\/IMG_8349-Medium-768x512.jpg 768w, http:\/\/www.celttv.com.ar\/wp-content\/uploads\/2022\/07\/IMG_8349-Medium.jpg 1152w\" alt=\"\" width=\"1024\" height=\"683\" data-id=\"67490\" data-full-url=\"http:\/\/www.celttv.com.ar\/wp-content\/uploads\/2022\/07\/IMG_8349-Medium.jpg\" data-link=\"http:\/\/www.celttv.com.ar\/?attachment_id=67490\" \/><\/figure>\n<\/li>\n<li class=\"blocks-gallery-item\">\n<figure><img loading=\"lazy\" decoding=\"async\" class=\"wp-image-67491\" src=\"http:\/\/www.celttv.com.ar\/wp-content\/uploads\/2022\/07\/IMG_8350-Medium-1024x683.jpg\" sizes=\"auto, (max-width: 1024px) 100vw, 1024px\" srcset=\"http:\/\/www.celttv.com.ar\/wp-content\/uploads\/2022\/07\/IMG_8350-Medium-1024x683.jpg 1024w, http:\/\/www.celttv.com.ar\/wp-content\/uploads\/2022\/07\/IMG_8350-Medium-780x520.jpg 780w, http:\/\/www.celttv.com.ar\/wp-content\/uploads\/2022\/07\/IMG_8350-Medium-768x512.jpg 768w, http:\/\/www.celttv.com.ar\/wp-content\/uploads\/2022\/07\/IMG_8350-Medium.jpg 1152w\" alt=\"\" width=\"1024\" height=\"683\" data-id=\"67491\" data-full-url=\"http:\/\/www.celttv.com.ar\/wp-content\/uploads\/2022\/07\/IMG_8350-Medium.jpg\" data-link=\"http:\/\/www.celttv.com.ar\/?attachment_id=67491\" \/><\/figure>\n<\/li>\n<li class=\"blocks-gallery-item\">\n<figure><img loading=\"lazy\" decoding=\"async\" class=\"wp-image-67492\" src=\"http:\/\/www.celttv.com.ar\/wp-content\/uploads\/2022\/07\/IMG_8351-Medium-1024x683.jpg\" sizes=\"auto, (max-width: 1024px) 100vw, 1024px\" srcset=\"http:\/\/www.celttv.com.ar\/wp-content\/uploads\/2022\/07\/IMG_8351-Medium-1024x683.jpg 1024w, http:\/\/www.celttv.com.ar\/wp-content\/uploads\/2022\/07\/IMG_8351-Medium-780x520.jpg 780w, http:\/\/www.celttv.com.ar\/wp-content\/uploads\/2022\/07\/IMG_8351-Medium-768x512.jpg 768w, http:\/\/www.celttv.com.ar\/wp-content\/uploads\/2022\/07\/IMG_8351-Medium.jpg 1152w\" alt=\"\" width=\"1024\" height=\"683\" data-id=\"67492\" data-full-url=\"http:\/\/www.celttv.com.ar\/wp-content\/uploads\/2022\/07\/IMG_8351-Medium.jpg\" data-link=\"http:\/\/www.celttv.com.ar\/?attachment_id=67492\" \/><\/figure>\n<\/li>\n<li class=\"blocks-gallery-item\">\n<figure><img loading=\"lazy\" decoding=\"async\" class=\"wp-image-67493\" src=\"http:\/\/www.celttv.com.ar\/wp-content\/uploads\/2022\/07\/IMG_8352-Medium-1024x683.jpg\" sizes=\"auto, (max-width: 1024px) 100vw, 1024px\" srcset=\"http:\/\/www.celttv.com.ar\/wp-content\/uploads\/2022\/07\/IMG_8352-Medium-1024x683.jpg 1024w, http:\/\/www.celttv.com.ar\/wp-content\/uploads\/2022\/07\/IMG_8352-Medium-780x520.jpg 780w, http:\/\/www.celttv.com.ar\/wp-content\/uploads\/2022\/07\/IMG_8352-Medium-768x512.jpg 768w, http:\/\/www.celttv.com.ar\/wp-content\/uploads\/2022\/07\/IMG_8352-Medium.jpg 1152w\" alt=\"\" width=\"1024\" height=\"683\" data-id=\"67493\" data-full-url=\"http:\/\/www.celttv.com.ar\/wp-content\/uploads\/2022\/07\/IMG_8352-Medium.jpg\" data-link=\"http:\/\/www.celttv.com.ar\/?attachment_id=67493\" \/><\/figure>\n<\/li>\n<li class=\"blocks-gallery-item\">\n<figure><img loading=\"lazy\" decoding=\"async\" class=\"wp-image-67494\" src=\"http:\/\/www.celttv.com.ar\/wp-content\/uploads\/2022\/07\/IMG_8353-Medium-1024x683.jpg\" sizes=\"auto, (max-width: 1024px) 100vw, 1024px\" srcset=\"http:\/\/www.celttv.com.ar\/wp-content\/uploads\/2022\/07\/IMG_8353-Medium-1024x683.jpg 1024w, http:\/\/www.celttv.com.ar\/wp-content\/uploads\/2022\/07\/IMG_8353-Medium-780x520.jpg 780w, http:\/\/www.celttv.com.ar\/wp-content\/uploads\/2022\/07\/IMG_8353-Medium-768x512.jpg 768w, http:\/\/www.celttv.com.ar\/wp-content\/uploads\/2022\/07\/IMG_8353-Medium.jpg 1152w\" alt=\"\" width=\"1024\" height=\"683\" data-id=\"67494\" data-full-url=\"http:\/\/www.celttv.com.ar\/wp-content\/uploads\/2022\/07\/IMG_8353-Medium.jpg\" data-link=\"http:\/\/www.celttv.com.ar\/?attachment_id=67494\" \/><\/figure>\n<\/li>\n<li class=\"blocks-gallery-item\">\n<figure><img loading=\"lazy\" decoding=\"async\" class=\"wp-image-67495\" src=\"http:\/\/www.celttv.com.ar\/wp-content\/uploads\/2022\/07\/IMG_8354-Medium-1024x683.jpg\" sizes=\"auto, (max-width: 1024px) 100vw, 1024px\" srcset=\"http:\/\/www.celttv.com.ar\/wp-content\/uploads\/2022\/07\/IMG_8354-Medium-1024x683.jpg 1024w, http:\/\/www.celttv.com.ar\/wp-content\/uploads\/2022\/07\/IMG_8354-Medium-780x520.jpg 780w, http:\/\/www.celttv.com.ar\/wp-content\/uploads\/2022\/07\/IMG_8354-Medium-768x512.jpg 768w, http:\/\/www.celttv.com.ar\/wp-content\/uploads\/2022\/07\/IMG_8354-Medium.jpg 1152w\" alt=\"\" width=\"1024\" height=\"683\" data-id=\"67495\" data-full-url=\"http:\/\/www.celttv.com.ar\/wp-content\/uploads\/2022\/07\/IMG_8354-Medium.jpg\" data-link=\"http:\/\/www.celttv.com.ar\/?attachment_id=67495\" \/><\/figure>\n<\/li>\n<li class=\"blocks-gallery-item\">\n<figure><img loading=\"lazy\" decoding=\"async\" class=\"wp-image-67496\" src=\"http:\/\/www.celttv.com.ar\/wp-content\/uploads\/2022\/07\/IMG_8355-Medium-1024x683.jpg\" sizes=\"auto, (max-width: 1024px) 100vw, 1024px\" srcset=\"http:\/\/www.celttv.com.ar\/wp-content\/uploads\/2022\/07\/IMG_8355-Medium-1024x683.jpg 1024w, http:\/\/www.celttv.com.ar\/wp-content\/uploads\/2022\/07\/IMG_8355-Medium-780x520.jpg 780w, http:\/\/www.celttv.com.ar\/wp-content\/uploads\/2022\/07\/IMG_8355-Medium-768x512.jpg 768w, http:\/\/www.celttv.com.ar\/wp-content\/uploads\/2022\/07\/IMG_8355-Medium.jpg 1152w\" alt=\"\" width=\"1024\" height=\"683\" data-id=\"67496\" data-full-url=\"http:\/\/www.celttv.com.ar\/wp-content\/uploads\/2022\/07\/IMG_8355-Medium.jpg\" data-link=\"http:\/\/www.celttv.com.ar\/?attachment_id=67496\" \/><\/figure>\n<\/li>\n<li class=\"blocks-gallery-item\">\n<figure><img loading=\"lazy\" decoding=\"async\" class=\"wp-image-67497\" src=\"http:\/\/www.celttv.com.ar\/wp-content\/uploads\/2022\/07\/IMG_8357-Medium-1024x683.jpg\" sizes=\"auto, (max-width: 1024px) 100vw, 1024px\" srcset=\"http:\/\/www.celttv.com.ar\/wp-content\/uploads\/2022\/07\/IMG_8357-Medium-1024x683.jpg 1024w, http:\/\/www.celttv.com.ar\/wp-content\/uploads\/2022\/07\/IMG_8357-Medium-780x520.jpg 780w, http:\/\/www.celttv.com.ar\/wp-content\/uploads\/2022\/07\/IMG_8357-Medium-768x512.jpg 768w, http:\/\/www.celttv.com.ar\/wp-content\/uploads\/2022\/07\/IMG_8357-Medium.jpg 1152w\" alt=\"\" width=\"1024\" height=\"683\" data-id=\"67497\" data-full-url=\"http:\/\/www.celttv.com.ar\/wp-content\/uploads\/2022\/07\/IMG_8357-Medium.jpg\" data-link=\"http:\/\/www.celttv.com.ar\/?attachment_id=67497\" \/><\/figure>\n<\/li>\n<li class=\"blocks-gallery-item\">\n<figure><img loading=\"lazy\" decoding=\"async\" class=\"wp-image-67498\" src=\"http:\/\/www.celttv.com.ar\/wp-content\/uploads\/2022\/07\/IMG_8358-Medium-1024x683.jpg\" sizes=\"auto, (max-width: 1024px) 100vw, 1024px\" srcset=\"http:\/\/www.celttv.com.ar\/wp-content\/uploads\/2022\/07\/IMG_8358-Medium-1024x683.jpg 1024w, http:\/\/www.celttv.com.ar\/wp-content\/uploads\/2022\/07\/IMG_8358-Medium-780x520.jpg 780w, http:\/\/www.celttv.com.ar\/wp-content\/uploads\/2022\/07\/IMG_8358-Medium-768x512.jpg 768w, http:\/\/www.celttv.com.ar\/wp-content\/uploads\/2022\/07\/IMG_8358-Medium.jpg 1152w\" alt=\"\" width=\"1024\" height=\"683\" data-id=\"67498\" data-full-url=\"http:\/\/www.celttv.com.ar\/wp-content\/uploads\/2022\/07\/IMG_8358-Medium.jpg\" data-link=\"http:\/\/www.celttv.com.ar\/?attachment_id=67498\" \/><\/figure>\n<\/li>\n<\/ul>\n<\/figure>\n<p><strong>fuente Celt TV<\/strong><\/p>\n","protected":false},"excerpt":{"rendered":"<p>\u201cUn proyecto institucional y tur\u00edstico de desarrollo regional\u201d As\u00ed lo defin\u00eda Jorge Tesan uno de los entusiastas que desde hace varios a\u00f1os vienen trabajando y formando parte del grupo que algunos identifican como \u201cLos locos de la trochita\u201d.<\/p>\n","protected":false},"author":3,"featured_media":0,"comment_status":"closed","ping_status":"closed","sticky":false,"template":"","format":"standard","meta":{"footnotes":""},"categories":[35,26,33],"tags":[],"class_list":["post-74740","post","type-post","status-publish","format-standard","hentry","category-cultura","category-sociedad","category-turismo"],"yoast_head":"<!-- This site is optimized with the Yoast SEO plugin v25.9 - https:\/\/yoast.com\/wordpress\/plugins\/seo\/ -->\n<title>La Trochita: \u201cUn proyecto institucional y tur\u00edstico de desarrollo regional\u201d - Noticias Radio Reflejos<\/title>\n<meta name=\"robots\" content=\"index, follow, max-snippet:-1, max-image-preview:large, max-video-preview:-1\" \/>\n<link rel=\"canonical\" href=\"https:\/\/www.noticiasradioreflejos.com.ar\/2021\/la-trochita-un-proyecto-institucional-y-turistico-de-desarrollo-regional\/\" \/>\n<meta property=\"og:locale\" content=\"es_ES\" \/>\n<meta property=\"og:type\" content=\"article\" \/>\n<meta property=\"og:title\" content=\"La Trochita: \u201cUn proyecto institucional y tur\u00edstico de desarrollo regional\u201d - Noticias Radio Reflejos\" \/>\n<meta property=\"og:description\" content=\"\u201cUn proyecto institucional y tur\u00edstico de desarrollo regional\u201d As\u00ed lo defin\u00eda Jorge Tesan uno de los entusiastas que desde hace varios a\u00f1os vienen trabajando y formando parte del grupo que algunos identifican como \u201cLos locos de la trochita\u201d.\" \/>\n<meta property=\"og:url\" content=\"https:\/\/www.noticiasradioreflejos.com.ar\/2021\/la-trochita-un-proyecto-institucional-y-turistico-de-desarrollo-regional\/\" \/>\n<meta property=\"og:site_name\" content=\"Noticias Radio Reflejos\" \/>\n<meta property=\"article:published_time\" content=\"2022-07-07T14:08:12+00:00\" \/>\n<meta property=\"article:modified_time\" content=\"2022-07-07T14:11:51+00:00\" \/>\n<meta property=\"og:image\" content=\"http:\/\/www.celttv.com.ar\/wp-content\/uploads\/2022\/07\/IMG_8345-Medium-1024x683.jpg\" \/>\n<meta name=\"author\" content=\"Arnaldo Botto\" \/>\n<meta name=\"twitter:card\" content=\"summary_large_image\" \/>\n<script type=\"application\/ld+json\" class=\"yoast-schema-graph\">{\"@context\":\"https:\/\/schema.org\",\"@graph\":[{\"@type\":\"WebPage\",\"@id\":\"https:\/\/www.noticiasradioreflejos.com.ar\/2021\/la-trochita-un-proyecto-institucional-y-turistico-de-desarrollo-regional\/\",\"url\":\"https:\/\/www.noticiasradioreflejos.com.ar\/2021\/la-trochita-un-proyecto-institucional-y-turistico-de-desarrollo-regional\/\",\"name\":\"La Trochita: \u201cUn proyecto institucional y tur\u00edstico de desarrollo regional\u201d - Noticias Radio Reflejos\",\"isPartOf\":{\"@id\":\"https:\/\/www.noticiasradioreflejos.com.ar\/2021\/#website\"},\"primaryImageOfPage\":{\"@id\":\"https:\/\/www.noticiasradioreflejos.com.ar\/2021\/la-trochita-un-proyecto-institucional-y-turistico-de-desarrollo-regional\/#primaryimage\"},\"image\":{\"@id\":\"https:\/\/www.noticiasradioreflejos.com.ar\/2021\/la-trochita-un-proyecto-institucional-y-turistico-de-desarrollo-regional\/#primaryimage\"},\"thumbnailUrl\":\"http:\/\/www.celttv.com.ar\/wp-content\/uploads\/2022\/07\/IMG_8345-Medium-1024x683.jpg\",\"datePublished\":\"2022-07-07T14:08:12+00:00\",\"dateModified\":\"2022-07-07T14:11:51+00:00\",\"author\":{\"@id\":\"https:\/\/www.noticiasradioreflejos.com.ar\/2021\/#\/schema\/person\/ad82545263dcc5ec0996818884fd5fb1\"},\"breadcrumb\":{\"@id\":\"https:\/\/www.noticiasradioreflejos.com.ar\/2021\/la-trochita-un-proyecto-institucional-y-turistico-de-desarrollo-regional\/#breadcrumb\"},\"inLanguage\":\"es\",\"potentialAction\":[{\"@type\":\"ReadAction\",\"target\":[\"https:\/\/www.noticiasradioreflejos.com.ar\/2021\/la-trochita-un-proyecto-institucional-y-turistico-de-desarrollo-regional\/\"]}]},{\"@type\":\"ImageObject\",\"inLanguage\":\"es\",\"@id\":\"https:\/\/www.noticiasradioreflejos.com.ar\/2021\/la-trochita-un-proyecto-institucional-y-turistico-de-desarrollo-regional\/#primaryimage\",\"url\":\"http:\/\/www.celttv.com.ar\/wp-content\/uploads\/2022\/07\/IMG_8345-Medium-1024x683.jpg\",\"contentUrl\":\"http:\/\/www.celttv.com.ar\/wp-content\/uploads\/2022\/07\/IMG_8345-Medium-1024x683.jpg\"},{\"@type\":\"BreadcrumbList\",\"@id\":\"https:\/\/www.noticiasradioreflejos.com.ar\/2021\/la-trochita-un-proyecto-institucional-y-turistico-de-desarrollo-regional\/#breadcrumb\",\"itemListElement\":[{\"@type\":\"ListItem\",\"position\":1,\"name\":\"Portada\",\"item\":\"https:\/\/www.noticiasradioreflejos.com.ar\/2021\/\"},{\"@type\":\"ListItem\",\"position\":2,\"name\":\"La Trochita: \u201cUn proyecto institucional y tur\u00edstico de desarrollo regional\u201d\"}]},{\"@type\":\"WebSite\",\"@id\":\"https:\/\/www.noticiasradioreflejos.com.ar\/2021\/#website\",\"url\":\"https:\/\/www.noticiasradioreflejos.com.ar\/2021\/\",\"name\":\"Noticias Radio Reflejos\",\"description\":\"Las noticias de mi comarca\",\"potentialAction\":[{\"@type\":\"SearchAction\",\"target\":{\"@type\":\"EntryPoint\",\"urlTemplate\":\"https:\/\/www.noticiasradioreflejos.com.ar\/2021\/?s={search_term_string}\"},\"query-input\":{\"@type\":\"PropertyValueSpecification\",\"valueRequired\":true,\"valueName\":\"search_term_string\"}}],\"inLanguage\":\"es\"},{\"@type\":\"Person\",\"@id\":\"https:\/\/www.noticiasradioreflejos.com.ar\/2021\/#\/schema\/person\/ad82545263dcc5ec0996818884fd5fb1\",\"name\":\"Arnaldo Botto\",\"image\":{\"@type\":\"ImageObject\",\"inLanguage\":\"es\",\"@id\":\"https:\/\/www.noticiasradioreflejos.com.ar\/2021\/#\/schema\/person\/image\/\",\"url\":\"https:\/\/secure.gravatar.com\/avatar\/55cb5e37c1efa326397366e6974cb338056df65cb50e7d64d1cf314e87504837?s=96&d=mm&r=g\",\"contentUrl\":\"https:\/\/secure.gravatar.com\/avatar\/55cb5e37c1efa326397366e6974cb338056df65cb50e7d64d1cf314e87504837?s=96&d=mm&r=g\",\"caption\":\"Arnaldo Botto\"},\"url\":\"https:\/\/www.noticiasradioreflejos.com.ar\/2021\/author\/arnaldo\/\"}]}<\/script>\n<!-- \/ Yoast SEO plugin. -->","yoast_head_json":{"title":"La Trochita: \u201cUn proyecto institucional y tur\u00edstico de desarrollo regional\u201d - Noticias Radio Reflejos","robots":{"index":"index","follow":"follow","max-snippet":"max-snippet:-1","max-image-preview":"max-image-preview:large","max-video-preview":"max-video-preview:-1"},"canonical":"https:\/\/www.noticiasradioreflejos.com.ar\/2021\/la-trochita-un-proyecto-institucional-y-turistico-de-desarrollo-regional\/","og_locale":"es_ES","og_type":"article","og_title":"La Trochita: \u201cUn proyecto institucional y tur\u00edstico de desarrollo regional\u201d - Noticias Radio Reflejos","og_description":"\u201cUn proyecto institucional y tur\u00edstico de desarrollo regional\u201d As\u00ed lo defin\u00eda Jorge Tesan uno de los entusiastas que desde hace varios a\u00f1os vienen trabajando y formando parte del grupo que algunos identifican como \u201cLos locos de la trochita\u201d.","og_url":"https:\/\/www.noticiasradioreflejos.com.ar\/2021\/la-trochita-un-proyecto-institucional-y-turistico-de-desarrollo-regional\/","og_site_name":"Noticias Radio Reflejos","article_published_time":"2022-07-07T14:08:12+00:00","article_modified_time":"2022-07-07T14:11:51+00:00","og_image":[{"url":"http:\/\/www.celttv.com.ar\/wp-content\/uploads\/2022\/07\/IMG_8345-Medium-1024x683.jpg","type":"","width":"","height":""}],"author":"Arnaldo Botto","twitter_card":"summary_large_image","schema":{"@context":"https:\/\/schema.org","@graph":[{"@type":"WebPage","@id":"https:\/\/www.noticiasradioreflejos.com.ar\/2021\/la-trochita-un-proyecto-institucional-y-turistico-de-desarrollo-regional\/","url":"https:\/\/www.noticiasradioreflejos.com.ar\/2021\/la-trochita-un-proyecto-institucional-y-turistico-de-desarrollo-regional\/","name":"La Trochita: \u201cUn proyecto institucional y tur\u00edstico de desarrollo regional\u201d - Noticias Radio Reflejos","isPartOf":{"@id":"https:\/\/www.noticiasradioreflejos.com.ar\/2021\/#website"},"primaryImageOfPage":{"@id":"https:\/\/www.noticiasradioreflejos.com.ar\/2021\/la-trochita-un-proyecto-institucional-y-turistico-de-desarrollo-regional\/#primaryimage"},"image":{"@id":"https:\/\/www.noticiasradioreflejos.com.ar\/2021\/la-trochita-un-proyecto-institucional-y-turistico-de-desarrollo-regional\/#primaryimage"},"thumbnailUrl":"http:\/\/www.celttv.com.ar\/wp-content\/uploads\/2022\/07\/IMG_8345-Medium-1024x683.jpg","datePublished":"2022-07-07T14:08:12+00:00","dateModified":"2022-07-07T14:11:51+00:00","author":{"@id":"https:\/\/www.noticiasradioreflejos.com.ar\/2021\/#\/schema\/person\/ad82545263dcc5ec0996818884fd5fb1"},"breadcrumb":{"@id":"https:\/\/www.noticiasradioreflejos.com.ar\/2021\/la-trochita-un-proyecto-institucional-y-turistico-de-desarrollo-regional\/#breadcrumb"},"inLanguage":"es","potentialAction":[{"@type":"ReadAction","target":["https:\/\/www.noticiasradioreflejos.com.ar\/2021\/la-trochita-un-proyecto-institucional-y-turistico-de-desarrollo-regional\/"]}]},{"@type":"ImageObject","inLanguage":"es","@id":"https:\/\/www.noticiasradioreflejos.com.ar\/2021\/la-trochita-un-proyecto-institucional-y-turistico-de-desarrollo-regional\/#primaryimage","url":"http:\/\/www.celttv.com.ar\/wp-content\/uploads\/2022\/07\/IMG_8345-Medium-1024x683.jpg","contentUrl":"http:\/\/www.celttv.com.ar\/wp-content\/uploads\/2022\/07\/IMG_8345-Medium-1024x683.jpg"},{"@type":"BreadcrumbList","@id":"https:\/\/www.noticiasradioreflejos.com.ar\/2021\/la-trochita-un-proyecto-institucional-y-turistico-de-desarrollo-regional\/#breadcrumb","itemListElement":[{"@type":"ListItem","position":1,"name":"Portada","item":"https:\/\/www.noticiasradioreflejos.com.ar\/2021\/"},{"@type":"ListItem","position":2,"name":"La Trochita: \u201cUn proyecto institucional y tur\u00edstico de desarrollo regional\u201d"}]},{"@type":"WebSite","@id":"https:\/\/www.noticiasradioreflejos.com.ar\/2021\/#website","url":"https:\/\/www.noticiasradioreflejos.com.ar\/2021\/","name":"Noticias Radio Reflejos","description":"Las noticias de mi comarca","potentialAction":[{"@type":"SearchAction","target":{"@type":"EntryPoint","urlTemplate":"https:\/\/www.noticiasradioreflejos.com.ar\/2021\/?s={search_term_string}"},"query-input":{"@type":"PropertyValueSpecification","valueRequired":true,"valueName":"search_term_string"}}],"inLanguage":"es"},{"@type":"Person","@id":"https:\/\/www.noticiasradioreflejos.com.ar\/2021\/#\/schema\/person\/ad82545263dcc5ec0996818884fd5fb1","name":"Arnaldo Botto","image":{"@type":"ImageObject","inLanguage":"es","@id":"https:\/\/www.noticiasradioreflejos.com.ar\/2021\/#\/schema\/person\/image\/","url":"https:\/\/secure.gravatar.com\/avatar\/55cb5e37c1efa326397366e6974cb338056df65cb50e7d64d1cf314e87504837?s=96&d=mm&r=g","contentUrl":"https:\/\/secure.gravatar.com\/avatar\/55cb5e37c1efa326397366e6974cb338056df65cb50e7d64d1cf314e87504837?s=96&d=mm&r=g","caption":"Arnaldo Botto"},"url":"https:\/\/www.noticiasradioreflejos.com.ar\/2021\/author\/arnaldo\/"}]}},"_links":{"self":[{"href":"https:\/\/www.noticiasradioreflejos.com.ar\/2021\/wp-json\/wp\/v2\/posts\/74740","targetHints":{"allow":["GET"]}}],"collection":[{"href":"https:\/\/www.noticiasradioreflejos.com.ar\/2021\/wp-json\/wp\/v2\/posts"}],"about":[{"href":"https:\/\/www.noticiasradioreflejos.com.ar\/2021\/wp-json\/wp\/v2\/types\/post"}],"author":[{"embeddable":true,"href":"https:\/\/www.noticiasradioreflejos.com.ar\/2021\/wp-json\/wp\/v2\/users\/3"}],"replies":[{"embeddable":true,"href":"https:\/\/www.noticiasradioreflejos.com.ar\/2021\/wp-json\/wp\/v2\/comments?post=74740"}],"version-history":[{"count":2,"href":"https:\/\/www.noticiasradioreflejos.com.ar\/2021\/wp-json\/wp\/v2\/posts\/74740\/revisions"}],"predecessor-version":[{"id":74744,"href":"https:\/\/www.noticiasradioreflejos.com.ar\/2021\/wp-json\/wp\/v2\/posts\/74740\/revisions\/74744"}],"wp:attachment":[{"href":"https:\/\/www.noticiasradioreflejos.com.ar\/2021\/wp-json\/wp\/v2\/media?parent=74740"}],"wp:term":[{"taxonomy":"category","embeddable":true,"href":"https:\/\/www.noticiasradioreflejos.com.ar\/2021\/wp-json\/wp\/v2\/categories?post=74740"},{"taxonomy":"post_tag","embeddable":true,"href":"https:\/\/www.noticiasradioreflejos.com.ar\/2021\/wp-json\/wp\/v2\/tags?post=74740"}],"curies":[{"name":"wp","href":"https:\/\/api.w.org\/{rel}","templated":true}]}}