{"id":74737,"date":"2022-07-07T11:12:07","date_gmt":"2022-07-07T11:12:07","guid":{"rendered":"http:\/\/www.noticiasradioreflejos.com.ar\/2021\/?p=74737"},"modified":"2022-07-07T11:12:07","modified_gmt":"2022-07-07T11:12:07","slug":"impulsan-un-proyecto-para-detener-el-trafico-ilicito-de-meteoritos-en-argentina","status":"publish","type":"post","link":"https:\/\/www.noticiasradioreflejos.com.ar\/2021\/impulsan-un-proyecto-para-detener-el-trafico-ilicito-de-meteoritos-en-argentina\/","title":{"rendered":"Impulsan un proyecto para detener el tr\u00e1fico il\u00edcito de meteoritos en Argentina"},"content":{"rendered":"<p>La iniciativa -que ser\u00e1 presentada pr\u00f3ximamente en el Congreso Nacional- busca promover la preservaci\u00f3n patrimonial de la franja de 200 kil\u00f3metros conocida como Campo del Cielo y localizada en la frontera entre Chaco y Santiago del Estero donde se encuentran meteoritos dispersos desde hace 4.000 a\u00f1os<!--more--><\/p>\n<figure class=\"mb-3\"><img decoding=\"async\" src=\"https:\/\/www.telam.com.ar\/thumbs\/bluesteel\/advf\/imagenes\/2020\/07\/5f01fba13bb76_900.jpg\" alt=\"Reserva natural Campo del Cielo Chaco Foto Archivo\" width=\"100%\" height=\"100%\" \/><\/p>\n<div class=\"media-icons\"><\/div><figcaption>Reserva natural Campo del Cielo, Chaco. (Foto: Archivo)<\/figcaption><\/figure>\n<p>Los meteoritos dispersos como lluvia\u00a0<strong>hace 4.000 a\u00f1os<\/strong>\u00a0en la franja de 200 kil\u00f3metros conocida como<strong>\u00a0Campo del Cielo<\/strong>\u00a0y localizada en la frontera entre Chaco y Santiago del Estero, conforman el eje de un proyecto de ley que con el objetivo de impulsar su\u00a0<strong>preservaci\u00f3n patrimonial<\/strong>, ser\u00e1 presentado pr\u00f3ximamente en el Congreso Nacional.<\/p>\n<p>La iniciativa busca convertirse \u00aben una herramienta efectiva y de alcance nacional para proteger a los meteoritos del tr\u00e1fico il\u00edcito\u00bb, seg\u00fan destaca la secretaria de Patrimonio Cultural,\u00a0<strong>Valeria Gonz\u00e1lez<\/strong>.<\/p>\n<p>Como continuidad de la jornada \u00abLos patrimonios son pol\u00edticos. Entre cosmovisiones, ciencia, arte y ecolog\u00eda\u00bb, realizada a a finales de noviembre en la ciudad de Resistencia, la secretaria de Patrimonio Cultural hab\u00eda adelantado a T\u00e9lam que el objetivo para 2022 \u00abes no solo lograr la declaraci\u00f3n de Campo del Cielo como p<strong>atrimonio nacional<\/strong>, sino tambi\u00e9n avanzar en conjunto con diversos referentes de las provincias de Chaco, Santiago del Estero, San Juan entre otras provincias, hacia un proyecto de ley nacional que nos brinde herramientas efectivas para combatir el tr\u00e1fico il\u00edcito de meteoritos\u00bb.<\/p>\n<figure class=\"mb-3\"><img decoding=\"async\" src=\"https:\/\/www.telam.com.ar\/thumbs\/bluesteel\/advf\/imagenes\/2015\/11\/56411a170e5c5_900.jpg\" alt=\"Reserva natural Campo del Cielo Chaco Foto Eliana Obregon\" width=\"100%\" height=\"100%\" \/><\/p>\n<div class=\"media-icons\"><\/div><figcaption>Reserva natural Campo del Cielo, Chaco. (Foto: Eliana Obregon)<\/figcaption><\/figure>\n<p>Esta propuesta de ley consensuada que se acompa\u00f1a con su respectiva reglamentaci\u00f3n es una iniciativa incentivada por el Ministerio de Cultura y llevada a cabo por las provincias de Chaco y Santiago del Estero\u00bb, indica Gonz\u00e1lez, en referencia a la tarea realizada por un comit\u00e9 de expertos de diferentes \u00e1reas durante tres meses de investigaci\u00f3n, aportes y debates.<\/p>\n<p>Se trata de un proyecto que aglutina la problem\u00e1tica de preservaci\u00f3n de los meteoritos impulsado desde ese espacio fronterizo entre\u00a0<strong>Chaco\u00a0<\/strong>y\u00a0<strong>Santiago del Estero<\/strong>, que tiene las huellas del impacto producto de la explosi\u00f3n de un cuerpo celeste con sus cr\u00e1teres y donde a\u00fan se impulsa la b\u00fasqueda de m\u00e1s fragmentos al d\u00eda de hoy. A su vez, este evento se inscribi\u00f3 en la memoria y mitos fundacionales del pueblo moqoit, qom y wichi cuando el \u00abmonte se incendi\u00f3\u00bb, tal como lo describen.<\/p>\n<p>La Reserva natural y cultural Pig\u00fcen N&#8217;Onax\u00e1 o \u00abCampo del Cielo, espacio sagrado para los moqoit donde realizan sus ceremonias ancestrales, es un\u00a0<strong>museo a cielo abierto<\/strong>\u00a0<strong>de meteoritos<\/strong>\u00a0situado a 350 kil\u00f3metros de Resistencia, en el municipio de Gancedo. All\u00ed se conservan, estudian y exponen estos fragmentos con alta composici\u00f3n de hierro como \u00abEl Chaco\u00bb desenterrado un 8 de julio de 1980, de 37.000 kilogramos, y<strong>\u00a0el segundo m\u00e1s grande del mundo<\/strong>, despu\u00e9s de uno hallado en Namibia (Africa).<\/p>\n<p>La curiosidad sobre los meteoritos tiene sus primeros indicios en las cr\u00f3nicas coloniales y luego en el siglo pasado con los descubrimientos de los cr\u00e1teres. En las \u00faltimas d\u00e9cadas, ese inter\u00e9s se evidenci\u00f3 en el incremento del tr\u00e1fico il\u00edcito.<\/p>\n<figure class=\"mb-3\"><img decoding=\"async\" src=\"https:\/\/www.telam.com.ar\/thumbs\/bluesteel\/advf\/imagenes\/2015\/11\/56411a173e35c_900.jpg\" alt=\"Reserva natural Campo del Cielo Chaco Foto Eliana Obregon\" width=\"100%\" height=\"100%\" \/><\/p>\n<div class=\"media-icons\"><\/div><figcaption>Reserva natural Campo del Cielo, Chaco. (Foto: Eliana Obregon)<\/figcaption><\/figure>\n<p>El proyecto de ley de preservaci\u00f3n patrimonial de los meteoritos que se presentar\u00e1 pr\u00f3ximamente fue redactado por un comit\u00e9 compuesto por m\u00e1s de 20 representantes de distintas instituciones a nivel nacional y provincial que comprende las entidades de patrimonio y cultura de Chaco y Santiago del Estero y de Naci\u00f3n, la Direcci\u00f3n General de Aduanas y otros espacios cient\u00edficos relacionados.<\/p>\n<p>Mario Vesconi, experto en geof\u00edsica y presidente de la Asociaci\u00f3n de Astronom\u00eda del Chaco (Acha); Alejandro Yocca, director de Patrimonio Cultural de Santiago del Estero y Andrea Achari, asesora legal de la Fiscal\u00eda de la provincia; la ge\u00f3loga Silvia Ametrano por parte del Museo de La Plata y Francisco Tete Romero, presidente del Instituto de Cultura del Chaco, son algunos de los que participaron en la redacci\u00f3n.<\/p>\n<p>\u00abLa presentaci\u00f3n en el Congreso es inminente. Tenemos la expectativa de que este proyecto pueda hacer su recorrido por los recintos correspondientes antes de que cierre el a\u00f1o legislativo -se\u00f1ala Gonz\u00e1lez-. Esta ley aporta una herramienta efectiva y de alcance nacional para proteger a los meteoritos del tr\u00e1fico il\u00edcito, que hasta ahora, en el caso de Campo del Cielo, por ejemplo, s\u00f3lo contaban con protecci\u00f3n legal a escala provincial\u00bb.<\/p>\n<p>La secretaria de Patrimonio Cultural sostiene que Chaco y Santiago del Estero tienen leyes provinciales de protecci\u00f3n y regulaci\u00f3n de circulaci\u00f3n de meteoritos, siendo pioneras en la materia, pero \u00abpor m\u00e1s eficientes que sean las legislaciones provinciales, es necesaria una ley de alcance federal para poder hacer eficiente la protecci\u00f3n\u00bb. De otro modo, estos bienes tienen resguardo s\u00f3lo en los territorios provinciales, pero una vez que salen de all\u00ed quedan expuestos nuevamente al tr\u00e1fico\u00bb. A su vez destaca la inexistencia de \u00abregistros de meteoritos en el Dominio P\u00fablico Nacional ni normativas que impidan la exportaci\u00f3n\u00bb.<\/p>\n<p>Gonz\u00e1lez considera adem\u00e1s que el proyecto de ley \u00abaportar\u00e1 al reconocimiento cada vez mayor del valor singular que revisten estos cuerpos celestes\u00bb, y esto es algo que se articula con \u00abla declaratoria del Campo del Cielo como patrimonio nacional\u00bb, tambi\u00e9n impulsada desde el a\u00f1o pasado, aunque ello sea m\u00e1s complejo en su abordaje.<\/p>\n<p>\u00abSe trata de iniciativas muy significativas en dos planos fundamentales, primero porque implican la participaci\u00f3n activa de comunidades originarias (el pueblo moqoit en el caso de Campo del Cielo), y luego por el rol virtuoso del Estado Nacional como est\u00edmulo a los lazos cooperativos entre provincias hermanas\u00bb, destaca la funcionaria.<\/p>\n<p>La secretaria de Patrimonio Nacional plantea que \u00abla protecci\u00f3n y tutela del patrimonio meteor\u00edtico son facultades concurrentes del Estado Nacional, y de las provincias y la Ciudad de Buenos Aires\u00bb, jurisdicciones que deber\u00e1n adoptar medidas para su protecci\u00f3n, registro, conservaci\u00f3n, as\u00ed como mecanismos para restituir aquellos producto del tr\u00e1fico il\u00edcito. Y en tanto dominio p\u00fablico, aquellos que posean meteoritos, previamente a la ley, tendr\u00e1n que registrarlos.<\/p>\n<p>Y tambi\u00e9n contempla la \u00abfacultad de establecer mecanismos necesarios para asegurar la consulta a los pueblos originarios que reconozcan en su cosmovisi\u00f3n y pr\u00e1cticas culturales elementos que refieran a los fragmentos de meteoritos y otros cuerpos celestes\u00bb.<\/p>\n<p>Seg\u00fan Gonz\u00e1lez, \u00aba partir de la sanci\u00f3n de la ley y la promulgaci\u00f3n del decreto reglamentario, toda exportaci\u00f3n de meteoritos carente de esta autorizaci\u00f3n se considerar\u00e1 ilegal y pasible de las sanciones tambi\u00e9n previstas en la ley\u00bb, aunque \u00abse establecen tambi\u00e9n las competencias y regulaciones para otorgar concesiones y autorizar prospecciones as\u00ed como las condiciones de pr\u00e9stamo de meteoritos con fines de investigaci\u00f3n y estudio\u00bb.<\/p>\n<div class=\"jumbotron pt-4 mt-3\">\n<h3 class=\"module-title\">CAMPO DEL CIELO, UN TERRITORIO LLENO SIGNIFICADOS Y ACECHADO POR EL TR\u00c1FICO ILEGAL DE METEORITOS<\/h3>\n<p>Frenar el tr\u00e1fico de meteoritos es uno de los objetivos que impulsa el proyecto de ley que busca preservarlos en tanto patrimonio material e inmaterial como parte de otro proyecto de m\u00e1s largo aliento: lograr la declaratoria patrimonial para Campo del Cielo, la reserva natural y cultural de Chaco, con su trabajo de divulgaci\u00f3n cient\u00edfica y centro sagrado para la comunidad moqoit.<\/p>\n<p>Un testigo del desarrollo de las \u00faltimas d\u00e9cadas de Campo del Cielo es Mario Vesconi, presidente de la Asociaci\u00f3n de Astronom\u00eda del Chaco (Acha) que en los 90 comenz\u00f3 a explorar el terreno donde se produjo la lluvia de meteoritos hace por lo menos 4.000 a\u00f1os junto al astr\u00f3nomo estadounidense William Cassidy.<\/p>\n<p>Y si bien se conocen unas cincuenta \u00e1reas de dispersi\u00f3n en el planeta, Campo del Cielo es el evento del cual m\u00e1s tonelaje de fragmentos de sideritos (meteoritos met\u00e1licos) se recuperaron a la fecha, se\u00f1alan desde el Ministerio de Cultura, que reflejan las apreciaciones del divulgador e investigador sobre el tema.<\/p>\n<p>Para Vesconi, \u00abno se ha llegado ni al 50 por ciento del estudio, comprensi\u00f3n y recuperaci\u00f3n de las miles de part\u00edculas que eyectaron los 30 cr\u00e1teres geolocalizados hasta ahora\u00bb.<\/p>\n<p>Por otro lado, desde 2015 un circuito de cr\u00e1teres y los hallazgos pueden visitarse en el Parque Cient\u00edfico y Educativo ubicado en la reserva natural y cultural Campo del Cielo, en Gancedo.<\/p>\n<p>Como parte de los antecedentes recientes del tr\u00e1fico il\u00edcito, relata que en 1985 se registra en el libro de visitas de la Escuela Rural 487 del Paraje Las V\u00edboras -epicentro de la lluvia mete\u00f3rica- la firma de Robert Alan Haag, oriundo de Tucson (Estados Unidos), mezcla de traficante, coleccionista fan\u00e1tico y mercenario que se presenta como el \u00abhombre meteorito\u00bb.<\/p>\n<p>El hombre fue detenido cinco a\u00f1os despu\u00e9s en la frontera provincial por un polic\u00eda cuando intentaba robar el meteorito m\u00e1s grande de Campo del Cielo y segundo en tama\u00f1o en el mundo: \u00abEl Chaco\u00bb, con sus 37 toneladas, fue desenterrado en 1980 y solo es superado por el africano Hoba, de 66 toneladas.<\/p>\n<p>El libro tambi\u00e9n menciona al \u00abcazador de meteoritos\u00bb Michael Farmer como otro de \u00ablos c\u00e9lebres comerciantes de materia c\u00f3smica que pasaron por Campo del Cielo\u00bb. Y atestigua: \u00abSe podr\u00eda decir que con Haag comenz\u00f3 un flagelo que lleva ya casi cuarenta a\u00f1os. Alguien empez\u00f3 a pagar por esas rocas que durante a\u00f1os solo adornaban un rancho y entonces lleg\u00f3 el desapego, la complicidad, Internet y sus precios fabulosos que finalmente lograron, sin generalizar, una importante p\u00e9rdida de identidad del poblador local con su entorno\u00bb.<\/p>\n<p>\u00abLos n\u00fameros sorprenden. Un estudio magnetom\u00e9trico permitir\u00eda estimar qu\u00e9 porcentaje de b\u00f3lidos ha sido extra\u00eddo del lugar. Una cifra que, seg\u00fan lo publicado para su venta en Internet, se situar\u00eda en no menos de 10 toneladas en fragmentos\u00bb, indican.<\/p>\n<p>\u00abHace unas semanas se secuestr\u00f3 en Uruguay un meteorito de Campo del Cielo; a los pocos d\u00edas, robaron una pieza de una escuela de General Pinedo en Chaco, citan a modo de ejemplo de este a\u00f1o.<\/p>\n<p>\u00abPor eso es tan importante que salga esta ley y que se intensifique el control. Hay que proteger estas piezas que tambi\u00e9n son parte de nuestra historia\u00bb, concluye Vesconi.<\/p>\n<p>Producto de la colisi\u00f3n de una lluvia de meteoritos mayormente compuestos por hierro, su efecto catastr\u00f3fico en el monte inaugur\u00f3 en la cosmovisi\u00f3n de los pueblos originarios, un nuevo cap\u00edtulo en su tradici\u00f3n oral, hace unos 4.000 a\u00f1os atr\u00e1s y se constituy\u00f3 en un espacio sagrado donde se realizan distintas ceremonias relevantes para su comunidad.<\/p>\n<p>Actualmente Campo del Cielo tiene su \u00abCentro de Interpretaci\u00f3n\u00bb, la exhibici\u00f3n de los meteoritos de gran tama\u00f1o como Gancedo, algunos de sus cr\u00e1teres y otros 300 fragmentos, adem\u00e1s de material did\u00e1ctico que permite comprender el evento c\u00f3smico que impact\u00f3 en 25 segundos sobre el monte y sus habitantes, similar a \u00abun efecto de 10 kilotones de energ\u00eda\u00bb, solo 5 kilotones menos que la bomba de Hiroshima\u00bb, seg\u00fan dimensionaba Vesconi durante las jornadas \u00abLos patrimonios son pol\u00edticos\u00bb, en Resistencia, que tuvieron lugar en noviembre.<\/p>\n<p>Con 24 cr\u00e1teres confirmados \u00abproducto de un meteoroide que se supone pesaba unas 840 toneladas de las que se estiman llegaron a la tierra m\u00e1s de 400 toneladas por la p\u00e9rdida por ablaci\u00f3n del meteorito\u00bb (en su entrada a la atm\u00f3sfera terrestre), con un \u00e1ngulo muy bajo de entrada, y una velocidad lenta que benefici\u00f3 la conservaci\u00f3n, explicaba el experto.<\/p>\n<\/div>\n<p>\u00abCampo del Cielo no tard\u00f3 en manifestarse como un potencial excepcional para propiciar pol\u00edticas patrimoniales menos conservadoras, m\u00e1s inclusivas y federales. Se trata de un patrimonio que exige la cooperaci\u00f3n provincial, la participaci\u00f3n de comunidades originarias, la convergencia de perspectivas cient\u00edficas y culturales diversas, y que vuelve problem\u00e1ticas las fronteras entre los valores material, inmaterial, cultural y natural\u00bb, indica.<\/p>\n<p>Sobre la presencia de los pueblos originarios en este marco legal, el proceso de trabajo comenz\u00f3 con una consulta libre, previa e informada al pueblo moqoit. \u00abSe hizo una convocatoria y se comparti\u00f3 una jornada de trabajo con referentes y miembros de la comunidad, que se sienten interpelados por este patrimonio que tiene gran relevancia para su cultura\u00bb, dice.<\/p>\n<p>\u00abSer\u00e1 un hecho bastante in\u00e9dito en la historia de las Declaratorias Patrimoniales Nacionales que la memoria de relatos y cosmovisiones conservadas por los pueblos originarios sea incluida como fundamento relevante del valor excepcional del campo meteor\u00edtico\u00bb, manifiesta Gonz\u00e1lez.<\/p>\n<p>\u00abPor otro lado, no podemos dejar de se\u00f1alar que los verdaderos custodios del patrimonio son siempre los pobladores locales. En consecuencia, en esta serie de herramientas legales que se promueven conjuntamente, la participaci\u00f3n del pueblo moqoit es garant\u00eda fundamental en el cuidado de estos bienes comunes\u00bb, concluye.<\/p>\n","protected":false},"excerpt":{"rendered":"<p>La iniciativa -que ser\u00e1 presentada pr\u00f3ximamente en el Congreso Nacional- busca promover la preservaci\u00f3n patrimonial de la franja de 200 kil\u00f3metros conocida como Campo del Cielo y localizada en la frontera entre Chaco y Santiago del Estero donde se encuentran meteoritos dispersos desde hace 4.000 a\u00f1os<\/p>\n","protected":false},"author":3,"featured_media":0,"comment_status":"closed","ping_status":"closed","sticky":false,"template":"","format":"standard","meta":{"footnotes":""},"categories":[46,24],"tags":[],"class_list":["post-74737","post","type-post","status-publish","format-standard","hentry","category-ciencia-y-tecnologia","category-politica"],"yoast_head":"<!-- This site is optimized with the Yoast SEO plugin v25.9 - https:\/\/yoast.com\/wordpress\/plugins\/seo\/ -->\n<title>Impulsan un proyecto para detener el tr\u00e1fico il\u00edcito de meteoritos en Argentina - Noticias Radio Reflejos<\/title>\n<meta name=\"robots\" content=\"index, follow, max-snippet:-1, max-image-preview:large, max-video-preview:-1\" \/>\n<link rel=\"canonical\" href=\"https:\/\/www.noticiasradioreflejos.com.ar\/2021\/impulsan-un-proyecto-para-detener-el-trafico-ilicito-de-meteoritos-en-argentina\/\" \/>\n<meta property=\"og:locale\" content=\"es_ES\" \/>\n<meta property=\"og:type\" content=\"article\" \/>\n<meta property=\"og:title\" content=\"Impulsan un proyecto para detener el tr\u00e1fico il\u00edcito de meteoritos en Argentina - Noticias Radio Reflejos\" \/>\n<meta property=\"og:description\" content=\"La iniciativa -que ser\u00e1 presentada pr\u00f3ximamente en el Congreso Nacional- busca promover la preservaci\u00f3n patrimonial de la franja de 200 kil\u00f3metros conocida como Campo del Cielo y localizada en la frontera entre Chaco y Santiago del Estero donde se encuentran meteoritos dispersos desde hace 4.000 a\u00f1os\" \/>\n<meta property=\"og:url\" content=\"https:\/\/www.noticiasradioreflejos.com.ar\/2021\/impulsan-un-proyecto-para-detener-el-trafico-ilicito-de-meteoritos-en-argentina\/\" \/>\n<meta property=\"og:site_name\" content=\"Noticias Radio Reflejos\" \/>\n<meta property=\"article:published_time\" content=\"2022-07-07T11:12:07+00:00\" \/>\n<meta property=\"og:image\" content=\"https:\/\/www.telam.com.ar\/thumbs\/bluesteel\/advf\/imagenes\/2020\/07\/5f01fba13bb76_900.jpg\" \/>\n<meta name=\"author\" content=\"Arnaldo Botto\" \/>\n<meta name=\"twitter:card\" content=\"summary_large_image\" \/>\n<script type=\"application\/ld+json\" class=\"yoast-schema-graph\">{\"@context\":\"https:\/\/schema.org\",\"@graph\":[{\"@type\":\"WebPage\",\"@id\":\"https:\/\/www.noticiasradioreflejos.com.ar\/2021\/impulsan-un-proyecto-para-detener-el-trafico-ilicito-de-meteoritos-en-argentina\/\",\"url\":\"https:\/\/www.noticiasradioreflejos.com.ar\/2021\/impulsan-un-proyecto-para-detener-el-trafico-ilicito-de-meteoritos-en-argentina\/\",\"name\":\"Impulsan un proyecto para detener el tr\u00e1fico il\u00edcito de meteoritos en Argentina - Noticias Radio Reflejos\",\"isPartOf\":{\"@id\":\"https:\/\/www.noticiasradioreflejos.com.ar\/2021\/#website\"},\"primaryImageOfPage\":{\"@id\":\"https:\/\/www.noticiasradioreflejos.com.ar\/2021\/impulsan-un-proyecto-para-detener-el-trafico-ilicito-de-meteoritos-en-argentina\/#primaryimage\"},\"image\":{\"@id\":\"https:\/\/www.noticiasradioreflejos.com.ar\/2021\/impulsan-un-proyecto-para-detener-el-trafico-ilicito-de-meteoritos-en-argentina\/#primaryimage\"},\"thumbnailUrl\":\"https:\/\/www.telam.com.ar\/thumbs\/bluesteel\/advf\/imagenes\/2020\/07\/5f01fba13bb76_900.jpg\",\"datePublished\":\"2022-07-07T11:12:07+00:00\",\"author\":{\"@id\":\"https:\/\/www.noticiasradioreflejos.com.ar\/2021\/#\/schema\/person\/ad82545263dcc5ec0996818884fd5fb1\"},\"breadcrumb\":{\"@id\":\"https:\/\/www.noticiasradioreflejos.com.ar\/2021\/impulsan-un-proyecto-para-detener-el-trafico-ilicito-de-meteoritos-en-argentina\/#breadcrumb\"},\"inLanguage\":\"es\",\"potentialAction\":[{\"@type\":\"ReadAction\",\"target\":[\"https:\/\/www.noticiasradioreflejos.com.ar\/2021\/impulsan-un-proyecto-para-detener-el-trafico-ilicito-de-meteoritos-en-argentina\/\"]}]},{\"@type\":\"ImageObject\",\"inLanguage\":\"es\",\"@id\":\"https:\/\/www.noticiasradioreflejos.com.ar\/2021\/impulsan-un-proyecto-para-detener-el-trafico-ilicito-de-meteoritos-en-argentina\/#primaryimage\",\"url\":\"https:\/\/www.telam.com.ar\/thumbs\/bluesteel\/advf\/imagenes\/2020\/07\/5f01fba13bb76_900.jpg\",\"contentUrl\":\"https:\/\/www.telam.com.ar\/thumbs\/bluesteel\/advf\/imagenes\/2020\/07\/5f01fba13bb76_900.jpg\"},{\"@type\":\"BreadcrumbList\",\"@id\":\"https:\/\/www.noticiasradioreflejos.com.ar\/2021\/impulsan-un-proyecto-para-detener-el-trafico-ilicito-de-meteoritos-en-argentina\/#breadcrumb\",\"itemListElement\":[{\"@type\":\"ListItem\",\"position\":1,\"name\":\"Portada\",\"item\":\"https:\/\/www.noticiasradioreflejos.com.ar\/2021\/\"},{\"@type\":\"ListItem\",\"position\":2,\"name\":\"Impulsan un proyecto para detener el tr\u00e1fico il\u00edcito de meteoritos en Argentina\"}]},{\"@type\":\"WebSite\",\"@id\":\"https:\/\/www.noticiasradioreflejos.com.ar\/2021\/#website\",\"url\":\"https:\/\/www.noticiasradioreflejos.com.ar\/2021\/\",\"name\":\"Noticias Radio Reflejos\",\"description\":\"Las noticias de mi comarca\",\"potentialAction\":[{\"@type\":\"SearchAction\",\"target\":{\"@type\":\"EntryPoint\",\"urlTemplate\":\"https:\/\/www.noticiasradioreflejos.com.ar\/2021\/?s={search_term_string}\"},\"query-input\":{\"@type\":\"PropertyValueSpecification\",\"valueRequired\":true,\"valueName\":\"search_term_string\"}}],\"inLanguage\":\"es\"},{\"@type\":\"Person\",\"@id\":\"https:\/\/www.noticiasradioreflejos.com.ar\/2021\/#\/schema\/person\/ad82545263dcc5ec0996818884fd5fb1\",\"name\":\"Arnaldo Botto\",\"image\":{\"@type\":\"ImageObject\",\"inLanguage\":\"es\",\"@id\":\"https:\/\/www.noticiasradioreflejos.com.ar\/2021\/#\/schema\/person\/image\/\",\"url\":\"https:\/\/secure.gravatar.com\/avatar\/55cb5e37c1efa326397366e6974cb338056df65cb50e7d64d1cf314e87504837?s=96&d=mm&r=g\",\"contentUrl\":\"https:\/\/secure.gravatar.com\/avatar\/55cb5e37c1efa326397366e6974cb338056df65cb50e7d64d1cf314e87504837?s=96&d=mm&r=g\",\"caption\":\"Arnaldo Botto\"},\"url\":\"https:\/\/www.noticiasradioreflejos.com.ar\/2021\/author\/arnaldo\/\"}]}<\/script>\n<!-- \/ Yoast SEO plugin. -->","yoast_head_json":{"title":"Impulsan un proyecto para detener el tr\u00e1fico il\u00edcito de meteoritos en Argentina - Noticias Radio Reflejos","robots":{"index":"index","follow":"follow","max-snippet":"max-snippet:-1","max-image-preview":"max-image-preview:large","max-video-preview":"max-video-preview:-1"},"canonical":"https:\/\/www.noticiasradioreflejos.com.ar\/2021\/impulsan-un-proyecto-para-detener-el-trafico-ilicito-de-meteoritos-en-argentina\/","og_locale":"es_ES","og_type":"article","og_title":"Impulsan un proyecto para detener el tr\u00e1fico il\u00edcito de meteoritos en Argentina - Noticias Radio Reflejos","og_description":"La iniciativa -que ser\u00e1 presentada pr\u00f3ximamente en el Congreso Nacional- busca promover la preservaci\u00f3n patrimonial de la franja de 200 kil\u00f3metros conocida como Campo del Cielo y localizada en la frontera entre Chaco y Santiago del Estero donde se encuentran meteoritos dispersos desde hace 4.000 a\u00f1os","og_url":"https:\/\/www.noticiasradioreflejos.com.ar\/2021\/impulsan-un-proyecto-para-detener-el-trafico-ilicito-de-meteoritos-en-argentina\/","og_site_name":"Noticias Radio Reflejos","article_published_time":"2022-07-07T11:12:07+00:00","og_image":[{"url":"https:\/\/www.telam.com.ar\/thumbs\/bluesteel\/advf\/imagenes\/2020\/07\/5f01fba13bb76_900.jpg","type":"","width":"","height":""}],"author":"Arnaldo Botto","twitter_card":"summary_large_image","schema":{"@context":"https:\/\/schema.org","@graph":[{"@type":"WebPage","@id":"https:\/\/www.noticiasradioreflejos.com.ar\/2021\/impulsan-un-proyecto-para-detener-el-trafico-ilicito-de-meteoritos-en-argentina\/","url":"https:\/\/www.noticiasradioreflejos.com.ar\/2021\/impulsan-un-proyecto-para-detener-el-trafico-ilicito-de-meteoritos-en-argentina\/","name":"Impulsan un proyecto para detener el tr\u00e1fico il\u00edcito de meteoritos en Argentina - Noticias Radio Reflejos","isPartOf":{"@id":"https:\/\/www.noticiasradioreflejos.com.ar\/2021\/#website"},"primaryImageOfPage":{"@id":"https:\/\/www.noticiasradioreflejos.com.ar\/2021\/impulsan-un-proyecto-para-detener-el-trafico-ilicito-de-meteoritos-en-argentina\/#primaryimage"},"image":{"@id":"https:\/\/www.noticiasradioreflejos.com.ar\/2021\/impulsan-un-proyecto-para-detener-el-trafico-ilicito-de-meteoritos-en-argentina\/#primaryimage"},"thumbnailUrl":"https:\/\/www.telam.com.ar\/thumbs\/bluesteel\/advf\/imagenes\/2020\/07\/5f01fba13bb76_900.jpg","datePublished":"2022-07-07T11:12:07+00:00","author":{"@id":"https:\/\/www.noticiasradioreflejos.com.ar\/2021\/#\/schema\/person\/ad82545263dcc5ec0996818884fd5fb1"},"breadcrumb":{"@id":"https:\/\/www.noticiasradioreflejos.com.ar\/2021\/impulsan-un-proyecto-para-detener-el-trafico-ilicito-de-meteoritos-en-argentina\/#breadcrumb"},"inLanguage":"es","potentialAction":[{"@type":"ReadAction","target":["https:\/\/www.noticiasradioreflejos.com.ar\/2021\/impulsan-un-proyecto-para-detener-el-trafico-ilicito-de-meteoritos-en-argentina\/"]}]},{"@type":"ImageObject","inLanguage":"es","@id":"https:\/\/www.noticiasradioreflejos.com.ar\/2021\/impulsan-un-proyecto-para-detener-el-trafico-ilicito-de-meteoritos-en-argentina\/#primaryimage","url":"https:\/\/www.telam.com.ar\/thumbs\/bluesteel\/advf\/imagenes\/2020\/07\/5f01fba13bb76_900.jpg","contentUrl":"https:\/\/www.telam.com.ar\/thumbs\/bluesteel\/advf\/imagenes\/2020\/07\/5f01fba13bb76_900.jpg"},{"@type":"BreadcrumbList","@id":"https:\/\/www.noticiasradioreflejos.com.ar\/2021\/impulsan-un-proyecto-para-detener-el-trafico-ilicito-de-meteoritos-en-argentina\/#breadcrumb","itemListElement":[{"@type":"ListItem","position":1,"name":"Portada","item":"https:\/\/www.noticiasradioreflejos.com.ar\/2021\/"},{"@type":"ListItem","position":2,"name":"Impulsan un proyecto para detener el tr\u00e1fico il\u00edcito de meteoritos en Argentina"}]},{"@type":"WebSite","@id":"https:\/\/www.noticiasradioreflejos.com.ar\/2021\/#website","url":"https:\/\/www.noticiasradioreflejos.com.ar\/2021\/","name":"Noticias Radio Reflejos","description":"Las noticias de mi comarca","potentialAction":[{"@type":"SearchAction","target":{"@type":"EntryPoint","urlTemplate":"https:\/\/www.noticiasradioreflejos.com.ar\/2021\/?s={search_term_string}"},"query-input":{"@type":"PropertyValueSpecification","valueRequired":true,"valueName":"search_term_string"}}],"inLanguage":"es"},{"@type":"Person","@id":"https:\/\/www.noticiasradioreflejos.com.ar\/2021\/#\/schema\/person\/ad82545263dcc5ec0996818884fd5fb1","name":"Arnaldo Botto","image":{"@type":"ImageObject","inLanguage":"es","@id":"https:\/\/www.noticiasradioreflejos.com.ar\/2021\/#\/schema\/person\/image\/","url":"https:\/\/secure.gravatar.com\/avatar\/55cb5e37c1efa326397366e6974cb338056df65cb50e7d64d1cf314e87504837?s=96&d=mm&r=g","contentUrl":"https:\/\/secure.gravatar.com\/avatar\/55cb5e37c1efa326397366e6974cb338056df65cb50e7d64d1cf314e87504837?s=96&d=mm&r=g","caption":"Arnaldo Botto"},"url":"https:\/\/www.noticiasradioreflejos.com.ar\/2021\/author\/arnaldo\/"}]}},"_links":{"self":[{"href":"https:\/\/www.noticiasradioreflejos.com.ar\/2021\/wp-json\/wp\/v2\/posts\/74737","targetHints":{"allow":["GET"]}}],"collection":[{"href":"https:\/\/www.noticiasradioreflejos.com.ar\/2021\/wp-json\/wp\/v2\/posts"}],"about":[{"href":"https:\/\/www.noticiasradioreflejos.com.ar\/2021\/wp-json\/wp\/v2\/types\/post"}],"author":[{"embeddable":true,"href":"https:\/\/www.noticiasradioreflejos.com.ar\/2021\/wp-json\/wp\/v2\/users\/3"}],"replies":[{"embeddable":true,"href":"https:\/\/www.noticiasradioreflejos.com.ar\/2021\/wp-json\/wp\/v2\/comments?post=74737"}],"version-history":[{"count":1,"href":"https:\/\/www.noticiasradioreflejos.com.ar\/2021\/wp-json\/wp\/v2\/posts\/74737\/revisions"}],"predecessor-version":[{"id":74739,"href":"https:\/\/www.noticiasradioreflejos.com.ar\/2021\/wp-json\/wp\/v2\/posts\/74737\/revisions\/74739"}],"wp:attachment":[{"href":"https:\/\/www.noticiasradioreflejos.com.ar\/2021\/wp-json\/wp\/v2\/media?parent=74737"}],"wp:term":[{"taxonomy":"category","embeddable":true,"href":"https:\/\/www.noticiasradioreflejos.com.ar\/2021\/wp-json\/wp\/v2\/categories?post=74737"},{"taxonomy":"post_tag","embeddable":true,"href":"https:\/\/www.noticiasradioreflejos.com.ar\/2021\/wp-json\/wp\/v2\/tags?post=74737"}],"curies":[{"name":"wp","href":"https:\/\/api.w.org\/{rel}","templated":true}]}}