{"id":74622,"date":"2022-07-04T22:24:49","date_gmt":"2022-07-04T22:24:49","guid":{"rendered":"http:\/\/www.noticiasradioreflejos.com.ar\/2021\/?p=74622"},"modified":"2022-07-04T22:24:49","modified_gmt":"2022-07-04T22:24:49","slug":"lanzan-una-consulta-publica-para-colaborar-en-la-estrategia-nacional-de-cambio-climatico","status":"publish","type":"post","link":"https:\/\/www.noticiasradioreflejos.com.ar\/2021\/lanzan-una-consulta-publica-para-colaborar-en-la-estrategia-nacional-de-cambio-climatico\/","title":{"rendered":"Lanzan una consulta p\u00fablica para colaborar en la estrategia nacional de cambio clim\u00e1tico"},"content":{"rendered":"<div class=\"wrapper-header\">\n<div class=\"container-xl\">\n<div class=\"row\">\n<div class=\"col-12\">\n<div class=\"head-content mb-4\">\n<div class=\"my-3\">\n<div class=\"social mt-3\">La iniciativa -impulsada por el Ministerio de Ambiente y Desarrollo Sostenible- tiene por objetivo que todos los habitantes del pa\u00eds sensibilizados con la acci\u00f3n clim\u00e1tica participen en la construcci\u00f3n colaborativa de la Estrategia Nacional de Acci\u00f3n para el Empoderamiento Clim\u00e1tico (Enace).<\/div>\n<\/div>\n<\/div>\n<\/div>\n<\/div>\n<\/div>\n<\/div>\n<p><!--more--><\/p>\n<div class=\"wrapper-editable-content\">\n<div>\n<div class=\"wrapper-editable-content\">\n<div>\n<div class=\"container-md\">\n<div class=\"row\">\n<div class=\"col-md-12 speak\">\n<div class=\"paragraph\">\n<figure class=\"mb-3\"><img decoding=\"async\" src=\"https:\/\/www.telam.com.ar\/thumbs\/bluesteel\/advf\/imagenes\/2021\/10\/617aab1014a3d_900.jpg\" alt=\"Hasta el 21 de julio se podr acceder a la plataforma de consulta pblica\" width=\"100%\" height=\"100%\" \/><\/p>\n<div class=\"media-icons\"><\/div><figcaption>Hasta el 21 de julio se podr\u00e1 acceder a la plataforma de consulta p\u00fablica.<\/figcaption><\/figure>\n<p>El\u00a0<strong>Ministerio de Ambiente y Desarrollo Sostenible<\/strong>\u00a0abri\u00f3 este lunes una consulta p\u00fablica para que todas las argentinas y los argentinos sensibilizados con la acci\u00f3n clim\u00e1tica participen, desde la web y hasta el 21 de julio, en la construcci\u00f3n colaborativa de la\u00a0<strong>Estrategia Nacional de Acci\u00f3n para el Empoderamiento Clim\u00e1tico (Enace)<\/strong>, en cumplimiento del\u00a0<strong>Acuerdo de Escaz\u00fa<\/strong>, que Argentina ratific\u00f3 en 2021, se inform\u00f3 oficialmente.<\/p>\n<p>\u201cLa Enace es una herramienta fundamental para el dise\u00f1o de nuestras pol\u00edticas p\u00fablicas y para\u00a0<strong>fortalecer las capacidades de los sectores que trabajan por la acci\u00f3n clim\u00e1tica<\/strong>. Adem\u00e1s, est\u00e1 alineada con nuestros compromisos nacionales e internacionales, se inspira en nuestro trabajo en el Gabinete Nacional de Cambio Clim\u00e1tico y tambi\u00e9n en instrumentos tan importantes como la Ley de Educaci\u00f3n Ambiental Integral y la Ley Yolanda\u201d, destac\u00f3\u00a0<strong>Cecilia Nicolini<\/strong>, secretaria de Cambio Clim\u00e1tico, Desarrollo Sostenible e Innovaci\u00f3n del Ministerio de la cartera ambiental.<\/p>\n<p>En tanto, la Acci\u00f3n para el Empoderamiento Clim\u00e1tico (ACE, por sus siglas en ingl\u00e9s) es una propuesta transversal en las pol\u00edticas p\u00fablicas que busca generar conciencia ciudadana para avanzar de manera integral en la acci\u00f3n clim\u00e1tica.<\/p>\n<p>Se implementa en los pa\u00edses a trav\u00e9s de diversas acciones, entre ellas, la formulaci\u00f3n de una estrategia nacional, tal como fue acordado en la Convenci\u00f3n de las Naciones Unidas sobre Cambio Clim\u00e1tico (Cmnucc) y el Acuerdo de Par\u00eds, precisaron desde el organismo en un comunicado.<\/p>\n<p>https:\/\/twitter.com\/AmbienteNacion\/status\/1542885315681058822?ref_src=twsrc%5Etfw%7Ctwcamp%5Etweetembed%7Ctwterm%5E1542885315681058822%7Ctwgr%5E%7Ctwcon%5Es1_c10&#038;ref_url=https%3A%2F%2Fwww.telam.com.ar%2Fnotas%2F202207%2F597486-lanzaron-consulta-estrategia-nacional-cambio-climatico.html<\/p>\n<p>Argentina sum\u00f3, a los seis componentes que tiene la ACE, el componente de cultura, lo que permite abordar distintas l\u00edneas de acci\u00f3n.<\/p>\n<p>En este sentido, se reconoce la importancia de generar conciencia para impulsar la acci\u00f3n clim\u00e1tica, garantizar la interculturalidad y el di\u00e1logo entre diversos saberes y actores.<\/p>\n<p>Por lo que, en la consulta p\u00fablica\u00a0<strong>se podr\u00e1 opinar sobre educaci\u00f3n, formaci\u00f3n, sensibilizaci\u00f3n, acceso a la informaci\u00f3n p\u00fablica, participaci\u00f3n ciudadana, cooperaci\u00f3n internacional y cultur<\/strong>a.<\/p>\n<p>Siguiendo este lineamiento, todas las intervenciones que formen parte de esta instancia participativa, como as\u00ed tambi\u00e9n los aportes recibidos en los encuentros y talleres que se vienen impulsando a lo largo y ancho del pa\u00eds, ser\u00e1n tenidas en cuenta en la elaboraci\u00f3n de la Enace, cuyo documento final se compartir\u00e1 a finales de 2022.<\/p>\n<p>Hasta el 21 de julio se podr\u00e1 acceder a la plataforma de consulta p\u00fablica provista por la Secretar\u00eda de Innovaci\u00f3n Tecnol\u00f3gica del Sector P\u00fablico https:\/\/consultapublica.argentina.gob.ar\/enace\/consulta\/62a39695e5939f2c09f5e7cb<\/p>\n<p>Con previa registraci\u00f3n mediante correo electr\u00f3nico, se habilitar\u00e1 luego para dejar comentarios, aportes y consolidar las definiciones, enfoques y objetivos que plantea la Estrategia Nacional de Acci\u00f3n para el Empoderamiento Clim\u00e1tico.<\/p>\n<\/div>\n<\/div>\n<\/div>\n<\/div>\n<\/div>\n<\/div>\n<\/div>\n<\/div>\n","protected":false},"excerpt":{"rendered":"<p>La iniciativa -impulsada por el Ministerio de Ambiente y Desarrollo Sostenible- tiene por objetivo que todos los habitantes del pa\u00eds sensibilizados con la acci\u00f3n clim\u00e1tica participen en la construcci\u00f3n colaborativa de la Estrategia Nacional de Acci\u00f3n para el Empoderamiento Clim\u00e1tico (Enace).<\/p>\n","protected":false},"author":3,"featured_media":0,"comment_status":"closed","ping_status":"closed","sticky":false,"template":"","format":"standard","meta":{"footnotes":""},"categories":[58,24],"tags":[],"class_list":["post-74622","post","type-post","status-publish","format-standard","hentry","category-gobierno","category-politica"],"yoast_head":"<!-- This site is optimized with the Yoast SEO plugin v25.9 - https:\/\/yoast.com\/wordpress\/plugins\/seo\/ -->\n<title>Lanzan una consulta p\u00fablica para colaborar en la estrategia nacional de cambio clim\u00e1tico - Noticias Radio Reflejos<\/title>\n<meta name=\"robots\" content=\"index, follow, max-snippet:-1, max-image-preview:large, max-video-preview:-1\" \/>\n<link rel=\"canonical\" href=\"https:\/\/www.noticiasradioreflejos.com.ar\/2021\/lanzan-una-consulta-publica-para-colaborar-en-la-estrategia-nacional-de-cambio-climatico\/\" \/>\n<meta property=\"og:locale\" content=\"es_ES\" \/>\n<meta property=\"og:type\" content=\"article\" \/>\n<meta property=\"og:title\" content=\"Lanzan una consulta p\u00fablica para colaborar en la estrategia nacional de cambio clim\u00e1tico - Noticias Radio Reflejos\" \/>\n<meta property=\"og:description\" content=\"La iniciativa -impulsada por el Ministerio de Ambiente y Desarrollo Sostenible- tiene por objetivo que todos los habitantes del pa\u00eds sensibilizados con la acci\u00f3n clim\u00e1tica participen en la construcci\u00f3n colaborativa de la Estrategia Nacional de Acci\u00f3n para el Empoderamiento Clim\u00e1tico (Enace).\" \/>\n<meta property=\"og:url\" content=\"https:\/\/www.noticiasradioreflejos.com.ar\/2021\/lanzan-una-consulta-publica-para-colaborar-en-la-estrategia-nacional-de-cambio-climatico\/\" \/>\n<meta property=\"og:site_name\" content=\"Noticias Radio Reflejos\" \/>\n<meta property=\"article:published_time\" content=\"2022-07-04T22:24:49+00:00\" \/>\n<meta property=\"og:image\" content=\"https:\/\/www.telam.com.ar\/thumbs\/bluesteel\/advf\/imagenes\/2021\/10\/617aab1014a3d_900.jpg\" \/>\n<meta name=\"author\" content=\"Arnaldo Botto\" \/>\n<meta name=\"twitter:card\" content=\"summary_large_image\" \/>\n<script type=\"application\/ld+json\" class=\"yoast-schema-graph\">{\"@context\":\"https:\/\/schema.org\",\"@graph\":[{\"@type\":\"WebPage\",\"@id\":\"https:\/\/www.noticiasradioreflejos.com.ar\/2021\/lanzan-una-consulta-publica-para-colaborar-en-la-estrategia-nacional-de-cambio-climatico\/\",\"url\":\"https:\/\/www.noticiasradioreflejos.com.ar\/2021\/lanzan-una-consulta-publica-para-colaborar-en-la-estrategia-nacional-de-cambio-climatico\/\",\"name\":\"Lanzan una consulta p\u00fablica para colaborar en la estrategia nacional de cambio clim\u00e1tico - Noticias Radio Reflejos\",\"isPartOf\":{\"@id\":\"https:\/\/www.noticiasradioreflejos.com.ar\/2021\/#website\"},\"primaryImageOfPage\":{\"@id\":\"https:\/\/www.noticiasradioreflejos.com.ar\/2021\/lanzan-una-consulta-publica-para-colaborar-en-la-estrategia-nacional-de-cambio-climatico\/#primaryimage\"},\"image\":{\"@id\":\"https:\/\/www.noticiasradioreflejos.com.ar\/2021\/lanzan-una-consulta-publica-para-colaborar-en-la-estrategia-nacional-de-cambio-climatico\/#primaryimage\"},\"thumbnailUrl\":\"https:\/\/www.telam.com.ar\/thumbs\/bluesteel\/advf\/imagenes\/2021\/10\/617aab1014a3d_900.jpg\",\"datePublished\":\"2022-07-04T22:24:49+00:00\",\"author\":{\"@id\":\"https:\/\/www.noticiasradioreflejos.com.ar\/2021\/#\/schema\/person\/ad82545263dcc5ec0996818884fd5fb1\"},\"breadcrumb\":{\"@id\":\"https:\/\/www.noticiasradioreflejos.com.ar\/2021\/lanzan-una-consulta-publica-para-colaborar-en-la-estrategia-nacional-de-cambio-climatico\/#breadcrumb\"},\"inLanguage\":\"es\",\"potentialAction\":[{\"@type\":\"ReadAction\",\"target\":[\"https:\/\/www.noticiasradioreflejos.com.ar\/2021\/lanzan-una-consulta-publica-para-colaborar-en-la-estrategia-nacional-de-cambio-climatico\/\"]}]},{\"@type\":\"ImageObject\",\"inLanguage\":\"es\",\"@id\":\"https:\/\/www.noticiasradioreflejos.com.ar\/2021\/lanzan-una-consulta-publica-para-colaborar-en-la-estrategia-nacional-de-cambio-climatico\/#primaryimage\",\"url\":\"https:\/\/www.telam.com.ar\/thumbs\/bluesteel\/advf\/imagenes\/2021\/10\/617aab1014a3d_900.jpg\",\"contentUrl\":\"https:\/\/www.telam.com.ar\/thumbs\/bluesteel\/advf\/imagenes\/2021\/10\/617aab1014a3d_900.jpg\"},{\"@type\":\"BreadcrumbList\",\"@id\":\"https:\/\/www.noticiasradioreflejos.com.ar\/2021\/lanzan-una-consulta-publica-para-colaborar-en-la-estrategia-nacional-de-cambio-climatico\/#breadcrumb\",\"itemListElement\":[{\"@type\":\"ListItem\",\"position\":1,\"name\":\"Portada\",\"item\":\"https:\/\/www.noticiasradioreflejos.com.ar\/2021\/\"},{\"@type\":\"ListItem\",\"position\":2,\"name\":\"Lanzan una consulta p\u00fablica para colaborar en la estrategia nacional de cambio clim\u00e1tico\"}]},{\"@type\":\"WebSite\",\"@id\":\"https:\/\/www.noticiasradioreflejos.com.ar\/2021\/#website\",\"url\":\"https:\/\/www.noticiasradioreflejos.com.ar\/2021\/\",\"name\":\"Noticias Radio Reflejos\",\"description\":\"Las noticias de mi comarca\",\"potentialAction\":[{\"@type\":\"SearchAction\",\"target\":{\"@type\":\"EntryPoint\",\"urlTemplate\":\"https:\/\/www.noticiasradioreflejos.com.ar\/2021\/?s={search_term_string}\"},\"query-input\":{\"@type\":\"PropertyValueSpecification\",\"valueRequired\":true,\"valueName\":\"search_term_string\"}}],\"inLanguage\":\"es\"},{\"@type\":\"Person\",\"@id\":\"https:\/\/www.noticiasradioreflejos.com.ar\/2021\/#\/schema\/person\/ad82545263dcc5ec0996818884fd5fb1\",\"name\":\"Arnaldo Botto\",\"image\":{\"@type\":\"ImageObject\",\"inLanguage\":\"es\",\"@id\":\"https:\/\/www.noticiasradioreflejos.com.ar\/2021\/#\/schema\/person\/image\/\",\"url\":\"https:\/\/secure.gravatar.com\/avatar\/55cb5e37c1efa326397366e6974cb338056df65cb50e7d64d1cf314e87504837?s=96&d=mm&r=g\",\"contentUrl\":\"https:\/\/secure.gravatar.com\/avatar\/55cb5e37c1efa326397366e6974cb338056df65cb50e7d64d1cf314e87504837?s=96&d=mm&r=g\",\"caption\":\"Arnaldo Botto\"},\"url\":\"https:\/\/www.noticiasradioreflejos.com.ar\/2021\/author\/arnaldo\/\"}]}<\/script>\n<!-- \/ Yoast SEO plugin. -->","yoast_head_json":{"title":"Lanzan una consulta p\u00fablica para colaborar en la estrategia nacional de cambio clim\u00e1tico - Noticias Radio Reflejos","robots":{"index":"index","follow":"follow","max-snippet":"max-snippet:-1","max-image-preview":"max-image-preview:large","max-video-preview":"max-video-preview:-1"},"canonical":"https:\/\/www.noticiasradioreflejos.com.ar\/2021\/lanzan-una-consulta-publica-para-colaborar-en-la-estrategia-nacional-de-cambio-climatico\/","og_locale":"es_ES","og_type":"article","og_title":"Lanzan una consulta p\u00fablica para colaborar en la estrategia nacional de cambio clim\u00e1tico - Noticias Radio Reflejos","og_description":"La iniciativa -impulsada por el Ministerio de Ambiente y Desarrollo Sostenible- tiene por objetivo que todos los habitantes del pa\u00eds sensibilizados con la acci\u00f3n clim\u00e1tica participen en la construcci\u00f3n colaborativa de la Estrategia Nacional de Acci\u00f3n para el Empoderamiento Clim\u00e1tico (Enace).","og_url":"https:\/\/www.noticiasradioreflejos.com.ar\/2021\/lanzan-una-consulta-publica-para-colaborar-en-la-estrategia-nacional-de-cambio-climatico\/","og_site_name":"Noticias Radio Reflejos","article_published_time":"2022-07-04T22:24:49+00:00","og_image":[{"url":"https:\/\/www.telam.com.ar\/thumbs\/bluesteel\/advf\/imagenes\/2021\/10\/617aab1014a3d_900.jpg","type":"","width":"","height":""}],"author":"Arnaldo Botto","twitter_card":"summary_large_image","schema":{"@context":"https:\/\/schema.org","@graph":[{"@type":"WebPage","@id":"https:\/\/www.noticiasradioreflejos.com.ar\/2021\/lanzan-una-consulta-publica-para-colaborar-en-la-estrategia-nacional-de-cambio-climatico\/","url":"https:\/\/www.noticiasradioreflejos.com.ar\/2021\/lanzan-una-consulta-publica-para-colaborar-en-la-estrategia-nacional-de-cambio-climatico\/","name":"Lanzan una consulta p\u00fablica para colaborar en la estrategia nacional de cambio clim\u00e1tico - Noticias Radio Reflejos","isPartOf":{"@id":"https:\/\/www.noticiasradioreflejos.com.ar\/2021\/#website"},"primaryImageOfPage":{"@id":"https:\/\/www.noticiasradioreflejos.com.ar\/2021\/lanzan-una-consulta-publica-para-colaborar-en-la-estrategia-nacional-de-cambio-climatico\/#primaryimage"},"image":{"@id":"https:\/\/www.noticiasradioreflejos.com.ar\/2021\/lanzan-una-consulta-publica-para-colaborar-en-la-estrategia-nacional-de-cambio-climatico\/#primaryimage"},"thumbnailUrl":"https:\/\/www.telam.com.ar\/thumbs\/bluesteel\/advf\/imagenes\/2021\/10\/617aab1014a3d_900.jpg","datePublished":"2022-07-04T22:24:49+00:00","author":{"@id":"https:\/\/www.noticiasradioreflejos.com.ar\/2021\/#\/schema\/person\/ad82545263dcc5ec0996818884fd5fb1"},"breadcrumb":{"@id":"https:\/\/www.noticiasradioreflejos.com.ar\/2021\/lanzan-una-consulta-publica-para-colaborar-en-la-estrategia-nacional-de-cambio-climatico\/#breadcrumb"},"inLanguage":"es","potentialAction":[{"@type":"ReadAction","target":["https:\/\/www.noticiasradioreflejos.com.ar\/2021\/lanzan-una-consulta-publica-para-colaborar-en-la-estrategia-nacional-de-cambio-climatico\/"]}]},{"@type":"ImageObject","inLanguage":"es","@id":"https:\/\/www.noticiasradioreflejos.com.ar\/2021\/lanzan-una-consulta-publica-para-colaborar-en-la-estrategia-nacional-de-cambio-climatico\/#primaryimage","url":"https:\/\/www.telam.com.ar\/thumbs\/bluesteel\/advf\/imagenes\/2021\/10\/617aab1014a3d_900.jpg","contentUrl":"https:\/\/www.telam.com.ar\/thumbs\/bluesteel\/advf\/imagenes\/2021\/10\/617aab1014a3d_900.jpg"},{"@type":"BreadcrumbList","@id":"https:\/\/www.noticiasradioreflejos.com.ar\/2021\/lanzan-una-consulta-publica-para-colaborar-en-la-estrategia-nacional-de-cambio-climatico\/#breadcrumb","itemListElement":[{"@type":"ListItem","position":1,"name":"Portada","item":"https:\/\/www.noticiasradioreflejos.com.ar\/2021\/"},{"@type":"ListItem","position":2,"name":"Lanzan una consulta p\u00fablica para colaborar en la estrategia nacional de cambio clim\u00e1tico"}]},{"@type":"WebSite","@id":"https:\/\/www.noticiasradioreflejos.com.ar\/2021\/#website","url":"https:\/\/www.noticiasradioreflejos.com.ar\/2021\/","name":"Noticias Radio Reflejos","description":"Las noticias de mi comarca","potentialAction":[{"@type":"SearchAction","target":{"@type":"EntryPoint","urlTemplate":"https:\/\/www.noticiasradioreflejos.com.ar\/2021\/?s={search_term_string}"},"query-input":{"@type":"PropertyValueSpecification","valueRequired":true,"valueName":"search_term_string"}}],"inLanguage":"es"},{"@type":"Person","@id":"https:\/\/www.noticiasradioreflejos.com.ar\/2021\/#\/schema\/person\/ad82545263dcc5ec0996818884fd5fb1","name":"Arnaldo Botto","image":{"@type":"ImageObject","inLanguage":"es","@id":"https:\/\/www.noticiasradioreflejos.com.ar\/2021\/#\/schema\/person\/image\/","url":"https:\/\/secure.gravatar.com\/avatar\/55cb5e37c1efa326397366e6974cb338056df65cb50e7d64d1cf314e87504837?s=96&d=mm&r=g","contentUrl":"https:\/\/secure.gravatar.com\/avatar\/55cb5e37c1efa326397366e6974cb338056df65cb50e7d64d1cf314e87504837?s=96&d=mm&r=g","caption":"Arnaldo Botto"},"url":"https:\/\/www.noticiasradioreflejos.com.ar\/2021\/author\/arnaldo\/"}]}},"_links":{"self":[{"href":"https:\/\/www.noticiasradioreflejos.com.ar\/2021\/wp-json\/wp\/v2\/posts\/74622","targetHints":{"allow":["GET"]}}],"collection":[{"href":"https:\/\/www.noticiasradioreflejos.com.ar\/2021\/wp-json\/wp\/v2\/posts"}],"about":[{"href":"https:\/\/www.noticiasradioreflejos.com.ar\/2021\/wp-json\/wp\/v2\/types\/post"}],"author":[{"embeddable":true,"href":"https:\/\/www.noticiasradioreflejos.com.ar\/2021\/wp-json\/wp\/v2\/users\/3"}],"replies":[{"embeddable":true,"href":"https:\/\/www.noticiasradioreflejos.com.ar\/2021\/wp-json\/wp\/v2\/comments?post=74622"}],"version-history":[{"count":1,"href":"https:\/\/www.noticiasradioreflejos.com.ar\/2021\/wp-json\/wp\/v2\/posts\/74622\/revisions"}],"predecessor-version":[{"id":74624,"href":"https:\/\/www.noticiasradioreflejos.com.ar\/2021\/wp-json\/wp\/v2\/posts\/74622\/revisions\/74624"}],"wp:attachment":[{"href":"https:\/\/www.noticiasradioreflejos.com.ar\/2021\/wp-json\/wp\/v2\/media?parent=74622"}],"wp:term":[{"taxonomy":"category","embeddable":true,"href":"https:\/\/www.noticiasradioreflejos.com.ar\/2021\/wp-json\/wp\/v2\/categories?post=74622"},{"taxonomy":"post_tag","embeddable":true,"href":"https:\/\/www.noticiasradioreflejos.com.ar\/2021\/wp-json\/wp\/v2\/tags?post=74622"}],"curies":[{"name":"wp","href":"https:\/\/api.w.org\/{rel}","templated":true}]}}