{"id":74618,"date":"2022-07-04T22:16:54","date_gmt":"2022-07-04T22:16:54","guid":{"rendered":"http:\/\/www.noticiasradioreflejos.com.ar\/2021\/?p=74618"},"modified":"2022-07-04T22:18:42","modified_gmt":"2022-07-04T22:18:42","slug":"silvina-batakis-asumio-como-ministra-de-economia-de-la-nacion","status":"publish","type":"post","link":"https:\/\/www.noticiasradioreflejos.com.ar\/2021\/silvina-batakis-asumio-como-ministra-de-economia-de-la-nacion\/","title":{"rendered":"Silvina Batakis asumi\u00f3 como ministra de Econom\u00eda de la Naci\u00f3n"},"content":{"rendered":"<p>El presidente Alberto Fern\u00e1ndez le tom\u00f3 esta tarde juramento en un breve acto que se llev\u00f3 a cabo en el Sal\u00f3n Blanco de la Casa de Gobierno.<!--more--><\/p>\n<div class=\"video_repositive\">\n<div id=\"mw9CCI6AnuI\" class=\"video_telam\">\n<div class=\"feature_article_inner\">\n<div class=\"feature_article_title\">\n<h4 class=\"text-center\">El Presidente le tom\u00f3 juramento a la nueva ministra de Econom\u00eda, Silvina Batakis.<\/h4>\n<p>&nbsp;<\/p>\n<p><iframe loading=\"lazy\" title=\"Silvina Batakis jur\u00f3 como ministra de Econom\u00eda de la Naci\u00f3n\" src=\"https:\/\/www.youtube.com\/embed\/mw9CCI6AnuI\" width=\"1110\" height=\"624\" frameborder=\"0\" allowfullscreen=\"allowfullscreen\"><\/iframe><\/p>\n<p>Silvina Batakis jur\u00f3 este lunes como ministra de Econom\u00eda de la Naci\u00f3n, en un acto llevado a cabo en el Sal\u00f3n Blanco de la Casa Rosada y encabezado por el presidente Alberto Fern\u00e1ndez.<\/p>\n<p>La asunci\u00f3n formal de Batakis se produjo en una\u00a0<strong>ceremonia de jura breve<\/strong>\u00a0en la que<strong>\u00a0no se realizaron declaraciones<\/strong>\u00a0y que cont\u00f3 con la presencia de dirigentes pol\u00edticos, empresariales y sindicales.<\/p>\n<p>Entre los presentes en las primeras filas estaban el presidente de la C\u00e1mara de Diputados,\u00a0<strong>Sergio Massa<\/strong>; los gobernadores de Buenos Aires,\u00a0<strong>Axel Kicillof<\/strong>; de La Rioja,\u00a0<strong>Sergio Casas<\/strong>; de Entre R\u00edos,\u00a0<strong>Gustavo Bordet<\/strong>; y el jefe de Gabinete,\u00a0<strong>Juan Manzur<\/strong>, entre otras autoridades.<\/p>\n<p>Tambi\u00e9n formaron parte el presidente de la Uni\u00f3n Industrial Argentina (UIA), Daniel Funes de Rioja; los dirigentes sindicales Hugo Moyano, Pablo Moyano y H\u00e9ctor Daer; el resto del Gabinete de ministros nacionales; intendentes y otros funcionarios y dirigentes empresariales.<\/p>\n<p>\u201cS\u00ed, juro\u201d, respondi\u00f3 Batakis ante la consulta del presidente sobre si juraba desempe\u00f1ar \u201ccon lealtad y patriotismo\u201d el cargo de ministra de Econom\u00eda para el que fue nombrada.<\/p>\n<div id=\"note_carousel\" class=\"carousel slide\" data-ride=\"carousel\">\n<div class=\"carousel-inner\">\n<div class=\"carousel-item active\"><img decoding=\"async\" class=\"d-block w-100\" src=\"https:\/\/www.telam.com.ar\/thumbs\/bluesteel\/advf\/imagenes\/2022\/07\/62c35e753a98f_655.jpg\" alt=\"Telam SE\" width=\"100%\" height=\"100%\" \/><\/div>\n<\/div>\n<p><a class=\"carousel-control-prev\" role=\"button\" href=\"https:\/\/www.telam.com.ar\/notas\/202207\/597411-silvina-batakis-ministra-de-economia.html#note_carousel\" data-slide=\"prev\"><span class=\"sr-only\">Previous<\/span><\/a><a class=\"carousel-control-next\" role=\"button\" href=\"https:\/\/www.telam.com.ar\/notas\/202207\/597411-silvina-batakis-ministra-de-economia.html#note_carousel\" data-slide=\"next\"><span class=\"sr-only\">Next<\/span><\/a><\/p>\n<\/div>\n<p><strong>Fotos: Alfredo Luna<\/strong><\/p>\n<p>La flamante ministra mantuvo durante el d\u00eda reuniones con el presidente Fern\u00e1ndez, con el titular del Banco Central (BCRA), Miguel Pesce y con su antecesor, Mart\u00edn Guzm\u00e1n, para diagramar la transici\u00f3n en el comando de la gesti\u00f3n.<\/p>\n<p>En el encuentro con Pesce, el foco del di\u00e1logo tuvo\u00a0<strong>\u00abcomo prioridad avanzar en el desarrollo del mercado de capitales, el soporte del Banco Central al precio de los t\u00edtulos, seguir trabajando en un programa fiscal sustentable y en la acumulaci\u00f3n de reservas, que forman parte de la hoja de ruta trazada por el Gobierno para estabilizar la moneda\u00bb<\/strong>, precisaron fuentes consultadas por T\u00e9lam.<\/p>\n<p>Batakis asumi\u00f3 la conducci\u00f3n del Palacio de Hacienda en reemplazo de Mart\u00edn Guzm\u00e1n, quien present\u00f3 su renuncia al cargo el s\u00e1bado pasado.<\/p>\n<p>La portavoz de la Presidencia, Gabriela Cerruti, hab\u00eda confirmado en la noche del domingo la designaci\u00f3n de Silvina Batakis como ministra de Econom\u00eda y la defini\u00f3 como \u00abuna reconocida economista que cumpli\u00f3 esa funci\u00f3n en la provincia de Buenos Aires entre 2011 y 2015\u00bb, en referencia al segundo mandato del entonces gobernador y actual ministro de Desarrollo Productivo, Daniel Scioli.<\/p>\n<p>El nombramiento de Batakis fue informado a T\u00e9lam por fuentes oficiales apenas pasadas las 21.40 del domingo; minutos despu\u00e9s Cerruti ratific\u00f3 la noticia a trav\u00e9s de su cuenta de Twitter.<\/p>\n<p>https:\/\/twitter.com\/gabicerru\/status\/1543760217355063296?ref_src=twsrc%5Etfw%7Ctwcamp%5Etweetembed%7Ctwterm%5E1543760217355063296%7Ctwgr%5E%7Ctwcon%5Es1_c10&#038;ref_url=https%3A%2F%2Fwww.telam.com.ar%2Fnotas%2F202207%2F597411-silvina-batakis-ministra-de-economia.html<\/p>\n<p>\u00abEl Presidente Alberto Fern\u00e1ndez design\u00f3 a Silvina Batakis al frente del Ministerio de Econom\u00eda. Batakis es una reconocida economista que cumpli\u00f3 esa funci\u00f3n en la provincia de Buenos Aires entre 2011 y 2015\u00bb, poste\u00f3 la portavoz.<\/p>\n<p><strong>Daniel Scioli, durante su campa\u00f1a presidencial de 2015 la hab\u00eda mencionado como la que ser\u00eda su Ministra de Econom\u00eda en caso de ser electo presidente<\/strong>\u00a0y, por estas horas, personas muy cercanas al ministro de Desarrollo Productivo afirman que \u00abla considera una gran profesional, muy formada, de gran calidad humana y muy respetada por todos\u00bb.<\/p>\n<p><strong>Desde 2019 se desempe\u00f1aba como Secretaria de Provincias en el ministerio del Interior, a cargo de Eduardo \u00abWado\u00bb de Pedro.<\/strong><\/p>\n<figure class=\"mb-3\"><img decoding=\"async\" src=\"https:\/\/www.telam.com.ar\/thumbs\/bluesteel\/advf\/imagenes\/2022\/07\/62c354d2edc68_900.jpg\" alt=\"Foto Alfredo Luna\" width=\"100%\" height=\"100%\" \/><\/p>\n<div class=\"media-icons\"><\/div><figcaption>Foto: Alfredo Luna.<\/figcaption><\/figure>\n<p>Desde all\u00ed, adem\u00e1s de manejar buena parte de la relaci\u00f3n entre el Estado Nacional y las Jurisidicciones, fue el cuadro t\u00e9cnico que llev\u00f3 adelante las negociaciones con el Gobierno de la Ciudad por los fondos destinados al traspaso de la Seguridad.<\/p>\n<p>En ese sentido, en la Casa Rosada se habla del \u00abinforme Batakis\u00bb para designar al estudio sobre los costos del mencionado traspaso de atribuciones de seguridad al Gobierno porte\u00f1o.<\/p>\n<p>La designaci\u00f3n se produjo tras una\u00a0<a href=\"https:\/\/www.telam.com.ar\/notas\/202207\/597362-presidente-reunion-olivos-massa.html\" target=\"_blank\" rel=\"noopener\">jornada atravesada por llamados y encuentros que se aceleraron desde el domingo por la ma\u00f1ana y que tuvo un momento clave en un\u00a0<strong>di\u00e1logo telef\u00f3nico mantenido por el Jefe de Estado y la vicepresidenta Cristina Kirchner<\/strong>.<\/a><\/p>\n<p>Ese intercambio contribuy\u00f3 para que todos los sectores que integran el FdT estuvieran al tanto de las designaciones en an\u00e1lisis y de las medidas que podr\u00edan tomarse en las pr\u00f3ximas horas.<\/p>\n<p>Para ese contacto\u00a0<a href=\"https:\/\/www.telam.com.ar\/notas\/202207\/597412-estela-de-carlotto-fernandez-hable-cristina-kirchner.html\" target=\"_blank\" rel=\"noopener\">aport\u00f3 lo suyo la titular de Abuelas de Plaza de Mayo, Estela de Carlotto<\/a>, quien por la tarde habl\u00f3 con el mandatario para gestionarlo.<\/p>\n<\/div>\n<\/div>\n<\/div>\n<\/div>\n","protected":false},"excerpt":{"rendered":"<p>El presidente Alberto Fern\u00e1ndez le tom\u00f3 esta tarde juramento en un breve acto que se llev\u00f3 a cabo en el Sal\u00f3n Blanco de la Casa de Gobierno.<\/p>\n","protected":false},"author":3,"featured_media":0,"comment_status":"closed","ping_status":"closed","sticky":false,"template":"","format":"standard","meta":{"footnotes":""},"categories":[58],"tags":[],"class_list":["post-74618","post","type-post","status-publish","format-standard","hentry","category-gobierno"],"yoast_head":"<!-- This site is optimized with the Yoast SEO plugin v25.9 - https:\/\/yoast.com\/wordpress\/plugins\/seo\/ -->\n<title>Silvina Batakis asumi\u00f3 como ministra de Econom\u00eda de la Naci\u00f3n - Noticias Radio Reflejos<\/title>\n<meta name=\"robots\" content=\"index, follow, max-snippet:-1, max-image-preview:large, max-video-preview:-1\" \/>\n<link rel=\"canonical\" href=\"https:\/\/www.noticiasradioreflejos.com.ar\/2021\/silvina-batakis-asumio-como-ministra-de-economia-de-la-nacion\/\" \/>\n<meta property=\"og:locale\" content=\"es_ES\" \/>\n<meta property=\"og:type\" content=\"article\" \/>\n<meta property=\"og:title\" content=\"Silvina Batakis asumi\u00f3 como ministra de Econom\u00eda de la Naci\u00f3n - Noticias Radio Reflejos\" \/>\n<meta property=\"og:description\" content=\"El presidente Alberto Fern\u00e1ndez le tom\u00f3 esta tarde juramento en un breve acto que se llev\u00f3 a cabo en el Sal\u00f3n Blanco de la Casa de Gobierno.\" \/>\n<meta property=\"og:url\" content=\"https:\/\/www.noticiasradioreflejos.com.ar\/2021\/silvina-batakis-asumio-como-ministra-de-economia-de-la-nacion\/\" \/>\n<meta property=\"og:site_name\" content=\"Noticias Radio Reflejos\" \/>\n<meta property=\"article:published_time\" content=\"2022-07-04T22:16:54+00:00\" \/>\n<meta property=\"article:modified_time\" content=\"2022-07-04T22:18:42+00:00\" \/>\n<meta property=\"og:image\" content=\"https:\/\/www.telam.com.ar\/thumbs\/bluesteel\/advf\/imagenes\/2022\/07\/62c35e753a98f_655.jpg\" \/>\n<meta name=\"author\" content=\"Arnaldo Botto\" \/>\n<meta name=\"twitter:card\" content=\"summary_large_image\" \/>\n<script type=\"application\/ld+json\" class=\"yoast-schema-graph\">{\"@context\":\"https:\/\/schema.org\",\"@graph\":[{\"@type\":\"WebPage\",\"@id\":\"https:\/\/www.noticiasradioreflejos.com.ar\/2021\/silvina-batakis-asumio-como-ministra-de-economia-de-la-nacion\/\",\"url\":\"https:\/\/www.noticiasradioreflejos.com.ar\/2021\/silvina-batakis-asumio-como-ministra-de-economia-de-la-nacion\/\",\"name\":\"Silvina Batakis asumi\u00f3 como ministra de Econom\u00eda de la Naci\u00f3n - Noticias Radio Reflejos\",\"isPartOf\":{\"@id\":\"https:\/\/www.noticiasradioreflejos.com.ar\/2021\/#website\"},\"primaryImageOfPage\":{\"@id\":\"https:\/\/www.noticiasradioreflejos.com.ar\/2021\/silvina-batakis-asumio-como-ministra-de-economia-de-la-nacion\/#primaryimage\"},\"image\":{\"@id\":\"https:\/\/www.noticiasradioreflejos.com.ar\/2021\/silvina-batakis-asumio-como-ministra-de-economia-de-la-nacion\/#primaryimage\"},\"thumbnailUrl\":\"https:\/\/www.telam.com.ar\/thumbs\/bluesteel\/advf\/imagenes\/2022\/07\/62c35e753a98f_655.jpg\",\"datePublished\":\"2022-07-04T22:16:54+00:00\",\"dateModified\":\"2022-07-04T22:18:42+00:00\",\"author\":{\"@id\":\"https:\/\/www.noticiasradioreflejos.com.ar\/2021\/#\/schema\/person\/ad82545263dcc5ec0996818884fd5fb1\"},\"breadcrumb\":{\"@id\":\"https:\/\/www.noticiasradioreflejos.com.ar\/2021\/silvina-batakis-asumio-como-ministra-de-economia-de-la-nacion\/#breadcrumb\"},\"inLanguage\":\"es\",\"potentialAction\":[{\"@type\":\"ReadAction\",\"target\":[\"https:\/\/www.noticiasradioreflejos.com.ar\/2021\/silvina-batakis-asumio-como-ministra-de-economia-de-la-nacion\/\"]}]},{\"@type\":\"ImageObject\",\"inLanguage\":\"es\",\"@id\":\"https:\/\/www.noticiasradioreflejos.com.ar\/2021\/silvina-batakis-asumio-como-ministra-de-economia-de-la-nacion\/#primaryimage\",\"url\":\"https:\/\/www.telam.com.ar\/thumbs\/bluesteel\/advf\/imagenes\/2022\/07\/62c35e753a98f_655.jpg\",\"contentUrl\":\"https:\/\/www.telam.com.ar\/thumbs\/bluesteel\/advf\/imagenes\/2022\/07\/62c35e753a98f_655.jpg\"},{\"@type\":\"BreadcrumbList\",\"@id\":\"https:\/\/www.noticiasradioreflejos.com.ar\/2021\/silvina-batakis-asumio-como-ministra-de-economia-de-la-nacion\/#breadcrumb\",\"itemListElement\":[{\"@type\":\"ListItem\",\"position\":1,\"name\":\"Portada\",\"item\":\"https:\/\/www.noticiasradioreflejos.com.ar\/2021\/\"},{\"@type\":\"ListItem\",\"position\":2,\"name\":\"Silvina Batakis asumi\u00f3 como ministra de Econom\u00eda de la Naci\u00f3n\"}]},{\"@type\":\"WebSite\",\"@id\":\"https:\/\/www.noticiasradioreflejos.com.ar\/2021\/#website\",\"url\":\"https:\/\/www.noticiasradioreflejos.com.ar\/2021\/\",\"name\":\"Noticias Radio Reflejos\",\"description\":\"Las noticias de mi comarca\",\"potentialAction\":[{\"@type\":\"SearchAction\",\"target\":{\"@type\":\"EntryPoint\",\"urlTemplate\":\"https:\/\/www.noticiasradioreflejos.com.ar\/2021\/?s={search_term_string}\"},\"query-input\":{\"@type\":\"PropertyValueSpecification\",\"valueRequired\":true,\"valueName\":\"search_term_string\"}}],\"inLanguage\":\"es\"},{\"@type\":\"Person\",\"@id\":\"https:\/\/www.noticiasradioreflejos.com.ar\/2021\/#\/schema\/person\/ad82545263dcc5ec0996818884fd5fb1\",\"name\":\"Arnaldo Botto\",\"image\":{\"@type\":\"ImageObject\",\"inLanguage\":\"es\",\"@id\":\"https:\/\/www.noticiasradioreflejos.com.ar\/2021\/#\/schema\/person\/image\/\",\"url\":\"https:\/\/secure.gravatar.com\/avatar\/55cb5e37c1efa326397366e6974cb338056df65cb50e7d64d1cf314e87504837?s=96&d=mm&r=g\",\"contentUrl\":\"https:\/\/secure.gravatar.com\/avatar\/55cb5e37c1efa326397366e6974cb338056df65cb50e7d64d1cf314e87504837?s=96&d=mm&r=g\",\"caption\":\"Arnaldo Botto\"},\"url\":\"https:\/\/www.noticiasradioreflejos.com.ar\/2021\/author\/arnaldo\/\"}]}<\/script>\n<!-- \/ Yoast SEO plugin. -->","yoast_head_json":{"title":"Silvina Batakis asumi\u00f3 como ministra de Econom\u00eda de la Naci\u00f3n - Noticias Radio Reflejos","robots":{"index":"index","follow":"follow","max-snippet":"max-snippet:-1","max-image-preview":"max-image-preview:large","max-video-preview":"max-video-preview:-1"},"canonical":"https:\/\/www.noticiasradioreflejos.com.ar\/2021\/silvina-batakis-asumio-como-ministra-de-economia-de-la-nacion\/","og_locale":"es_ES","og_type":"article","og_title":"Silvina Batakis asumi\u00f3 como ministra de Econom\u00eda de la Naci\u00f3n - Noticias Radio Reflejos","og_description":"El presidente Alberto Fern\u00e1ndez le tom\u00f3 esta tarde juramento en un breve acto que se llev\u00f3 a cabo en el Sal\u00f3n Blanco de la Casa de Gobierno.","og_url":"https:\/\/www.noticiasradioreflejos.com.ar\/2021\/silvina-batakis-asumio-como-ministra-de-economia-de-la-nacion\/","og_site_name":"Noticias Radio Reflejos","article_published_time":"2022-07-04T22:16:54+00:00","article_modified_time":"2022-07-04T22:18:42+00:00","og_image":[{"url":"https:\/\/www.telam.com.ar\/thumbs\/bluesteel\/advf\/imagenes\/2022\/07\/62c35e753a98f_655.jpg","type":"","width":"","height":""}],"author":"Arnaldo Botto","twitter_card":"summary_large_image","schema":{"@context":"https:\/\/schema.org","@graph":[{"@type":"WebPage","@id":"https:\/\/www.noticiasradioreflejos.com.ar\/2021\/silvina-batakis-asumio-como-ministra-de-economia-de-la-nacion\/","url":"https:\/\/www.noticiasradioreflejos.com.ar\/2021\/silvina-batakis-asumio-como-ministra-de-economia-de-la-nacion\/","name":"Silvina Batakis asumi\u00f3 como ministra de Econom\u00eda de la Naci\u00f3n - Noticias Radio Reflejos","isPartOf":{"@id":"https:\/\/www.noticiasradioreflejos.com.ar\/2021\/#website"},"primaryImageOfPage":{"@id":"https:\/\/www.noticiasradioreflejos.com.ar\/2021\/silvina-batakis-asumio-como-ministra-de-economia-de-la-nacion\/#primaryimage"},"image":{"@id":"https:\/\/www.noticiasradioreflejos.com.ar\/2021\/silvina-batakis-asumio-como-ministra-de-economia-de-la-nacion\/#primaryimage"},"thumbnailUrl":"https:\/\/www.telam.com.ar\/thumbs\/bluesteel\/advf\/imagenes\/2022\/07\/62c35e753a98f_655.jpg","datePublished":"2022-07-04T22:16:54+00:00","dateModified":"2022-07-04T22:18:42+00:00","author":{"@id":"https:\/\/www.noticiasradioreflejos.com.ar\/2021\/#\/schema\/person\/ad82545263dcc5ec0996818884fd5fb1"},"breadcrumb":{"@id":"https:\/\/www.noticiasradioreflejos.com.ar\/2021\/silvina-batakis-asumio-como-ministra-de-economia-de-la-nacion\/#breadcrumb"},"inLanguage":"es","potentialAction":[{"@type":"ReadAction","target":["https:\/\/www.noticiasradioreflejos.com.ar\/2021\/silvina-batakis-asumio-como-ministra-de-economia-de-la-nacion\/"]}]},{"@type":"ImageObject","inLanguage":"es","@id":"https:\/\/www.noticiasradioreflejos.com.ar\/2021\/silvina-batakis-asumio-como-ministra-de-economia-de-la-nacion\/#primaryimage","url":"https:\/\/www.telam.com.ar\/thumbs\/bluesteel\/advf\/imagenes\/2022\/07\/62c35e753a98f_655.jpg","contentUrl":"https:\/\/www.telam.com.ar\/thumbs\/bluesteel\/advf\/imagenes\/2022\/07\/62c35e753a98f_655.jpg"},{"@type":"BreadcrumbList","@id":"https:\/\/www.noticiasradioreflejos.com.ar\/2021\/silvina-batakis-asumio-como-ministra-de-economia-de-la-nacion\/#breadcrumb","itemListElement":[{"@type":"ListItem","position":1,"name":"Portada","item":"https:\/\/www.noticiasradioreflejos.com.ar\/2021\/"},{"@type":"ListItem","position":2,"name":"Silvina Batakis asumi\u00f3 como ministra de Econom\u00eda de la Naci\u00f3n"}]},{"@type":"WebSite","@id":"https:\/\/www.noticiasradioreflejos.com.ar\/2021\/#website","url":"https:\/\/www.noticiasradioreflejos.com.ar\/2021\/","name":"Noticias Radio Reflejos","description":"Las noticias de mi comarca","potentialAction":[{"@type":"SearchAction","target":{"@type":"EntryPoint","urlTemplate":"https:\/\/www.noticiasradioreflejos.com.ar\/2021\/?s={search_term_string}"},"query-input":{"@type":"PropertyValueSpecification","valueRequired":true,"valueName":"search_term_string"}}],"inLanguage":"es"},{"@type":"Person","@id":"https:\/\/www.noticiasradioreflejos.com.ar\/2021\/#\/schema\/person\/ad82545263dcc5ec0996818884fd5fb1","name":"Arnaldo Botto","image":{"@type":"ImageObject","inLanguage":"es","@id":"https:\/\/www.noticiasradioreflejos.com.ar\/2021\/#\/schema\/person\/image\/","url":"https:\/\/secure.gravatar.com\/avatar\/55cb5e37c1efa326397366e6974cb338056df65cb50e7d64d1cf314e87504837?s=96&d=mm&r=g","contentUrl":"https:\/\/secure.gravatar.com\/avatar\/55cb5e37c1efa326397366e6974cb338056df65cb50e7d64d1cf314e87504837?s=96&d=mm&r=g","caption":"Arnaldo Botto"},"url":"https:\/\/www.noticiasradioreflejos.com.ar\/2021\/author\/arnaldo\/"}]}},"_links":{"self":[{"href":"https:\/\/www.noticiasradioreflejos.com.ar\/2021\/wp-json\/wp\/v2\/posts\/74618","targetHints":{"allow":["GET"]}}],"collection":[{"href":"https:\/\/www.noticiasradioreflejos.com.ar\/2021\/wp-json\/wp\/v2\/posts"}],"about":[{"href":"https:\/\/www.noticiasradioreflejos.com.ar\/2021\/wp-json\/wp\/v2\/types\/post"}],"author":[{"embeddable":true,"href":"https:\/\/www.noticiasradioreflejos.com.ar\/2021\/wp-json\/wp\/v2\/users\/3"}],"replies":[{"embeddable":true,"href":"https:\/\/www.noticiasradioreflejos.com.ar\/2021\/wp-json\/wp\/v2\/comments?post=74618"}],"version-history":[{"count":1,"href":"https:\/\/www.noticiasradioreflejos.com.ar\/2021\/wp-json\/wp\/v2\/posts\/74618\/revisions"}],"predecessor-version":[{"id":74619,"href":"https:\/\/www.noticiasradioreflejos.com.ar\/2021\/wp-json\/wp\/v2\/posts\/74618\/revisions\/74619"}],"wp:attachment":[{"href":"https:\/\/www.noticiasradioreflejos.com.ar\/2021\/wp-json\/wp\/v2\/media?parent=74618"}],"wp:term":[{"taxonomy":"category","embeddable":true,"href":"https:\/\/www.noticiasradioreflejos.com.ar\/2021\/wp-json\/wp\/v2\/categories?post=74618"},{"taxonomy":"post_tag","embeddable":true,"href":"https:\/\/www.noticiasradioreflejos.com.ar\/2021\/wp-json\/wp\/v2\/tags?post=74618"}],"curies":[{"name":"wp","href":"https:\/\/api.w.org\/{rel}","templated":true}]}}